{"id":4922,"date":"2022-07-26T14:33:10","date_gmt":"2022-07-26T14:33:10","guid":{"rendered":"https:\/\/unisale.com.br\/pastoral\/?p=4922"},"modified":"2022-07-26T14:33:10","modified_gmt":"2022-07-26T14:33:10","slug":"colaboradores-participam-de-festa-junina-durante-a-formacao-de-espiritualidade-salesiana","status":"publish","type":"post","link":"https:\/\/unisale.com.br\/pastoral\/colaboradores-participam-de-festa-junina-durante-a-formacao-de-espiritualidade-salesiana\/","title":{"rendered":"Colaboradores participam de festa junina durante a \u201cForma\u00e7\u00e3o de Espiritualidade Salesiana\u201d"},"content":{"rendered":"<h3>O evento aconteceu no Centro de Conviv\u00eancia, que foi todo decorado para receber os colaboradores<\/h3>\n<p>&nbsp;<\/p>\n<p>A\u00a0<strong>\u201cForma\u00e7\u00e3o de Espiritualidade Salesiana\u201d,<\/strong>\u00a0promovida pela\u00a0<strong>Pastoral Universit\u00e1ria<\/strong>\u00a0e pelo\u00a0<strong>Departamento de Recursos Humanos<\/strong>, na tarde do dia 24 de junho, foi animada e envolveu todos os participantes em uma festa junina.<\/p>\n<p>Os colaboradores do UniSALESIANO dan\u00e7aram a quadrilha, cantaram parab\u00e9ns aos aniversariantes do m\u00eas e tiveram acesso a uma mesa cheia de comes e bebes t\u00edpicos das festas juninas, como canjica, pipoca e bolo.<\/p>\n<p>\u201cNada melhor do que a gente encerrar esse ciclo de forma\u00e7\u00e3o com uma festa junina bem animada. Para ela ser mais bonita, vai depender da anima\u00e7\u00e3o de todos\u201d, disse o\u00a0<strong>Pe. Paulo J\u00e1como, Pr\u00f3-Reitor de Pastoral do UniSALESIANO.<\/strong><\/p>\n<p>O evento aconteceu no Centro de Conviv\u00eancia, que foi todo decorado para receber os colaboradores.<\/p>\n\n\t\t<style type=\"text\/css\">\n\t\t\t#gallery-1 {\n\t\t\t\tmargin: auto;\n\t\t\t}\n\t\t\t#gallery-1 .gallery-item {\n\t\t\t\tfloat: left;\n\t\t\t\tmargin-top: 10px;\n\t\t\t\ttext-align: center;\n\t\t\t\twidth: 33%;\n\t\t\t}\n\t\t\t#gallery-1 img {\n\t\t\t\tborder: 2px solid #cfcfcf;\n\t\t\t}\n\t\t\t#gallery-1 .gallery-caption {\n\t\t\t\tmargin-left: 0;\n\t\t\t}\n\t\t\t\/* see gallery_shortcode() in wp-includes\/media.php *\/\n\t\t<\/style>\n\t\t<div id='gallery-1' class='gallery galleryid-4922 gallery-columns-3 gallery-size-thumbnail'><dl class='gallery-item'>\n\t\t\t<dt class='gallery-icon landscape'>\n\t\t\t\t<a href='https:\/\/unisale.com.br\/pastoral\/colaboradores-participam-de-festa-junina-durante-a-formacao-de-espiritualidade-salesiana\/img_4754-1024x683\/'><img decoding=\"async\" width=\"150\" height=\"150\" src=\"https:\/\/unisale.com.br\/pastoral\/wp-content\/uploads\/2022\/07\/IMG_4754-1024x683-1-150x150.jpg\" class=\"attachment-thumbnail size-thumbnail\" alt=\"\" \/><\/a>\n\t\t\t<\/dt><\/dl><dl class='gallery-item'>\n\t\t\t<dt class='gallery-icon landscape'>\n\t\t\t\t<a href='https:\/\/unisale.com.br\/pastoral\/colaboradores-participam-de-festa-junina-durante-a-formacao-de-espiritualidade-salesiana\/img_4752-1024x683\/'><img decoding=\"async\" width=\"150\" height=\"150\" src=\"https:\/\/unisale.com.br\/pastoral\/wp-content\/uploads\/2022\/07\/IMG_4752-1024x683-1-150x150.jpg\" class=\"attachment-thumbnail size-thumbnail\" alt=\"\" \/><\/a>\n\t\t\t<\/dt><\/dl><dl class='gallery-item'>\n\t\t\t<dt class='gallery-icon landscape'>\n\t\t\t\t<a href='https:\/\/unisale.com.br\/pastoral\/colaboradores-participam-de-festa-junina-durante-a-formacao-de-espiritualidade-salesiana\/img_4750-1024x683\/'><img decoding=\"async\" width=\"150\" height=\"150\" src=\"https:\/\/unisale.com.br\/pastoral\/wp-content\/uploads\/2022\/07\/IMG_4750-1024x683-1-150x150.jpg\" class=\"attachment-thumbnail size-thumbnail\" alt=\"\" \/><\/a>\n\t\t\t<\/dt><\/dl><br style=\"clear: both\" \/><dl class='gallery-item'>\n\t\t\t<dt class='gallery-icon landscape'>\n\t\t\t\t<a href='https:\/\/unisale.com.br\/pastoral\/colaboradores-participam-de-festa-junina-durante-a-formacao-de-espiritualidade-salesiana\/img_4748-1024x683\/'><img loading=\"lazy\" decoding=\"async\" width=\"150\" height=\"150\" src=\"https:\/\/unisale.com.br\/pastoral\/wp-content\/uploads\/2022\/07\/IMG_4748-1024x683-1-150x150.jpg\" class=\"attachment-thumbnail size-thumbnail\" alt=\"\" \/><\/a>\n\t\t\t<\/dt><\/dl><dl class='gallery-item'>\n\t\t\t<dt class='gallery-icon landscape'>\n\t\t\t\t<a href='https:\/\/unisale.com.br\/pastoral\/colaboradores-participam-de-festa-junina-durante-a-formacao-de-espiritualidade-salesiana\/img_4747-1024x683\/'><img loading=\"lazy\" decoding=\"async\" width=\"150\" height=\"150\" src=\"https:\/\/unisale.com.br\/pastoral\/wp-content\/uploads\/2022\/07\/IMG_4747-1024x683-1-150x150.jpg\" class=\"attachment-thumbnail size-thumbnail\" alt=\"\" \/><\/a>\n\t\t\t<\/dt><\/dl><dl class='gallery-item'>\n\t\t\t<dt class='gallery-icon landscape'>\n\t\t\t\t<a href='https:\/\/unisale.com.br\/pastoral\/colaboradores-participam-de-festa-junina-durante-a-formacao-de-espiritualidade-salesiana\/img_4741-1024x683\/'><img loading=\"lazy\" decoding=\"async\" width=\"150\" height=\"150\" src=\"https:\/\/unisale.com.br\/pastoral\/wp-content\/uploads\/2022\/07\/IMG_4741-1024x683-1-150x150.jpg\" class=\"attachment-thumbnail size-thumbnail\" alt=\"\" \/><\/a>\n\t\t\t<\/dt><\/dl><br style=\"clear: both\" \/><dl class='gallery-item'>\n\t\t\t<dt class='gallery-icon landscape'>\n\t\t\t\t<a href='https:\/\/unisale.com.br\/pastoral\/colaboradores-participam-de-festa-junina-durante-a-formacao-de-espiritualidade-salesiana\/img_4740-1024x683\/'><img loading=\"lazy\" decoding=\"async\" width=\"150\" height=\"150\" src=\"https:\/\/unisale.com.br\/pastoral\/wp-content\/uploads\/2022\/07\/IMG_4740-1024x683-1-150x150.jpg\" class=\"attachment-thumbnail size-thumbnail\" alt=\"\" \/><\/a>\n\t\t\t<\/dt><\/dl><dl class='gallery-item'>\n\t\t\t<dt class='gallery-icon landscape'>\n\t\t\t\t<a href='https:\/\/unisale.com.br\/pastoral\/colaboradores-participam-de-festa-junina-durante-a-formacao-de-espiritualidade-salesiana\/img_4739-1024x683\/'><img loading=\"lazy\" decoding=\"async\" width=\"150\" height=\"150\" src=\"https:\/\/unisale.com.br\/pastoral\/wp-content\/uploads\/2022\/07\/IMG_4739-1024x683-1-150x150.jpg\" class=\"attachment-thumbnail size-thumbnail\" alt=\"\" \/><\/a>\n\t\t\t<\/dt><\/dl><dl class='gallery-item'>\n\t\t\t<dt class='gallery-icon landscape'>\n\t\t\t\t<a href='https:\/\/unisale.com.br\/pastoral\/colaboradores-participam-de-festa-junina-durante-a-formacao-de-espiritualidade-salesiana\/img_4738-1024x683\/'><img loading=\"lazy\" decoding=\"async\" width=\"150\" height=\"150\" src=\"https:\/\/unisale.com.br\/pastoral\/wp-content\/uploads\/2022\/07\/IMG_4738-1024x683-1-150x150.jpg\" class=\"attachment-thumbnail size-thumbnail\" alt=\"\" \/><\/a>\n\t\t\t<\/dt><\/dl><br style=\"clear: both\" \/><dl class='gallery-item'>\n\t\t\t<dt class='gallery-icon landscape'>\n\t\t\t\t<a href='https:\/\/unisale.com.br\/pastoral\/colaboradores-participam-de-festa-junina-durante-a-formacao-de-espiritualidade-salesiana\/img_4736-1024x683\/'><img loading=\"lazy\" decoding=\"async\" width=\"150\" height=\"150\" src=\"https:\/\/unisale.com.br\/pastoral\/wp-content\/uploads\/2022\/07\/IMG_4736-1024x683-1-150x150.jpg\" class=\"attachment-thumbnail size-thumbnail\" alt=\"\" \/><\/a>\n\t\t\t<\/dt><\/dl><dl class='gallery-item'>\n\t\t\t<dt class='gallery-icon landscape'>\n\t\t\t\t<a href='https:\/\/unisale.com.br\/pastoral\/colaboradores-participam-de-festa-junina-durante-a-formacao-de-espiritualidade-salesiana\/img_4734-1024x683\/'><img loading=\"lazy\" decoding=\"async\" width=\"150\" height=\"150\" src=\"https:\/\/unisale.com.br\/pastoral\/wp-content\/uploads\/2022\/07\/IMG_4734-1024x683-1-150x150.jpg\" class=\"attachment-thumbnail size-thumbnail\" alt=\"\" \/><\/a>\n\t\t\t<\/dt><\/dl><dl class='gallery-item'>\n\t\t\t<dt class='gallery-icon landscape'>\n\t\t\t\t<a href='https:\/\/unisale.com.br\/pastoral\/colaboradores-participam-de-festa-junina-durante-a-formacao-de-espiritualidade-salesiana\/img_4729-1024x683\/'><img loading=\"lazy\" decoding=\"async\" width=\"150\" height=\"150\" src=\"https:\/\/unisale.com.br\/pastoral\/wp-content\/uploads\/2022\/07\/IMG_4729-1024x683-1-150x150.jpg\" class=\"attachment-thumbnail size-thumbnail\" alt=\"\" \/><\/a>\n\t\t\t<\/dt><\/dl><br style=\"clear: both\" \/><dl class='gallery-item'>\n\t\t\t<dt class='gallery-icon landscape'>\n\t\t\t\t<a href='https:\/\/unisale.com.br\/pastoral\/colaboradores-participam-de-festa-junina-durante-a-formacao-de-espiritualidade-salesiana\/img_4728-1024x683\/'><img loading=\"lazy\" decoding=\"async\" width=\"150\" height=\"150\" src=\"https:\/\/unisale.com.br\/pastoral\/wp-content\/uploads\/2022\/07\/IMG_4728-1024x683-1-150x150.jpg\" class=\"attachment-thumbnail size-thumbnail\" alt=\"\" \/><\/a>\n\t\t\t<\/dt><\/dl><dl class='gallery-item'>\n\t\t\t<dt class='gallery-icon landscape'>\n\t\t\t\t<a href='https:\/\/unisale.com.br\/pastoral\/colaboradores-participam-de-festa-junina-durante-a-formacao-de-espiritualidade-salesiana\/img_4724-1024x683\/'><img loading=\"lazy\" decoding=\"async\" width=\"150\" height=\"150\" src=\"https:\/\/unisale.com.br\/pastoral\/wp-content\/uploads\/2022\/07\/IMG_4724-1024x683-1-150x150.jpg\" class=\"attachment-thumbnail size-thumbnail\" alt=\"\" \/><\/a>\n\t\t\t<\/dt><\/dl><dl class='gallery-item'>\n\t\t\t<dt class='gallery-icon landscape'>\n\t\t\t\t<a href='https:\/\/unisale.com.br\/pastoral\/colaboradores-participam-de-festa-junina-durante-a-formacao-de-espiritualidade-salesiana\/img_4723-1024x683\/'><img loading=\"lazy\" decoding=\"async\" width=\"150\" height=\"150\" src=\"https:\/\/unisale.com.br\/pastoral\/wp-content\/uploads\/2022\/07\/IMG_4723-1024x683-1-150x150.jpg\" class=\"attachment-thumbnail size-thumbnail\" alt=\"\" \/><\/a>\n\t\t\t<\/dt><\/dl><br style=\"clear: both\" \/><dl class='gallery-item'>\n\t\t\t<dt class='gallery-icon landscape'>\n\t\t\t\t<a href='https:\/\/unisale.com.br\/pastoral\/colaboradores-participam-de-festa-junina-durante-a-formacao-de-espiritualidade-salesiana\/img_4721-1024x683\/'><img loading=\"lazy\" decoding=\"async\" width=\"150\" height=\"150\" src=\"https:\/\/unisale.com.br\/pastoral\/wp-content\/uploads\/2022\/07\/IMG_4721-1024x683-1-150x150.jpg\" class=\"attachment-thumbnail size-thumbnail\" alt=\"\" \/><\/a>\n\t\t\t<\/dt><\/dl>\n\t\t\t<br style='clear: both' \/>\n\t\t<\/div>\n\n","protected":false},"excerpt":{"rendered":"<p>O evento aconteceu no Centro de Conviv\u00eancia, que foi todo decorado para receber os colaboradores &nbsp; A\u00a0\u201cForma\u00e7\u00e3o de Espiritualidade Salesiana\u201d,\u00a0promovida pela\u00a0Pastoral Universit\u00e1ria\u00a0e pelo\u00a0Departamento de Recursos&#8230;<\/p>\n","protected":false},"author":6,"featured_media":4939,"comment_status":"closed","ping_status":"closed","sticky":false,"template":"","format":"standard","meta":{"_acf_changed":false,"footnotes":""},"categories":[1],"tags":[],"class_list":["post-4922","post","type-post","status-publish","format-standard","has-post-thumbnail","hentry","category-uncategorized"],"acf":[],"yoast_head":"<!-- This site is optimized with the Yoast SEO plugin v27.3 - https:\/\/yoast.com\/product\/yoast-seo-wordpress\/ -->\n<title>Colaboradores participam de festa junina durante a \u201cForma\u00e7\u00e3o de Espiritualidade Salesiana\u201d - Pastoral Universit\u00e1ria UniSALESIANO<\/title>\n<meta name=\"robots\" content=\"index, follow, max-snippet:-1, max-image-preview:large, max-video-preview:-1\" \/>\n<link rel=\"canonical\" href=\"https:\/\/unisale.com.br\/novo\/colaboradores-participam-de-festa-junina-durante-a-formacao-de-espiritualidade-salesiana\/\" \/>\n<meta property=\"og:locale\" content=\"pt_BR\" \/>\n<meta property=\"og:type\" content=\"article\" \/>\n<meta property=\"og:title\" content=\"Colaboradores participam de festa junina durante a \u201cForma\u00e7\u00e3o de Espiritualidade Salesiana\u201d - Pastoral Universit\u00e1ria UniSALESIANO\" \/>\n<meta property=\"og:description\" content=\"O evento aconteceu no Centro de Conviv\u00eancia, que foi todo decorado para receber os colaboradores &nbsp; A\u00a0\u201cForma\u00e7\u00e3o de Espiritualidade Salesiana\u201d,\u00a0promovida pela\u00a0Pastoral Universit\u00e1ria\u00a0e pelo\u00a0Departamento de Recursos...\" \/>\n<meta property=\"og:url\" content=\"https:\/\/unisale.com.br\/novo\/colaboradores-participam-de-festa-junina-durante-a-formacao-de-espiritualidade-salesiana\/\" \/>\n<meta property=\"og:site_name\" content=\"Pastoral Universit\u00e1ria UniSALESIANO\" \/>\n<meta property=\"article:published_time\" content=\"2022-07-26T14:33:10+00:00\" \/>\n<meta property=\"og:image\" content=\"https:\/\/unisale.com.br\/novo\/wp-content\/uploads\/2022\/07\/IMG_4730-768x512-1.jpg\" \/>\n\t<meta property=\"og:image:width\" content=\"768\" \/>\n\t<meta property=\"og:image:height\" content=\"512\" \/>\n\t<meta property=\"og:image:type\" content=\"image\/jpeg\" \/>\n<meta name=\"author\" content=\"Luiz Alexandre Marinho Lanzoni\" \/>\n<meta name=\"twitter:card\" content=\"summary_large_image\" \/>\n<meta name=\"twitter:label1\" content=\"Escrito por\" \/>\n\t<meta name=\"twitter:data1\" content=\"Luiz Alexandre Marinho Lanzoni\" \/>\n\t<meta name=\"twitter:label2\" content=\"Est. tempo de leitura\" \/>\n\t<meta name=\"twitter:data2\" content=\"1 minuto\" \/>\n<script type=\"application\/ld+json\" class=\"yoast-schema-graph\">{\"@context\":\"https:\\\/\\\/schema.org\",\"@graph\":[{\"@type\":\"Article\",\"@id\":\"https:\\\/\\\/unisale.com.br\\\/novo\\\/colaboradores-participam-de-festa-junina-durante-a-formacao-de-espiritualidade-salesiana\\\/#article\",\"isPartOf\":{\"@id\":\"https:\\\/\\\/unisale.com.br\\\/novo\\\/colaboradores-participam-de-festa-junina-durante-a-formacao-de-espiritualidade-salesiana\\\/\"},\"author\":{\"name\":\"Luiz Alexandre Marinho Lanzoni\",\"@id\":\"https:\\\/\\\/unisale.com.br\\\/pastoral\\\/#\\\/schema\\\/person\\\/492d3d7bfe53a8302576d39485aff2c4\"},\"headline\":\"Colaboradores participam de festa junina durante a \u201cForma\u00e7\u00e3o de Espiritualidade Salesiana\u201d\",\"datePublished\":\"2022-07-26T14:33:10+00:00\",\"mainEntityOfPage\":{\"@id\":\"https:\\\/\\\/unisale.com.br\\\/novo\\\/colaboradores-participam-de-festa-junina-durante-a-formacao-de-espiritualidade-salesiana\\\/\"},\"wordCount\":160,\"image\":{\"@id\":\"https:\\\/\\\/unisale.com.br\\\/novo\\\/colaboradores-participam-de-festa-junina-durante-a-formacao-de-espiritualidade-salesiana\\\/#primaryimage\"},\"thumbnailUrl\":\"https:\\\/\\\/unisale.com.br\\\/pastoral\\\/wp-content\\\/uploads\\\/2022\\\/07\\\/IMG_4730-768x512-1.jpg\",\"inLanguage\":\"pt-BR\"},{\"@type\":\"WebPage\",\"@id\":\"https:\\\/\\\/unisale.com.br\\\/novo\\\/colaboradores-participam-de-festa-junina-durante-a-formacao-de-espiritualidade-salesiana\\\/\",\"url\":\"https:\\\/\\\/unisale.com.br\\\/novo\\\/colaboradores-participam-de-festa-junina-durante-a-formacao-de-espiritualidade-salesiana\\\/\",\"name\":\"Colaboradores participam de festa junina durante a \u201cForma\u00e7\u00e3o de Espiritualidade Salesiana\u201d - Pastoral Universit\u00e1ria UniSALESIANO\",\"isPartOf\":{\"@id\":\"https:\\\/\\\/unisale.com.br\\\/pastoral\\\/#website\"},\"primaryImageOfPage\":{\"@id\":\"https:\\\/\\\/unisale.com.br\\\/novo\\\/colaboradores-participam-de-festa-junina-durante-a-formacao-de-espiritualidade-salesiana\\\/#primaryimage\"},\"image\":{\"@id\":\"https:\\\/\\\/unisale.com.br\\\/novo\\\/colaboradores-participam-de-festa-junina-durante-a-formacao-de-espiritualidade-salesiana\\\/#primaryimage\"},\"thumbnailUrl\":\"https:\\\/\\\/unisale.com.br\\\/pastoral\\\/wp-content\\\/uploads\\\/2022\\\/07\\\/IMG_4730-768x512-1.jpg\",\"datePublished\":\"2022-07-26T14:33:10+00:00\",\"author\":{\"@id\":\"https:\\\/\\\/unisale.com.br\\\/pastoral\\\/#\\\/schema\\\/person\\\/492d3d7bfe53a8302576d39485aff2c4\"},\"inLanguage\":\"pt-BR\",\"potentialAction\":[{\"@type\":\"ReadAction\",\"target\":[\"https:\\\/\\\/unisale.com.br\\\/novo\\\/colaboradores-participam-de-festa-junina-durante-a-formacao-de-espiritualidade-salesiana\\\/\"]}]},{\"@type\":\"ImageObject\",\"inLanguage\":\"pt-BR\",\"@id\":\"https:\\\/\\\/unisale.com.br\\\/novo\\\/colaboradores-participam-de-festa-junina-durante-a-formacao-de-espiritualidade-salesiana\\\/#primaryimage\",\"url\":\"https:\\\/\\\/unisale.com.br\\\/pastoral\\\/wp-content\\\/uploads\\\/2022\\\/07\\\/IMG_4730-768x512-1.jpg\",\"contentUrl\":\"https:\\\/\\\/unisale.com.br\\\/pastoral\\\/wp-content\\\/uploads\\\/2022\\\/07\\\/IMG_4730-768x512-1.jpg\",\"width\":750,\"height\":500},{\"@type\":\"WebSite\",\"@id\":\"https:\\\/\\\/unisale.com.br\\\/pastoral\\\/#website\",\"url\":\"https:\\\/\\\/unisale.com.br\\\/pastoral\\\/\",\"name\":\"Pastoral Universit\u00e1ria UniSALESIANO\",\"description\":\"Site da Pastoral Universit\u00e1ria do UniSALESIANO\",\"potentialAction\":[{\"@type\":\"SearchAction\",\"target\":{\"@type\":\"EntryPoint\",\"urlTemplate\":\"https:\\\/\\\/unisale.com.br\\\/pastoral\\\/?s={search_term_string}\"},\"query-input\":{\"@type\":\"PropertyValueSpecification\",\"valueRequired\":true,\"valueName\":\"search_term_string\"}}],\"inLanguage\":\"pt-BR\"},{\"@type\":\"Person\",\"@id\":\"https:\\\/\\\/unisale.com.br\\\/pastoral\\\/#\\\/schema\\\/person\\\/492d3d7bfe53a8302576d39485aff2c4\",\"name\":\"Luiz Alexandre Marinho Lanzoni\",\"url\":\"https:\\\/\\\/unisale.com.br\\\/pastoral\\\/author\\\/luiz\\\/\"}]}<\/script>\n<!-- \/ Yoast SEO plugin. -->","yoast_head_json":{"title":"Colaboradores participam de festa junina durante a \u201cForma\u00e7\u00e3o de Espiritualidade Salesiana\u201d - Pastoral Universit\u00e1ria UniSALESIANO","robots":{"index":"index","follow":"follow","max-snippet":"max-snippet:-1","max-image-preview":"max-image-preview:large","max-video-preview":"max-video-preview:-1"},"canonical":"https:\/\/unisale.com.br\/novo\/colaboradores-participam-de-festa-junina-durante-a-formacao-de-espiritualidade-salesiana\/","og_locale":"pt_BR","og_type":"article","og_title":"Colaboradores participam de festa junina durante a \u201cForma\u00e7\u00e3o de Espiritualidade Salesiana\u201d - Pastoral Universit\u00e1ria UniSALESIANO","og_description":"O evento aconteceu no Centro de Conviv\u00eancia, que foi todo decorado para receber os colaboradores &nbsp; A\u00a0\u201cForma\u00e7\u00e3o de Espiritualidade Salesiana\u201d,\u00a0promovida pela\u00a0Pastoral Universit\u00e1ria\u00a0e pelo\u00a0Departamento de Recursos...","og_url":"https:\/\/unisale.com.br\/novo\/colaboradores-participam-de-festa-junina-durante-a-formacao-de-espiritualidade-salesiana\/","og_site_name":"Pastoral Universit\u00e1ria UniSALESIANO","article_published_time":"2022-07-26T14:33:10+00:00","og_image":[{"width":768,"height":512,"url":"https:\/\/unisale.com.br\/novo\/wp-content\/uploads\/2022\/07\/IMG_4730-768x512-1.jpg","type":"image\/jpeg"}],"author":"Luiz Alexandre Marinho Lanzoni","twitter_card":"summary_large_image","twitter_misc":{"Escrito por":"Luiz Alexandre Marinho Lanzoni","Est. tempo de leitura":"1 minuto"},"schema":{"@context":"https:\/\/schema.org","@graph":[{"@type":"Article","@id":"https:\/\/unisale.com.br\/novo\/colaboradores-participam-de-festa-junina-durante-a-formacao-de-espiritualidade-salesiana\/#article","isPartOf":{"@id":"https:\/\/unisale.com.br\/novo\/colaboradores-participam-de-festa-junina-durante-a-formacao-de-espiritualidade-salesiana\/"},"author":{"name":"Luiz Alexandre Marinho Lanzoni","@id":"https:\/\/unisale.com.br\/pastoral\/#\/schema\/person\/492d3d7bfe53a8302576d39485aff2c4"},"headline":"Colaboradores participam de festa junina durante a \u201cForma\u00e7\u00e3o de Espiritualidade Salesiana\u201d","datePublished":"2022-07-26T14:33:10+00:00","mainEntityOfPage":{"@id":"https:\/\/unisale.com.br\/novo\/colaboradores-participam-de-festa-junina-durante-a-formacao-de-espiritualidade-salesiana\/"},"wordCount":160,"image":{"@id":"https:\/\/unisale.com.br\/novo\/colaboradores-participam-de-festa-junina-durante-a-formacao-de-espiritualidade-salesiana\/#primaryimage"},"thumbnailUrl":"https:\/\/unisale.com.br\/pastoral\/wp-content\/uploads\/2022\/07\/IMG_4730-768x512-1.jpg","inLanguage":"pt-BR"},{"@type":"WebPage","@id":"https:\/\/unisale.com.br\/novo\/colaboradores-participam-de-festa-junina-durante-a-formacao-de-espiritualidade-salesiana\/","url":"https:\/\/unisale.com.br\/novo\/colaboradores-participam-de-festa-junina-durante-a-formacao-de-espiritualidade-salesiana\/","name":"Colaboradores participam de festa junina durante a \u201cForma\u00e7\u00e3o de Espiritualidade Salesiana\u201d - Pastoral Universit\u00e1ria UniSALESIANO","isPartOf":{"@id":"https:\/\/unisale.com.br\/pastoral\/#website"},"primaryImageOfPage":{"@id":"https:\/\/unisale.com.br\/novo\/colaboradores-participam-de-festa-junina-durante-a-formacao-de-espiritualidade-salesiana\/#primaryimage"},"image":{"@id":"https:\/\/unisale.com.br\/novo\/colaboradores-participam-de-festa-junina-durante-a-formacao-de-espiritualidade-salesiana\/#primaryimage"},"thumbnailUrl":"https:\/\/unisale.com.br\/pastoral\/wp-content\/uploads\/2022\/07\/IMG_4730-768x512-1.jpg","datePublished":"2022-07-26T14:33:10+00:00","author":{"@id":"https:\/\/unisale.com.br\/pastoral\/#\/schema\/person\/492d3d7bfe53a8302576d39485aff2c4"},"inLanguage":"pt-BR","potentialAction":[{"@type":"ReadAction","target":["https:\/\/unisale.com.br\/novo\/colaboradores-participam-de-festa-junina-durante-a-formacao-de-espiritualidade-salesiana\/"]}]},{"@type":"ImageObject","inLanguage":"pt-BR","@id":"https:\/\/unisale.com.br\/novo\/colaboradores-participam-de-festa-junina-durante-a-formacao-de-espiritualidade-salesiana\/#primaryimage","url":"https:\/\/unisale.com.br\/pastoral\/wp-content\/uploads\/2022\/07\/IMG_4730-768x512-1.jpg","contentUrl":"https:\/\/unisale.com.br\/pastoral\/wp-content\/uploads\/2022\/07\/IMG_4730-768x512-1.jpg","width":750,"height":500},{"@type":"WebSite","@id":"https:\/\/unisale.com.br\/pastoral\/#website","url":"https:\/\/unisale.com.br\/pastoral\/","name":"Pastoral Universit\u00e1ria UniSALESIANO","description":"Site da Pastoral Universit\u00e1ria do UniSALESIANO","potentialAction":[{"@type":"SearchAction","target":{"@type":"EntryPoint","urlTemplate":"https:\/\/unisale.com.br\/pastoral\/?s={search_term_string}"},"query-input":{"@type":"PropertyValueSpecification","valueRequired":true,"valueName":"search_term_string"}}],"inLanguage":"pt-BR"},{"@type":"Person","@id":"https:\/\/unisale.com.br\/pastoral\/#\/schema\/person\/492d3d7bfe53a8302576d39485aff2c4","name":"Luiz Alexandre Marinho Lanzoni","url":"https:\/\/unisale.com.br\/pastoral\/author\/luiz\/"}]}},"_links":{"self":[{"href":"https:\/\/unisale.com.br\/pastoral\/wp-json\/wp\/v2\/posts\/4922","targetHints":{"allow":["GET"]}}],"collection":[{"href":"https:\/\/unisale.com.br\/pastoral\/wp-json\/wp\/v2\/posts"}],"about":[{"href":"https:\/\/unisale.com.br\/pastoral\/wp-json\/wp\/v2\/types\/post"}],"author":[{"embeddable":true,"href":"https:\/\/unisale.com.br\/pastoral\/wp-json\/wp\/v2\/users\/6"}],"replies":[{"embeddable":true,"href":"https:\/\/unisale.com.br\/pastoral\/wp-json\/wp\/v2\/comments?post=4922"}],"version-history":[{"count":0,"href":"https:\/\/unisale.com.br\/pastoral\/wp-json\/wp\/v2\/posts\/4922\/revisions"}],"wp:featuredmedia":[{"embeddable":true,"href":"https:\/\/unisale.com.br\/pastoral\/wp-json\/wp\/v2\/media\/4939"}],"wp:attachment":[{"href":"https:\/\/unisale.com.br\/pastoral\/wp-json\/wp\/v2\/media?parent=4922"}],"wp:term":[{"taxonomy":"category","embeddable":true,"href":"https:\/\/unisale.com.br\/pastoral\/wp-json\/wp\/v2\/categories?post=4922"},{"taxonomy":"post_tag","embeddable":true,"href":"https:\/\/unisale.com.br\/pastoral\/wp-json\/wp\/v2\/tags?post=4922"}],"curies":[{"name":"wp","href":"https:\/\/api.w.org\/{rel}","templated":true}]}}