{"id":4956,"date":"2022-07-27T15:04:23","date_gmt":"2022-07-27T15:04:23","guid":{"rendered":"https:\/\/unisale.com.br\/pastoral\/?p=4956"},"modified":"2022-07-27T15:04:23","modified_gmt":"2022-07-27T15:04:23","slug":"21-07-por-que-tu-falas-ao-povo-em-parabolas","status":"publish","type":"post","link":"https:\/\/unisale.com.br\/pastoral\/21-07-por-que-tu-falas-ao-povo-em-parabolas\/","title":{"rendered":"21\/07 &#8211; Por que tu falas ao povo em par\u00e1bolas?"},"content":{"rendered":"<p>Quinta-feira, 21 de julho de 2022.<\/p>\n<p>&nbsp;<\/p>\n<p>Evangelho (Mt 13,10-17)<\/p>\n<p>&nbsp;<\/p>\n<p><strong>\u201cPor que tu falas ao povo em par\u00e1bolas?\u201d<\/strong><\/p>\n<p>&nbsp;<\/p>\n<p>Naquele tempo, <sup>10<\/sup>os disc\u00edpulos aproximaram-se e disseram a Jesus: \u201cPor que tu falas ao povo em par\u00e1bolas?\u201d <sup>11<\/sup>Jesus respondeu: \u201cPorque a v\u00f3s foi dado o conhecimento dos mist\u00e9rios do Reino dos C\u00e9us, mas a eles n\u00e3o \u00e9 dado. <sup>12<\/sup>Pois \u00e0 pessoa que tem, ser\u00e1 dado ainda mais, e ter\u00e1 em abund\u00e2ncia; mas \u00e0 pessoa que n\u00e3o tem, ser\u00e1 tirado at\u00e9 o pouco que tem. <sup>13<\/sup>\u00c9 por isso que eu lhes falo em par\u00e1bolas: porque olhando, eles n\u00e3o veem, e ouvindo, eles n\u00e3o escutam, nem compreendem. <sup>14<\/sup>Deste modo se cumpre neles a profecia de Isa\u00edas: \u2018Havereis de ouvir, sem nada entender. Havereis de olhar, sem nada ver. <sup>15<\/sup>Porque o cora\u00e7\u00e3o deste povo se tornou insens\u00edvel. Eles ouviram com m\u00e1 vontade e fecharam seus olhos, para n\u00e3o ver com os olhos nem ouvir com os ouvidos, nem compreender com o cora\u00e7\u00e3o, de modo que se convertam e eu os cure\u2019. <sup>16<\/sup>Felizes sois v\u00f3s, porque vossos olhos veem e vossos ouvidos ouvem. <sup>17<\/sup>Em verdade vos digo, muitos profetas e justos desejaram ver o que vedes, e n\u00e3o viram, desejaram ouvir o que ouvis, e n\u00e3o ouviram\u201d.<\/p>\n<p>&nbsp;<\/p>\n<p><strong>Reflex\u00e3o<\/strong><\/p>\n<p>&nbsp;<\/p>\n<p>Sabemos que um pensamento abstrato, racional, \u00e9 dif\u00edcil de acompanhar e compreender. Agora o exemplo concreto \u00e9 mais f\u00e1cil de se escutar e compreender. No entanto, a explica\u00e7\u00e3o de Jesus \u00e0 pergunta dos disc\u00edpulos nos surpreende: \u201cPorque a v\u00f3s foi dado o conhecimento dos mist\u00e9rios do Reino dos C\u00e9us, mas a eles n\u00e3o \u00e9 dado\u201d. Deus deseja revelar a todos os mist\u00e9rios divinos, mas pouco a pouco, segundo o grau de maturidade da vida espiritual de cada um, segundo a pureza do cora\u00e7\u00e3o de cada um. Se lemos uma par\u00e1bola do evangelho, a sua compreens\u00e3o n\u00e3o \u00e9 jamais definitiva ou integral. A cada grau de matura\u00e7\u00e3o que avan\u00e7amos, a mesma par\u00e1bola nos revelar\u00e1 algo de novo. E aqueles que n\u00e3o querem crer, o que dir\u00e3o das par\u00e1bolas? Certamente combater\u00e3o a Igreja sem jamais saber o que ela \u00e9. Que Deus se revela pouco a pouco n\u00f3s bem entendemos olhando a hist\u00f3ria do povo de Israel. De Abra\u00e3o at\u00e9 o \u00faltimo profeta existem graus de conhecimento. O tempo \u00e9 uma escola, uma prepara\u00e7\u00e3o para o momento supremo. E a gra\u00e7a de Deus nos ajuda a compreender estes mist\u00e9rios. Mas somos livres para acolher ou n\u00e3o a gra\u00e7a de Deus. Mesmo as par\u00e1bolas mais claras perdem o sentido quando n\u00f3s fechamos os nossos ouvidos e n\u00e3o queremos escutar. A imagem mais bela pode ser privada de significados se temos os olhos fechados. Escutar e ouvir as palavras de Jesus depende mais da disposi\u00e7\u00e3o interior. Jesus chama de \u201cFelizes\u201d aos ap\u00f3stolos porque justamente seus olhos viram e os seus ouvidos escutaram, isto \u00e9, porque acreditaram nele e o seguiram.<\/p>\n<p>&nbsp;<\/p>\n<p><strong>Pe. Paulo Eduardo J\u00e1como, SDB.<\/strong><\/p>\n","protected":false},"excerpt":{"rendered":"<p>Quinta-feira, 21 de julho de 2022. &nbsp; Evangelho (Mt 13,10-17) &nbsp; \u201cPor que tu falas ao povo em par\u00e1bolas?\u201d &nbsp; Naquele tempo, 10os disc\u00edpulos aproximaram-se&#8230;<\/p>\n","protected":false},"author":6,"featured_media":4957,"comment_status":"closed","ping_status":"closed","sticky":false,"template":"","format":"standard","meta":{"_acf_changed":false,"footnotes":""},"categories":[13],"tags":[],"class_list":["post-4956","post","type-post","status-publish","format-standard","has-post-thumbnail","hentry","category-reflexaodoevagelho"],"acf":[],"yoast_head":"<!-- This site is optimized with the Yoast SEO plugin v27.3 - https:\/\/yoast.com\/product\/yoast-seo-wordpress\/ -->\n<title>21\/07 - Por que tu falas ao povo em par\u00e1bolas? - Pastoral Universit\u00e1ria UniSALESIANO<\/title>\n<meta name=\"robots\" content=\"index, follow, max-snippet:-1, max-image-preview:large, max-video-preview:-1\" \/>\n<link rel=\"canonical\" href=\"https:\/\/unisale.com.br\/novo\/21-07-por-que-tu-falas-ao-povo-em-parabolas\/\" \/>\n<meta property=\"og:locale\" content=\"pt_BR\" \/>\n<meta property=\"og:type\" content=\"article\" \/>\n<meta property=\"og:title\" content=\"21\/07 - Por que tu falas ao povo em par\u00e1bolas? - Pastoral Universit\u00e1ria UniSALESIANO\" \/>\n<meta property=\"og:description\" content=\"Quinta-feira, 21 de julho de 2022. &nbsp; Evangelho (Mt 13,10-17) &nbsp; \u201cPor que tu falas ao povo em par\u00e1bolas?\u201d &nbsp; Naquele tempo, 10os disc\u00edpulos aproximaram-se...\" \/>\n<meta property=\"og:url\" content=\"https:\/\/unisale.com.br\/novo\/21-07-por-que-tu-falas-ao-povo-em-parabolas\/\" \/>\n<meta property=\"og:site_name\" content=\"Pastoral Universit\u00e1ria UniSALESIANO\" \/>\n<meta property=\"article:published_time\" content=\"2022-07-27T15:04:23+00:00\" \/>\n<meta property=\"og:image\" content=\"https:\/\/unisale.com.br\/novo\/wp-content\/uploads\/2022\/07\/Ev-21.jpg\" \/>\n\t<meta property=\"og:image:width\" content=\"1280\" \/>\n\t<meta property=\"og:image:height\" content=\"640\" \/>\n\t<meta property=\"og:image:type\" content=\"image\/jpeg\" \/>\n<meta name=\"author\" content=\"Luiz Alexandre Marinho Lanzoni\" \/>\n<meta name=\"twitter:card\" content=\"summary_large_image\" \/>\n<meta name=\"twitter:label1\" content=\"Escrito por\" \/>\n\t<meta name=\"twitter:data1\" content=\"Luiz Alexandre Marinho Lanzoni\" \/>\n\t<meta name=\"twitter:label2\" content=\"Est. tempo de leitura\" \/>\n\t<meta name=\"twitter:data2\" content=\"3 minutos\" \/>\n<script type=\"application\/ld+json\" class=\"yoast-schema-graph\">{\"@context\":\"https:\\\/\\\/schema.org\",\"@graph\":[{\"@type\":\"Article\",\"@id\":\"https:\\\/\\\/unisale.com.br\\\/novo\\\/21-07-por-que-tu-falas-ao-povo-em-parabolas\\\/#article\",\"isPartOf\":{\"@id\":\"https:\\\/\\\/unisale.com.br\\\/novo\\\/21-07-por-que-tu-falas-ao-povo-em-parabolas\\\/\"},\"author\":{\"name\":\"Luiz Alexandre Marinho Lanzoni\",\"@id\":\"https:\\\/\\\/unisale.com.br\\\/pastoral\\\/#\\\/schema\\\/person\\\/492d3d7bfe53a8302576d39485aff2c4\"},\"headline\":\"21\\\/07 &#8211; Por que tu falas ao povo em par\u00e1bolas?\",\"datePublished\":\"2022-07-27T15:04:23+00:00\",\"mainEntityOfPage\":{\"@id\":\"https:\\\/\\\/unisale.com.br\\\/novo\\\/21-07-por-que-tu-falas-ao-povo-em-parabolas\\\/\"},\"wordCount\":529,\"image\":{\"@id\":\"https:\\\/\\\/unisale.com.br\\\/novo\\\/21-07-por-que-tu-falas-ao-povo-em-parabolas\\\/#primaryimage\"},\"thumbnailUrl\":\"https:\\\/\\\/unisale.com.br\\\/pastoral\\\/wp-content\\\/uploads\\\/2022\\\/07\\\/Ev-21.jpg\",\"articleSection\":[\"Reflex\u00e3o do Evangelho\"],\"inLanguage\":\"pt-BR\"},{\"@type\":\"WebPage\",\"@id\":\"https:\\\/\\\/unisale.com.br\\\/novo\\\/21-07-por-que-tu-falas-ao-povo-em-parabolas\\\/\",\"url\":\"https:\\\/\\\/unisale.com.br\\\/novo\\\/21-07-por-que-tu-falas-ao-povo-em-parabolas\\\/\",\"name\":\"21\\\/07 - Por que tu falas ao povo em par\u00e1bolas? - Pastoral Universit\u00e1ria UniSALESIANO\",\"isPartOf\":{\"@id\":\"https:\\\/\\\/unisale.com.br\\\/pastoral\\\/#website\"},\"primaryImageOfPage\":{\"@id\":\"https:\\\/\\\/unisale.com.br\\\/novo\\\/21-07-por-que-tu-falas-ao-povo-em-parabolas\\\/#primaryimage\"},\"image\":{\"@id\":\"https:\\\/\\\/unisale.com.br\\\/novo\\\/21-07-por-que-tu-falas-ao-povo-em-parabolas\\\/#primaryimage\"},\"thumbnailUrl\":\"https:\\\/\\\/unisale.com.br\\\/pastoral\\\/wp-content\\\/uploads\\\/2022\\\/07\\\/Ev-21.jpg\",\"datePublished\":\"2022-07-27T15:04:23+00:00\",\"author\":{\"@id\":\"https:\\\/\\\/unisale.com.br\\\/pastoral\\\/#\\\/schema\\\/person\\\/492d3d7bfe53a8302576d39485aff2c4\"},\"inLanguage\":\"pt-BR\",\"potentialAction\":[{\"@type\":\"ReadAction\",\"target\":[\"https:\\\/\\\/unisale.com.br\\\/novo\\\/21-07-por-que-tu-falas-ao-povo-em-parabolas\\\/\"]}]},{\"@type\":\"ImageObject\",\"inLanguage\":\"pt-BR\",\"@id\":\"https:\\\/\\\/unisale.com.br\\\/novo\\\/21-07-por-que-tu-falas-ao-povo-em-parabolas\\\/#primaryimage\",\"url\":\"https:\\\/\\\/unisale.com.br\\\/pastoral\\\/wp-content\\\/uploads\\\/2022\\\/07\\\/Ev-21.jpg\",\"contentUrl\":\"https:\\\/\\\/unisale.com.br\\\/pastoral\\\/wp-content\\\/uploads\\\/2022\\\/07\\\/Ev-21.jpg\",\"width\":1000,\"height\":500},{\"@type\":\"WebSite\",\"@id\":\"https:\\\/\\\/unisale.com.br\\\/pastoral\\\/#website\",\"url\":\"https:\\\/\\\/unisale.com.br\\\/pastoral\\\/\",\"name\":\"Pastoral Universit\u00e1ria UniSALESIANO\",\"description\":\"Site da Pastoral Universit\u00e1ria do UniSALESIANO\",\"potentialAction\":[{\"@type\":\"SearchAction\",\"target\":{\"@type\":\"EntryPoint\",\"urlTemplate\":\"https:\\\/\\\/unisale.com.br\\\/pastoral\\\/?s={search_term_string}\"},\"query-input\":{\"@type\":\"PropertyValueSpecification\",\"valueRequired\":true,\"valueName\":\"search_term_string\"}}],\"inLanguage\":\"pt-BR\"},{\"@type\":\"Person\",\"@id\":\"https:\\\/\\\/unisale.com.br\\\/pastoral\\\/#\\\/schema\\\/person\\\/492d3d7bfe53a8302576d39485aff2c4\",\"name\":\"Luiz Alexandre Marinho Lanzoni\",\"url\":\"https:\\\/\\\/unisale.com.br\\\/pastoral\\\/author\\\/luiz\\\/\"}]}<\/script>\n<!-- \/ Yoast SEO plugin. -->","yoast_head_json":{"title":"21\/07 - Por que tu falas ao povo em par\u00e1bolas? - Pastoral Universit\u00e1ria UniSALESIANO","robots":{"index":"index","follow":"follow","max-snippet":"max-snippet:-1","max-image-preview":"max-image-preview:large","max-video-preview":"max-video-preview:-1"},"canonical":"https:\/\/unisale.com.br\/novo\/21-07-por-que-tu-falas-ao-povo-em-parabolas\/","og_locale":"pt_BR","og_type":"article","og_title":"21\/07 - Por que tu falas ao povo em par\u00e1bolas? - Pastoral Universit\u00e1ria UniSALESIANO","og_description":"Quinta-feira, 21 de julho de 2022. &nbsp; Evangelho (Mt 13,10-17) &nbsp; \u201cPor que tu falas ao povo em par\u00e1bolas?\u201d &nbsp; Naquele tempo, 10os disc\u00edpulos aproximaram-se...","og_url":"https:\/\/unisale.com.br\/novo\/21-07-por-que-tu-falas-ao-povo-em-parabolas\/","og_site_name":"Pastoral Universit\u00e1ria UniSALESIANO","article_published_time":"2022-07-27T15:04:23+00:00","og_image":[{"width":1280,"height":640,"url":"https:\/\/unisale.com.br\/novo\/wp-content\/uploads\/2022\/07\/Ev-21.jpg","type":"image\/jpeg"}],"author":"Luiz Alexandre Marinho Lanzoni","twitter_card":"summary_large_image","twitter_misc":{"Escrito por":"Luiz Alexandre Marinho Lanzoni","Est. tempo de leitura":"3 minutos"},"schema":{"@context":"https:\/\/schema.org","@graph":[{"@type":"Article","@id":"https:\/\/unisale.com.br\/novo\/21-07-por-que-tu-falas-ao-povo-em-parabolas\/#article","isPartOf":{"@id":"https:\/\/unisale.com.br\/novo\/21-07-por-que-tu-falas-ao-povo-em-parabolas\/"},"author":{"name":"Luiz Alexandre Marinho Lanzoni","@id":"https:\/\/unisale.com.br\/pastoral\/#\/schema\/person\/492d3d7bfe53a8302576d39485aff2c4"},"headline":"21\/07 &#8211; Por que tu falas ao povo em par\u00e1bolas?","datePublished":"2022-07-27T15:04:23+00:00","mainEntityOfPage":{"@id":"https:\/\/unisale.com.br\/novo\/21-07-por-que-tu-falas-ao-povo-em-parabolas\/"},"wordCount":529,"image":{"@id":"https:\/\/unisale.com.br\/novo\/21-07-por-que-tu-falas-ao-povo-em-parabolas\/#primaryimage"},"thumbnailUrl":"https:\/\/unisale.com.br\/pastoral\/wp-content\/uploads\/2022\/07\/Ev-21.jpg","articleSection":["Reflex\u00e3o do Evangelho"],"inLanguage":"pt-BR"},{"@type":"WebPage","@id":"https:\/\/unisale.com.br\/novo\/21-07-por-que-tu-falas-ao-povo-em-parabolas\/","url":"https:\/\/unisale.com.br\/novo\/21-07-por-que-tu-falas-ao-povo-em-parabolas\/","name":"21\/07 - Por que tu falas ao povo em par\u00e1bolas? - Pastoral Universit\u00e1ria UniSALESIANO","isPartOf":{"@id":"https:\/\/unisale.com.br\/pastoral\/#website"},"primaryImageOfPage":{"@id":"https:\/\/unisale.com.br\/novo\/21-07-por-que-tu-falas-ao-povo-em-parabolas\/#primaryimage"},"image":{"@id":"https:\/\/unisale.com.br\/novo\/21-07-por-que-tu-falas-ao-povo-em-parabolas\/#primaryimage"},"thumbnailUrl":"https:\/\/unisale.com.br\/pastoral\/wp-content\/uploads\/2022\/07\/Ev-21.jpg","datePublished":"2022-07-27T15:04:23+00:00","author":{"@id":"https:\/\/unisale.com.br\/pastoral\/#\/schema\/person\/492d3d7bfe53a8302576d39485aff2c4"},"inLanguage":"pt-BR","potentialAction":[{"@type":"ReadAction","target":["https:\/\/unisale.com.br\/novo\/21-07-por-que-tu-falas-ao-povo-em-parabolas\/"]}]},{"@type":"ImageObject","inLanguage":"pt-BR","@id":"https:\/\/unisale.com.br\/novo\/21-07-por-que-tu-falas-ao-povo-em-parabolas\/#primaryimage","url":"https:\/\/unisale.com.br\/pastoral\/wp-content\/uploads\/2022\/07\/Ev-21.jpg","contentUrl":"https:\/\/unisale.com.br\/pastoral\/wp-content\/uploads\/2022\/07\/Ev-21.jpg","width":1000,"height":500},{"@type":"WebSite","@id":"https:\/\/unisale.com.br\/pastoral\/#website","url":"https:\/\/unisale.com.br\/pastoral\/","name":"Pastoral Universit\u00e1ria UniSALESIANO","description":"Site da Pastoral Universit\u00e1ria do UniSALESIANO","potentialAction":[{"@type":"SearchAction","target":{"@type":"EntryPoint","urlTemplate":"https:\/\/unisale.com.br\/pastoral\/?s={search_term_string}"},"query-input":{"@type":"PropertyValueSpecification","valueRequired":true,"valueName":"search_term_string"}}],"inLanguage":"pt-BR"},{"@type":"Person","@id":"https:\/\/unisale.com.br\/pastoral\/#\/schema\/person\/492d3d7bfe53a8302576d39485aff2c4","name":"Luiz Alexandre Marinho Lanzoni","url":"https:\/\/unisale.com.br\/pastoral\/author\/luiz\/"}]}},"_links":{"self":[{"href":"https:\/\/unisale.com.br\/pastoral\/wp-json\/wp\/v2\/posts\/4956","targetHints":{"allow":["GET"]}}],"collection":[{"href":"https:\/\/unisale.com.br\/pastoral\/wp-json\/wp\/v2\/posts"}],"about":[{"href":"https:\/\/unisale.com.br\/pastoral\/wp-json\/wp\/v2\/types\/post"}],"author":[{"embeddable":true,"href":"https:\/\/unisale.com.br\/pastoral\/wp-json\/wp\/v2\/users\/6"}],"replies":[{"embeddable":true,"href":"https:\/\/unisale.com.br\/pastoral\/wp-json\/wp\/v2\/comments?post=4956"}],"version-history":[{"count":0,"href":"https:\/\/unisale.com.br\/pastoral\/wp-json\/wp\/v2\/posts\/4956\/revisions"}],"wp:featuredmedia":[{"embeddable":true,"href":"https:\/\/unisale.com.br\/pastoral\/wp-json\/wp\/v2\/media\/4957"}],"wp:attachment":[{"href":"https:\/\/unisale.com.br\/pastoral\/wp-json\/wp\/v2\/media?parent=4956"}],"wp:term":[{"taxonomy":"category","embeddable":true,"href":"https:\/\/unisale.com.br\/pastoral\/wp-json\/wp\/v2\/categories?post=4956"},{"taxonomy":"post_tag","embeddable":true,"href":"https:\/\/unisale.com.br\/pastoral\/wp-json\/wp\/v2\/tags?post=4956"}],"curies":[{"name":"wp","href":"https:\/\/api.w.org\/{rel}","templated":true}]}}