{"id":4965,"date":"2022-07-27T15:14:13","date_gmt":"2022-07-27T15:14:13","guid":{"rendered":"https:\/\/unisale.com.br\/pastoral\/?p=4965"},"modified":"2022-07-27T15:14:13","modified_gmt":"2022-07-27T15:14:13","slug":"24-07-pai-santificado-seja-o-teu-nome","status":"publish","type":"post","link":"https:\/\/unisale.com.br\/pastoral\/24-07-pai-santificado-seja-o-teu-nome\/","title":{"rendered":"24\/07 &#8211; Pai, santificado seja o teu nome&#8230; ."},"content":{"rendered":"<p>Domingo, 24 de julho de 2022.<\/p>\n<p>&nbsp;<\/p>\n<p>Evangelho (Lc 11,1-13)<\/p>\n<p>&nbsp;<\/p>\n<p><strong>\u201cPai, santificado seja o teu nome&#8230;\u201d<\/strong><\/p>\n<p>&nbsp;<\/p>\n<p><sup>1<\/sup>Jesus estava rezando num certo lugar. Quando terminou, um dos seus disc\u00edpulos pediu-lhe: \u201cSenhor, ensina-nos a rezar, como tamb\u00e9m Jo\u00e3o ensinou a seus disc\u00edpulos\u201d. <sup>2<\/sup>Jesus respondeu: \u201cQuando rezardes, dizei: \u2018Pai, santificado seja o teu nome. Venha o teu Reino. <sup>3<\/sup>D\u00e1-nos a cada dia o p\u00e3o de que precisamos, <sup>4<\/sup>e perdoa-nos os nossos pecados, pois n\u00f3s tamb\u00e9m perdoamos a todos os nossos devedores; e n\u00e3o nos deixes cair em tenta\u00e7\u00e3o\u2019\u201d. <sup>5<\/sup>E Jesus acrescentou: \u201cSe um de v\u00f3s tiver um amigo e for procur\u00e1-lo \u00e0 meia-noite e lhe disser: \u2018Amigo, empresta-me tr\u00eas p\u00e3es, <sup>6<\/sup>porque um amigo meu chegou de viagem e nada tenho para lhe oferecer\u2019, <sup>7<\/sup>e se o outro responder l\u00e1 de dentro: \u2018N\u00e3o me incomodes! J\u00e1 tranquei a porta, e meus filhos e eu j\u00e1 estamos deitados; n\u00e3o me posso levantar para te dar os p\u00e3es\u2019; <sup>8<\/sup>eu vos declaro: mesmo que o outro n\u00e3o se levante para d\u00e1-los porque \u00e9 seu amigo, vai levantar-se ao menos por causa da impertin\u00eancia dele e lhe dar\u00e1 quanto for necess\u00e1rio. <sup>9<\/sup>Portanto, eu vos digo: pedi e recebereis; procurai e encontrareis; batei e vos ser\u00e1 aberto. <sup>10<\/sup>Pois quem pede, recebe; quem procura, encontra; e, para quem bate, se abrir\u00e1. <sup>11<\/sup>Ser\u00e1 que algum de v\u00f3s, que \u00e9 pai, se o filho lhe pedir um peixe, lhe dar\u00e1 uma cobra? <sup>12<\/sup>Ou ainda, se pedir um ovo, lhe dar\u00e1 um escorpi\u00e3o? <sup>13<\/sup>Ora, se v\u00f3s, que sois maus, sabeis dar coisas boas aos vossos filhos, quanto mais o Pai do C\u00e9u dar\u00e1 o Esp\u00edrito Santo aos que o pedirem!\u201d<\/p>\n<p>&nbsp;<\/p>\n<p><strong>Reflex\u00e3o<\/strong><\/p>\n<p>&nbsp;<\/p>\n<p>\u201cPai!\u201d Jesus nos convida a abandonar a vis\u00e3o infantil de Deus: Deus severo, vingativo, distante, opressor. O verdadeiro nome de Deus \u00e9 Pai, um nome que invoca confian\u00e7a, abandono, seguran\u00e7a, otimismo. \u00c9 incr\u00edvel! N\u00f3s podemos dizer: \u201cDeus, Tu \u00e9s meu Pai!\u201d. Agora todo empenho da nossa vida ser\u00e1 viver como filho. Esta verdadeira ora\u00e7\u00e3o n\u00e3o pede a Deus de escutar o homem, mas pede para o homem a gra\u00e7a de escutar Deus. Rezamos n\u00e3o para que Deus fa\u00e7a a nossa vontade, mas para que n\u00f3s fa\u00e7amos a vontade de Deus. A segunda parte da ora\u00e7\u00e3o trata das necessidades do homem: \u201cO p\u00e3o nosso de cada dia, nos dai hoje!\u201d. N\u00f3s sabemos que a vida \u00e9 uma passagem e n\u00f3s n\u00e3o podemos nos prender \u00e0s riquezas. N\u00e3o podemos viver insatisfeitos. Tamb\u00e9m o perd\u00e3o deve ser nosso p\u00e3o cotidiano. N\u00f3s somos fracos e temos necessidade do perd\u00e3o. Mas Jesus nos ensina que a medida do perd\u00e3o est\u00e1 em nossas m\u00e3os: \u201cPerdoai as nossas ofensas assim como n\u00f3s perdoamos a quem nos tem ofendido\u201d. A via \u00e9 prova: \u201cN\u00e3o nos deixeis cair em tenta\u00e7\u00e3o, mas livra-nos do mal!\u201d. A vida \u00e9 tamb\u00e9m exerc\u00edcio de liberdade, \u00e9 tempo de decis\u00e3o. Jesus n\u00e3o nos faz pedir que sejamos livres das provas, mas nos faz pedir for\u00e7a para resistir, for\u00e7a para lutar, a for\u00e7a para vencer o maligno, o inimigo da felicidade humana. O Pai nosso n\u00e3o \u00e9 uma ora\u00e7\u00e3o para se rezar, mas para se viver.\u00a0 No evangelho de hoje Jesus n\u00e3o vem nos dizer que Deus existe, isso j\u00e1 sabemos e intu\u00edmos pela nossa exist\u00eancia, pela necessidade de sentido da vida, pela nossa necessidade d\u2019Ele. A revolu\u00e7\u00e3o da mensagem de Cristo \u00e9 que Deus nos ama, que \u00e9 Pai, que cuida de cada um de n\u00f3s. N\u00e3o \u00e9 algo que intu\u00edmos a falta, Ele \u00e9 Algu\u00e9m que nos carrega no cora\u00e7\u00e3o. Este Deus \u00e9 Pai e esta \u00e9 a mensagem importante que Jesus nos apresenta. Os disc\u00edpulos pedem a Jesus de lhes ensinar a rezar e a ora\u00e7\u00e3o de Jesus come\u00e7a com a palavra \u201cPai\u201d. Mas dizer que Deus \u00e9 Pai n\u00e3o significa parar de buscar continuamente algo da nossa vida, mas \u00e9 saber que por detr\u00e1s da porta da nossa espera onde continuamente batemos, n\u00e3o tem um muro, mas tem Algu\u00e9m que nos escuta, que nos ama. E o importante \u00e9 saber que Deus nos ama. Jesus nos ensina que Deus existe, nos ama e que Ele \u00e9 Pai de cada um de n\u00f3s e que, com esta paternidade, podemos escalar a montanha da vida. Sem esta paternidade Deus seria somente uma aus\u00eancia e n\u00e3o a Plenitude.<\/p>\n<p>&nbsp;<\/p>\n<p><strong>Pe. Paulo Eduardo J\u00e1como, SDB.<\/strong><\/p>\n","protected":false},"excerpt":{"rendered":"<p>Domingo, 24 de julho de 2022. &nbsp; Evangelho (Lc 11,1-13) &nbsp; \u201cPai, santificado seja o teu nome&#8230;\u201d &nbsp; 1Jesus estava rezando num certo lugar. Quando&#8230;<\/p>\n","protected":false},"author":6,"featured_media":4966,"comment_status":"closed","ping_status":"closed","sticky":false,"template":"","format":"standard","meta":{"_acf_changed":false,"footnotes":""},"categories":[13],"tags":[],"class_list":["post-4965","post","type-post","status-publish","format-standard","has-post-thumbnail","hentry","category-reflexaodoevagelho"],"acf":[],"yoast_head":"<!-- This site is optimized with the Yoast SEO plugin v27.3 - https:\/\/yoast.com\/product\/yoast-seo-wordpress\/ -->\n<title>24\/07 - Pai, santificado seja o teu nome... . - Pastoral Universit\u00e1ria UniSALESIANO<\/title>\n<meta name=\"robots\" content=\"index, follow, max-snippet:-1, max-image-preview:large, max-video-preview:-1\" \/>\n<link rel=\"canonical\" href=\"https:\/\/unisale.com.br\/novo\/24-07-pai-santificado-seja-o-teu-nome\/\" \/>\n<meta property=\"og:locale\" content=\"pt_BR\" \/>\n<meta property=\"og:type\" content=\"article\" \/>\n<meta property=\"og:title\" content=\"24\/07 - Pai, santificado seja o teu nome... . - Pastoral Universit\u00e1ria UniSALESIANO\" \/>\n<meta property=\"og:description\" content=\"Domingo, 24 de julho de 2022. &nbsp; Evangelho (Lc 11,1-13) &nbsp; \u201cPai, santificado seja o teu nome&#8230;\u201d &nbsp; 1Jesus estava rezando num certo lugar. Quando...\" \/>\n<meta property=\"og:url\" content=\"https:\/\/unisale.com.br\/novo\/24-07-pai-santificado-seja-o-teu-nome\/\" \/>\n<meta property=\"og:site_name\" content=\"Pastoral Universit\u00e1ria UniSALESIANO\" \/>\n<meta property=\"article:published_time\" content=\"2022-07-27T15:14:13+00:00\" \/>\n<meta property=\"og:image\" content=\"https:\/\/unisale.com.br\/novo\/wp-content\/uploads\/2022\/07\/Ev-24.jpg\" \/>\n\t<meta property=\"og:image:width\" content=\"560\" \/>\n\t<meta property=\"og:image:height\" content=\"373\" \/>\n\t<meta property=\"og:image:type\" content=\"image\/jpeg\" \/>\n<meta name=\"author\" content=\"Luiz Alexandre Marinho Lanzoni\" \/>\n<meta name=\"twitter:card\" content=\"summary_large_image\" \/>\n<meta name=\"twitter:label1\" content=\"Escrito por\" \/>\n\t<meta name=\"twitter:data1\" content=\"Luiz Alexandre Marinho Lanzoni\" \/>\n\t<meta name=\"twitter:label2\" content=\"Est. tempo de leitura\" \/>\n\t<meta name=\"twitter:data2\" content=\"4 minutos\" \/>\n<script type=\"application\/ld+json\" class=\"yoast-schema-graph\">{\"@context\":\"https:\\\/\\\/schema.org\",\"@graph\":[{\"@type\":\"Article\",\"@id\":\"https:\\\/\\\/unisale.com.br\\\/novo\\\/24-07-pai-santificado-seja-o-teu-nome\\\/#article\",\"isPartOf\":{\"@id\":\"https:\\\/\\\/unisale.com.br\\\/novo\\\/24-07-pai-santificado-seja-o-teu-nome\\\/\"},\"author\":{\"name\":\"Luiz Alexandre Marinho Lanzoni\",\"@id\":\"https:\\\/\\\/unisale.com.br\\\/pastoral\\\/#\\\/schema\\\/person\\\/492d3d7bfe53a8302576d39485aff2c4\"},\"headline\":\"24\\\/07 &#8211; Pai, santificado seja o teu nome&#8230; .\",\"datePublished\":\"2022-07-27T15:14:13+00:00\",\"mainEntityOfPage\":{\"@id\":\"https:\\\/\\\/unisale.com.br\\\/novo\\\/24-07-pai-santificado-seja-o-teu-nome\\\/\"},\"wordCount\":782,\"image\":{\"@id\":\"https:\\\/\\\/unisale.com.br\\\/novo\\\/24-07-pai-santificado-seja-o-teu-nome\\\/#primaryimage\"},\"thumbnailUrl\":\"https:\\\/\\\/unisale.com.br\\\/pastoral\\\/wp-content\\\/uploads\\\/2022\\\/07\\\/Ev-24.jpg\",\"articleSection\":[\"Reflex\u00e3o do Evangelho\"],\"inLanguage\":\"pt-BR\"},{\"@type\":\"WebPage\",\"@id\":\"https:\\\/\\\/unisale.com.br\\\/novo\\\/24-07-pai-santificado-seja-o-teu-nome\\\/\",\"url\":\"https:\\\/\\\/unisale.com.br\\\/novo\\\/24-07-pai-santificado-seja-o-teu-nome\\\/\",\"name\":\"24\\\/07 - Pai, santificado seja o teu nome... . - Pastoral Universit\u00e1ria UniSALESIANO\",\"isPartOf\":{\"@id\":\"https:\\\/\\\/unisale.com.br\\\/pastoral\\\/#website\"},\"primaryImageOfPage\":{\"@id\":\"https:\\\/\\\/unisale.com.br\\\/novo\\\/24-07-pai-santificado-seja-o-teu-nome\\\/#primaryimage\"},\"image\":{\"@id\":\"https:\\\/\\\/unisale.com.br\\\/novo\\\/24-07-pai-santificado-seja-o-teu-nome\\\/#primaryimage\"},\"thumbnailUrl\":\"https:\\\/\\\/unisale.com.br\\\/pastoral\\\/wp-content\\\/uploads\\\/2022\\\/07\\\/Ev-24.jpg\",\"datePublished\":\"2022-07-27T15:14:13+00:00\",\"author\":{\"@id\":\"https:\\\/\\\/unisale.com.br\\\/pastoral\\\/#\\\/schema\\\/person\\\/492d3d7bfe53a8302576d39485aff2c4\"},\"inLanguage\":\"pt-BR\",\"potentialAction\":[{\"@type\":\"ReadAction\",\"target\":[\"https:\\\/\\\/unisale.com.br\\\/novo\\\/24-07-pai-santificado-seja-o-teu-nome\\\/\"]}]},{\"@type\":\"ImageObject\",\"inLanguage\":\"pt-BR\",\"@id\":\"https:\\\/\\\/unisale.com.br\\\/novo\\\/24-07-pai-santificado-seja-o-teu-nome\\\/#primaryimage\",\"url\":\"https:\\\/\\\/unisale.com.br\\\/pastoral\\\/wp-content\\\/uploads\\\/2022\\\/07\\\/Ev-24.jpg\",\"contentUrl\":\"https:\\\/\\\/unisale.com.br\\\/pastoral\\\/wp-content\\\/uploads\\\/2022\\\/07\\\/Ev-24.jpg\",\"width\":560,\"height\":373},{\"@type\":\"WebSite\",\"@id\":\"https:\\\/\\\/unisale.com.br\\\/pastoral\\\/#website\",\"url\":\"https:\\\/\\\/unisale.com.br\\\/pastoral\\\/\",\"name\":\"Pastoral Universit\u00e1ria UniSALESIANO\",\"description\":\"Site da Pastoral Universit\u00e1ria do UniSALESIANO\",\"potentialAction\":[{\"@type\":\"SearchAction\",\"target\":{\"@type\":\"EntryPoint\",\"urlTemplate\":\"https:\\\/\\\/unisale.com.br\\\/pastoral\\\/?s={search_term_string}\"},\"query-input\":{\"@type\":\"PropertyValueSpecification\",\"valueRequired\":true,\"valueName\":\"search_term_string\"}}],\"inLanguage\":\"pt-BR\"},{\"@type\":\"Person\",\"@id\":\"https:\\\/\\\/unisale.com.br\\\/pastoral\\\/#\\\/schema\\\/person\\\/492d3d7bfe53a8302576d39485aff2c4\",\"name\":\"Luiz Alexandre Marinho Lanzoni\",\"url\":\"https:\\\/\\\/unisale.com.br\\\/pastoral\\\/author\\\/luiz\\\/\"}]}<\/script>\n<!-- \/ Yoast SEO plugin. -->","yoast_head_json":{"title":"24\/07 - Pai, santificado seja o teu nome... . - Pastoral Universit\u00e1ria UniSALESIANO","robots":{"index":"index","follow":"follow","max-snippet":"max-snippet:-1","max-image-preview":"max-image-preview:large","max-video-preview":"max-video-preview:-1"},"canonical":"https:\/\/unisale.com.br\/novo\/24-07-pai-santificado-seja-o-teu-nome\/","og_locale":"pt_BR","og_type":"article","og_title":"24\/07 - Pai, santificado seja o teu nome... . - Pastoral Universit\u00e1ria UniSALESIANO","og_description":"Domingo, 24 de julho de 2022. &nbsp; Evangelho (Lc 11,1-13) &nbsp; \u201cPai, santificado seja o teu nome&#8230;\u201d &nbsp; 1Jesus estava rezando num certo lugar. Quando...","og_url":"https:\/\/unisale.com.br\/novo\/24-07-pai-santificado-seja-o-teu-nome\/","og_site_name":"Pastoral Universit\u00e1ria UniSALESIANO","article_published_time":"2022-07-27T15:14:13+00:00","og_image":[{"width":560,"height":373,"url":"https:\/\/unisale.com.br\/novo\/wp-content\/uploads\/2022\/07\/Ev-24.jpg","type":"image\/jpeg"}],"author":"Luiz Alexandre Marinho Lanzoni","twitter_card":"summary_large_image","twitter_misc":{"Escrito por":"Luiz Alexandre Marinho Lanzoni","Est. tempo de leitura":"4 minutos"},"schema":{"@context":"https:\/\/schema.org","@graph":[{"@type":"Article","@id":"https:\/\/unisale.com.br\/novo\/24-07-pai-santificado-seja-o-teu-nome\/#article","isPartOf":{"@id":"https:\/\/unisale.com.br\/novo\/24-07-pai-santificado-seja-o-teu-nome\/"},"author":{"name":"Luiz Alexandre Marinho Lanzoni","@id":"https:\/\/unisale.com.br\/pastoral\/#\/schema\/person\/492d3d7bfe53a8302576d39485aff2c4"},"headline":"24\/07 &#8211; Pai, santificado seja o teu nome&#8230; .","datePublished":"2022-07-27T15:14:13+00:00","mainEntityOfPage":{"@id":"https:\/\/unisale.com.br\/novo\/24-07-pai-santificado-seja-o-teu-nome\/"},"wordCount":782,"image":{"@id":"https:\/\/unisale.com.br\/novo\/24-07-pai-santificado-seja-o-teu-nome\/#primaryimage"},"thumbnailUrl":"https:\/\/unisale.com.br\/pastoral\/wp-content\/uploads\/2022\/07\/Ev-24.jpg","articleSection":["Reflex\u00e3o do Evangelho"],"inLanguage":"pt-BR"},{"@type":"WebPage","@id":"https:\/\/unisale.com.br\/novo\/24-07-pai-santificado-seja-o-teu-nome\/","url":"https:\/\/unisale.com.br\/novo\/24-07-pai-santificado-seja-o-teu-nome\/","name":"24\/07 - Pai, santificado seja o teu nome... . - Pastoral Universit\u00e1ria UniSALESIANO","isPartOf":{"@id":"https:\/\/unisale.com.br\/pastoral\/#website"},"primaryImageOfPage":{"@id":"https:\/\/unisale.com.br\/novo\/24-07-pai-santificado-seja-o-teu-nome\/#primaryimage"},"image":{"@id":"https:\/\/unisale.com.br\/novo\/24-07-pai-santificado-seja-o-teu-nome\/#primaryimage"},"thumbnailUrl":"https:\/\/unisale.com.br\/pastoral\/wp-content\/uploads\/2022\/07\/Ev-24.jpg","datePublished":"2022-07-27T15:14:13+00:00","author":{"@id":"https:\/\/unisale.com.br\/pastoral\/#\/schema\/person\/492d3d7bfe53a8302576d39485aff2c4"},"inLanguage":"pt-BR","potentialAction":[{"@type":"ReadAction","target":["https:\/\/unisale.com.br\/novo\/24-07-pai-santificado-seja-o-teu-nome\/"]}]},{"@type":"ImageObject","inLanguage":"pt-BR","@id":"https:\/\/unisale.com.br\/novo\/24-07-pai-santificado-seja-o-teu-nome\/#primaryimage","url":"https:\/\/unisale.com.br\/pastoral\/wp-content\/uploads\/2022\/07\/Ev-24.jpg","contentUrl":"https:\/\/unisale.com.br\/pastoral\/wp-content\/uploads\/2022\/07\/Ev-24.jpg","width":560,"height":373},{"@type":"WebSite","@id":"https:\/\/unisale.com.br\/pastoral\/#website","url":"https:\/\/unisale.com.br\/pastoral\/","name":"Pastoral Universit\u00e1ria UniSALESIANO","description":"Site da Pastoral Universit\u00e1ria do UniSALESIANO","potentialAction":[{"@type":"SearchAction","target":{"@type":"EntryPoint","urlTemplate":"https:\/\/unisale.com.br\/pastoral\/?s={search_term_string}"},"query-input":{"@type":"PropertyValueSpecification","valueRequired":true,"valueName":"search_term_string"}}],"inLanguage":"pt-BR"},{"@type":"Person","@id":"https:\/\/unisale.com.br\/pastoral\/#\/schema\/person\/492d3d7bfe53a8302576d39485aff2c4","name":"Luiz Alexandre Marinho Lanzoni","url":"https:\/\/unisale.com.br\/pastoral\/author\/luiz\/"}]}},"_links":{"self":[{"href":"https:\/\/unisale.com.br\/pastoral\/wp-json\/wp\/v2\/posts\/4965","targetHints":{"allow":["GET"]}}],"collection":[{"href":"https:\/\/unisale.com.br\/pastoral\/wp-json\/wp\/v2\/posts"}],"about":[{"href":"https:\/\/unisale.com.br\/pastoral\/wp-json\/wp\/v2\/types\/post"}],"author":[{"embeddable":true,"href":"https:\/\/unisale.com.br\/pastoral\/wp-json\/wp\/v2\/users\/6"}],"replies":[{"embeddable":true,"href":"https:\/\/unisale.com.br\/pastoral\/wp-json\/wp\/v2\/comments?post=4965"}],"version-history":[{"count":0,"href":"https:\/\/unisale.com.br\/pastoral\/wp-json\/wp\/v2\/posts\/4965\/revisions"}],"wp:featuredmedia":[{"embeddable":true,"href":"https:\/\/unisale.com.br\/pastoral\/wp-json\/wp\/v2\/media\/4966"}],"wp:attachment":[{"href":"https:\/\/unisale.com.br\/pastoral\/wp-json\/wp\/v2\/media?parent=4965"}],"wp:term":[{"taxonomy":"category","embeddable":true,"href":"https:\/\/unisale.com.br\/pastoral\/wp-json\/wp\/v2\/categories?post=4965"},{"taxonomy":"post_tag","embeddable":true,"href":"https:\/\/unisale.com.br\/pastoral\/wp-json\/wp\/v2\/tags?post=4965"}],"curies":[{"name":"wp","href":"https:\/\/api.w.org\/{rel}","templated":true}]}}