{"id":4991,"date":"2022-07-28T12:47:16","date_gmt":"2022-07-28T12:47:16","guid":{"rendered":"https:\/\/unisale.com.br\/pastoral\/?p=4991"},"modified":"2022-07-28T22:37:04","modified_gmt":"2022-07-28T22:37:04","slug":"29-07-eu-sou-a-ressurreicao-e-a-vida-quem-cre-em-mim-mesmo-que-morra-vivera","status":"publish","type":"post","link":"https:\/\/unisale.com.br\/pastoral\/29-07-eu-sou-a-ressurreicao-e-a-vida-quem-cre-em-mim-mesmo-que-morra-vivera\/","title":{"rendered":"29\/07 &#8211; Eu sou a ressurrei\u00e7\u00e3o e a vida. Quem cr\u00ea em mim, mesmo que morra, viver\u00e1."},"content":{"rendered":"<p>Sexta-feira, 29 de julho de 2022.<\/p>\n<p>&nbsp;<\/p>\n<p>Evangelho (Jo 11,19-17)<\/p>\n<p>&nbsp;<\/p>\n<p><strong>\u201cEu sou a ressurrei\u00e7\u00e3o e a vida. Quem cr\u00ea em mim, mesmo que morra, viver\u00e1.\u201d<\/strong><\/p>\n<p>&nbsp;<\/p>\n<p>Naquele tempo, <sup>19<\/sup>muitos judeus tinham vindo \u00e0 casa de Marta e Maria para as consolar por causa do irm\u00e3o. <sup>20<\/sup>Quando Marta soube que Jesus tinha chegado, foi ao encontro dele. Maria ficou sentada em casa. <sup>21<\/sup>Ent\u00e3o Marta disse a Jesus: \u201cSenhor, se tivesses estado aqui, meu irm\u00e3o n\u00e3o teria morrido. <sup>22<\/sup>Mas mesmo assim, eu sei que o que pedires a Deus, ele te conceder\u00e1\u201d. <sup>23<\/sup>Respondeu-lhe Jesus: \u201cTeu irm\u00e3o ressuscitar\u00e1\u201d. <sup>24<\/sup>Disse Marta: \u201cEu sei que ele ressuscitar\u00e1 na ressurrei\u00e7\u00e3o, no \u00faltimo dia\u201d. <sup>25<\/sup>Ent\u00e3o Jesus disse: \u201cEu sou a ressurrei\u00e7\u00e3o e a vida. Quem cr\u00ea em mim, mesmo que morra, viver\u00e1. <sup>26<\/sup>E todo aquele que vive e cr\u00ea em mim, n\u00e3o morrer\u00e1 jamais. Cr\u00eas isto?\u201d <sup>27<\/sup>Respondeu ela: \u201cSim, Senhor, eu creio firmemente que tu \u00e9s o Messias, o Filho de Deus, que devia vir ao mundo\u201d.<\/p>\n<p><strong>\u00a0<\/strong><\/p>\n<p><strong>Reflex\u00e3o<\/strong><\/p>\n<p><strong>\u00a0<\/strong><\/p>\n<p>Papa Francisco desejou que a festa de hoje fosse dedicada aos tr\u00eas irm\u00e3os de Bet\u00e2nia. Tal atitude \u00e9 prof\u00e9tica e significativa. Prof\u00e9tica porque parece querer nos dizer que n\u00e3o nos fazemos santos sozinhos; significativa porque Marta, Maria e L\u00e1zaro na realidade parecem tr\u00eas facetas que cada um de n\u00f3s carrega dentro de si. O Evangelho de Jo\u00e3o que conta o di\u00e1logo entre as irm\u00e3s Marta e Maria com Jesus testemunha muitas coisas. Antes de tudo mais uma vez \u00e9 Marta a tomar a iniciativa: \u201cQuando Marta soube que Jesus tinha chegado, foi ao encontro dele. Maria ficou sentada em casa\u201d. Nos tempos dif\u00edceis precisamos reagir de qualquer modo. Marta, retratada como uma mulher atarefada, parece ao inv\u00e9s aquela que nos ensina a n\u00e3o permanecermos em casa fechados na dor e a colocarmo-nos ao inv\u00e9s, a caminho em dire\u00e7\u00e3o ao Senhor. As pessoas pr\u00e1ticas s\u00e3o privilegiadas quando sofrem, porque usam de seus afazeres para n\u00e3o se afogarem na angustia. Mas n\u00e3o basta isto para nos recompormos, precisamos estar dispostos a corrigir as nossas perspectivas: \u201cEnt\u00e3o Marta disse a Jesus: \u201cSenhor, se tivesses estado aqui, meu irm\u00e3o n\u00e3o teria morrido. Mas mesmo assim, eu sei que o que pedires a Deus, ele te conceder\u00e1\u201d. Respondeu-lhe Jesus: \u201cTeu irm\u00e3o ressuscitar\u00e1\u201d. Disse Marta: \u201cEu sei que ele ressuscitar\u00e1 na ressurrei\u00e7\u00e3o, no \u00faltimo dia\u201d. A f\u00e9 que Marta manifesta diante de Jesus parece feita de informa\u00e7\u00f5es justas, mas desligadas da vida, com a realidade que est\u00e1 vivendo. Ela cr\u00ea em algo, mas pensa que tudo acontecer\u00e1 em um dia futuro. Tamb\u00e9m n\u00f3s muitas vezes pensamos que as promessas de Jesus s\u00e3o para o futuro e n\u00e3o nos damos conta que aquilo que esperamos j\u00e1 est\u00e1 acontecendo, j\u00e1 come\u00e7ou no agora da nossa vida. Crer \u00e9 justamente estar ligado ao presente e n\u00e3o a um passado que nos aprisiona ou a um futuro que nos aliena. Esta f\u00e9 restituir\u00e1 L\u00e1zaro a vida e Marta e Maria a realidade, uma liberta da \u00e2nsia do futuro e a outro ao peso do passado.<\/p>\n<p>&nbsp;<\/p>\n<p><strong>Pe. Paulo Eduardo J\u00e1como, SDB.<\/strong><\/p>\n","protected":false},"excerpt":{"rendered":"<p>Sexta-feira, 29 de julho de 2022. &nbsp; Evangelho (Jo 11,19-17) &nbsp; \u201cEu sou a ressurrei\u00e7\u00e3o e a vida. Quem cr\u00ea em mim, mesmo que morra,&#8230;<\/p>\n","protected":false},"author":6,"featured_media":4983,"comment_status":"closed","ping_status":"closed","sticky":false,"template":"","format":"standard","meta":{"_acf_changed":false,"footnotes":""},"categories":[13],"tags":[],"class_list":["post-4991","post","type-post","status-publish","format-standard","has-post-thumbnail","hentry","category-reflexaodoevagelho"],"acf":[],"yoast_head":"<!-- This site is optimized with the Yoast SEO plugin v27.3 - https:\/\/yoast.com\/product\/yoast-seo-wordpress\/ -->\n<title>29\/07 - Eu sou a ressurrei\u00e7\u00e3o e a vida. Quem cr\u00ea em mim, mesmo que morra, viver\u00e1. - Pastoral Universit\u00e1ria UniSALESIANO<\/title>\n<meta name=\"robots\" content=\"index, follow, max-snippet:-1, max-image-preview:large, max-video-preview:-1\" \/>\n<link rel=\"canonical\" href=\"https:\/\/unisale.com.br\/novo\/29-07-eu-sou-a-ressurreicao-e-a-vida-quem-cre-em-mim-mesmo-que-morra-vivera\/\" \/>\n<meta property=\"og:locale\" content=\"pt_BR\" \/>\n<meta property=\"og:type\" content=\"article\" \/>\n<meta property=\"og:title\" content=\"29\/07 - Eu sou a ressurrei\u00e7\u00e3o e a vida. Quem cr\u00ea em mim, mesmo que morra, viver\u00e1. - Pastoral Universit\u00e1ria UniSALESIANO\" \/>\n<meta property=\"og:description\" content=\"Sexta-feira, 29 de julho de 2022. &nbsp; Evangelho (Jo 11,19-17) &nbsp; \u201cEu sou a ressurrei\u00e7\u00e3o e a vida. Quem cr\u00ea em mim, mesmo que morra,...\" \/>\n<meta property=\"og:url\" content=\"https:\/\/unisale.com.br\/novo\/29-07-eu-sou-a-ressurreicao-e-a-vida-quem-cre-em-mim-mesmo-que-morra-vivera\/\" \/>\n<meta property=\"og:site_name\" content=\"Pastoral Universit\u00e1ria UniSALESIANO\" \/>\n<meta property=\"article:published_time\" content=\"2022-07-28T12:47:16+00:00\" \/>\n<meta property=\"article:modified_time\" content=\"2022-07-28T22:37:04+00:00\" \/>\n<meta property=\"og:image\" content=\"https:\/\/unisale.com.br\/novo\/wp-content\/uploads\/2022\/07\/Ev-29.jpg\" \/>\n\t<meta property=\"og:image:width\" content=\"200\" \/>\n\t<meta property=\"og:image:height\" content=\"138\" \/>\n\t<meta property=\"og:image:type\" content=\"image\/jpeg\" \/>\n<meta name=\"author\" content=\"Luiz Alexandre Marinho Lanzoni\" \/>\n<meta name=\"twitter:card\" content=\"summary_large_image\" \/>\n<meta name=\"twitter:label1\" content=\"Escrito por\" \/>\n\t<meta name=\"twitter:data1\" content=\"Luiz Alexandre Marinho Lanzoni\" \/>\n\t<meta name=\"twitter:label2\" content=\"Est. tempo de leitura\" \/>\n\t<meta name=\"twitter:data2\" content=\"3 minutos\" \/>\n<script type=\"application\/ld+json\" class=\"yoast-schema-graph\">{\"@context\":\"https:\\\/\\\/schema.org\",\"@graph\":[{\"@type\":\"Article\",\"@id\":\"https:\\\/\\\/unisale.com.br\\\/novo\\\/29-07-eu-sou-a-ressurreicao-e-a-vida-quem-cre-em-mim-mesmo-que-morra-vivera\\\/#article\",\"isPartOf\":{\"@id\":\"https:\\\/\\\/unisale.com.br\\\/novo\\\/29-07-eu-sou-a-ressurreicao-e-a-vida-quem-cre-em-mim-mesmo-que-morra-vivera\\\/\"},\"author\":{\"name\":\"Luiz Alexandre Marinho Lanzoni\",\"@id\":\"https:\\\/\\\/unisale.com.br\\\/pastoral\\\/#\\\/schema\\\/person\\\/492d3d7bfe53a8302576d39485aff2c4\"},\"headline\":\"29\\\/07 &#8211; Eu sou a ressurrei\u00e7\u00e3o e a vida. Quem cr\u00ea em mim, mesmo que morra, viver\u00e1.\",\"datePublished\":\"2022-07-28T12:47:16+00:00\",\"dateModified\":\"2022-07-28T22:37:04+00:00\",\"mainEntityOfPage\":{\"@id\":\"https:\\\/\\\/unisale.com.br\\\/novo\\\/29-07-eu-sou-a-ressurreicao-e-a-vida-quem-cre-em-mim-mesmo-que-morra-vivera\\\/\"},\"wordCount\":561,\"image\":{\"@id\":\"https:\\\/\\\/unisale.com.br\\\/novo\\\/29-07-eu-sou-a-ressurreicao-e-a-vida-quem-cre-em-mim-mesmo-que-morra-vivera\\\/#primaryimage\"},\"thumbnailUrl\":\"https:\\\/\\\/unisale.com.br\\\/pastoral\\\/wp-content\\\/uploads\\\/2022\\\/07\\\/Ev-29.jpg\",\"articleSection\":[\"Reflex\u00e3o do Evangelho\"],\"inLanguage\":\"pt-BR\"},{\"@type\":\"WebPage\",\"@id\":\"https:\\\/\\\/unisale.com.br\\\/novo\\\/29-07-eu-sou-a-ressurreicao-e-a-vida-quem-cre-em-mim-mesmo-que-morra-vivera\\\/\",\"url\":\"https:\\\/\\\/unisale.com.br\\\/novo\\\/29-07-eu-sou-a-ressurreicao-e-a-vida-quem-cre-em-mim-mesmo-que-morra-vivera\\\/\",\"name\":\"29\\\/07 - Eu sou a ressurrei\u00e7\u00e3o e a vida. Quem cr\u00ea em mim, mesmo que morra, viver\u00e1. - Pastoral Universit\u00e1ria UniSALESIANO\",\"isPartOf\":{\"@id\":\"https:\\\/\\\/unisale.com.br\\\/pastoral\\\/#website\"},\"primaryImageOfPage\":{\"@id\":\"https:\\\/\\\/unisale.com.br\\\/novo\\\/29-07-eu-sou-a-ressurreicao-e-a-vida-quem-cre-em-mim-mesmo-que-morra-vivera\\\/#primaryimage\"},\"image\":{\"@id\":\"https:\\\/\\\/unisale.com.br\\\/novo\\\/29-07-eu-sou-a-ressurreicao-e-a-vida-quem-cre-em-mim-mesmo-que-morra-vivera\\\/#primaryimage\"},\"thumbnailUrl\":\"https:\\\/\\\/unisale.com.br\\\/pastoral\\\/wp-content\\\/uploads\\\/2022\\\/07\\\/Ev-29.jpg\",\"datePublished\":\"2022-07-28T12:47:16+00:00\",\"dateModified\":\"2022-07-28T22:37:04+00:00\",\"author\":{\"@id\":\"https:\\\/\\\/unisale.com.br\\\/pastoral\\\/#\\\/schema\\\/person\\\/492d3d7bfe53a8302576d39485aff2c4\"},\"inLanguage\":\"pt-BR\",\"potentialAction\":[{\"@type\":\"ReadAction\",\"target\":[\"https:\\\/\\\/unisale.com.br\\\/novo\\\/29-07-eu-sou-a-ressurreicao-e-a-vida-quem-cre-em-mim-mesmo-que-morra-vivera\\\/\"]}]},{\"@type\":\"ImageObject\",\"inLanguage\":\"pt-BR\",\"@id\":\"https:\\\/\\\/unisale.com.br\\\/novo\\\/29-07-eu-sou-a-ressurreicao-e-a-vida-quem-cre-em-mim-mesmo-que-morra-vivera\\\/#primaryimage\",\"url\":\"https:\\\/\\\/unisale.com.br\\\/pastoral\\\/wp-content\\\/uploads\\\/2022\\\/07\\\/Ev-29.jpg\",\"contentUrl\":\"https:\\\/\\\/unisale.com.br\\\/pastoral\\\/wp-content\\\/uploads\\\/2022\\\/07\\\/Ev-29.jpg\",\"width\":200,\"height\":138},{\"@type\":\"WebSite\",\"@id\":\"https:\\\/\\\/unisale.com.br\\\/pastoral\\\/#website\",\"url\":\"https:\\\/\\\/unisale.com.br\\\/pastoral\\\/\",\"name\":\"Pastoral Universit\u00e1ria UniSALESIANO\",\"description\":\"Site da Pastoral Universit\u00e1ria do UniSALESIANO\",\"potentialAction\":[{\"@type\":\"SearchAction\",\"target\":{\"@type\":\"EntryPoint\",\"urlTemplate\":\"https:\\\/\\\/unisale.com.br\\\/pastoral\\\/?s={search_term_string}\"},\"query-input\":{\"@type\":\"PropertyValueSpecification\",\"valueRequired\":true,\"valueName\":\"search_term_string\"}}],\"inLanguage\":\"pt-BR\"},{\"@type\":\"Person\",\"@id\":\"https:\\\/\\\/unisale.com.br\\\/pastoral\\\/#\\\/schema\\\/person\\\/492d3d7bfe53a8302576d39485aff2c4\",\"name\":\"Luiz Alexandre Marinho Lanzoni\",\"url\":\"https:\\\/\\\/unisale.com.br\\\/pastoral\\\/author\\\/luiz\\\/\"}]}<\/script>\n<!-- \/ Yoast SEO plugin. -->","yoast_head_json":{"title":"29\/07 - Eu sou a ressurrei\u00e7\u00e3o e a vida. Quem cr\u00ea em mim, mesmo que morra, viver\u00e1. - Pastoral Universit\u00e1ria UniSALESIANO","robots":{"index":"index","follow":"follow","max-snippet":"max-snippet:-1","max-image-preview":"max-image-preview:large","max-video-preview":"max-video-preview:-1"},"canonical":"https:\/\/unisale.com.br\/novo\/29-07-eu-sou-a-ressurreicao-e-a-vida-quem-cre-em-mim-mesmo-que-morra-vivera\/","og_locale":"pt_BR","og_type":"article","og_title":"29\/07 - Eu sou a ressurrei\u00e7\u00e3o e a vida. Quem cr\u00ea em mim, mesmo que morra, viver\u00e1. - Pastoral Universit\u00e1ria UniSALESIANO","og_description":"Sexta-feira, 29 de julho de 2022. &nbsp; Evangelho (Jo 11,19-17) &nbsp; \u201cEu sou a ressurrei\u00e7\u00e3o e a vida. Quem cr\u00ea em mim, mesmo que morra,...","og_url":"https:\/\/unisale.com.br\/novo\/29-07-eu-sou-a-ressurreicao-e-a-vida-quem-cre-em-mim-mesmo-que-morra-vivera\/","og_site_name":"Pastoral Universit\u00e1ria UniSALESIANO","article_published_time":"2022-07-28T12:47:16+00:00","article_modified_time":"2022-07-28T22:37:04+00:00","og_image":[{"width":200,"height":138,"url":"https:\/\/unisale.com.br\/novo\/wp-content\/uploads\/2022\/07\/Ev-29.jpg","type":"image\/jpeg"}],"author":"Luiz Alexandre Marinho Lanzoni","twitter_card":"summary_large_image","twitter_misc":{"Escrito por":"Luiz Alexandre Marinho Lanzoni","Est. tempo de leitura":"3 minutos"},"schema":{"@context":"https:\/\/schema.org","@graph":[{"@type":"Article","@id":"https:\/\/unisale.com.br\/novo\/29-07-eu-sou-a-ressurreicao-e-a-vida-quem-cre-em-mim-mesmo-que-morra-vivera\/#article","isPartOf":{"@id":"https:\/\/unisale.com.br\/novo\/29-07-eu-sou-a-ressurreicao-e-a-vida-quem-cre-em-mim-mesmo-que-morra-vivera\/"},"author":{"name":"Luiz Alexandre Marinho Lanzoni","@id":"https:\/\/unisale.com.br\/pastoral\/#\/schema\/person\/492d3d7bfe53a8302576d39485aff2c4"},"headline":"29\/07 &#8211; Eu sou a ressurrei\u00e7\u00e3o e a vida. Quem cr\u00ea em mim, mesmo que morra, viver\u00e1.","datePublished":"2022-07-28T12:47:16+00:00","dateModified":"2022-07-28T22:37:04+00:00","mainEntityOfPage":{"@id":"https:\/\/unisale.com.br\/novo\/29-07-eu-sou-a-ressurreicao-e-a-vida-quem-cre-em-mim-mesmo-que-morra-vivera\/"},"wordCount":561,"image":{"@id":"https:\/\/unisale.com.br\/novo\/29-07-eu-sou-a-ressurreicao-e-a-vida-quem-cre-em-mim-mesmo-que-morra-vivera\/#primaryimage"},"thumbnailUrl":"https:\/\/unisale.com.br\/pastoral\/wp-content\/uploads\/2022\/07\/Ev-29.jpg","articleSection":["Reflex\u00e3o do Evangelho"],"inLanguage":"pt-BR"},{"@type":"WebPage","@id":"https:\/\/unisale.com.br\/novo\/29-07-eu-sou-a-ressurreicao-e-a-vida-quem-cre-em-mim-mesmo-que-morra-vivera\/","url":"https:\/\/unisale.com.br\/novo\/29-07-eu-sou-a-ressurreicao-e-a-vida-quem-cre-em-mim-mesmo-que-morra-vivera\/","name":"29\/07 - Eu sou a ressurrei\u00e7\u00e3o e a vida. Quem cr\u00ea em mim, mesmo que morra, viver\u00e1. - Pastoral Universit\u00e1ria UniSALESIANO","isPartOf":{"@id":"https:\/\/unisale.com.br\/pastoral\/#website"},"primaryImageOfPage":{"@id":"https:\/\/unisale.com.br\/novo\/29-07-eu-sou-a-ressurreicao-e-a-vida-quem-cre-em-mim-mesmo-que-morra-vivera\/#primaryimage"},"image":{"@id":"https:\/\/unisale.com.br\/novo\/29-07-eu-sou-a-ressurreicao-e-a-vida-quem-cre-em-mim-mesmo-que-morra-vivera\/#primaryimage"},"thumbnailUrl":"https:\/\/unisale.com.br\/pastoral\/wp-content\/uploads\/2022\/07\/Ev-29.jpg","datePublished":"2022-07-28T12:47:16+00:00","dateModified":"2022-07-28T22:37:04+00:00","author":{"@id":"https:\/\/unisale.com.br\/pastoral\/#\/schema\/person\/492d3d7bfe53a8302576d39485aff2c4"},"inLanguage":"pt-BR","potentialAction":[{"@type":"ReadAction","target":["https:\/\/unisale.com.br\/novo\/29-07-eu-sou-a-ressurreicao-e-a-vida-quem-cre-em-mim-mesmo-que-morra-vivera\/"]}]},{"@type":"ImageObject","inLanguage":"pt-BR","@id":"https:\/\/unisale.com.br\/novo\/29-07-eu-sou-a-ressurreicao-e-a-vida-quem-cre-em-mim-mesmo-que-morra-vivera\/#primaryimage","url":"https:\/\/unisale.com.br\/pastoral\/wp-content\/uploads\/2022\/07\/Ev-29.jpg","contentUrl":"https:\/\/unisale.com.br\/pastoral\/wp-content\/uploads\/2022\/07\/Ev-29.jpg","width":200,"height":138},{"@type":"WebSite","@id":"https:\/\/unisale.com.br\/pastoral\/#website","url":"https:\/\/unisale.com.br\/pastoral\/","name":"Pastoral Universit\u00e1ria UniSALESIANO","description":"Site da Pastoral Universit\u00e1ria do UniSALESIANO","potentialAction":[{"@type":"SearchAction","target":{"@type":"EntryPoint","urlTemplate":"https:\/\/unisale.com.br\/pastoral\/?s={search_term_string}"},"query-input":{"@type":"PropertyValueSpecification","valueRequired":true,"valueName":"search_term_string"}}],"inLanguage":"pt-BR"},{"@type":"Person","@id":"https:\/\/unisale.com.br\/pastoral\/#\/schema\/person\/492d3d7bfe53a8302576d39485aff2c4","name":"Luiz Alexandre Marinho Lanzoni","url":"https:\/\/unisale.com.br\/pastoral\/author\/luiz\/"}]}},"_links":{"self":[{"href":"https:\/\/unisale.com.br\/pastoral\/wp-json\/wp\/v2\/posts\/4991","targetHints":{"allow":["GET"]}}],"collection":[{"href":"https:\/\/unisale.com.br\/pastoral\/wp-json\/wp\/v2\/posts"}],"about":[{"href":"https:\/\/unisale.com.br\/pastoral\/wp-json\/wp\/v2\/types\/post"}],"author":[{"embeddable":true,"href":"https:\/\/unisale.com.br\/pastoral\/wp-json\/wp\/v2\/users\/6"}],"replies":[{"embeddable":true,"href":"https:\/\/unisale.com.br\/pastoral\/wp-json\/wp\/v2\/comments?post=4991"}],"version-history":[{"count":0,"href":"https:\/\/unisale.com.br\/pastoral\/wp-json\/wp\/v2\/posts\/4991\/revisions"}],"wp:featuredmedia":[{"embeddable":true,"href":"https:\/\/unisale.com.br\/pastoral\/wp-json\/wp\/v2\/media\/4983"}],"wp:attachment":[{"href":"https:\/\/unisale.com.br\/pastoral\/wp-json\/wp\/v2\/media?parent=4991"}],"wp:term":[{"taxonomy":"category","embeddable":true,"href":"https:\/\/unisale.com.br\/pastoral\/wp-json\/wp\/v2\/categories?post=4991"},{"taxonomy":"post_tag","embeddable":true,"href":"https:\/\/unisale.com.br\/pastoral\/wp-json\/wp\/v2\/tags?post=4991"}],"curies":[{"name":"wp","href":"https:\/\/api.w.org\/{rel}","templated":true}]}}