{"id":5031,"date":"2022-08-01T14:05:23","date_gmt":"2022-08-01T14:05:23","guid":{"rendered":"https:\/\/unisale.com.br\/pastoral\/?p=5031"},"modified":"2022-08-01T14:05:23","modified_gmt":"2022-08-01T14:05:23","slug":"02-08-coragem-sou-eu-nao-tenhais-medo","status":"publish","type":"post","link":"https:\/\/unisale.com.br\/pastoral\/02-08-coragem-sou-eu-nao-tenhais-medo\/","title":{"rendered":"02\/08 &#8211; Coragem! Sou eu. N\u00e3o tenhais medo!"},"content":{"rendered":"<p>Ter\u00e7a-feira, 02 de agosto de 2022.<\/p>\n<p>&nbsp;<\/p>\n<p>Evangelho (Mt 14,22-36)<\/p>\n<p>&nbsp;<\/p>\n<p><strong>\u201cCoragem! Sou eu. N\u00e3o tenhais medo!\u201d<\/strong><\/p>\n<p><strong>\u00a0<\/strong><\/p>\n<p>Depois que a multid\u00e3o comera at\u00e9 saciar-se, <sup>22<\/sup>Jesus mandou que os disc\u00edpulos entrassem na barca e seguissem, \u00e0 sua frente, para o outro lado do mar, enquanto ele despediria as multid\u00f5es. <sup>23<\/sup>Depois de despedi-las, Jesus subiu ao monte, para orar a s\u00f3s. A noite chegou, e Jesus continuava ali, sozinho. <sup>24<\/sup>A barca, por\u00e9m, j\u00e1 longe da terra, era agitada pelas ondas, pois o vento era contr\u00e1rio. <sup>25<\/sup>Pelas tr\u00eas horas da manh\u00e3, Jesus veio at\u00e9 os disc\u00edpulos, andando sobre o mar. <sup>26<\/sup>Quando os disc\u00edpulos o avistaram, andando sobre o mar, ficaram apavorados, e disseram: \u201c\u00c9 um fantasma\u201d. E gritaram de medo. <sup>27<\/sup>Jesus, por\u00e9m, logo lhes disse: \u201cCoragem! Sou eu. N\u00e3o tenhais medo!\u201d <sup>28<\/sup>Ent\u00e3o Pedro lhe disse: \u201cSenhor, se \u00e9s tu, manda-me ir a teu encontro, caminhando sobre a \u00e1gua\u201d. <sup>29<\/sup>E Jesus respondeu: \u201cVem!\u201d Pedro desceu da barca e come\u00e7ou a andar sobre a \u00e1gua, em dire\u00e7\u00e3o a Jesus. <sup>30<\/sup>Mas, quando sentiu o vento, ficou com medo e, come\u00e7ando a afundar, gritou: \u201cSenhor, salva-me!\u201d <sup>31<\/sup>Jesus logo estendeu a m\u00e3o, segurou Pedro, e lhe disse: \u201cHomem fraco na f\u00e9, por que duvidaste?\u201d <sup>32<\/sup>Assim que subiram na barca, o vento se acalmou. <sup>33<\/sup>Os que estavam na barca, prostraram-se diante dele, dizendo: \u201cVerdadeiramente, tu \u00e9s o Filho de Deus!\u201d <sup>34<\/sup>Ap\u00f3s a travessia desembarcaram em Genesar\u00e9. <sup>35<\/sup>Os habitantes daquele lugar reconheceram Jesus e espalharam a not\u00edcia por toda a regi\u00e3o. Ent\u00e3o levaram a ele todos os doentes; <sup>36<\/sup>e pediam que pudessem, ao menos, tocar a barra de sua veste. E todos os que tocaram, ficaram curados.<\/p>\n<p>&nbsp;<\/p>\n<p><strong>Reflex\u00e3o<\/strong><\/p>\n<p>&nbsp;<\/p>\n<p>Se assumirmos o modo de ver dos disc\u00edpulos nascer\u00e1 tamb\u00e9m certamente em n\u00f3s uma interroga\u00e7\u00e3o inconfessada: O que ser\u00e1 que Jesus dizia na sua ora\u00e7\u00e3o? Se efetivamente surge em n\u00f3s esta interroga\u00e7\u00e3o, agora a ora\u00e7\u00e3o de Jesus \u00e9 de fato uma verdadeira ora\u00e7\u00e3o. De fato, somente as experi\u00eancias que s\u00e3o aut\u00eanticas \u00e9 que podem provocar algo nas pessoas. Quem sabe as pessoas que tamb\u00e9m nos veem rezar se perguntam a mesma coisa sobre a nossa ora\u00e7\u00e3o. Mas assim como Jesus n\u00e3o se preocupava com aquilo que as pessoas pudessem perceber da sua ora\u00e7\u00e3o, tamb\u00e9m n\u00f3s devemos somente nos preocupar de rezar verdadeiramente sem a \u00e2nsia de uma \u201cperformace\u201d. De Jesus podemos aprender uma coisa: reservar tempo para a ora\u00e7\u00e3o, aprendendo a intimidade que Ele possu\u00eda, e submetendo-se humildemente \u00e0 const\u00e2ncia que muitas vezes nos faz sentir entediados com a ora\u00e7\u00e3o. Mas enquanto Jesus anuncia o Evangelho continua a nos dizer que: <sup>\u201c<\/sup>A barca, por\u00e9m, j\u00e1 longe da terra, era agitada pelas ondas, pois o vento era contr\u00e1rio. Pelas tr\u00eas horas da manh\u00e3, Jesus veio at\u00e9 os disc\u00edpulos, andando sobre o mar. Quando os disc\u00edpulos o avistaram, andando sobre o mar, ficaram apavorados, e disseram: \u201c\u00c9 um fantasma\u201d. E gritaram de medo\u201d. Pode parecer estranha esta rea\u00e7\u00e3o dos disc\u00edpulos, no entanto, todas as vezes que nos conscientizamos de que Jesus \u00e9 de fato o Senhor, permanecemos amedrontados, porque no fundo talvez n\u00e3o acreditamos verdadeiramente.\u00a0 Ter f\u00e9 \u00e9 n\u00e3o ignorar o fato que de Deus sabemos muitas coisas, mas Ele \u00e9 muito mais daquilo que sabemos. Ele n\u00e3o age somente da maneira que esperamos, mas tamb\u00e9m age surpreendendo-nos: \u201cJesus, por\u00e9m, logo lhes disse: Coragem! Sou eu. N\u00e3o tenhais medo! Ent\u00e3o Pedro lhe disse: Senhor, se \u00e9s tu, manda-me ir a teu encontro, caminhando sobre a \u00e1gua. E Jesus respondeu: Vem!\u201d. Quem cr\u00ea n\u00e3o \u00e9 somente encorajado, mas se torna protagonista do imagin\u00e1vel.<\/p>\n<p>&nbsp;<\/p>\n<p><strong>Pe. Paulo Eduardo J\u00e1como, SDB.<\/strong><\/p>\n","protected":false},"excerpt":{"rendered":"<p>Ter\u00e7a-feira, 02 de agosto de 2022. &nbsp; Evangelho (Mt 14,22-36) &nbsp; \u201cCoragem! Sou eu. N\u00e3o tenhais medo!\u201d \u00a0 Depois que a multid\u00e3o comera at\u00e9 saciar-se,&#8230;<\/p>\n","protected":false},"author":6,"featured_media":5035,"comment_status":"closed","ping_status":"closed","sticky":false,"template":"","format":"standard","meta":{"_acf_changed":false,"footnotes":""},"categories":[13],"tags":[],"class_list":["post-5031","post","type-post","status-publish","format-standard","has-post-thumbnail","hentry","category-reflexaodoevagelho"],"acf":[],"yoast_head":"<!-- This site is optimized with the Yoast SEO plugin v27.3 - https:\/\/yoast.com\/product\/yoast-seo-wordpress\/ -->\n<title>02\/08 - Coragem! Sou eu. N\u00e3o tenhais medo! - Pastoral Universit\u00e1ria UniSALESIANO<\/title>\n<meta name=\"robots\" content=\"index, follow, max-snippet:-1, max-image-preview:large, max-video-preview:-1\" \/>\n<link rel=\"canonical\" href=\"https:\/\/unisale.com.br\/novo\/02-08-coragem-sou-eu-nao-tenhais-medo\/\" \/>\n<meta property=\"og:locale\" content=\"pt_BR\" \/>\n<meta property=\"og:type\" content=\"article\" \/>\n<meta property=\"og:title\" content=\"02\/08 - Coragem! Sou eu. N\u00e3o tenhais medo! - Pastoral Universit\u00e1ria UniSALESIANO\" \/>\n<meta property=\"og:description\" content=\"Ter\u00e7a-feira, 02 de agosto de 2022. &nbsp; Evangelho (Mt 14,22-36) &nbsp; \u201cCoragem! Sou eu. N\u00e3o tenhais medo!\u201d \u00a0 Depois que a multid\u00e3o comera at\u00e9 saciar-se,...\" \/>\n<meta property=\"og:url\" content=\"https:\/\/unisale.com.br\/novo\/02-08-coragem-sou-eu-nao-tenhais-medo\/\" \/>\n<meta property=\"og:site_name\" content=\"Pastoral Universit\u00e1ria UniSALESIANO\" \/>\n<meta property=\"article:published_time\" content=\"2022-08-01T14:05:23+00:00\" \/>\n<meta property=\"og:image\" content=\"https:\/\/unisale.com.br\/novo\/wp-content\/uploads\/2022\/08\/Ev-02.jpg\" \/>\n\t<meta property=\"og:image:width\" content=\"318\" \/>\n\t<meta property=\"og:image:height\" content=\"159\" \/>\n\t<meta property=\"og:image:type\" content=\"image\/jpeg\" \/>\n<meta name=\"author\" content=\"Luiz Alexandre Marinho Lanzoni\" \/>\n<meta name=\"twitter:card\" content=\"summary_large_image\" \/>\n<meta name=\"twitter:label1\" content=\"Escrito por\" \/>\n\t<meta name=\"twitter:data1\" content=\"Luiz Alexandre Marinho Lanzoni\" \/>\n\t<meta name=\"twitter:label2\" content=\"Est. tempo de leitura\" \/>\n\t<meta name=\"twitter:data2\" content=\"3 minutos\" \/>\n<script type=\"application\/ld+json\" class=\"yoast-schema-graph\">{\"@context\":\"https:\\\/\\\/schema.org\",\"@graph\":[{\"@type\":\"Article\",\"@id\":\"https:\\\/\\\/unisale.com.br\\\/novo\\\/02-08-coragem-sou-eu-nao-tenhais-medo\\\/#article\",\"isPartOf\":{\"@id\":\"https:\\\/\\\/unisale.com.br\\\/novo\\\/02-08-coragem-sou-eu-nao-tenhais-medo\\\/\"},\"author\":{\"name\":\"Luiz Alexandre Marinho Lanzoni\",\"@id\":\"https:\\\/\\\/unisale.com.br\\\/pastoral\\\/#\\\/schema\\\/person\\\/492d3d7bfe53a8302576d39485aff2c4\"},\"headline\":\"02\\\/08 &#8211; Coragem! Sou eu. N\u00e3o tenhais medo!\",\"datePublished\":\"2022-08-01T14:05:23+00:00\",\"mainEntityOfPage\":{\"@id\":\"https:\\\/\\\/unisale.com.br\\\/novo\\\/02-08-coragem-sou-eu-nao-tenhais-medo\\\/\"},\"wordCount\":644,\"image\":{\"@id\":\"https:\\\/\\\/unisale.com.br\\\/novo\\\/02-08-coragem-sou-eu-nao-tenhais-medo\\\/#primaryimage\"},\"thumbnailUrl\":\"https:\\\/\\\/unisale.com.br\\\/pastoral\\\/wp-content\\\/uploads\\\/2022\\\/08\\\/Ev-02.jpg\",\"articleSection\":[\"Reflex\u00e3o do Evangelho\"],\"inLanguage\":\"pt-BR\"},{\"@type\":\"WebPage\",\"@id\":\"https:\\\/\\\/unisale.com.br\\\/novo\\\/02-08-coragem-sou-eu-nao-tenhais-medo\\\/\",\"url\":\"https:\\\/\\\/unisale.com.br\\\/novo\\\/02-08-coragem-sou-eu-nao-tenhais-medo\\\/\",\"name\":\"02\\\/08 - Coragem! Sou eu. N\u00e3o tenhais medo! - Pastoral Universit\u00e1ria UniSALESIANO\",\"isPartOf\":{\"@id\":\"https:\\\/\\\/unisale.com.br\\\/pastoral\\\/#website\"},\"primaryImageOfPage\":{\"@id\":\"https:\\\/\\\/unisale.com.br\\\/novo\\\/02-08-coragem-sou-eu-nao-tenhais-medo\\\/#primaryimage\"},\"image\":{\"@id\":\"https:\\\/\\\/unisale.com.br\\\/novo\\\/02-08-coragem-sou-eu-nao-tenhais-medo\\\/#primaryimage\"},\"thumbnailUrl\":\"https:\\\/\\\/unisale.com.br\\\/pastoral\\\/wp-content\\\/uploads\\\/2022\\\/08\\\/Ev-02.jpg\",\"datePublished\":\"2022-08-01T14:05:23+00:00\",\"author\":{\"@id\":\"https:\\\/\\\/unisale.com.br\\\/pastoral\\\/#\\\/schema\\\/person\\\/492d3d7bfe53a8302576d39485aff2c4\"},\"inLanguage\":\"pt-BR\",\"potentialAction\":[{\"@type\":\"ReadAction\",\"target\":[\"https:\\\/\\\/unisale.com.br\\\/novo\\\/02-08-coragem-sou-eu-nao-tenhais-medo\\\/\"]}]},{\"@type\":\"ImageObject\",\"inLanguage\":\"pt-BR\",\"@id\":\"https:\\\/\\\/unisale.com.br\\\/novo\\\/02-08-coragem-sou-eu-nao-tenhais-medo\\\/#primaryimage\",\"url\":\"https:\\\/\\\/unisale.com.br\\\/pastoral\\\/wp-content\\\/uploads\\\/2022\\\/08\\\/Ev-02.jpg\",\"contentUrl\":\"https:\\\/\\\/unisale.com.br\\\/pastoral\\\/wp-content\\\/uploads\\\/2022\\\/08\\\/Ev-02.jpg\",\"width\":318,\"height\":159},{\"@type\":\"WebSite\",\"@id\":\"https:\\\/\\\/unisale.com.br\\\/pastoral\\\/#website\",\"url\":\"https:\\\/\\\/unisale.com.br\\\/pastoral\\\/\",\"name\":\"Pastoral Universit\u00e1ria UniSALESIANO\",\"description\":\"Site da Pastoral Universit\u00e1ria do UniSALESIANO\",\"potentialAction\":[{\"@type\":\"SearchAction\",\"target\":{\"@type\":\"EntryPoint\",\"urlTemplate\":\"https:\\\/\\\/unisale.com.br\\\/pastoral\\\/?s={search_term_string}\"},\"query-input\":{\"@type\":\"PropertyValueSpecification\",\"valueRequired\":true,\"valueName\":\"search_term_string\"}}],\"inLanguage\":\"pt-BR\"},{\"@type\":\"Person\",\"@id\":\"https:\\\/\\\/unisale.com.br\\\/pastoral\\\/#\\\/schema\\\/person\\\/492d3d7bfe53a8302576d39485aff2c4\",\"name\":\"Luiz Alexandre Marinho Lanzoni\",\"url\":\"https:\\\/\\\/unisale.com.br\\\/pastoral\\\/author\\\/luiz\\\/\"}]}<\/script>\n<!-- \/ Yoast SEO plugin. -->","yoast_head_json":{"title":"02\/08 - Coragem! Sou eu. N\u00e3o tenhais medo! - Pastoral Universit\u00e1ria UniSALESIANO","robots":{"index":"index","follow":"follow","max-snippet":"max-snippet:-1","max-image-preview":"max-image-preview:large","max-video-preview":"max-video-preview:-1"},"canonical":"https:\/\/unisale.com.br\/novo\/02-08-coragem-sou-eu-nao-tenhais-medo\/","og_locale":"pt_BR","og_type":"article","og_title":"02\/08 - Coragem! Sou eu. N\u00e3o tenhais medo! - Pastoral Universit\u00e1ria UniSALESIANO","og_description":"Ter\u00e7a-feira, 02 de agosto de 2022. &nbsp; Evangelho (Mt 14,22-36) &nbsp; \u201cCoragem! Sou eu. N\u00e3o tenhais medo!\u201d \u00a0 Depois que a multid\u00e3o comera at\u00e9 saciar-se,...","og_url":"https:\/\/unisale.com.br\/novo\/02-08-coragem-sou-eu-nao-tenhais-medo\/","og_site_name":"Pastoral Universit\u00e1ria UniSALESIANO","article_published_time":"2022-08-01T14:05:23+00:00","og_image":[{"width":318,"height":159,"url":"https:\/\/unisale.com.br\/novo\/wp-content\/uploads\/2022\/08\/Ev-02.jpg","type":"image\/jpeg"}],"author":"Luiz Alexandre Marinho Lanzoni","twitter_card":"summary_large_image","twitter_misc":{"Escrito por":"Luiz Alexandre Marinho Lanzoni","Est. tempo de leitura":"3 minutos"},"schema":{"@context":"https:\/\/schema.org","@graph":[{"@type":"Article","@id":"https:\/\/unisale.com.br\/novo\/02-08-coragem-sou-eu-nao-tenhais-medo\/#article","isPartOf":{"@id":"https:\/\/unisale.com.br\/novo\/02-08-coragem-sou-eu-nao-tenhais-medo\/"},"author":{"name":"Luiz Alexandre Marinho Lanzoni","@id":"https:\/\/unisale.com.br\/pastoral\/#\/schema\/person\/492d3d7bfe53a8302576d39485aff2c4"},"headline":"02\/08 &#8211; Coragem! Sou eu. N\u00e3o tenhais medo!","datePublished":"2022-08-01T14:05:23+00:00","mainEntityOfPage":{"@id":"https:\/\/unisale.com.br\/novo\/02-08-coragem-sou-eu-nao-tenhais-medo\/"},"wordCount":644,"image":{"@id":"https:\/\/unisale.com.br\/novo\/02-08-coragem-sou-eu-nao-tenhais-medo\/#primaryimage"},"thumbnailUrl":"https:\/\/unisale.com.br\/pastoral\/wp-content\/uploads\/2022\/08\/Ev-02.jpg","articleSection":["Reflex\u00e3o do Evangelho"],"inLanguage":"pt-BR"},{"@type":"WebPage","@id":"https:\/\/unisale.com.br\/novo\/02-08-coragem-sou-eu-nao-tenhais-medo\/","url":"https:\/\/unisale.com.br\/novo\/02-08-coragem-sou-eu-nao-tenhais-medo\/","name":"02\/08 - Coragem! Sou eu. N\u00e3o tenhais medo! - Pastoral Universit\u00e1ria UniSALESIANO","isPartOf":{"@id":"https:\/\/unisale.com.br\/pastoral\/#website"},"primaryImageOfPage":{"@id":"https:\/\/unisale.com.br\/novo\/02-08-coragem-sou-eu-nao-tenhais-medo\/#primaryimage"},"image":{"@id":"https:\/\/unisale.com.br\/novo\/02-08-coragem-sou-eu-nao-tenhais-medo\/#primaryimage"},"thumbnailUrl":"https:\/\/unisale.com.br\/pastoral\/wp-content\/uploads\/2022\/08\/Ev-02.jpg","datePublished":"2022-08-01T14:05:23+00:00","author":{"@id":"https:\/\/unisale.com.br\/pastoral\/#\/schema\/person\/492d3d7bfe53a8302576d39485aff2c4"},"inLanguage":"pt-BR","potentialAction":[{"@type":"ReadAction","target":["https:\/\/unisale.com.br\/novo\/02-08-coragem-sou-eu-nao-tenhais-medo\/"]}]},{"@type":"ImageObject","inLanguage":"pt-BR","@id":"https:\/\/unisale.com.br\/novo\/02-08-coragem-sou-eu-nao-tenhais-medo\/#primaryimage","url":"https:\/\/unisale.com.br\/pastoral\/wp-content\/uploads\/2022\/08\/Ev-02.jpg","contentUrl":"https:\/\/unisale.com.br\/pastoral\/wp-content\/uploads\/2022\/08\/Ev-02.jpg","width":318,"height":159},{"@type":"WebSite","@id":"https:\/\/unisale.com.br\/pastoral\/#website","url":"https:\/\/unisale.com.br\/pastoral\/","name":"Pastoral Universit\u00e1ria UniSALESIANO","description":"Site da Pastoral Universit\u00e1ria do UniSALESIANO","potentialAction":[{"@type":"SearchAction","target":{"@type":"EntryPoint","urlTemplate":"https:\/\/unisale.com.br\/pastoral\/?s={search_term_string}"},"query-input":{"@type":"PropertyValueSpecification","valueRequired":true,"valueName":"search_term_string"}}],"inLanguage":"pt-BR"},{"@type":"Person","@id":"https:\/\/unisale.com.br\/pastoral\/#\/schema\/person\/492d3d7bfe53a8302576d39485aff2c4","name":"Luiz Alexandre Marinho Lanzoni","url":"https:\/\/unisale.com.br\/pastoral\/author\/luiz\/"}]}},"_links":{"self":[{"href":"https:\/\/unisale.com.br\/pastoral\/wp-json\/wp\/v2\/posts\/5031","targetHints":{"allow":["GET"]}}],"collection":[{"href":"https:\/\/unisale.com.br\/pastoral\/wp-json\/wp\/v2\/posts"}],"about":[{"href":"https:\/\/unisale.com.br\/pastoral\/wp-json\/wp\/v2\/types\/post"}],"author":[{"embeddable":true,"href":"https:\/\/unisale.com.br\/pastoral\/wp-json\/wp\/v2\/users\/6"}],"replies":[{"embeddable":true,"href":"https:\/\/unisale.com.br\/pastoral\/wp-json\/wp\/v2\/comments?post=5031"}],"version-history":[{"count":0,"href":"https:\/\/unisale.com.br\/pastoral\/wp-json\/wp\/v2\/posts\/5031\/revisions"}],"wp:featuredmedia":[{"embeddable":true,"href":"https:\/\/unisale.com.br\/pastoral\/wp-json\/wp\/v2\/media\/5035"}],"wp:attachment":[{"href":"https:\/\/unisale.com.br\/pastoral\/wp-json\/wp\/v2\/media?parent=5031"}],"wp:term":[{"taxonomy":"category","embeddable":true,"href":"https:\/\/unisale.com.br\/pastoral\/wp-json\/wp\/v2\/categories?post=5031"},{"taxonomy":"post_tag","embeddable":true,"href":"https:\/\/unisale.com.br\/pastoral\/wp-json\/wp\/v2\/tags?post=5031"}],"curies":[{"name":"wp","href":"https:\/\/api.w.org\/{rel}","templated":true}]}}