{"id":5097,"date":"2022-08-10T11:37:15","date_gmt":"2022-08-10T11:37:15","guid":{"rendered":"https:\/\/unisale.com.br\/pastoral\/?p=5097"},"modified":"2022-08-10T11:37:15","modified_gmt":"2022-08-10T11:37:15","slug":"14-08-eu-vim-para-lancar-fogo-sobre-a-terra-e-como-gostaria-que-ja-estivesse-aceso","status":"publish","type":"post","link":"https:\/\/unisale.com.br\/pastoral\/14-08-eu-vim-para-lancar-fogo-sobre-a-terra-e-como-gostaria-que-ja-estivesse-aceso\/","title":{"rendered":"14\/08 &#8211; Eu vim para lan\u00e7ar fogo sobre a terra e como gostaria que j\u00e1 estivesse aceso."},"content":{"rendered":"<p>Domingo, 14 de agosto de 2022.<\/p>\n<p>&nbsp;<\/p>\n<p>Evangelho (Lc 12,49-53)<\/p>\n<p>&nbsp;<\/p>\n<p><strong>\u201cEu vim para lan\u00e7ar fogo sobre a terra e como gostaria que j\u00e1 estivesse aceso\u201d<\/strong><\/p>\n<p>&nbsp;<\/p>\n<p>Naquele tempo, disse Jesus aos seus disc\u00edpulos: <sup>49<\/sup>\u201cEu vim para lan\u00e7ar fogo sobre a terra, e como gostaria que j\u00e1 estivesse aceso! <sup>50<\/sup>Devo receber um batismo, e como estou ansioso at\u00e9 que isto se cumpra! <sup>51<\/sup>V\u00f3s pensais que eu vim trazer a paz sobre a terra? Pelo contr\u00e1rio, eu vos digo, vim trazer divis\u00e3o. <sup>52<\/sup>Pois, daqui em diante, numa fam\u00edlia de cinco pessoas, tr\u00eas ficar\u00e3o divididas contra duas e duas contra tr\u00eas; <sup>53<\/sup>ficar\u00e3o divididos: o pai contra o filho e o filho contra o pai; a m\u00e3e contra a filha e a filha contra a m\u00e3e; a sogra contra a nora e a nora contra a sogra\u201d.<\/p>\n<p>&nbsp;<\/p>\n<p><strong>Reflex\u00e3o<\/strong><\/p>\n<p>&nbsp;<\/p>\n<p>A verdade \u00e0s vezes incomoda, mas \u00e9 sempre a verdade. N\u00f3s estamos cansados de um mundo onde reina a mentira, a falsidade, as engana\u00e7\u00f5es e os jogos de interesses. Quem vive da verdade e na verdade pode sofrer muito. Se escolhemos falar e viver segundo o Evangelho com certeza seremos perseguidos. Por exemplo, dissermos que o comportamento livre e sem escr\u00fapulos de tantos homens e de tantas mulheres \u00e9 o in\u00edcio de uma trai\u00e7\u00e3o \u00e0 pr\u00f3pria fam\u00edlia, que exige um pudor e uma certa privacidade como condi\u00e7\u00e3o de fidelidade. Certamente nos dir\u00e3o que \u201ctodos fazem assim\u201d, que a moda \u00e9 esta: precisamos ser livres. Isso \u00e9 tudo mentira, mas o profeta \u00e9 sempre combatido com a mentira. Jesus j\u00e1 dizia que \u201cquem faz o mal odeia a luz e foge da luz, a fim de que suas m\u00e1s obras n\u00e3o sejam vistas\u201d (cf. Jo 3,20). Assim, podemos dizer que Palavra de Deus \u00e0s vezes \u00e9 como um tapa que levamos no rosto para acordar, \u00e9 o caso do Evangelho de hoje. Basta olhar a nossa vida, ao nosso redor e tomar consci\u00eancia que nos falta algo pelo qual \u201cqueimar\u201d, falta uma paix\u00e3o. Queimar de \u2018paix\u00e3o\u2019, de iniciativas, e porque n\u00e3o, tamb\u00e9m de quedas. A paz que ansiamos \u00e9 uma falsa paz. O importante \u00e9 n\u00e3o sentir dor e n\u00e3o fazer esfor\u00e7o, e n\u00e3o importa se n\u00e3o sou feliz, o importante \u00e9 que n\u00e3o me canso muito, que n\u00e3o sofro muito, que n\u00e3o me incomodo muito. Haveremos de criar uma gera\u00e7\u00e3o de infelizes porque estamos convencidos que n\u00e3o temos a capacidade de resolver os problemas. Jesus veio para nos trazer a paz, mas a paz que \u00e9 fruto da convers\u00e3o \u00e0 verdade. A verdadeira paz n\u00e3o \u00e9 fruto de um sil\u00eancio hip\u00f3crita. Nos esquecemos que muitas vezes para tornarmo-nos n\u00f3s mesmos precisamos ter o trabalho de nos separarmos da massa, de distinguir-nos. Isso n\u00e3o \u00e9 renegar um pai ou uma m\u00e3e, mas saber sermos n\u00f3s mesmos. N\u00e3o \u00e9 colocar tudo de acordo, mas sermos todos vivos, sentindo a vida como algo pulsante. Buscamos sempre situa\u00e7\u00f5es onde estamos no controle, mas a vida por defini\u00e7\u00e3o foge do controle. A vida n\u00e3o \u00e9 um museu a ser mantido em ordem e bem catalogado. A vida ao inv\u00e9s, \u00e9 feita de escolhas, tentativas, sonhos pelos quais lutar, sofrimentos a afrontar. Incompreens\u00f5es a serem digeridas. Neste sentido, Jesus veio para colocar tudo em discuss\u00e3o a fim de que tudo se torne o que tem que ser de fato. Jesus veio trazer o fogo, aquele pelo qual vale acordar toda manh\u00e3. E porqu\u00ea n\u00f3s n\u00e3o sentimos este \u201cfogo\u201d? Muitas vezes n\u00f3s procuramos \u201cdomesticar\u201d a f\u00e9: De fato. \u00c9 c\u00f4modo mudar de f\u00e9 ao inv\u00e9s de mudar a vida. A pergunta \u00e9: na nossa vida, n\u00f3s podemos ver realizado o evangelho de Jesus? Infelizmente nem sempre \u00e9 assim. Muitas vezes vivemos uma f\u00e9 que passa tranquilamente da igreja a \u201cnight\u201d, da escuta da Palavra de Deus \u00e0 escuta da vulgaridade, da leitura do Evangelho ao espet\u00e1culo pornogr\u00e1fico. \u00c9 l\u00edcito tudo isso? Certamente que n\u00e3o. O que acontece ent\u00e3o? Para evitar a fadiga do testemunho da verdade, n\u00f3s domesticamos o Evangelho: Mas isso \u00e9 uma trai\u00e7\u00e3o \u00e9 um grave pecado. Hoje nos vivemos em meio a falsas divindades: personagens do sport, do cinema, cantores e cantoras, pol\u00edticos, etc. Estes s\u00e3o t\u00e3o divinizados que a vida imoral dos mesmos tem se tornado \u201cmoda\u201d e not\u00edcias mais acessadas. E tantos crist\u00e3os se deixam levar por esta \u201conda\u201d. Mas n\u00e3o faltam sinais dos tempos para nos advertir de que algo est\u00e1 errado. Entre tantos sinais me limito a falar de dois. \u00c9 sabido e documentado que a nossa gera\u00e7\u00e3o \u00e9 a gera\u00e7\u00e3o que mais consome tranquilizantes: e onde tem maios bem-estar, ali se encontra o maior uso de tranquilizantes. Antigamente as pessoas tinham mais paz e mais capacidade para enfrentar as \u201ccruzes\u201d cotidianas. Por que? Por que as pessoas tinham Deus no cora\u00e7\u00e3o e sabiam ler a vida com a luz da f\u00e9. Hoje a viol\u00eancia chegou a um n\u00edvel impressionante, a ponto que, saindo de casa, n\u00e3o temos mais a certeza de voltamos vivos. Por que todo este \u00f3dio a explodir? Por que esta carnificina t\u00e3o difundida? A resposta \u00e9 uma s\u00f3: nos distanciamos de Deus! E sem Deus, o respeito e a dignidade da pessoa humana n\u00e3o possuem mais fundamento. Precisamos retornar ao Senhor com todo o cora\u00e7\u00e3o. Precisamos reacender a l\u00e2mpada da f\u00e9 e todos os dias alimenta-la com a ora\u00e7\u00e3o e com a leitura do Evangelho. Tudo ser\u00e1 mais tranquilo e os pesos da vida ser\u00e3o mais leves. Esta \u00e9 a promessa de Jesus e Suas promessas s\u00e3o verdadeiras.<\/p>\n<p>&nbsp;<\/p>\n<p><strong>Pe. Paulo Eduardo J\u00e1como,SDB.<\/strong><\/p>\n","protected":false},"excerpt":{"rendered":"<p>Domingo, 14 de agosto de 2022. &nbsp; Evangelho (Lc 12,49-53) &nbsp; \u201cEu vim para lan\u00e7ar fogo sobre a terra e como gostaria que j\u00e1 estivesse&#8230;<\/p>\n","protected":false},"author":6,"featured_media":5089,"comment_status":"closed","ping_status":"closed","sticky":false,"template":"","format":"standard","meta":{"_acf_changed":false,"footnotes":""},"categories":[13],"tags":[],"class_list":["post-5097","post","type-post","status-publish","format-standard","has-post-thumbnail","hentry","category-reflexaodoevagelho"],"acf":[],"yoast_head":"<!-- This site is optimized with the Yoast SEO plugin v27.3 - https:\/\/yoast.com\/product\/yoast-seo-wordpress\/ -->\n<title>14\/08 - Eu vim para lan\u00e7ar fogo sobre a terra e como gostaria que j\u00e1 estivesse aceso. - Pastoral Universit\u00e1ria UniSALESIANO<\/title>\n<meta name=\"robots\" content=\"index, follow, max-snippet:-1, max-image-preview:large, max-video-preview:-1\" \/>\n<link rel=\"canonical\" href=\"https:\/\/unisale.com.br\/novo\/14-08-eu-vim-para-lancar-fogo-sobre-a-terra-e-como-gostaria-que-ja-estivesse-aceso\/\" \/>\n<meta property=\"og:locale\" content=\"pt_BR\" \/>\n<meta property=\"og:type\" content=\"article\" \/>\n<meta property=\"og:title\" content=\"14\/08 - Eu vim para lan\u00e7ar fogo sobre a terra e como gostaria que j\u00e1 estivesse aceso. - Pastoral Universit\u00e1ria UniSALESIANO\" \/>\n<meta property=\"og:description\" content=\"Domingo, 14 de agosto de 2022. &nbsp; Evangelho (Lc 12,49-53) &nbsp; \u201cEu vim para lan\u00e7ar fogo sobre a terra e como gostaria que j\u00e1 estivesse...\" \/>\n<meta property=\"og:url\" content=\"https:\/\/unisale.com.br\/novo\/14-08-eu-vim-para-lancar-fogo-sobre-a-terra-e-como-gostaria-que-ja-estivesse-aceso\/\" \/>\n<meta property=\"og:site_name\" content=\"Pastoral Universit\u00e1ria UniSALESIANO\" \/>\n<meta property=\"article:published_time\" content=\"2022-08-10T11:37:15+00:00\" \/>\n<meta property=\"og:image\" content=\"https:\/\/unisale.com.br\/novo\/wp-content\/uploads\/2022\/08\/Ev-14.jpg\" \/>\n\t<meta property=\"og:image:width\" content=\"750\" \/>\n\t<meta property=\"og:image:height\" content=\"517\" \/>\n\t<meta property=\"og:image:type\" content=\"image\/jpeg\" \/>\n<meta name=\"author\" content=\"Luiz Alexandre Marinho Lanzoni\" \/>\n<meta name=\"twitter:card\" content=\"summary_large_image\" \/>\n<meta name=\"twitter:label1\" content=\"Escrito por\" \/>\n\t<meta name=\"twitter:data1\" content=\"Luiz Alexandre Marinho Lanzoni\" \/>\n\t<meta name=\"twitter:label2\" content=\"Est. tempo de leitura\" \/>\n\t<meta name=\"twitter:data2\" content=\"5 minutos\" \/>\n<script type=\"application\/ld+json\" class=\"yoast-schema-graph\">{\"@context\":\"https:\\\/\\\/schema.org\",\"@graph\":[{\"@type\":\"Article\",\"@id\":\"https:\\\/\\\/unisale.com.br\\\/novo\\\/14-08-eu-vim-para-lancar-fogo-sobre-a-terra-e-como-gostaria-que-ja-estivesse-aceso\\\/#article\",\"isPartOf\":{\"@id\":\"https:\\\/\\\/unisale.com.br\\\/novo\\\/14-08-eu-vim-para-lancar-fogo-sobre-a-terra-e-como-gostaria-que-ja-estivesse-aceso\\\/\"},\"author\":{\"name\":\"Luiz Alexandre Marinho Lanzoni\",\"@id\":\"https:\\\/\\\/unisale.com.br\\\/pastoral\\\/#\\\/schema\\\/person\\\/492d3d7bfe53a8302576d39485aff2c4\"},\"headline\":\"14\\\/08 &#8211; Eu vim para lan\u00e7ar fogo sobre a terra e como gostaria que j\u00e1 estivesse aceso.\",\"datePublished\":\"2022-08-10T11:37:15+00:00\",\"mainEntityOfPage\":{\"@id\":\"https:\\\/\\\/unisale.com.br\\\/novo\\\/14-08-eu-vim-para-lancar-fogo-sobre-a-terra-e-como-gostaria-que-ja-estivesse-aceso\\\/\"},\"wordCount\":988,\"image\":{\"@id\":\"https:\\\/\\\/unisale.com.br\\\/novo\\\/14-08-eu-vim-para-lancar-fogo-sobre-a-terra-e-como-gostaria-que-ja-estivesse-aceso\\\/#primaryimage\"},\"thumbnailUrl\":\"https:\\\/\\\/unisale.com.br\\\/pastoral\\\/wp-content\\\/uploads\\\/2022\\\/08\\\/Ev-14.jpg\",\"articleSection\":[\"Reflex\u00e3o do Evangelho\"],\"inLanguage\":\"pt-BR\"},{\"@type\":\"WebPage\",\"@id\":\"https:\\\/\\\/unisale.com.br\\\/novo\\\/14-08-eu-vim-para-lancar-fogo-sobre-a-terra-e-como-gostaria-que-ja-estivesse-aceso\\\/\",\"url\":\"https:\\\/\\\/unisale.com.br\\\/novo\\\/14-08-eu-vim-para-lancar-fogo-sobre-a-terra-e-como-gostaria-que-ja-estivesse-aceso\\\/\",\"name\":\"14\\\/08 - Eu vim para lan\u00e7ar fogo sobre a terra e como gostaria que j\u00e1 estivesse aceso. - Pastoral Universit\u00e1ria UniSALESIANO\",\"isPartOf\":{\"@id\":\"https:\\\/\\\/unisale.com.br\\\/pastoral\\\/#website\"},\"primaryImageOfPage\":{\"@id\":\"https:\\\/\\\/unisale.com.br\\\/novo\\\/14-08-eu-vim-para-lancar-fogo-sobre-a-terra-e-como-gostaria-que-ja-estivesse-aceso\\\/#primaryimage\"},\"image\":{\"@id\":\"https:\\\/\\\/unisale.com.br\\\/novo\\\/14-08-eu-vim-para-lancar-fogo-sobre-a-terra-e-como-gostaria-que-ja-estivesse-aceso\\\/#primaryimage\"},\"thumbnailUrl\":\"https:\\\/\\\/unisale.com.br\\\/pastoral\\\/wp-content\\\/uploads\\\/2022\\\/08\\\/Ev-14.jpg\",\"datePublished\":\"2022-08-10T11:37:15+00:00\",\"author\":{\"@id\":\"https:\\\/\\\/unisale.com.br\\\/pastoral\\\/#\\\/schema\\\/person\\\/492d3d7bfe53a8302576d39485aff2c4\"},\"inLanguage\":\"pt-BR\",\"potentialAction\":[{\"@type\":\"ReadAction\",\"target\":[\"https:\\\/\\\/unisale.com.br\\\/novo\\\/14-08-eu-vim-para-lancar-fogo-sobre-a-terra-e-como-gostaria-que-ja-estivesse-aceso\\\/\"]}]},{\"@type\":\"ImageObject\",\"inLanguage\":\"pt-BR\",\"@id\":\"https:\\\/\\\/unisale.com.br\\\/novo\\\/14-08-eu-vim-para-lancar-fogo-sobre-a-terra-e-como-gostaria-que-ja-estivesse-aceso\\\/#primaryimage\",\"url\":\"https:\\\/\\\/unisale.com.br\\\/pastoral\\\/wp-content\\\/uploads\\\/2022\\\/08\\\/Ev-14.jpg\",\"contentUrl\":\"https:\\\/\\\/unisale.com.br\\\/pastoral\\\/wp-content\\\/uploads\\\/2022\\\/08\\\/Ev-14.jpg\",\"width\":750,\"height\":517},{\"@type\":\"WebSite\",\"@id\":\"https:\\\/\\\/unisale.com.br\\\/pastoral\\\/#website\",\"url\":\"https:\\\/\\\/unisale.com.br\\\/pastoral\\\/\",\"name\":\"Pastoral Universit\u00e1ria UniSALESIANO\",\"description\":\"Site da Pastoral Universit\u00e1ria do UniSALESIANO\",\"potentialAction\":[{\"@type\":\"SearchAction\",\"target\":{\"@type\":\"EntryPoint\",\"urlTemplate\":\"https:\\\/\\\/unisale.com.br\\\/pastoral\\\/?s={search_term_string}\"},\"query-input\":{\"@type\":\"PropertyValueSpecification\",\"valueRequired\":true,\"valueName\":\"search_term_string\"}}],\"inLanguage\":\"pt-BR\"},{\"@type\":\"Person\",\"@id\":\"https:\\\/\\\/unisale.com.br\\\/pastoral\\\/#\\\/schema\\\/person\\\/492d3d7bfe53a8302576d39485aff2c4\",\"name\":\"Luiz Alexandre Marinho Lanzoni\",\"url\":\"https:\\\/\\\/unisale.com.br\\\/pastoral\\\/author\\\/luiz\\\/\"}]}<\/script>\n<!-- \/ Yoast SEO plugin. -->","yoast_head_json":{"title":"14\/08 - Eu vim para lan\u00e7ar fogo sobre a terra e como gostaria que j\u00e1 estivesse aceso. - Pastoral Universit\u00e1ria UniSALESIANO","robots":{"index":"index","follow":"follow","max-snippet":"max-snippet:-1","max-image-preview":"max-image-preview:large","max-video-preview":"max-video-preview:-1"},"canonical":"https:\/\/unisale.com.br\/novo\/14-08-eu-vim-para-lancar-fogo-sobre-a-terra-e-como-gostaria-que-ja-estivesse-aceso\/","og_locale":"pt_BR","og_type":"article","og_title":"14\/08 - Eu vim para lan\u00e7ar fogo sobre a terra e como gostaria que j\u00e1 estivesse aceso. - Pastoral Universit\u00e1ria UniSALESIANO","og_description":"Domingo, 14 de agosto de 2022. &nbsp; Evangelho (Lc 12,49-53) &nbsp; \u201cEu vim para lan\u00e7ar fogo sobre a terra e como gostaria que j\u00e1 estivesse...","og_url":"https:\/\/unisale.com.br\/novo\/14-08-eu-vim-para-lancar-fogo-sobre-a-terra-e-como-gostaria-que-ja-estivesse-aceso\/","og_site_name":"Pastoral Universit\u00e1ria UniSALESIANO","article_published_time":"2022-08-10T11:37:15+00:00","og_image":[{"width":750,"height":517,"url":"https:\/\/unisale.com.br\/novo\/wp-content\/uploads\/2022\/08\/Ev-14.jpg","type":"image\/jpeg"}],"author":"Luiz Alexandre Marinho Lanzoni","twitter_card":"summary_large_image","twitter_misc":{"Escrito por":"Luiz Alexandre Marinho Lanzoni","Est. tempo de leitura":"5 minutos"},"schema":{"@context":"https:\/\/schema.org","@graph":[{"@type":"Article","@id":"https:\/\/unisale.com.br\/novo\/14-08-eu-vim-para-lancar-fogo-sobre-a-terra-e-como-gostaria-que-ja-estivesse-aceso\/#article","isPartOf":{"@id":"https:\/\/unisale.com.br\/novo\/14-08-eu-vim-para-lancar-fogo-sobre-a-terra-e-como-gostaria-que-ja-estivesse-aceso\/"},"author":{"name":"Luiz Alexandre Marinho Lanzoni","@id":"https:\/\/unisale.com.br\/pastoral\/#\/schema\/person\/492d3d7bfe53a8302576d39485aff2c4"},"headline":"14\/08 &#8211; Eu vim para lan\u00e7ar fogo sobre a terra e como gostaria que j\u00e1 estivesse aceso.","datePublished":"2022-08-10T11:37:15+00:00","mainEntityOfPage":{"@id":"https:\/\/unisale.com.br\/novo\/14-08-eu-vim-para-lancar-fogo-sobre-a-terra-e-como-gostaria-que-ja-estivesse-aceso\/"},"wordCount":988,"image":{"@id":"https:\/\/unisale.com.br\/novo\/14-08-eu-vim-para-lancar-fogo-sobre-a-terra-e-como-gostaria-que-ja-estivesse-aceso\/#primaryimage"},"thumbnailUrl":"https:\/\/unisale.com.br\/pastoral\/wp-content\/uploads\/2022\/08\/Ev-14.jpg","articleSection":["Reflex\u00e3o do Evangelho"],"inLanguage":"pt-BR"},{"@type":"WebPage","@id":"https:\/\/unisale.com.br\/novo\/14-08-eu-vim-para-lancar-fogo-sobre-a-terra-e-como-gostaria-que-ja-estivesse-aceso\/","url":"https:\/\/unisale.com.br\/novo\/14-08-eu-vim-para-lancar-fogo-sobre-a-terra-e-como-gostaria-que-ja-estivesse-aceso\/","name":"14\/08 - Eu vim para lan\u00e7ar fogo sobre a terra e como gostaria que j\u00e1 estivesse aceso. - Pastoral Universit\u00e1ria UniSALESIANO","isPartOf":{"@id":"https:\/\/unisale.com.br\/pastoral\/#website"},"primaryImageOfPage":{"@id":"https:\/\/unisale.com.br\/novo\/14-08-eu-vim-para-lancar-fogo-sobre-a-terra-e-como-gostaria-que-ja-estivesse-aceso\/#primaryimage"},"image":{"@id":"https:\/\/unisale.com.br\/novo\/14-08-eu-vim-para-lancar-fogo-sobre-a-terra-e-como-gostaria-que-ja-estivesse-aceso\/#primaryimage"},"thumbnailUrl":"https:\/\/unisale.com.br\/pastoral\/wp-content\/uploads\/2022\/08\/Ev-14.jpg","datePublished":"2022-08-10T11:37:15+00:00","author":{"@id":"https:\/\/unisale.com.br\/pastoral\/#\/schema\/person\/492d3d7bfe53a8302576d39485aff2c4"},"inLanguage":"pt-BR","potentialAction":[{"@type":"ReadAction","target":["https:\/\/unisale.com.br\/novo\/14-08-eu-vim-para-lancar-fogo-sobre-a-terra-e-como-gostaria-que-ja-estivesse-aceso\/"]}]},{"@type":"ImageObject","inLanguage":"pt-BR","@id":"https:\/\/unisale.com.br\/novo\/14-08-eu-vim-para-lancar-fogo-sobre-a-terra-e-como-gostaria-que-ja-estivesse-aceso\/#primaryimage","url":"https:\/\/unisale.com.br\/pastoral\/wp-content\/uploads\/2022\/08\/Ev-14.jpg","contentUrl":"https:\/\/unisale.com.br\/pastoral\/wp-content\/uploads\/2022\/08\/Ev-14.jpg","width":750,"height":517},{"@type":"WebSite","@id":"https:\/\/unisale.com.br\/pastoral\/#website","url":"https:\/\/unisale.com.br\/pastoral\/","name":"Pastoral Universit\u00e1ria UniSALESIANO","description":"Site da Pastoral Universit\u00e1ria do UniSALESIANO","potentialAction":[{"@type":"SearchAction","target":{"@type":"EntryPoint","urlTemplate":"https:\/\/unisale.com.br\/pastoral\/?s={search_term_string}"},"query-input":{"@type":"PropertyValueSpecification","valueRequired":true,"valueName":"search_term_string"}}],"inLanguage":"pt-BR"},{"@type":"Person","@id":"https:\/\/unisale.com.br\/pastoral\/#\/schema\/person\/492d3d7bfe53a8302576d39485aff2c4","name":"Luiz Alexandre Marinho Lanzoni","url":"https:\/\/unisale.com.br\/pastoral\/author\/luiz\/"}]}},"_links":{"self":[{"href":"https:\/\/unisale.com.br\/pastoral\/wp-json\/wp\/v2\/posts\/5097","targetHints":{"allow":["GET"]}}],"collection":[{"href":"https:\/\/unisale.com.br\/pastoral\/wp-json\/wp\/v2\/posts"}],"about":[{"href":"https:\/\/unisale.com.br\/pastoral\/wp-json\/wp\/v2\/types\/post"}],"author":[{"embeddable":true,"href":"https:\/\/unisale.com.br\/pastoral\/wp-json\/wp\/v2\/users\/6"}],"replies":[{"embeddable":true,"href":"https:\/\/unisale.com.br\/pastoral\/wp-json\/wp\/v2\/comments?post=5097"}],"version-history":[{"count":0,"href":"https:\/\/unisale.com.br\/pastoral\/wp-json\/wp\/v2\/posts\/5097\/revisions"}],"wp:featuredmedia":[{"embeddable":true,"href":"https:\/\/unisale.com.br\/pastoral\/wp-json\/wp\/v2\/media\/5089"}],"wp:attachment":[{"href":"https:\/\/unisale.com.br\/pastoral\/wp-json\/wp\/v2\/media?parent=5097"}],"wp:term":[{"taxonomy":"category","embeddable":true,"href":"https:\/\/unisale.com.br\/pastoral\/wp-json\/wp\/v2\/categories?post=5097"},{"taxonomy":"post_tag","embeddable":true,"href":"https:\/\/unisale.com.br\/pastoral\/wp-json\/wp\/v2\/tags?post=5097"}],"curies":[{"name":"wp","href":"https:\/\/api.w.org\/{rel}","templated":true}]}}