{"id":5136,"date":"2022-08-18T13:04:14","date_gmt":"2022-08-18T13:04:14","guid":{"rendered":"https:\/\/unisale.com.br\/pastoral\/?p=5136"},"modified":"2022-08-18T13:04:14","modified_gmt":"2022-08-18T13:04:14","slug":"inscricoes-para-romaria-a-aparecida-comecam-no-dia-1o-de-agosto","status":"publish","type":"post","link":"https:\/\/unisale.com.br\/pastoral\/inscricoes-para-romaria-a-aparecida-comecam-no-dia-1o-de-agosto\/","title":{"rendered":"Inscri\u00e7\u00f5es para Romaria a Aparecida come\u00e7am no dia 1\u00ba de agosto"},"content":{"rendered":"<h3>A sa\u00edda para Aparecida acontecer\u00e1 no dia 21 de outubro, \u00e0s 19h<\/h3>\n<p>O UniSALESIANO retomar\u00e1 uma das maiores romarias universit\u00e1rias do pa\u00eds, dois anos ap\u00f3s sua paralisa\u00e7\u00e3o devido \u00e0 pandemia. As inscri\u00e7\u00f5es para a\u00a0<strong>Romaria a Aparecida<\/strong>\u00a0come\u00e7am nesta segunda-feira, dia 1\u00ba de agosto.<\/p>\n<p>De acordo com o\u00a0<strong>Pr\u00f3-Reitor de Pastoral, Pe. Paulo Eduardo J\u00e1como, SDB,<\/strong>\u00a0o objetivo da Romaria do UniSALESIANO \u00e9 fazer a experi\u00eancia Mariana, ou seja, a comunidade acad\u00eamica vai at\u00e9 a Casa da M\u00e3e Aparecida para agradecer e pedir a sua intercess\u00e3o. \u201cDom Bosco deixou esta heran\u00e7a aos seus salesianos e jovens: amar Maria, M\u00e3e de Deus e nossa, e tom\u00e1-la como Mestra, Guia, Auxiliadora e Protetora\u201d, disse.<\/p>\n<p><strong>VIAGEM<\/strong><\/p>\n<p>A Romaria, que tem vagas limitadas, \u00e9 aberta aos acad\u00eamicos e colaboradores do UniSALESIANO. As inscri\u00e7\u00f5es devem ser feitas at\u00e9 o dia 9 de setembro, na Pr\u00f3-Reitoria, pelos alunos, e no Departamento de Recursos Humanos, pelos funcion\u00e1rios.<\/p>\n<p>A sa\u00edda para Aparecida acontecer\u00e1 no dia 21 de outubro, \u00e0s 19h, com concentra\u00e7\u00e3o no UniSALESIANO Ara\u00e7atuba. O retorno ser\u00e1 feito no dia 22 de outubro, \u00e0s 17h30.<\/p>\n<p>Junto com os universit\u00e1rios e o Pr\u00f3-Reitor de Pastoral, Pe. Paulo Eduardo J\u00e1como, estar\u00e3o presentes, em Aparecida, o\u00a0<strong>Diretor-Geral do UniSALESIANO Ara\u00e7atuba, Pe. Erondi Tamandar\u00e9, SDB, e o Diretor-Geral do UniSALESIANO Lins, Pe. Paulo Fernando Vendrame, SDB.<\/strong><\/p>\n<p>\u201cAo chegarem ao Santu\u00e1rio, os acad\u00eamicos participar\u00e3o da Santa Missa, \u00e0s 9h, que ser\u00e1 transmitida pela TV Aparecida. Convido aqueles que n\u00e3o puderem estar presentes, para assistirem \u00e0 celebra\u00e7\u00e3o\u201d, disse Pe. Erondi, ao citar que, ao longo do dia, os fi\u00e9is poder\u00e3o visitar os lugares do Santu\u00e1rio e fazer sua peregrina\u00e7\u00e3o.<\/p>\n","protected":false},"excerpt":{"rendered":"<p>A sa\u00edda para Aparecida acontecer\u00e1 no dia 21 de outubro, \u00e0s 19h O UniSALESIANO retomar\u00e1 uma das maiores romarias universit\u00e1rias do pa\u00eds, dois anos ap\u00f3s&#8230;<\/p>\n","protected":false},"author":6,"featured_media":5137,"comment_status":"closed","ping_status":"closed","sticky":false,"template":"","format":"standard","meta":{"_acf_changed":false,"footnotes":""},"categories":[1],"tags":[],"class_list":["post-5136","post","type-post","status-publish","format-standard","has-post-thumbnail","hentry","category-uncategorized"],"acf":[],"yoast_head":"<!-- This site is optimized with the Yoast SEO plugin v27.3 - https:\/\/yoast.com\/product\/yoast-seo-wordpress\/ -->\n<title>Inscri\u00e7\u00f5es para Romaria a Aparecida come\u00e7am no dia 1\u00ba de agosto - Pastoral Universit\u00e1ria UniSALESIANO<\/title>\n<meta name=\"robots\" content=\"index, follow, max-snippet:-1, max-image-preview:large, max-video-preview:-1\" \/>\n<link rel=\"canonical\" href=\"https:\/\/unisale.com.br\/novo\/inscricoes-para-romaria-a-aparecida-comecam-no-dia-1o-de-agosto\/\" \/>\n<meta property=\"og:locale\" content=\"pt_BR\" \/>\n<meta property=\"og:type\" content=\"article\" \/>\n<meta property=\"og:title\" content=\"Inscri\u00e7\u00f5es para Romaria a Aparecida come\u00e7am no dia 1\u00ba de agosto - Pastoral Universit\u00e1ria UniSALESIANO\" \/>\n<meta property=\"og:description\" content=\"A sa\u00edda para Aparecida acontecer\u00e1 no dia 21 de outubro, \u00e0s 19h O UniSALESIANO retomar\u00e1 uma das maiores romarias universit\u00e1rias do pa\u00eds, dois anos ap\u00f3s...\" \/>\n<meta property=\"og:url\" content=\"https:\/\/unisale.com.br\/novo\/inscricoes-para-romaria-a-aparecida-comecam-no-dia-1o-de-agosto\/\" \/>\n<meta property=\"og:site_name\" content=\"Pastoral Universit\u00e1ria UniSALESIANO\" \/>\n<meta property=\"article:published_time\" content=\"2022-08-18T13:04:14+00:00\" \/>\n<meta property=\"og:image\" content=\"https:\/\/unisale.com.br\/novo\/wp-content\/uploads\/2022\/08\/materia-romaria.jpg\" \/>\n\t<meta property=\"og:image:width\" content=\"768\" \/>\n\t<meta property=\"og:image:height\" content=\"768\" \/>\n\t<meta property=\"og:image:type\" content=\"image\/jpeg\" \/>\n<meta name=\"author\" content=\"Luiz Alexandre Marinho Lanzoni\" \/>\n<meta name=\"twitter:card\" content=\"summary_large_image\" \/>\n<meta name=\"twitter:label1\" content=\"Escrito por\" \/>\n\t<meta name=\"twitter:data1\" content=\"Luiz Alexandre Marinho Lanzoni\" \/>\n\t<meta name=\"twitter:label2\" content=\"Est. tempo de leitura\" \/>\n\t<meta name=\"twitter:data2\" content=\"1 minuto\" \/>\n<script type=\"application\/ld+json\" class=\"yoast-schema-graph\">{\"@context\":\"https:\\\/\\\/schema.org\",\"@graph\":[{\"@type\":\"Article\",\"@id\":\"https:\\\/\\\/unisale.com.br\\\/novo\\\/inscricoes-para-romaria-a-aparecida-comecam-no-dia-1o-de-agosto\\\/#article\",\"isPartOf\":{\"@id\":\"https:\\\/\\\/unisale.com.br\\\/novo\\\/inscricoes-para-romaria-a-aparecida-comecam-no-dia-1o-de-agosto\\\/\"},\"author\":{\"name\":\"Luiz Alexandre Marinho Lanzoni\",\"@id\":\"https:\\\/\\\/unisale.com.br\\\/pastoral\\\/#\\\/schema\\\/person\\\/492d3d7bfe53a8302576d39485aff2c4\"},\"headline\":\"Inscri\u00e7\u00f5es para Romaria a Aparecida come\u00e7am no dia 1\u00ba de agosto\",\"datePublished\":\"2022-08-18T13:04:14+00:00\",\"mainEntityOfPage\":{\"@id\":\"https:\\\/\\\/unisale.com.br\\\/novo\\\/inscricoes-para-romaria-a-aparecida-comecam-no-dia-1o-de-agosto\\\/\"},\"wordCount\":306,\"image\":{\"@id\":\"https:\\\/\\\/unisale.com.br\\\/novo\\\/inscricoes-para-romaria-a-aparecida-comecam-no-dia-1o-de-agosto\\\/#primaryimage\"},\"thumbnailUrl\":\"https:\\\/\\\/unisale.com.br\\\/pastoral\\\/wp-content\\\/uploads\\\/2022\\\/08\\\/materia-romaria.jpg\",\"inLanguage\":\"pt-BR\"},{\"@type\":\"WebPage\",\"@id\":\"https:\\\/\\\/unisale.com.br\\\/novo\\\/inscricoes-para-romaria-a-aparecida-comecam-no-dia-1o-de-agosto\\\/\",\"url\":\"https:\\\/\\\/unisale.com.br\\\/novo\\\/inscricoes-para-romaria-a-aparecida-comecam-no-dia-1o-de-agosto\\\/\",\"name\":\"Inscri\u00e7\u00f5es para Romaria a Aparecida come\u00e7am no dia 1\u00ba de agosto - Pastoral Universit\u00e1ria UniSALESIANO\",\"isPartOf\":{\"@id\":\"https:\\\/\\\/unisale.com.br\\\/pastoral\\\/#website\"},\"primaryImageOfPage\":{\"@id\":\"https:\\\/\\\/unisale.com.br\\\/novo\\\/inscricoes-para-romaria-a-aparecida-comecam-no-dia-1o-de-agosto\\\/#primaryimage\"},\"image\":{\"@id\":\"https:\\\/\\\/unisale.com.br\\\/novo\\\/inscricoes-para-romaria-a-aparecida-comecam-no-dia-1o-de-agosto\\\/#primaryimage\"},\"thumbnailUrl\":\"https:\\\/\\\/unisale.com.br\\\/pastoral\\\/wp-content\\\/uploads\\\/2022\\\/08\\\/materia-romaria.jpg\",\"datePublished\":\"2022-08-18T13:04:14+00:00\",\"author\":{\"@id\":\"https:\\\/\\\/unisale.com.br\\\/pastoral\\\/#\\\/schema\\\/person\\\/492d3d7bfe53a8302576d39485aff2c4\"},\"inLanguage\":\"pt-BR\",\"potentialAction\":[{\"@type\":\"ReadAction\",\"target\":[\"https:\\\/\\\/unisale.com.br\\\/novo\\\/inscricoes-para-romaria-a-aparecida-comecam-no-dia-1o-de-agosto\\\/\"]}]},{\"@type\":\"ImageObject\",\"inLanguage\":\"pt-BR\",\"@id\":\"https:\\\/\\\/unisale.com.br\\\/novo\\\/inscricoes-para-romaria-a-aparecida-comecam-no-dia-1o-de-agosto\\\/#primaryimage\",\"url\":\"https:\\\/\\\/unisale.com.br\\\/pastoral\\\/wp-content\\\/uploads\\\/2022\\\/08\\\/materia-romaria.jpg\",\"contentUrl\":\"https:\\\/\\\/unisale.com.br\\\/pastoral\\\/wp-content\\\/uploads\\\/2022\\\/08\\\/materia-romaria.jpg\",\"width\":500,\"height\":500},{\"@type\":\"WebSite\",\"@id\":\"https:\\\/\\\/unisale.com.br\\\/pastoral\\\/#website\",\"url\":\"https:\\\/\\\/unisale.com.br\\\/pastoral\\\/\",\"name\":\"Pastoral Universit\u00e1ria UniSALESIANO\",\"description\":\"Site da Pastoral Universit\u00e1ria do UniSALESIANO\",\"potentialAction\":[{\"@type\":\"SearchAction\",\"target\":{\"@type\":\"EntryPoint\",\"urlTemplate\":\"https:\\\/\\\/unisale.com.br\\\/pastoral\\\/?s={search_term_string}\"},\"query-input\":{\"@type\":\"PropertyValueSpecification\",\"valueRequired\":true,\"valueName\":\"search_term_string\"}}],\"inLanguage\":\"pt-BR\"},{\"@type\":\"Person\",\"@id\":\"https:\\\/\\\/unisale.com.br\\\/pastoral\\\/#\\\/schema\\\/person\\\/492d3d7bfe53a8302576d39485aff2c4\",\"name\":\"Luiz Alexandre Marinho Lanzoni\",\"url\":\"https:\\\/\\\/unisale.com.br\\\/pastoral\\\/author\\\/luiz\\\/\"}]}<\/script>\n<!-- \/ Yoast SEO plugin. -->","yoast_head_json":{"title":"Inscri\u00e7\u00f5es para Romaria a Aparecida come\u00e7am no dia 1\u00ba de agosto - Pastoral Universit\u00e1ria UniSALESIANO","robots":{"index":"index","follow":"follow","max-snippet":"max-snippet:-1","max-image-preview":"max-image-preview:large","max-video-preview":"max-video-preview:-1"},"canonical":"https:\/\/unisale.com.br\/novo\/inscricoes-para-romaria-a-aparecida-comecam-no-dia-1o-de-agosto\/","og_locale":"pt_BR","og_type":"article","og_title":"Inscri\u00e7\u00f5es para Romaria a Aparecida come\u00e7am no dia 1\u00ba de agosto - Pastoral Universit\u00e1ria UniSALESIANO","og_description":"A sa\u00edda para Aparecida acontecer\u00e1 no dia 21 de outubro, \u00e0s 19h O UniSALESIANO retomar\u00e1 uma das maiores romarias universit\u00e1rias do pa\u00eds, dois anos ap\u00f3s...","og_url":"https:\/\/unisale.com.br\/novo\/inscricoes-para-romaria-a-aparecida-comecam-no-dia-1o-de-agosto\/","og_site_name":"Pastoral Universit\u00e1ria UniSALESIANO","article_published_time":"2022-08-18T13:04:14+00:00","og_image":[{"width":768,"height":768,"url":"https:\/\/unisale.com.br\/novo\/wp-content\/uploads\/2022\/08\/materia-romaria.jpg","type":"image\/jpeg"}],"author":"Luiz Alexandre Marinho Lanzoni","twitter_card":"summary_large_image","twitter_misc":{"Escrito por":"Luiz Alexandre Marinho Lanzoni","Est. tempo de leitura":"1 minuto"},"schema":{"@context":"https:\/\/schema.org","@graph":[{"@type":"Article","@id":"https:\/\/unisale.com.br\/novo\/inscricoes-para-romaria-a-aparecida-comecam-no-dia-1o-de-agosto\/#article","isPartOf":{"@id":"https:\/\/unisale.com.br\/novo\/inscricoes-para-romaria-a-aparecida-comecam-no-dia-1o-de-agosto\/"},"author":{"name":"Luiz Alexandre Marinho Lanzoni","@id":"https:\/\/unisale.com.br\/pastoral\/#\/schema\/person\/492d3d7bfe53a8302576d39485aff2c4"},"headline":"Inscri\u00e7\u00f5es para Romaria a Aparecida come\u00e7am no dia 1\u00ba de agosto","datePublished":"2022-08-18T13:04:14+00:00","mainEntityOfPage":{"@id":"https:\/\/unisale.com.br\/novo\/inscricoes-para-romaria-a-aparecida-comecam-no-dia-1o-de-agosto\/"},"wordCount":306,"image":{"@id":"https:\/\/unisale.com.br\/novo\/inscricoes-para-romaria-a-aparecida-comecam-no-dia-1o-de-agosto\/#primaryimage"},"thumbnailUrl":"https:\/\/unisale.com.br\/pastoral\/wp-content\/uploads\/2022\/08\/materia-romaria.jpg","inLanguage":"pt-BR"},{"@type":"WebPage","@id":"https:\/\/unisale.com.br\/novo\/inscricoes-para-romaria-a-aparecida-comecam-no-dia-1o-de-agosto\/","url":"https:\/\/unisale.com.br\/novo\/inscricoes-para-romaria-a-aparecida-comecam-no-dia-1o-de-agosto\/","name":"Inscri\u00e7\u00f5es para Romaria a Aparecida come\u00e7am no dia 1\u00ba de agosto - Pastoral Universit\u00e1ria UniSALESIANO","isPartOf":{"@id":"https:\/\/unisale.com.br\/pastoral\/#website"},"primaryImageOfPage":{"@id":"https:\/\/unisale.com.br\/novo\/inscricoes-para-romaria-a-aparecida-comecam-no-dia-1o-de-agosto\/#primaryimage"},"image":{"@id":"https:\/\/unisale.com.br\/novo\/inscricoes-para-romaria-a-aparecida-comecam-no-dia-1o-de-agosto\/#primaryimage"},"thumbnailUrl":"https:\/\/unisale.com.br\/pastoral\/wp-content\/uploads\/2022\/08\/materia-romaria.jpg","datePublished":"2022-08-18T13:04:14+00:00","author":{"@id":"https:\/\/unisale.com.br\/pastoral\/#\/schema\/person\/492d3d7bfe53a8302576d39485aff2c4"},"inLanguage":"pt-BR","potentialAction":[{"@type":"ReadAction","target":["https:\/\/unisale.com.br\/novo\/inscricoes-para-romaria-a-aparecida-comecam-no-dia-1o-de-agosto\/"]}]},{"@type":"ImageObject","inLanguage":"pt-BR","@id":"https:\/\/unisale.com.br\/novo\/inscricoes-para-romaria-a-aparecida-comecam-no-dia-1o-de-agosto\/#primaryimage","url":"https:\/\/unisale.com.br\/pastoral\/wp-content\/uploads\/2022\/08\/materia-romaria.jpg","contentUrl":"https:\/\/unisale.com.br\/pastoral\/wp-content\/uploads\/2022\/08\/materia-romaria.jpg","width":500,"height":500},{"@type":"WebSite","@id":"https:\/\/unisale.com.br\/pastoral\/#website","url":"https:\/\/unisale.com.br\/pastoral\/","name":"Pastoral Universit\u00e1ria UniSALESIANO","description":"Site da Pastoral Universit\u00e1ria do UniSALESIANO","potentialAction":[{"@type":"SearchAction","target":{"@type":"EntryPoint","urlTemplate":"https:\/\/unisale.com.br\/pastoral\/?s={search_term_string}"},"query-input":{"@type":"PropertyValueSpecification","valueRequired":true,"valueName":"search_term_string"}}],"inLanguage":"pt-BR"},{"@type":"Person","@id":"https:\/\/unisale.com.br\/pastoral\/#\/schema\/person\/492d3d7bfe53a8302576d39485aff2c4","name":"Luiz Alexandre Marinho Lanzoni","url":"https:\/\/unisale.com.br\/pastoral\/author\/luiz\/"}]}},"_links":{"self":[{"href":"https:\/\/unisale.com.br\/pastoral\/wp-json\/wp\/v2\/posts\/5136","targetHints":{"allow":["GET"]}}],"collection":[{"href":"https:\/\/unisale.com.br\/pastoral\/wp-json\/wp\/v2\/posts"}],"about":[{"href":"https:\/\/unisale.com.br\/pastoral\/wp-json\/wp\/v2\/types\/post"}],"author":[{"embeddable":true,"href":"https:\/\/unisale.com.br\/pastoral\/wp-json\/wp\/v2\/users\/6"}],"replies":[{"embeddable":true,"href":"https:\/\/unisale.com.br\/pastoral\/wp-json\/wp\/v2\/comments?post=5136"}],"version-history":[{"count":0,"href":"https:\/\/unisale.com.br\/pastoral\/wp-json\/wp\/v2\/posts\/5136\/revisions"}],"wp:featuredmedia":[{"embeddable":true,"href":"https:\/\/unisale.com.br\/pastoral\/wp-json\/wp\/v2\/media\/5137"}],"wp:attachment":[{"href":"https:\/\/unisale.com.br\/pastoral\/wp-json\/wp\/v2\/media?parent=5136"}],"wp:term":[{"taxonomy":"category","embeddable":true,"href":"https:\/\/unisale.com.br\/pastoral\/wp-json\/wp\/v2\/categories?post=5136"},{"taxonomy":"post_tag","embeddable":true,"href":"https:\/\/unisale.com.br\/pastoral\/wp-json\/wp\/v2\/tags?post=5136"}],"curies":[{"name":"wp","href":"https:\/\/api.w.org\/{rel}","templated":true}]}}