{"id":5139,"date":"2022-08-18T13:10:33","date_gmt":"2022-08-18T13:10:33","guid":{"rendered":"https:\/\/unisale.com.br\/pastoral\/?p=5139"},"modified":"2022-08-18T13:10:33","modified_gmt":"2022-08-18T13:10:33","slug":"colaboradores-participam-de-formacao-da-espiritualidade-salesiana-com-almoco-festivo","status":"publish","type":"post","link":"https:\/\/unisale.com.br\/pastoral\/colaboradores-participam-de-formacao-da-espiritualidade-salesiana-com-almoco-festivo\/","title":{"rendered":"Colaboradores participam de Forma\u00e7\u00e3o da Espiritualidade Salesiana com almo\u00e7o festivo"},"content":{"rendered":"<h3>Os aniversariantes do m\u00eas de julho receberam presentes<\/h3>\n<p>&nbsp;<\/p>\n<p>A\u00a0<strong>Pastoral Universit\u00e1ria<\/strong>\u00a0e o\u00a0<strong>Departamento de Recursos Humanos do UniSALESIANO<\/strong>\u00a0proporcionaram aos colaboradores um momento de reflex\u00e3o e de confraterniza\u00e7\u00e3o, durante a\u00a0<strong>\u201cForma\u00e7\u00e3o da Espiritualidade Salesiana\u201d<\/strong>, ocorrida na tarde do dia 29 de julho, no audit\u00f3rio Papa Francisco e no refeit\u00f3rio da Institui\u00e7\u00e3o.<\/p>\n<p>Primeiro, os colaboradores se reuniram no audit\u00f3rio Papa Francisco para o momento de reflex\u00e3o, ministrado pelo\u00a0<strong>Pr\u00f3-Reitor de Pastoral, Pe. Paulo Eduardo J\u00e1como, SDB<\/strong>. \u201cAproveitar para agradecer tudo o que vivemos no primeiro semestre, ou seja, um encontro de a\u00e7\u00e3o de gra\u00e7as. E tamb\u00e9m pedir a Deus a sua intercess\u00e3o, o seu amor, para o segundo semestre que se inicia\u201d, afirmou Pe. Paulo.<\/p>\n<p>Ele lembrou das diversas a\u00e7\u00f5es que ser\u00e3o realizadas ao longo dos pr\u00f3ximos meses, como a Festa de Dom Bosco, inaugura\u00e7\u00f5es de ambientes do UniSALESIANO e a Romaria a Aparecida. \u201cEstamos envolvidos com tudo isso porque fazemos parte do UniSALESIANO. Todos, na sua fun\u00e7\u00e3o, exercemos a miss\u00e3o de educar, se n\u00e3o com a palavra, a gente educa com o exemplo. Somos uma grande fam\u00edlia, uma comunidade educativa\u201d, ressaltou.<\/p>\n<p>Ap\u00f3s as palavras do Pr\u00f3-Reitor de Pastoral, os aniversariantes do m\u00eas de julho receberam presentes e, em seguida, pela primeira vez, os colaboradores da Institui\u00e7\u00e3o se reuniram no refeit\u00f3rio para um almo\u00e7o animado, com direito a macarronada e bolo.<\/p>\n<p>O\u00a0<strong>Diretor-Geral do UniSALESIANO Ara\u00e7atuba, Pe. Erondi Tamandar\u00e9, SDB,<\/strong>\u00a0recorda que o per\u00edodo de reclus\u00e3o pand\u00eamica deixou lacunas afetivas nas rela\u00e7\u00f5es interpessoais. \u201cAssim, a forma\u00e7\u00e3o continuada de nossos colaboradores e tamb\u00e9m esse espa\u00e7o de conviv\u00eancia \u00e9 de suma import\u00e2ncia para o restabelecimento da vida em sua plenitude\u201d, concluiu.<\/p>\n<p><img fetchpriority=\"high\" decoding=\"async\" class=\"alignnone size-medium wp-image-5141\" src=\"https:\/\/unisale.com.br\/pastoral\/wp-content\/uploads\/2022\/08\/IMG_4784-1024x683-1-300x200.jpg\" alt=\"\" width=\"300\" height=\"200\" srcset=\"https:\/\/unisale.com.br\/pastoral\/wp-content\/uploads\/2022\/08\/IMG_4784-1024x683-1-300x200.jpg 300w, https:\/\/unisale.com.br\/pastoral\/wp-content\/uploads\/2022\/08\/IMG_4784-1024x683-1-768x512.jpg 768w, https:\/\/unisale.com.br\/pastoral\/wp-content\/uploads\/2022\/08\/IMG_4784-1024x683-1-930x620.jpg 930w, https:\/\/unisale.com.br\/pastoral\/wp-content\/uploads\/2022\/08\/IMG_4784-1024x683-1.jpg 750w\" sizes=\"(max-width: 300px) 100vw, 300px\" \/> <img decoding=\"async\" class=\"alignnone size-medium wp-image-5142\" src=\"https:\/\/unisale.com.br\/pastoral\/wp-content\/uploads\/2022\/08\/IMG_4785-1024x683-1-300x200.jpg\" alt=\"\" width=\"300\" height=\"200\" srcset=\"https:\/\/unisale.com.br\/pastoral\/wp-content\/uploads\/2022\/08\/IMG_4785-1024x683-1-300x200.jpg 300w, https:\/\/unisale.com.br\/pastoral\/wp-content\/uploads\/2022\/08\/IMG_4785-1024x683-1-768x512.jpg 768w, https:\/\/unisale.com.br\/pastoral\/wp-content\/uploads\/2022\/08\/IMG_4785-1024x683-1-930x620.jpg 930w, https:\/\/unisale.com.br\/pastoral\/wp-content\/uploads\/2022\/08\/IMG_4785-1024x683-1.jpg 750w\" sizes=\"(max-width: 300px) 100vw, 300px\" \/> <img decoding=\"async\" class=\"alignnone size-medium wp-image-5143\" src=\"https:\/\/unisale.com.br\/pastoral\/wp-content\/uploads\/2022\/08\/IMG_4788-1024x683-1-300x200.jpg\" alt=\"\" width=\"300\" height=\"200\" srcset=\"https:\/\/unisale.com.br\/pastoral\/wp-content\/uploads\/2022\/08\/IMG_4788-1024x683-1-300x200.jpg 300w, https:\/\/unisale.com.br\/pastoral\/wp-content\/uploads\/2022\/08\/IMG_4788-1024x683-1-768x512.jpg 768w, https:\/\/unisale.com.br\/pastoral\/wp-content\/uploads\/2022\/08\/IMG_4788-1024x683-1-930x620.jpg 930w, https:\/\/unisale.com.br\/pastoral\/wp-content\/uploads\/2022\/08\/IMG_4788-1024x683-1.jpg 750w\" sizes=\"(max-width: 300px) 100vw, 300px\" \/> <img loading=\"lazy\" decoding=\"async\" class=\"alignnone size-medium wp-image-5144\" src=\"https:\/\/unisale.com.br\/pastoral\/wp-content\/uploads\/2022\/08\/IMG_4790-1024x683-1-300x200.jpg\" alt=\"\" width=\"300\" height=\"200\" srcset=\"https:\/\/unisale.com.br\/pastoral\/wp-content\/uploads\/2022\/08\/IMG_4790-1024x683-1-300x200.jpg 300w, https:\/\/unisale.com.br\/pastoral\/wp-content\/uploads\/2022\/08\/IMG_4790-1024x683-1-768x512.jpg 768w, https:\/\/unisale.com.br\/pastoral\/wp-content\/uploads\/2022\/08\/IMG_4790-1024x683-1-930x620.jpg 930w, https:\/\/unisale.com.br\/pastoral\/wp-content\/uploads\/2022\/08\/IMG_4790-1024x683-1.jpg 750w\" sizes=\"(max-width: 300px) 100vw, 300px\" \/> <img loading=\"lazy\" decoding=\"async\" class=\"alignnone size-medium wp-image-5145\" src=\"https:\/\/unisale.com.br\/pastoral\/wp-content\/uploads\/2022\/08\/IMG_4791-1024x683-1-300x200.jpg\" alt=\"\" width=\"300\" height=\"200\" srcset=\"https:\/\/unisale.com.br\/pastoral\/wp-content\/uploads\/2022\/08\/IMG_4791-1024x683-1-300x200.jpg 300w, https:\/\/unisale.com.br\/pastoral\/wp-content\/uploads\/2022\/08\/IMG_4791-1024x683-1-768x512.jpg 768w, https:\/\/unisale.com.br\/pastoral\/wp-content\/uploads\/2022\/08\/IMG_4791-1024x683-1-930x620.jpg 930w, https:\/\/unisale.com.br\/pastoral\/wp-content\/uploads\/2022\/08\/IMG_4791-1024x683-1.jpg 750w\" sizes=\"(max-width: 300px) 100vw, 300px\" \/> <img loading=\"lazy\" decoding=\"async\" class=\"alignnone size-medium wp-image-5146\" src=\"https:\/\/unisale.com.br\/pastoral\/wp-content\/uploads\/2022\/08\/IMG_4792-1024x683-1-300x200.jpg\" alt=\"\" width=\"300\" height=\"200\" srcset=\"https:\/\/unisale.com.br\/pastoral\/wp-content\/uploads\/2022\/08\/IMG_4792-1024x683-1-300x200.jpg 300w, https:\/\/unisale.com.br\/pastoral\/wp-content\/uploads\/2022\/08\/IMG_4792-1024x683-1-768x512.jpg 768w, https:\/\/unisale.com.br\/pastoral\/wp-content\/uploads\/2022\/08\/IMG_4792-1024x683-1-930x620.jpg 930w, https:\/\/unisale.com.br\/pastoral\/wp-content\/uploads\/2022\/08\/IMG_4792-1024x683-1.jpg 750w\" sizes=\"(max-width: 300px) 100vw, 300px\" \/> <img loading=\"lazy\" decoding=\"async\" class=\"alignnone size-medium wp-image-5147\" src=\"https:\/\/unisale.com.br\/pastoral\/wp-content\/uploads\/2022\/08\/IMG_4794-1024x683-1-300x200.jpg\" alt=\"\" width=\"300\" height=\"200\" srcset=\"https:\/\/unisale.com.br\/pastoral\/wp-content\/uploads\/2022\/08\/IMG_4794-1024x683-1-300x200.jpg 300w, https:\/\/unisale.com.br\/pastoral\/wp-content\/uploads\/2022\/08\/IMG_4794-1024x683-1-768x512.jpg 768w, https:\/\/unisale.com.br\/pastoral\/wp-content\/uploads\/2022\/08\/IMG_4794-1024x683-1-930x620.jpg 930w, https:\/\/unisale.com.br\/pastoral\/wp-content\/uploads\/2022\/08\/IMG_4794-1024x683-1.jpg 750w\" sizes=\"(max-width: 300px) 100vw, 300px\" \/> <img loading=\"lazy\" decoding=\"async\" class=\"alignnone size-medium wp-image-5148\" src=\"https:\/\/unisale.com.br\/pastoral\/wp-content\/uploads\/2022\/08\/IMG_4800-2048x1365-1-300x200.jpg\" alt=\"\" width=\"300\" height=\"200\" srcset=\"https:\/\/unisale.com.br\/pastoral\/wp-content\/uploads\/2022\/08\/IMG_4800-2048x1365-1-300x200.jpg 300w, https:\/\/unisale.com.br\/pastoral\/wp-content\/uploads\/2022\/08\/IMG_4800-2048x1365-1-1024x683.jpg 1024w, https:\/\/unisale.com.br\/pastoral\/wp-content\/uploads\/2022\/08\/IMG_4800-2048x1365-1-768x512.jpg 768w, https:\/\/unisale.com.br\/pastoral\/wp-content\/uploads\/2022\/08\/IMG_4800-2048x1365-1-1536x1024.jpg 1536w, https:\/\/unisale.com.br\/pastoral\/wp-content\/uploads\/2022\/08\/IMG_4800-2048x1365-1-930x620.jpg 930w, https:\/\/unisale.com.br\/pastoral\/wp-content\/uploads\/2022\/08\/IMG_4800-2048x1365-1.jpg 750w\" sizes=\"(max-width: 300px) 100vw, 300px\" \/> <img loading=\"lazy\" decoding=\"async\" class=\"alignnone size-medium wp-image-5149\" src=\"https:\/\/unisale.com.br\/pastoral\/wp-content\/uploads\/2022\/08\/IMG_4769-1024x683-1-300x200.jpg\" alt=\"\" width=\"300\" height=\"200\" srcset=\"https:\/\/unisale.com.br\/pastoral\/wp-content\/uploads\/2022\/08\/IMG_4769-1024x683-1-300x200.jpg 300w, https:\/\/unisale.com.br\/pastoral\/wp-content\/uploads\/2022\/08\/IMG_4769-1024x683-1-768x512.jpg 768w, https:\/\/unisale.com.br\/pastoral\/wp-content\/uploads\/2022\/08\/IMG_4769-1024x683-1-930x620.jpg 930w, https:\/\/unisale.com.br\/pastoral\/wp-content\/uploads\/2022\/08\/IMG_4769-1024x683-1.jpg 750w\" sizes=\"(max-width: 300px) 100vw, 300px\" \/> <img loading=\"lazy\" decoding=\"async\" class=\"alignnone size-medium wp-image-5150\" src=\"https:\/\/unisale.com.br\/pastoral\/wp-content\/uploads\/2022\/08\/IMG_4771-1024x683-1-300x200.jpg\" alt=\"\" width=\"300\" height=\"200\" srcset=\"https:\/\/unisale.com.br\/pastoral\/wp-content\/uploads\/2022\/08\/IMG_4771-1024x683-1-300x200.jpg 300w, https:\/\/unisale.com.br\/pastoral\/wp-content\/uploads\/2022\/08\/IMG_4771-1024x683-1-768x512.jpg 768w, https:\/\/unisale.com.br\/pastoral\/wp-content\/uploads\/2022\/08\/IMG_4771-1024x683-1-930x620.jpg 930w, https:\/\/unisale.com.br\/pastoral\/wp-content\/uploads\/2022\/08\/IMG_4771-1024x683-1.jpg 750w\" sizes=\"(max-width: 300px) 100vw, 300px\" \/> <img loading=\"lazy\" decoding=\"async\" class=\"alignnone size-medium wp-image-5151\" src=\"https:\/\/unisale.com.br\/pastoral\/wp-content\/uploads\/2022\/08\/IMG_4779-1-1024x683-1-300x200.jpg\" alt=\"\" width=\"300\" height=\"200\" srcset=\"https:\/\/unisale.com.br\/pastoral\/wp-content\/uploads\/2022\/08\/IMG_4779-1-1024x683-1-300x200.jpg 300w, https:\/\/unisale.com.br\/pastoral\/wp-content\/uploads\/2022\/08\/IMG_4779-1-1024x683-1-768x512.jpg 768w, https:\/\/unisale.com.br\/pastoral\/wp-content\/uploads\/2022\/08\/IMG_4779-1-1024x683-1-930x620.jpg 930w, https:\/\/unisale.com.br\/pastoral\/wp-content\/uploads\/2022\/08\/IMG_4779-1-1024x683-1.jpg 750w\" sizes=\"(max-width: 300px) 100vw, 300px\" \/> <img loading=\"lazy\" decoding=\"async\" class=\"alignnone size-medium wp-image-5152\" src=\"https:\/\/unisale.com.br\/pastoral\/wp-content\/uploads\/2022\/08\/IMG_4780-1-1024x683-1-300x200.jpg\" alt=\"\" width=\"300\" height=\"200\" srcset=\"https:\/\/unisale.com.br\/pastoral\/wp-content\/uploads\/2022\/08\/IMG_4780-1-1024x683-1-300x200.jpg 300w, https:\/\/unisale.com.br\/pastoral\/wp-content\/uploads\/2022\/08\/IMG_4780-1-1024x683-1-768x512.jpg 768w, https:\/\/unisale.com.br\/pastoral\/wp-content\/uploads\/2022\/08\/IMG_4780-1-1024x683-1-930x620.jpg 930w, https:\/\/unisale.com.br\/pastoral\/wp-content\/uploads\/2022\/08\/IMG_4780-1-1024x683-1.jpg 750w\" sizes=\"(max-width: 300px) 100vw, 300px\" \/><\/p>\n<p>&nbsp;<\/p>\n","protected":false},"excerpt":{"rendered":"<p>Os aniversariantes do m\u00eas de julho receberam presentes &nbsp; A\u00a0Pastoral Universit\u00e1ria\u00a0e o\u00a0Departamento de Recursos Humanos do UniSALESIANO\u00a0proporcionaram aos colaboradores um momento de reflex\u00e3o e de&#8230;<\/p>\n","protected":false},"author":6,"featured_media":5140,"comment_status":"closed","ping_status":"closed","sticky":false,"template":"","format":"standard","meta":{"_acf_changed":false,"footnotes":""},"categories":[1],"tags":[],"class_list":["post-5139","post","type-post","status-publish","format-standard","has-post-thumbnail","hentry","category-uncategorized"],"acf":[],"yoast_head":"<!-- This site is optimized with the Yoast SEO plugin v27.3 - https:\/\/yoast.com\/product\/yoast-seo-wordpress\/ -->\n<title>Colaboradores participam de Forma\u00e7\u00e3o da Espiritualidade Salesiana com almo\u00e7o festivo - Pastoral Universit\u00e1ria UniSALESIANO<\/title>\n<meta name=\"robots\" content=\"index, follow, max-snippet:-1, max-image-preview:large, max-video-preview:-1\" \/>\n<link rel=\"canonical\" href=\"https:\/\/unisale.com.br\/novo\/colaboradores-participam-de-formacao-da-espiritualidade-salesiana-com-almoco-festivo\/\" \/>\n<meta property=\"og:locale\" content=\"pt_BR\" \/>\n<meta property=\"og:type\" content=\"article\" \/>\n<meta property=\"og:title\" content=\"Colaboradores participam de Forma\u00e7\u00e3o da Espiritualidade Salesiana com almo\u00e7o festivo - Pastoral Universit\u00e1ria UniSALESIANO\" \/>\n<meta property=\"og:description\" content=\"Os aniversariantes do m\u00eas de julho receberam presentes &nbsp; A\u00a0Pastoral Universit\u00e1ria\u00a0e o\u00a0Departamento de Recursos Humanos do UniSALESIANO\u00a0proporcionaram aos colaboradores um momento de reflex\u00e3o e de...\" \/>\n<meta property=\"og:url\" content=\"https:\/\/unisale.com.br\/novo\/colaboradores-participam-de-formacao-da-espiritualidade-salesiana-com-almoco-festivo\/\" \/>\n<meta property=\"og:site_name\" content=\"Pastoral Universit\u00e1ria UniSALESIANO\" \/>\n<meta property=\"article:published_time\" content=\"2022-08-18T13:10:33+00:00\" \/>\n<meta property=\"og:image\" content=\"https:\/\/unisale.com.br\/novo\/wp-content\/uploads\/2022\/08\/IMG_4798-768x512-1.jpg\" \/>\n\t<meta property=\"og:image:width\" content=\"768\" \/>\n\t<meta property=\"og:image:height\" content=\"512\" \/>\n\t<meta property=\"og:image:type\" content=\"image\/jpeg\" \/>\n<meta name=\"author\" content=\"Luiz Alexandre Marinho Lanzoni\" \/>\n<meta name=\"twitter:card\" content=\"summary_large_image\" \/>\n<meta name=\"twitter:label1\" content=\"Escrito por\" \/>\n\t<meta name=\"twitter:data1\" content=\"Luiz Alexandre Marinho Lanzoni\" \/>\n\t<meta name=\"twitter:label2\" content=\"Est. tempo de leitura\" \/>\n\t<meta name=\"twitter:data2\" content=\"2 minutos\" \/>\n<script type=\"application\/ld+json\" class=\"yoast-schema-graph\">{\"@context\":\"https:\\\/\\\/schema.org\",\"@graph\":[{\"@type\":\"Article\",\"@id\":\"https:\\\/\\\/unisale.com.br\\\/novo\\\/colaboradores-participam-de-formacao-da-espiritualidade-salesiana-com-almoco-festivo\\\/#article\",\"isPartOf\":{\"@id\":\"https:\\\/\\\/unisale.com.br\\\/novo\\\/colaboradores-participam-de-formacao-da-espiritualidade-salesiana-com-almoco-festivo\\\/\"},\"author\":{\"name\":\"Luiz Alexandre Marinho Lanzoni\",\"@id\":\"https:\\\/\\\/unisale.com.br\\\/pastoral\\\/#\\\/schema\\\/person\\\/492d3d7bfe53a8302576d39485aff2c4\"},\"headline\":\"Colaboradores participam de Forma\u00e7\u00e3o da Espiritualidade Salesiana com almo\u00e7o festivo\",\"datePublished\":\"2022-08-18T13:10:33+00:00\",\"mainEntityOfPage\":{\"@id\":\"https:\\\/\\\/unisale.com.br\\\/novo\\\/colaboradores-participam-de-formacao-da-espiritualidade-salesiana-com-almoco-festivo\\\/\"},\"wordCount\":321,\"image\":{\"@id\":\"https:\\\/\\\/unisale.com.br\\\/novo\\\/colaboradores-participam-de-formacao-da-espiritualidade-salesiana-com-almoco-festivo\\\/#primaryimage\"},\"thumbnailUrl\":\"https:\\\/\\\/unisale.com.br\\\/pastoral\\\/wp-content\\\/uploads\\\/2022\\\/08\\\/IMG_4798-768x512-1.jpg\",\"inLanguage\":\"pt-BR\"},{\"@type\":\"WebPage\",\"@id\":\"https:\\\/\\\/unisale.com.br\\\/novo\\\/colaboradores-participam-de-formacao-da-espiritualidade-salesiana-com-almoco-festivo\\\/\",\"url\":\"https:\\\/\\\/unisale.com.br\\\/novo\\\/colaboradores-participam-de-formacao-da-espiritualidade-salesiana-com-almoco-festivo\\\/\",\"name\":\"Colaboradores participam de Forma\u00e7\u00e3o da Espiritualidade Salesiana com almo\u00e7o festivo - Pastoral Universit\u00e1ria UniSALESIANO\",\"isPartOf\":{\"@id\":\"https:\\\/\\\/unisale.com.br\\\/pastoral\\\/#website\"},\"primaryImageOfPage\":{\"@id\":\"https:\\\/\\\/unisale.com.br\\\/novo\\\/colaboradores-participam-de-formacao-da-espiritualidade-salesiana-com-almoco-festivo\\\/#primaryimage\"},\"image\":{\"@id\":\"https:\\\/\\\/unisale.com.br\\\/novo\\\/colaboradores-participam-de-formacao-da-espiritualidade-salesiana-com-almoco-festivo\\\/#primaryimage\"},\"thumbnailUrl\":\"https:\\\/\\\/unisale.com.br\\\/pastoral\\\/wp-content\\\/uploads\\\/2022\\\/08\\\/IMG_4798-768x512-1.jpg\",\"datePublished\":\"2022-08-18T13:10:33+00:00\",\"author\":{\"@id\":\"https:\\\/\\\/unisale.com.br\\\/pastoral\\\/#\\\/schema\\\/person\\\/492d3d7bfe53a8302576d39485aff2c4\"},\"inLanguage\":\"pt-BR\",\"potentialAction\":[{\"@type\":\"ReadAction\",\"target\":[\"https:\\\/\\\/unisale.com.br\\\/novo\\\/colaboradores-participam-de-formacao-da-espiritualidade-salesiana-com-almoco-festivo\\\/\"]}]},{\"@type\":\"ImageObject\",\"inLanguage\":\"pt-BR\",\"@id\":\"https:\\\/\\\/unisale.com.br\\\/novo\\\/colaboradores-participam-de-formacao-da-espiritualidade-salesiana-com-almoco-festivo\\\/#primaryimage\",\"url\":\"https:\\\/\\\/unisale.com.br\\\/pastoral\\\/wp-content\\\/uploads\\\/2022\\\/08\\\/IMG_4798-768x512-1.jpg\",\"contentUrl\":\"https:\\\/\\\/unisale.com.br\\\/pastoral\\\/wp-content\\\/uploads\\\/2022\\\/08\\\/IMG_4798-768x512-1.jpg\",\"width\":750,\"height\":500},{\"@type\":\"WebSite\",\"@id\":\"https:\\\/\\\/unisale.com.br\\\/pastoral\\\/#website\",\"url\":\"https:\\\/\\\/unisale.com.br\\\/pastoral\\\/\",\"name\":\"Pastoral Universit\u00e1ria UniSALESIANO\",\"description\":\"Site da Pastoral Universit\u00e1ria do UniSALESIANO\",\"potentialAction\":[{\"@type\":\"SearchAction\",\"target\":{\"@type\":\"EntryPoint\",\"urlTemplate\":\"https:\\\/\\\/unisale.com.br\\\/pastoral\\\/?s={search_term_string}\"},\"query-input\":{\"@type\":\"PropertyValueSpecification\",\"valueRequired\":true,\"valueName\":\"search_term_string\"}}],\"inLanguage\":\"pt-BR\"},{\"@type\":\"Person\",\"@id\":\"https:\\\/\\\/unisale.com.br\\\/pastoral\\\/#\\\/schema\\\/person\\\/492d3d7bfe53a8302576d39485aff2c4\",\"name\":\"Luiz Alexandre Marinho Lanzoni\",\"url\":\"https:\\\/\\\/unisale.com.br\\\/pastoral\\\/author\\\/luiz\\\/\"}]}<\/script>\n<!-- \/ Yoast SEO plugin. -->","yoast_head_json":{"title":"Colaboradores participam de Forma\u00e7\u00e3o da Espiritualidade Salesiana com almo\u00e7o festivo - Pastoral Universit\u00e1ria UniSALESIANO","robots":{"index":"index","follow":"follow","max-snippet":"max-snippet:-1","max-image-preview":"max-image-preview:large","max-video-preview":"max-video-preview:-1"},"canonical":"https:\/\/unisale.com.br\/novo\/colaboradores-participam-de-formacao-da-espiritualidade-salesiana-com-almoco-festivo\/","og_locale":"pt_BR","og_type":"article","og_title":"Colaboradores participam de Forma\u00e7\u00e3o da Espiritualidade Salesiana com almo\u00e7o festivo - Pastoral Universit\u00e1ria UniSALESIANO","og_description":"Os aniversariantes do m\u00eas de julho receberam presentes &nbsp; A\u00a0Pastoral Universit\u00e1ria\u00a0e o\u00a0Departamento de Recursos Humanos do UniSALESIANO\u00a0proporcionaram aos colaboradores um momento de reflex\u00e3o e de...","og_url":"https:\/\/unisale.com.br\/novo\/colaboradores-participam-de-formacao-da-espiritualidade-salesiana-com-almoco-festivo\/","og_site_name":"Pastoral Universit\u00e1ria UniSALESIANO","article_published_time":"2022-08-18T13:10:33+00:00","og_image":[{"width":768,"height":512,"url":"https:\/\/unisale.com.br\/novo\/wp-content\/uploads\/2022\/08\/IMG_4798-768x512-1.jpg","type":"image\/jpeg"}],"author":"Luiz Alexandre Marinho Lanzoni","twitter_card":"summary_large_image","twitter_misc":{"Escrito por":"Luiz Alexandre Marinho Lanzoni","Est. tempo de leitura":"2 minutos"},"schema":{"@context":"https:\/\/schema.org","@graph":[{"@type":"Article","@id":"https:\/\/unisale.com.br\/novo\/colaboradores-participam-de-formacao-da-espiritualidade-salesiana-com-almoco-festivo\/#article","isPartOf":{"@id":"https:\/\/unisale.com.br\/novo\/colaboradores-participam-de-formacao-da-espiritualidade-salesiana-com-almoco-festivo\/"},"author":{"name":"Luiz Alexandre Marinho Lanzoni","@id":"https:\/\/unisale.com.br\/pastoral\/#\/schema\/person\/492d3d7bfe53a8302576d39485aff2c4"},"headline":"Colaboradores participam de Forma\u00e7\u00e3o da Espiritualidade Salesiana com almo\u00e7o festivo","datePublished":"2022-08-18T13:10:33+00:00","mainEntityOfPage":{"@id":"https:\/\/unisale.com.br\/novo\/colaboradores-participam-de-formacao-da-espiritualidade-salesiana-com-almoco-festivo\/"},"wordCount":321,"image":{"@id":"https:\/\/unisale.com.br\/novo\/colaboradores-participam-de-formacao-da-espiritualidade-salesiana-com-almoco-festivo\/#primaryimage"},"thumbnailUrl":"https:\/\/unisale.com.br\/pastoral\/wp-content\/uploads\/2022\/08\/IMG_4798-768x512-1.jpg","inLanguage":"pt-BR"},{"@type":"WebPage","@id":"https:\/\/unisale.com.br\/novo\/colaboradores-participam-de-formacao-da-espiritualidade-salesiana-com-almoco-festivo\/","url":"https:\/\/unisale.com.br\/novo\/colaboradores-participam-de-formacao-da-espiritualidade-salesiana-com-almoco-festivo\/","name":"Colaboradores participam de Forma\u00e7\u00e3o da Espiritualidade Salesiana com almo\u00e7o festivo - Pastoral Universit\u00e1ria UniSALESIANO","isPartOf":{"@id":"https:\/\/unisale.com.br\/pastoral\/#website"},"primaryImageOfPage":{"@id":"https:\/\/unisale.com.br\/novo\/colaboradores-participam-de-formacao-da-espiritualidade-salesiana-com-almoco-festivo\/#primaryimage"},"image":{"@id":"https:\/\/unisale.com.br\/novo\/colaboradores-participam-de-formacao-da-espiritualidade-salesiana-com-almoco-festivo\/#primaryimage"},"thumbnailUrl":"https:\/\/unisale.com.br\/pastoral\/wp-content\/uploads\/2022\/08\/IMG_4798-768x512-1.jpg","datePublished":"2022-08-18T13:10:33+00:00","author":{"@id":"https:\/\/unisale.com.br\/pastoral\/#\/schema\/person\/492d3d7bfe53a8302576d39485aff2c4"},"inLanguage":"pt-BR","potentialAction":[{"@type":"ReadAction","target":["https:\/\/unisale.com.br\/novo\/colaboradores-participam-de-formacao-da-espiritualidade-salesiana-com-almoco-festivo\/"]}]},{"@type":"ImageObject","inLanguage":"pt-BR","@id":"https:\/\/unisale.com.br\/novo\/colaboradores-participam-de-formacao-da-espiritualidade-salesiana-com-almoco-festivo\/#primaryimage","url":"https:\/\/unisale.com.br\/pastoral\/wp-content\/uploads\/2022\/08\/IMG_4798-768x512-1.jpg","contentUrl":"https:\/\/unisale.com.br\/pastoral\/wp-content\/uploads\/2022\/08\/IMG_4798-768x512-1.jpg","width":750,"height":500},{"@type":"WebSite","@id":"https:\/\/unisale.com.br\/pastoral\/#website","url":"https:\/\/unisale.com.br\/pastoral\/","name":"Pastoral Universit\u00e1ria UniSALESIANO","description":"Site da Pastoral Universit\u00e1ria do UniSALESIANO","potentialAction":[{"@type":"SearchAction","target":{"@type":"EntryPoint","urlTemplate":"https:\/\/unisale.com.br\/pastoral\/?s={search_term_string}"},"query-input":{"@type":"PropertyValueSpecification","valueRequired":true,"valueName":"search_term_string"}}],"inLanguage":"pt-BR"},{"@type":"Person","@id":"https:\/\/unisale.com.br\/pastoral\/#\/schema\/person\/492d3d7bfe53a8302576d39485aff2c4","name":"Luiz Alexandre Marinho Lanzoni","url":"https:\/\/unisale.com.br\/pastoral\/author\/luiz\/"}]}},"_links":{"self":[{"href":"https:\/\/unisale.com.br\/pastoral\/wp-json\/wp\/v2\/posts\/5139","targetHints":{"allow":["GET"]}}],"collection":[{"href":"https:\/\/unisale.com.br\/pastoral\/wp-json\/wp\/v2\/posts"}],"about":[{"href":"https:\/\/unisale.com.br\/pastoral\/wp-json\/wp\/v2\/types\/post"}],"author":[{"embeddable":true,"href":"https:\/\/unisale.com.br\/pastoral\/wp-json\/wp\/v2\/users\/6"}],"replies":[{"embeddable":true,"href":"https:\/\/unisale.com.br\/pastoral\/wp-json\/wp\/v2\/comments?post=5139"}],"version-history":[{"count":0,"href":"https:\/\/unisale.com.br\/pastoral\/wp-json\/wp\/v2\/posts\/5139\/revisions"}],"wp:featuredmedia":[{"embeddable":true,"href":"https:\/\/unisale.com.br\/pastoral\/wp-json\/wp\/v2\/media\/5140"}],"wp:attachment":[{"href":"https:\/\/unisale.com.br\/pastoral\/wp-json\/wp\/v2\/media?parent=5139"}],"wp:term":[{"taxonomy":"category","embeddable":true,"href":"https:\/\/unisale.com.br\/pastoral\/wp-json\/wp\/v2\/categories?post=5139"},{"taxonomy":"post_tag","embeddable":true,"href":"https:\/\/unisale.com.br\/pastoral\/wp-json\/wp\/v2\/tags?post=5139"}],"curies":[{"name":"wp","href":"https:\/\/api.w.org\/{rel}","templated":true}]}}