{"id":5227,"date":"2022-08-24T14:14:47","date_gmt":"2022-08-24T14:14:47","guid":{"rendered":"https:\/\/unisale.com.br\/pastoral\/?p=5227"},"modified":"2022-08-24T14:14:47","modified_gmt":"2022-08-24T14:14:47","slug":"28-08-porque-quem-se-eleva-sera-humilhado-e-quem-se-humilha-sera-elevado","status":"publish","type":"post","link":"https:\/\/unisale.com.br\/pastoral\/28-08-porque-quem-se-eleva-sera-humilhado-e-quem-se-humilha-sera-elevado\/","title":{"rendered":"28\/08 &#8211; Porque quem se eleva, ser\u00e1 humilhado e quem se humilha, ser\u00e1 elevado."},"content":{"rendered":"<p>Domingo, 28 de agosto de 2022.<\/p>\n<p>&nbsp;<\/p>\n<p>Evangelho (Lc 14,1.7-14)<\/p>\n<p>&nbsp;<\/p>\n<p><strong>\u201cPorque quem se eleva, ser\u00e1 humilhado e quem se humilha, ser\u00e1 elevado\u201d<\/strong><\/p>\n<p>&nbsp;<\/p>\n<p><sup>1<\/sup>Aconteceu que, num dia de s\u00e1bado, Jesus foi comer na casa de um dos chefes dos fariseus. E eles o observavam. <sup>7<\/sup>Jesus notou como os convidados escolhiam os primeiros lugares. Ent\u00e3o contou-lhes uma par\u00e1bola: <sup>8<\/sup>\u201cQuando tu fores convidado para uma festa de casamento, n\u00e3o ocupes o primeiro lugar. Pode ser que tenha sido convidado algu\u00e9m mais importante do que tu, <sup>9<\/sup>e o dono da casa, que convidou os dois, venha te dizer: \u2018D\u00e1 o lugar a ele\u2019. Ent\u00e3o tu ficar\u00e1s envergonhado e ir\u00e1s ocupar o \u00faltimo lugar. <sup>10<\/sup>Mas, quando tu fores convidado, vai sentar-te no \u00faltimo lugar. Assim, quando chegar quem te convidou, te dir\u00e1: \u2018Amigo, vem mais para cima\u2019. E isto vai ser uma honra para ti diante de todos os convidados. <sup>11<\/sup>Porque quem se eleva, ser\u00e1 humilhado e quem se humilha, ser\u00e1 elevado\u201d. <sup>12<\/sup>E disse tamb\u00e9m a quem o tinha convidado: \u201cQuando tu deres um almo\u00e7o ou um jantar, n\u00e3o convides teus amigos, nem teus irm\u00e3os, nem teus parentes, nem teus vizinhos ricos. Pois estes poderiam tamb\u00e9m convidar-te e isto j\u00e1 seria a tua recompensa. <sup>13<\/sup>Pelo contr\u00e1rio, quando deres uma festa, convida os pobres, os aleijados, os coxos, os cegos. <sup>14<\/sup>Ent\u00e3o tu ser\u00e1s feliz! Porque eles n\u00e3o te podem retribuir. Tu receber\u00e1s a recompensa na ressurrei\u00e7\u00e3o dos justos\u201d.<\/p>\n<p>&nbsp;<\/p>\n<p><strong>Reflex\u00e3o<\/strong><\/p>\n<p>&nbsp;<\/p>\n<p>Jesus entra na casa de um fariseu para almo\u00e7ar. Aqui podemos entender que Deus dialoga com todos. Neste almo\u00e7o todos almejam o primeiro lugar. Nem podemos rir desta situa\u00e7\u00e3o, pois esta cena \u00e9 a imagem da vida, tamb\u00e9m da nossa vida: quanta luta pelos primeiros lugares, quantas guerras causadas pelo orgulho. E Jesus coloca em crise esta maneira de pensar: por qu\u00ea o primeiro lugar aqui na terra? Imperadores foram divinizados e agora s\u00e3o esquecidos. Reis e Rainhas que um dia foram grandes, agora n\u00e3o interessam a ningu\u00e9m. \u00c9 a este entendimento da din\u00e2mica da vida que Jesus quer nos levar. Jesus nos diz que o mais importante \u00e9 o primeiro lugar diante de Deus. E o maior diante de Deus \u00e9 aquele que se faz pequeno. Seria t\u00e3o bom se entend\u00eassemos isso. Mas, o que significa fazer-se pequeno? Sem d\u00favidas n\u00e3o significa enterrar os pr\u00f3prios talentos. N\u00e3o significa escapar das pr\u00f3prias responsabilidades. Ser humilde significa livrar-se da \u00e2nsia de toda estima humana e ter a serena consci\u00eancia de que cada um vale tanto quanto vale diante de Deus. Nenhum tijolo e nenhuma estima humana pode acrescentar nada, como nenhum desprezo ou nenhuma cal\u00fania pode nos tirar nada. Portanto, a pessoa humilde \u00e9 serena porque \u00e9 livre. Fazer-se humilde \u00e9 colocar em primeiro lugar o desejo de servir: \u00e9 grande quem serve, quem se doa, quem se consome, quem entra no mist\u00e9rio do amor. O humilde n\u00e3o se cansa de servir o pr\u00f3ximo: a pessoa humilde sabe que tudo \u00e9 dom de Deus e tem pressa em doar tudo, porque quem se doa se perde. O exemplo de Jesus \u00e9 regra e lei dos humildes. O humilde trabalha, age, serve o pr\u00f3ximo, mas n\u00e3o espera recompensa. Poder servir \u00e9 j\u00e1 uma recompensa: mesmo que ningu\u00e9m te diga \u201cobrigado\u201d, mesmo que ningu\u00e9m te aplauda. Se todos fossemos humildes, certamente o mundo seria diferente. Ter\u00edamos um mundo composto por pessoas felizes, ter\u00edamos uma Igreja mais am\u00e1vel e atraente. Quando vencemos o orgulho abrimos a nossa estrada para o encontro com Deus e para o encontro com o pr\u00f3ximo. O orgulhoso \u00e9 sempre sozinho, enquanto que o humilde \u00e9 amigo de Deus e irm\u00e3o de todos.<\/p>\n<p>&nbsp;<\/p>\n<p><strong>Pe. Paulo Eduardo J\u00e1como, SDB.<\/strong><\/p>\n","protected":false},"excerpt":{"rendered":"<p>Domingo, 28 de agosto de 2022. &nbsp; Evangelho (Lc 14,1.7-14) &nbsp; \u201cPorque quem se eleva, ser\u00e1 humilhado e quem se humilha, ser\u00e1 elevado\u201d &nbsp; 1Aconteceu&#8230;<\/p>\n","protected":false},"author":6,"featured_media":5228,"comment_status":"closed","ping_status":"closed","sticky":false,"template":"","format":"standard","meta":{"_acf_changed":false,"footnotes":""},"categories":[13],"tags":[],"class_list":["post-5227","post","type-post","status-publish","format-standard","has-post-thumbnail","hentry","category-reflexaodoevagelho"],"acf":[],"yoast_head":"<!-- This site is optimized with the Yoast SEO plugin v27.3 - https:\/\/yoast.com\/product\/yoast-seo-wordpress\/ -->\n<title>28\/08 - Porque quem se eleva, ser\u00e1 humilhado e quem se humilha, ser\u00e1 elevado. - Pastoral Universit\u00e1ria UniSALESIANO<\/title>\n<meta name=\"robots\" content=\"index, follow, max-snippet:-1, max-image-preview:large, max-video-preview:-1\" \/>\n<link rel=\"canonical\" href=\"https:\/\/unisale.com.br\/novo\/28-08-porque-quem-se-eleva-sera-humilhado-e-quem-se-humilha-sera-elevado\/\" \/>\n<meta property=\"og:locale\" content=\"pt_BR\" \/>\n<meta property=\"og:type\" content=\"article\" \/>\n<meta property=\"og:title\" content=\"28\/08 - Porque quem se eleva, ser\u00e1 humilhado e quem se humilha, ser\u00e1 elevado. - Pastoral Universit\u00e1ria UniSALESIANO\" \/>\n<meta property=\"og:description\" content=\"Domingo, 28 de agosto de 2022. &nbsp; Evangelho (Lc 14,1.7-14) &nbsp; \u201cPorque quem se eleva, ser\u00e1 humilhado e quem se humilha, ser\u00e1 elevado\u201d &nbsp; 1Aconteceu...\" \/>\n<meta property=\"og:url\" content=\"https:\/\/unisale.com.br\/novo\/28-08-porque-quem-se-eleva-sera-humilhado-e-quem-se-humilha-sera-elevado\/\" \/>\n<meta property=\"og:site_name\" content=\"Pastoral Universit\u00e1ria UniSALESIANO\" \/>\n<meta property=\"article:published_time\" content=\"2022-08-24T14:14:47+00:00\" \/>\n<meta property=\"og:image\" content=\"https:\/\/unisale.com.br\/novo\/wp-content\/uploads\/2022\/08\/Ev-28.png\" \/>\n\t<meta property=\"og:image:width\" content=\"531\" \/>\n\t<meta property=\"og:image:height\" content=\"314\" \/>\n\t<meta property=\"og:image:type\" content=\"image\/png\" \/>\n<meta name=\"author\" content=\"Luiz Alexandre Marinho Lanzoni\" \/>\n<meta name=\"twitter:card\" content=\"summary_large_image\" \/>\n<meta name=\"twitter:label1\" content=\"Escrito por\" \/>\n\t<meta name=\"twitter:data1\" content=\"Luiz Alexandre Marinho Lanzoni\" \/>\n\t<meta name=\"twitter:label2\" content=\"Est. tempo de leitura\" \/>\n\t<meta name=\"twitter:data2\" content=\"3 minutos\" \/>\n<script type=\"application\/ld+json\" class=\"yoast-schema-graph\">{\"@context\":\"https:\\\/\\\/schema.org\",\"@graph\":[{\"@type\":\"Article\",\"@id\":\"https:\\\/\\\/unisale.com.br\\\/novo\\\/28-08-porque-quem-se-eleva-sera-humilhado-e-quem-se-humilha-sera-elevado\\\/#article\",\"isPartOf\":{\"@id\":\"https:\\\/\\\/unisale.com.br\\\/novo\\\/28-08-porque-quem-se-eleva-sera-humilhado-e-quem-se-humilha-sera-elevado\\\/\"},\"author\":{\"name\":\"Luiz Alexandre Marinho Lanzoni\",\"@id\":\"https:\\\/\\\/unisale.com.br\\\/pastoral\\\/#\\\/schema\\\/person\\\/492d3d7bfe53a8302576d39485aff2c4\"},\"headline\":\"28\\\/08 &#8211; Porque quem se eleva, ser\u00e1 humilhado e quem se humilha, ser\u00e1 elevado.\",\"datePublished\":\"2022-08-24T14:14:47+00:00\",\"mainEntityOfPage\":{\"@id\":\"https:\\\/\\\/unisale.com.br\\\/novo\\\/28-08-porque-quem-se-eleva-sera-humilhado-e-quem-se-humilha-sera-elevado\\\/\"},\"wordCount\":654,\"image\":{\"@id\":\"https:\\\/\\\/unisale.com.br\\\/novo\\\/28-08-porque-quem-se-eleva-sera-humilhado-e-quem-se-humilha-sera-elevado\\\/#primaryimage\"},\"thumbnailUrl\":\"https:\\\/\\\/unisale.com.br\\\/pastoral\\\/wp-content\\\/uploads\\\/2022\\\/08\\\/Ev-28.png\",\"articleSection\":[\"Reflex\u00e3o do Evangelho\"],\"inLanguage\":\"pt-BR\"},{\"@type\":\"WebPage\",\"@id\":\"https:\\\/\\\/unisale.com.br\\\/novo\\\/28-08-porque-quem-se-eleva-sera-humilhado-e-quem-se-humilha-sera-elevado\\\/\",\"url\":\"https:\\\/\\\/unisale.com.br\\\/novo\\\/28-08-porque-quem-se-eleva-sera-humilhado-e-quem-se-humilha-sera-elevado\\\/\",\"name\":\"28\\\/08 - Porque quem se eleva, ser\u00e1 humilhado e quem se humilha, ser\u00e1 elevado. - Pastoral Universit\u00e1ria UniSALESIANO\",\"isPartOf\":{\"@id\":\"https:\\\/\\\/unisale.com.br\\\/pastoral\\\/#website\"},\"primaryImageOfPage\":{\"@id\":\"https:\\\/\\\/unisale.com.br\\\/novo\\\/28-08-porque-quem-se-eleva-sera-humilhado-e-quem-se-humilha-sera-elevado\\\/#primaryimage\"},\"image\":{\"@id\":\"https:\\\/\\\/unisale.com.br\\\/novo\\\/28-08-porque-quem-se-eleva-sera-humilhado-e-quem-se-humilha-sera-elevado\\\/#primaryimage\"},\"thumbnailUrl\":\"https:\\\/\\\/unisale.com.br\\\/pastoral\\\/wp-content\\\/uploads\\\/2022\\\/08\\\/Ev-28.png\",\"datePublished\":\"2022-08-24T14:14:47+00:00\",\"author\":{\"@id\":\"https:\\\/\\\/unisale.com.br\\\/pastoral\\\/#\\\/schema\\\/person\\\/492d3d7bfe53a8302576d39485aff2c4\"},\"inLanguage\":\"pt-BR\",\"potentialAction\":[{\"@type\":\"ReadAction\",\"target\":[\"https:\\\/\\\/unisale.com.br\\\/novo\\\/28-08-porque-quem-se-eleva-sera-humilhado-e-quem-se-humilha-sera-elevado\\\/\"]}]},{\"@type\":\"ImageObject\",\"inLanguage\":\"pt-BR\",\"@id\":\"https:\\\/\\\/unisale.com.br\\\/novo\\\/28-08-porque-quem-se-eleva-sera-humilhado-e-quem-se-humilha-sera-elevado\\\/#primaryimage\",\"url\":\"https:\\\/\\\/unisale.com.br\\\/pastoral\\\/wp-content\\\/uploads\\\/2022\\\/08\\\/Ev-28.png\",\"contentUrl\":\"https:\\\/\\\/unisale.com.br\\\/pastoral\\\/wp-content\\\/uploads\\\/2022\\\/08\\\/Ev-28.png\",\"width\":531,\"height\":314},{\"@type\":\"WebSite\",\"@id\":\"https:\\\/\\\/unisale.com.br\\\/pastoral\\\/#website\",\"url\":\"https:\\\/\\\/unisale.com.br\\\/pastoral\\\/\",\"name\":\"Pastoral Universit\u00e1ria UniSALESIANO\",\"description\":\"Site da Pastoral Universit\u00e1ria do UniSALESIANO\",\"potentialAction\":[{\"@type\":\"SearchAction\",\"target\":{\"@type\":\"EntryPoint\",\"urlTemplate\":\"https:\\\/\\\/unisale.com.br\\\/pastoral\\\/?s={search_term_string}\"},\"query-input\":{\"@type\":\"PropertyValueSpecification\",\"valueRequired\":true,\"valueName\":\"search_term_string\"}}],\"inLanguage\":\"pt-BR\"},{\"@type\":\"Person\",\"@id\":\"https:\\\/\\\/unisale.com.br\\\/pastoral\\\/#\\\/schema\\\/person\\\/492d3d7bfe53a8302576d39485aff2c4\",\"name\":\"Luiz Alexandre Marinho Lanzoni\",\"url\":\"https:\\\/\\\/unisale.com.br\\\/pastoral\\\/author\\\/luiz\\\/\"}]}<\/script>\n<!-- \/ Yoast SEO plugin. -->","yoast_head_json":{"title":"28\/08 - Porque quem se eleva, ser\u00e1 humilhado e quem se humilha, ser\u00e1 elevado. - Pastoral Universit\u00e1ria UniSALESIANO","robots":{"index":"index","follow":"follow","max-snippet":"max-snippet:-1","max-image-preview":"max-image-preview:large","max-video-preview":"max-video-preview:-1"},"canonical":"https:\/\/unisale.com.br\/novo\/28-08-porque-quem-se-eleva-sera-humilhado-e-quem-se-humilha-sera-elevado\/","og_locale":"pt_BR","og_type":"article","og_title":"28\/08 - Porque quem se eleva, ser\u00e1 humilhado e quem se humilha, ser\u00e1 elevado. - Pastoral Universit\u00e1ria UniSALESIANO","og_description":"Domingo, 28 de agosto de 2022. &nbsp; Evangelho (Lc 14,1.7-14) &nbsp; \u201cPorque quem se eleva, ser\u00e1 humilhado e quem se humilha, ser\u00e1 elevado\u201d &nbsp; 1Aconteceu...","og_url":"https:\/\/unisale.com.br\/novo\/28-08-porque-quem-se-eleva-sera-humilhado-e-quem-se-humilha-sera-elevado\/","og_site_name":"Pastoral Universit\u00e1ria UniSALESIANO","article_published_time":"2022-08-24T14:14:47+00:00","og_image":[{"width":531,"height":314,"url":"https:\/\/unisale.com.br\/novo\/wp-content\/uploads\/2022\/08\/Ev-28.png","type":"image\/png"}],"author":"Luiz Alexandre Marinho Lanzoni","twitter_card":"summary_large_image","twitter_misc":{"Escrito por":"Luiz Alexandre Marinho Lanzoni","Est. tempo de leitura":"3 minutos"},"schema":{"@context":"https:\/\/schema.org","@graph":[{"@type":"Article","@id":"https:\/\/unisale.com.br\/novo\/28-08-porque-quem-se-eleva-sera-humilhado-e-quem-se-humilha-sera-elevado\/#article","isPartOf":{"@id":"https:\/\/unisale.com.br\/novo\/28-08-porque-quem-se-eleva-sera-humilhado-e-quem-se-humilha-sera-elevado\/"},"author":{"name":"Luiz Alexandre Marinho Lanzoni","@id":"https:\/\/unisale.com.br\/pastoral\/#\/schema\/person\/492d3d7bfe53a8302576d39485aff2c4"},"headline":"28\/08 &#8211; Porque quem se eleva, ser\u00e1 humilhado e quem se humilha, ser\u00e1 elevado.","datePublished":"2022-08-24T14:14:47+00:00","mainEntityOfPage":{"@id":"https:\/\/unisale.com.br\/novo\/28-08-porque-quem-se-eleva-sera-humilhado-e-quem-se-humilha-sera-elevado\/"},"wordCount":654,"image":{"@id":"https:\/\/unisale.com.br\/novo\/28-08-porque-quem-se-eleva-sera-humilhado-e-quem-se-humilha-sera-elevado\/#primaryimage"},"thumbnailUrl":"https:\/\/unisale.com.br\/pastoral\/wp-content\/uploads\/2022\/08\/Ev-28.png","articleSection":["Reflex\u00e3o do Evangelho"],"inLanguage":"pt-BR"},{"@type":"WebPage","@id":"https:\/\/unisale.com.br\/novo\/28-08-porque-quem-se-eleva-sera-humilhado-e-quem-se-humilha-sera-elevado\/","url":"https:\/\/unisale.com.br\/novo\/28-08-porque-quem-se-eleva-sera-humilhado-e-quem-se-humilha-sera-elevado\/","name":"28\/08 - Porque quem se eleva, ser\u00e1 humilhado e quem se humilha, ser\u00e1 elevado. - Pastoral Universit\u00e1ria UniSALESIANO","isPartOf":{"@id":"https:\/\/unisale.com.br\/pastoral\/#website"},"primaryImageOfPage":{"@id":"https:\/\/unisale.com.br\/novo\/28-08-porque-quem-se-eleva-sera-humilhado-e-quem-se-humilha-sera-elevado\/#primaryimage"},"image":{"@id":"https:\/\/unisale.com.br\/novo\/28-08-porque-quem-se-eleva-sera-humilhado-e-quem-se-humilha-sera-elevado\/#primaryimage"},"thumbnailUrl":"https:\/\/unisale.com.br\/pastoral\/wp-content\/uploads\/2022\/08\/Ev-28.png","datePublished":"2022-08-24T14:14:47+00:00","author":{"@id":"https:\/\/unisale.com.br\/pastoral\/#\/schema\/person\/492d3d7bfe53a8302576d39485aff2c4"},"inLanguage":"pt-BR","potentialAction":[{"@type":"ReadAction","target":["https:\/\/unisale.com.br\/novo\/28-08-porque-quem-se-eleva-sera-humilhado-e-quem-se-humilha-sera-elevado\/"]}]},{"@type":"ImageObject","inLanguage":"pt-BR","@id":"https:\/\/unisale.com.br\/novo\/28-08-porque-quem-se-eleva-sera-humilhado-e-quem-se-humilha-sera-elevado\/#primaryimage","url":"https:\/\/unisale.com.br\/pastoral\/wp-content\/uploads\/2022\/08\/Ev-28.png","contentUrl":"https:\/\/unisale.com.br\/pastoral\/wp-content\/uploads\/2022\/08\/Ev-28.png","width":531,"height":314},{"@type":"WebSite","@id":"https:\/\/unisale.com.br\/pastoral\/#website","url":"https:\/\/unisale.com.br\/pastoral\/","name":"Pastoral Universit\u00e1ria UniSALESIANO","description":"Site da Pastoral Universit\u00e1ria do UniSALESIANO","potentialAction":[{"@type":"SearchAction","target":{"@type":"EntryPoint","urlTemplate":"https:\/\/unisale.com.br\/pastoral\/?s={search_term_string}"},"query-input":{"@type":"PropertyValueSpecification","valueRequired":true,"valueName":"search_term_string"}}],"inLanguage":"pt-BR"},{"@type":"Person","@id":"https:\/\/unisale.com.br\/pastoral\/#\/schema\/person\/492d3d7bfe53a8302576d39485aff2c4","name":"Luiz Alexandre Marinho Lanzoni","url":"https:\/\/unisale.com.br\/pastoral\/author\/luiz\/"}]}},"_links":{"self":[{"href":"https:\/\/unisale.com.br\/pastoral\/wp-json\/wp\/v2\/posts\/5227","targetHints":{"allow":["GET"]}}],"collection":[{"href":"https:\/\/unisale.com.br\/pastoral\/wp-json\/wp\/v2\/posts"}],"about":[{"href":"https:\/\/unisale.com.br\/pastoral\/wp-json\/wp\/v2\/types\/post"}],"author":[{"embeddable":true,"href":"https:\/\/unisale.com.br\/pastoral\/wp-json\/wp\/v2\/users\/6"}],"replies":[{"embeddable":true,"href":"https:\/\/unisale.com.br\/pastoral\/wp-json\/wp\/v2\/comments?post=5227"}],"version-history":[{"count":0,"href":"https:\/\/unisale.com.br\/pastoral\/wp-json\/wp\/v2\/posts\/5227\/revisions"}],"wp:featuredmedia":[{"embeddable":true,"href":"https:\/\/unisale.com.br\/pastoral\/wp-json\/wp\/v2\/media\/5228"}],"wp:attachment":[{"href":"https:\/\/unisale.com.br\/pastoral\/wp-json\/wp\/v2\/media?parent=5227"}],"wp:term":[{"taxonomy":"category","embeddable":true,"href":"https:\/\/unisale.com.br\/pastoral\/wp-json\/wp\/v2\/categories?post=5227"},{"taxonomy":"post_tag","embeddable":true,"href":"https:\/\/unisale.com.br\/pastoral\/wp-json\/wp\/v2\/tags?post=5227"}],"curies":[{"name":"wp","href":"https:\/\/api.w.org\/{rel}","templated":true}]}}