{"id":5233,"date":"2022-08-25T11:27:48","date_gmt":"2022-08-25T11:27:48","guid":{"rendered":"https:\/\/unisale.com.br\/pastoral\/?p=5233"},"modified":"2022-08-25T11:27:48","modified_gmt":"2022-08-25T11:27:48","slug":"29-08-felizes-os-perseguidos-por-causa-de-mim","status":"publish","type":"post","link":"https:\/\/unisale.com.br\/pastoral\/29-08-felizes-os-perseguidos-por-causa-de-mim\/","title":{"rendered":"29\/08 &#8211; Felizes os perseguidos por causa de mim&#8230; ."},"content":{"rendered":"<p>Segunda-feira, 29 de agosto de 2022.<\/p>\n<p>&nbsp;<\/p>\n<p>Evangelho (Mc 6,17-29)<\/p>\n<p>&nbsp;<\/p>\n<p><strong>\u201cFelizes os perseguidos por causa de mim&#8230;\u201d<\/strong><\/p>\n<p>&nbsp;<\/p>\n<p>Naquele tempo, <sup>17<\/sup>Herodes tinha mandado prender Jo\u00e3o, e coloc\u00e1-lo acorrentado na pris\u00e3o. Fez isso por causa de Herod\u00edades, mulher de seu irm\u00e3o Filipe, com quem se tinha casado. <sup>18<\/sup>Jo\u00e3o dizia a Herodes: \u201cN\u00e3o te \u00e9 permitido ficar com a mulher do teu irm\u00e3o\u201d. <sup>19<\/sup>Por isso Herod\u00edades o odiava e queria mat\u00e1-lo, mas n\u00e3o podia. <sup>20<\/sup>Com efeito, Herodes tinha medo de Jo\u00e3o, pois sabia que ele era justo e santo, e por isso o protegia. Gostava de ouvi-lo, embora ficasse embara\u00e7ado quando o escutava. <sup>21<\/sup>Finalmente, chegou o dia oportuno. Era o anivers\u00e1rio de Herodes, e ele fez um grande banquete para os grandes da corte, os oficiais e os cidad\u00e3os importantes da Galileia. <sup>22<\/sup>A filha de Herod\u00edades entrou e dan\u00e7ou, agradando a Herodes e seus convidados. Ent\u00e3o o rei disse \u00e0 mo\u00e7a: \u201cPede-me o que quiseres e eu te darei\u201d. <sup>23<\/sup>E lhe jurou dizendo: \u201cEu te darei qualquer coisa que me pedires, ainda que seja a metade do meu reino\u201d. <sup>24<\/sup>Ela saiu e perguntou \u00e0 m\u00e3e: \u201cO que vou pedir?\u201d A m\u00e3e respondeu: \u201cA cabe\u00e7a de Jo\u00e3o Batista\u201d. <sup>25<\/sup>E, voltando depressa para junto do rei, pediu: \u201cQuero que me d\u00eas agora, num prato, a cabe\u00e7a de Jo\u00e3o Batista\u201d. <sup>26<\/sup>O rei ficou muito triste, mas n\u00e3o p\u00f4de recusar. Ele tinha feito o juramento diante dos convidados. <sup>27<\/sup>Imediatamente, o rei mandou que um soldado fosse buscar a cabe\u00e7a de Jo\u00e3o. O soldado saiu, degolou-o na pris\u00e3o, <sup>28<\/sup>trouxe a cabe\u00e7a num prato e a deu \u00e0 mo\u00e7a. Ela a entregou \u00e0 sua m\u00e3e. <sup>29<\/sup>Ao saberem disso, os disc\u00edpulos de Jo\u00e3o foram l\u00e1, levaram o cad\u00e1ver e o sepultaram.<\/p>\n<p>&nbsp;<\/p>\n<p><strong>Reflex\u00e3o<\/strong><\/p>\n<p>&nbsp;<\/p>\n<p>O mart\u00edrio de S\u00e3o Jo\u00e3o Batista n\u00e3o \u00e9 uma festa como as outras. O cristianismo nos habituou a olhar com olhos diferentes o mart\u00edrio at\u00e9 quase esquecermos quanto possa parecer paradoxal colocar a palavra \u201cfesta\u201d ao lado de um homic\u00eddio t\u00e3o violento. No entanto \u00e9 uma festa, e o \u00e9 porque podemos entender que em determinadas trag\u00e9dias parece que os vencedores s\u00e3o os assassinos e os vencidos s\u00e3o os que foram mortos, mas com o tempo n\u00f3s entendemos que os verdadeiros vencedores s\u00e3o aqueles que parecem terem perdido e as verdadeiras v\u00edtimas s\u00e3o os assassinos. Herodes, Herod\u00edades, Salom\u00e9 o que enfim, aconteceu com eles? Ser\u00e1 que permaneceram felizes depois da morte de Jo\u00e3o Batista? Aqueles que s\u00e3o assassinos, ser\u00e1 que depois de matarem uma pessoa s\u00e3o felizes? \u00c9 f\u00e1cil matar, mas dar a pr\u00f3pria vida para que outras vivam, isso \u00e9 mais dif\u00edcil. Jesus o fez e com ele ao longo da hist\u00f3ria uma imensid\u00e3o de homens e mulheres tamb\u00e9m o fizeram, s\u00e3o milhares os verdadeiros m\u00e1rtires. Hoje \u00e9 a festa de um homem assim. \u00c9 a festa de um morto assassinado que continua mais vivo do que os seus perseguidores. Hoje \u00e9 a festa de uma testemunha que continua a pregar atrav\u00e9s de um Evangelho feito dom. Hoje \u00e9 a festa de um santo que literalmente perdeu a cabe\u00e7a por Deus.<\/p>\n<p>&nbsp;<\/p>\n<p><strong>Pe. Paulo Eduardo J\u00e1como, SDB.<\/strong><\/p>\n","protected":false},"excerpt":{"rendered":"<p>Segunda-feira, 29 de agosto de 2022. &nbsp; Evangelho (Mc 6,17-29) &nbsp; \u201cFelizes os perseguidos por causa de mim&#8230;\u201d &nbsp; Naquele tempo, 17Herodes tinha mandado prender&#8230;<\/p>\n","protected":false},"author":6,"featured_media":5235,"comment_status":"closed","ping_status":"closed","sticky":false,"template":"","format":"standard","meta":{"_acf_changed":false,"footnotes":""},"categories":[13],"tags":[],"class_list":["post-5233","post","type-post","status-publish","format-standard","has-post-thumbnail","hentry","category-reflexaodoevagelho"],"acf":[],"yoast_head":"<!-- This site is optimized with the Yoast SEO plugin v27.3 - https:\/\/yoast.com\/product\/yoast-seo-wordpress\/ -->\n<title>29\/08 - Felizes os perseguidos por causa de mim... . - Pastoral Universit\u00e1ria UniSALESIANO<\/title>\n<meta name=\"robots\" content=\"index, follow, max-snippet:-1, max-image-preview:large, max-video-preview:-1\" \/>\n<link rel=\"canonical\" href=\"https:\/\/unisale.com.br\/novo\/29-08-felizes-os-perseguidos-por-causa-de-mim\/\" \/>\n<meta property=\"og:locale\" content=\"pt_BR\" \/>\n<meta property=\"og:type\" content=\"article\" \/>\n<meta property=\"og:title\" content=\"29\/08 - Felizes os perseguidos por causa de mim... . - Pastoral Universit\u00e1ria UniSALESIANO\" \/>\n<meta property=\"og:description\" content=\"Segunda-feira, 29 de agosto de 2022. &nbsp; Evangelho (Mc 6,17-29) &nbsp; \u201cFelizes os perseguidos por causa de mim&#8230;\u201d &nbsp; Naquele tempo, 17Herodes tinha mandado prender...\" \/>\n<meta property=\"og:url\" content=\"https:\/\/unisale.com.br\/novo\/29-08-felizes-os-perseguidos-por-causa-de-mim\/\" \/>\n<meta property=\"og:site_name\" content=\"Pastoral Universit\u00e1ria UniSALESIANO\" \/>\n<meta property=\"article:published_time\" content=\"2022-08-25T11:27:48+00:00\" \/>\n<meta property=\"og:image\" content=\"https:\/\/unisale.com.br\/novo\/wp-content\/uploads\/2022\/08\/Ev-29-2.jpg\" \/>\n\t<meta property=\"og:image:width\" content=\"960\" \/>\n\t<meta property=\"og:image:height\" content=\"570\" \/>\n\t<meta property=\"og:image:type\" content=\"image\/jpeg\" \/>\n<meta name=\"author\" content=\"Luiz Alexandre Marinho Lanzoni\" \/>\n<meta name=\"twitter:card\" content=\"summary_large_image\" \/>\n<meta name=\"twitter:label1\" content=\"Escrito por\" \/>\n\t<meta name=\"twitter:data1\" content=\"Luiz Alexandre Marinho Lanzoni\" \/>\n\t<meta name=\"twitter:label2\" content=\"Est. tempo de leitura\" \/>\n\t<meta name=\"twitter:data2\" content=\"3 minutos\" \/>\n<script type=\"application\/ld+json\" class=\"yoast-schema-graph\">{\"@context\":\"https:\\\/\\\/schema.org\",\"@graph\":[{\"@type\":\"Article\",\"@id\":\"https:\\\/\\\/unisale.com.br\\\/novo\\\/29-08-felizes-os-perseguidos-por-causa-de-mim\\\/#article\",\"isPartOf\":{\"@id\":\"https:\\\/\\\/unisale.com.br\\\/novo\\\/29-08-felizes-os-perseguidos-por-causa-de-mim\\\/\"},\"author\":{\"name\":\"Luiz Alexandre Marinho Lanzoni\",\"@id\":\"https:\\\/\\\/unisale.com.br\\\/pastoral\\\/#\\\/schema\\\/person\\\/492d3d7bfe53a8302576d39485aff2c4\"},\"headline\":\"29\\\/08 &#8211; Felizes os perseguidos por causa de mim&#8230; .\",\"datePublished\":\"2022-08-25T11:27:48+00:00\",\"mainEntityOfPage\":{\"@id\":\"https:\\\/\\\/unisale.com.br\\\/novo\\\/29-08-felizes-os-perseguidos-por-causa-de-mim\\\/\"},\"wordCount\":573,\"image\":{\"@id\":\"https:\\\/\\\/unisale.com.br\\\/novo\\\/29-08-felizes-os-perseguidos-por-causa-de-mim\\\/#primaryimage\"},\"thumbnailUrl\":\"https:\\\/\\\/unisale.com.br\\\/pastoral\\\/wp-content\\\/uploads\\\/2022\\\/08\\\/Ev-29-2.jpg\",\"articleSection\":[\"Reflex\u00e3o do Evangelho\"],\"inLanguage\":\"pt-BR\"},{\"@type\":\"WebPage\",\"@id\":\"https:\\\/\\\/unisale.com.br\\\/novo\\\/29-08-felizes-os-perseguidos-por-causa-de-mim\\\/\",\"url\":\"https:\\\/\\\/unisale.com.br\\\/novo\\\/29-08-felizes-os-perseguidos-por-causa-de-mim\\\/\",\"name\":\"29\\\/08 - Felizes os perseguidos por causa de mim... . - Pastoral Universit\u00e1ria UniSALESIANO\",\"isPartOf\":{\"@id\":\"https:\\\/\\\/unisale.com.br\\\/pastoral\\\/#website\"},\"primaryImageOfPage\":{\"@id\":\"https:\\\/\\\/unisale.com.br\\\/novo\\\/29-08-felizes-os-perseguidos-por-causa-de-mim\\\/#primaryimage\"},\"image\":{\"@id\":\"https:\\\/\\\/unisale.com.br\\\/novo\\\/29-08-felizes-os-perseguidos-por-causa-de-mim\\\/#primaryimage\"},\"thumbnailUrl\":\"https:\\\/\\\/unisale.com.br\\\/pastoral\\\/wp-content\\\/uploads\\\/2022\\\/08\\\/Ev-29-2.jpg\",\"datePublished\":\"2022-08-25T11:27:48+00:00\",\"author\":{\"@id\":\"https:\\\/\\\/unisale.com.br\\\/pastoral\\\/#\\\/schema\\\/person\\\/492d3d7bfe53a8302576d39485aff2c4\"},\"inLanguage\":\"pt-BR\",\"potentialAction\":[{\"@type\":\"ReadAction\",\"target\":[\"https:\\\/\\\/unisale.com.br\\\/novo\\\/29-08-felizes-os-perseguidos-por-causa-de-mim\\\/\"]}]},{\"@type\":\"ImageObject\",\"inLanguage\":\"pt-BR\",\"@id\":\"https:\\\/\\\/unisale.com.br\\\/novo\\\/29-08-felizes-os-perseguidos-por-causa-de-mim\\\/#primaryimage\",\"url\":\"https:\\\/\\\/unisale.com.br\\\/pastoral\\\/wp-content\\\/uploads\\\/2022\\\/08\\\/Ev-29-2.jpg\",\"contentUrl\":\"https:\\\/\\\/unisale.com.br\\\/pastoral\\\/wp-content\\\/uploads\\\/2022\\\/08\\\/Ev-29-2.jpg\",\"width\":842,\"height\":500},{\"@type\":\"WebSite\",\"@id\":\"https:\\\/\\\/unisale.com.br\\\/pastoral\\\/#website\",\"url\":\"https:\\\/\\\/unisale.com.br\\\/pastoral\\\/\",\"name\":\"Pastoral Universit\u00e1ria UniSALESIANO\",\"description\":\"Site da Pastoral Universit\u00e1ria do UniSALESIANO\",\"potentialAction\":[{\"@type\":\"SearchAction\",\"target\":{\"@type\":\"EntryPoint\",\"urlTemplate\":\"https:\\\/\\\/unisale.com.br\\\/pastoral\\\/?s={search_term_string}\"},\"query-input\":{\"@type\":\"PropertyValueSpecification\",\"valueRequired\":true,\"valueName\":\"search_term_string\"}}],\"inLanguage\":\"pt-BR\"},{\"@type\":\"Person\",\"@id\":\"https:\\\/\\\/unisale.com.br\\\/pastoral\\\/#\\\/schema\\\/person\\\/492d3d7bfe53a8302576d39485aff2c4\",\"name\":\"Luiz Alexandre Marinho Lanzoni\",\"url\":\"https:\\\/\\\/unisale.com.br\\\/pastoral\\\/author\\\/luiz\\\/\"}]}<\/script>\n<!-- \/ Yoast SEO plugin. -->","yoast_head_json":{"title":"29\/08 - Felizes os perseguidos por causa de mim... . - Pastoral Universit\u00e1ria UniSALESIANO","robots":{"index":"index","follow":"follow","max-snippet":"max-snippet:-1","max-image-preview":"max-image-preview:large","max-video-preview":"max-video-preview:-1"},"canonical":"https:\/\/unisale.com.br\/novo\/29-08-felizes-os-perseguidos-por-causa-de-mim\/","og_locale":"pt_BR","og_type":"article","og_title":"29\/08 - Felizes os perseguidos por causa de mim... . - Pastoral Universit\u00e1ria UniSALESIANO","og_description":"Segunda-feira, 29 de agosto de 2022. &nbsp; Evangelho (Mc 6,17-29) &nbsp; \u201cFelizes os perseguidos por causa de mim&#8230;\u201d &nbsp; Naquele tempo, 17Herodes tinha mandado prender...","og_url":"https:\/\/unisale.com.br\/novo\/29-08-felizes-os-perseguidos-por-causa-de-mim\/","og_site_name":"Pastoral Universit\u00e1ria UniSALESIANO","article_published_time":"2022-08-25T11:27:48+00:00","og_image":[{"width":960,"height":570,"url":"https:\/\/unisale.com.br\/novo\/wp-content\/uploads\/2022\/08\/Ev-29-2.jpg","type":"image\/jpeg"}],"author":"Luiz Alexandre Marinho Lanzoni","twitter_card":"summary_large_image","twitter_misc":{"Escrito por":"Luiz Alexandre Marinho Lanzoni","Est. tempo de leitura":"3 minutos"},"schema":{"@context":"https:\/\/schema.org","@graph":[{"@type":"Article","@id":"https:\/\/unisale.com.br\/novo\/29-08-felizes-os-perseguidos-por-causa-de-mim\/#article","isPartOf":{"@id":"https:\/\/unisale.com.br\/novo\/29-08-felizes-os-perseguidos-por-causa-de-mim\/"},"author":{"name":"Luiz Alexandre Marinho Lanzoni","@id":"https:\/\/unisale.com.br\/pastoral\/#\/schema\/person\/492d3d7bfe53a8302576d39485aff2c4"},"headline":"29\/08 &#8211; Felizes os perseguidos por causa de mim&#8230; .","datePublished":"2022-08-25T11:27:48+00:00","mainEntityOfPage":{"@id":"https:\/\/unisale.com.br\/novo\/29-08-felizes-os-perseguidos-por-causa-de-mim\/"},"wordCount":573,"image":{"@id":"https:\/\/unisale.com.br\/novo\/29-08-felizes-os-perseguidos-por-causa-de-mim\/#primaryimage"},"thumbnailUrl":"https:\/\/unisale.com.br\/pastoral\/wp-content\/uploads\/2022\/08\/Ev-29-2.jpg","articleSection":["Reflex\u00e3o do Evangelho"],"inLanguage":"pt-BR"},{"@type":"WebPage","@id":"https:\/\/unisale.com.br\/novo\/29-08-felizes-os-perseguidos-por-causa-de-mim\/","url":"https:\/\/unisale.com.br\/novo\/29-08-felizes-os-perseguidos-por-causa-de-mim\/","name":"29\/08 - Felizes os perseguidos por causa de mim... . - Pastoral Universit\u00e1ria UniSALESIANO","isPartOf":{"@id":"https:\/\/unisale.com.br\/pastoral\/#website"},"primaryImageOfPage":{"@id":"https:\/\/unisale.com.br\/novo\/29-08-felizes-os-perseguidos-por-causa-de-mim\/#primaryimage"},"image":{"@id":"https:\/\/unisale.com.br\/novo\/29-08-felizes-os-perseguidos-por-causa-de-mim\/#primaryimage"},"thumbnailUrl":"https:\/\/unisale.com.br\/pastoral\/wp-content\/uploads\/2022\/08\/Ev-29-2.jpg","datePublished":"2022-08-25T11:27:48+00:00","author":{"@id":"https:\/\/unisale.com.br\/pastoral\/#\/schema\/person\/492d3d7bfe53a8302576d39485aff2c4"},"inLanguage":"pt-BR","potentialAction":[{"@type":"ReadAction","target":["https:\/\/unisale.com.br\/novo\/29-08-felizes-os-perseguidos-por-causa-de-mim\/"]}]},{"@type":"ImageObject","inLanguage":"pt-BR","@id":"https:\/\/unisale.com.br\/novo\/29-08-felizes-os-perseguidos-por-causa-de-mim\/#primaryimage","url":"https:\/\/unisale.com.br\/pastoral\/wp-content\/uploads\/2022\/08\/Ev-29-2.jpg","contentUrl":"https:\/\/unisale.com.br\/pastoral\/wp-content\/uploads\/2022\/08\/Ev-29-2.jpg","width":842,"height":500},{"@type":"WebSite","@id":"https:\/\/unisale.com.br\/pastoral\/#website","url":"https:\/\/unisale.com.br\/pastoral\/","name":"Pastoral Universit\u00e1ria UniSALESIANO","description":"Site da Pastoral Universit\u00e1ria do UniSALESIANO","potentialAction":[{"@type":"SearchAction","target":{"@type":"EntryPoint","urlTemplate":"https:\/\/unisale.com.br\/pastoral\/?s={search_term_string}"},"query-input":{"@type":"PropertyValueSpecification","valueRequired":true,"valueName":"search_term_string"}}],"inLanguage":"pt-BR"},{"@type":"Person","@id":"https:\/\/unisale.com.br\/pastoral\/#\/schema\/person\/492d3d7bfe53a8302576d39485aff2c4","name":"Luiz Alexandre Marinho Lanzoni","url":"https:\/\/unisale.com.br\/pastoral\/author\/luiz\/"}]}},"_links":{"self":[{"href":"https:\/\/unisale.com.br\/pastoral\/wp-json\/wp\/v2\/posts\/5233","targetHints":{"allow":["GET"]}}],"collection":[{"href":"https:\/\/unisale.com.br\/pastoral\/wp-json\/wp\/v2\/posts"}],"about":[{"href":"https:\/\/unisale.com.br\/pastoral\/wp-json\/wp\/v2\/types\/post"}],"author":[{"embeddable":true,"href":"https:\/\/unisale.com.br\/pastoral\/wp-json\/wp\/v2\/users\/6"}],"replies":[{"embeddable":true,"href":"https:\/\/unisale.com.br\/pastoral\/wp-json\/wp\/v2\/comments?post=5233"}],"version-history":[{"count":0,"href":"https:\/\/unisale.com.br\/pastoral\/wp-json\/wp\/v2\/posts\/5233\/revisions"}],"wp:featuredmedia":[{"embeddable":true,"href":"https:\/\/unisale.com.br\/pastoral\/wp-json\/wp\/v2\/media\/5235"}],"wp:attachment":[{"href":"https:\/\/unisale.com.br\/pastoral\/wp-json\/wp\/v2\/media?parent=5233"}],"wp:term":[{"taxonomy":"category","embeddable":true,"href":"https:\/\/unisale.com.br\/pastoral\/wp-json\/wp\/v2\/categories?post=5233"},{"taxonomy":"post_tag","embeddable":true,"href":"https:\/\/unisale.com.br\/pastoral\/wp-json\/wp\/v2\/tags?post=5233"}],"curies":[{"name":"wp","href":"https:\/\/api.w.org\/{rel}","templated":true}]}}