{"id":5243,"date":"2022-08-30T11:42:39","date_gmt":"2022-08-30T11:42:39","guid":{"rendered":"https:\/\/unisale.com.br\/pastoral\/?p=5243"},"modified":"2022-08-30T11:42:39","modified_gmt":"2022-08-30T11:42:39","slug":"31-08-tu-es-o-filho-de-deus","status":"publish","type":"post","link":"https:\/\/unisale.com.br\/pastoral\/31-08-tu-es-o-filho-de-deus\/","title":{"rendered":"31\/08 &#8211; Tu \u00e9s o Filho de Deus."},"content":{"rendered":"<p>Quarta-feira, 31 de agosto de 2022.<\/p>\n<p>&nbsp;<\/p>\n<p>Evangelho (Lc 4,38-44)<\/p>\n<p>&nbsp;<\/p>\n<p><strong>\u201cTu \u00e9s o Filho de Deus\u201d<\/strong><\/p>\n<p>&nbsp;<\/p>\n<p>Naquele tempo, <sup>38<\/sup>Jesus saiu da sinagoga e entrou na casa de Sim\u00e3o. A sogra de Sim\u00e3o estava sofrendo com febre alta, e pediram a Jesus em favor dela. <sup>39<\/sup>Inclinando-se sobre ela, Jesus amea\u00e7ou a febre, e a febre a deixou. Imediatamente, ela se levantou e come\u00e7ou a servi-los. <sup>40<\/sup>Ao p\u00f4r do sol, todos os que tinham doentes atingidos por diversos males, os levaram a Jesus. Jesus punha as m\u00e3os em cada um deles e os curava. <sup>41<\/sup>De muitas pessoas tamb\u00e9m sa\u00edam dem\u00f4nios, gritando: \u201cTu \u00e9s o Filho de Deus\u201d. Jesus os amea\u00e7ava, e n\u00e3o os deixava falar, porque sabiam que ele era o Messias. <sup>42<\/sup>Ao raiar do dia, Jesus saiu e foi para um lugar deserto. As multid\u00f5es o procuravam e, indo at\u00e9 ele, tentavam impedi-lo de as deixar. <sup>43<\/sup>Mas Jesus disse: \u201cEu devo anunciar a Boa Nova do Reino de Deus tamb\u00e9m a outras cidades, porque para isso \u00e9 que eu fui enviado\u201d. <sup>44<\/sup>E pregava nas sinagogas da Judeia.<\/p>\n<p>&nbsp;<\/p>\n<p><strong>Reflex\u00e3o<\/strong><\/p>\n<p>&nbsp;<\/p>\n<p>A pessoa de Jesus \u00e9 apaixonante, cada vez que leio as passagens da vida de Jesus que est\u00e3o nos Evangelhos, eu me sinto fascinado. Tamb\u00e9m no epis\u00f3dio do evangelho de hoje, Jesus mostra a sua prioridade: Os sofredores. Como crist\u00e3os e como Igreja tamb\u00e9m n\u00f3s n\u00e3o podemos ser indiferentes aos sofredores. Muitas vezes somos tentados a procurar sempre a parte melhor e vencedora da sociedade, esquecendo-nos que a nossa parte s\u00e3o os que sofrem. \u00c9 f\u00e1cil se sentir bem e dar aten\u00e7\u00e3o a um grupo de jovens, o dif\u00edcil \u00e9 dar aten\u00e7\u00e3o e gastar tempo com as pessoas mais idosas. \u00c9 bom estar junto a uma fam\u00edlia feliz, mas ningu\u00e9m se interroga sobre o que fazer para ajudar a curar as feridas das in\u00fameras fam\u00edlias que sofrem em sil\u00eancio. \u00c9 gostoso brincar com crian\u00e7as bonitas e cheias de sa\u00fade, o dif\u00edcil \u00e9 estar junto a crian\u00e7as com problemas. Devemos aprender com Jesus que sabe se inclinar e estar pr\u00f3ximo dos que sofrem, isso \u00e9 ser realmente Igreja. Curar muitas vezes n\u00e3o \u00e9 eliminar definitivamente o problema, mas \u00e9 fazer com que este problema n\u00e3o se torne uma pris\u00e3o. Precisamos ser o \u2018Sime\u00e3o\u2019 que tira Jesus da cruz. Este \u00e9 o verdadeiro apostolado da Igreja. Jesus n\u00e3o podia estar tranquilo na casa de Pedro sabendo que no quarto ao lado estava algu\u00e9m sofrendo. \u00c9 a presen\u00e7a, a proximidade de Jesus que cura a sogra de Pedro. N\u00f3s tamb\u00e9m n\u00e3o podemos fazer como Jesus? N\u00e3o podemos tamb\u00e9m n\u00f3s estarmos pr\u00f3ximos, tomar pela m\u00e3o, acompanhar quem quer que se sinta prisioneiro da febre que \u00e9 a infelicidade? Eis o grande milagre: devolver ao outro a dignidade de ainda sentir-se \u00fatil, significativo, e n\u00e3o descartado e sem utilidade.<\/p>\n<p>&nbsp;<\/p>\n<p>&nbsp;<\/p>\n<p><strong>Pe. Paulo Eduardo J\u00e1como, SDB.<\/strong><\/p>\n","protected":false},"excerpt":{"rendered":"<p>Quarta-feira, 31 de agosto de 2022. &nbsp; Evangelho (Lc 4,38-44) &nbsp; \u201cTu \u00e9s o Filho de Deus\u201d &nbsp; Naquele tempo, 38Jesus saiu da sinagoga e&#8230;<\/p>\n","protected":false},"author":6,"featured_media":5244,"comment_status":"closed","ping_status":"closed","sticky":false,"template":"","format":"standard","meta":{"_acf_changed":false,"footnotes":""},"categories":[13],"tags":[],"class_list":["post-5243","post","type-post","status-publish","format-standard","has-post-thumbnail","hentry","category-reflexaodoevagelho"],"acf":[],"yoast_head":"<!-- This site is optimized with the Yoast SEO plugin v27.3 - https:\/\/yoast.com\/product\/yoast-seo-wordpress\/ -->\n<title>31\/08 - Tu \u00e9s o Filho de Deus. - Pastoral Universit\u00e1ria UniSALESIANO<\/title>\n<meta name=\"robots\" content=\"index, follow, max-snippet:-1, max-image-preview:large, max-video-preview:-1\" \/>\n<link rel=\"canonical\" href=\"https:\/\/unisale.com.br\/novo\/31-08-tu-es-o-filho-de-deus\/\" \/>\n<meta property=\"og:locale\" content=\"pt_BR\" \/>\n<meta property=\"og:type\" content=\"article\" \/>\n<meta property=\"og:title\" content=\"31\/08 - Tu \u00e9s o Filho de Deus. - Pastoral Universit\u00e1ria UniSALESIANO\" \/>\n<meta property=\"og:description\" content=\"Quarta-feira, 31 de agosto de 2022. &nbsp; Evangelho (Lc 4,38-44) &nbsp; \u201cTu \u00e9s o Filho de Deus\u201d &nbsp; Naquele tempo, 38Jesus saiu da sinagoga e...\" \/>\n<meta property=\"og:url\" content=\"https:\/\/unisale.com.br\/novo\/31-08-tu-es-o-filho-de-deus\/\" \/>\n<meta property=\"og:site_name\" content=\"Pastoral Universit\u00e1ria UniSALESIANO\" \/>\n<meta property=\"article:published_time\" content=\"2022-08-30T11:42:39+00:00\" \/>\n<meta property=\"og:image\" content=\"https:\/\/unisale.com.br\/novo\/wp-content\/uploads\/2022\/08\/Ev-31.jpg\" \/>\n\t<meta property=\"og:image:width\" content=\"1280\" \/>\n\t<meta property=\"og:image:height\" content=\"720\" \/>\n\t<meta property=\"og:image:type\" content=\"image\/jpeg\" \/>\n<meta name=\"author\" content=\"Luiz Alexandre Marinho Lanzoni\" \/>\n<meta name=\"twitter:card\" content=\"summary_large_image\" \/>\n<meta name=\"twitter:label1\" content=\"Escrito por\" \/>\n\t<meta name=\"twitter:data1\" content=\"Luiz Alexandre Marinho Lanzoni\" \/>\n\t<meta name=\"twitter:label2\" content=\"Est. tempo de leitura\" \/>\n\t<meta name=\"twitter:data2\" content=\"3 minutos\" \/>\n<script type=\"application\/ld+json\" class=\"yoast-schema-graph\">{\"@context\":\"https:\\\/\\\/schema.org\",\"@graph\":[{\"@type\":\"Article\",\"@id\":\"https:\\\/\\\/unisale.com.br\\\/novo\\\/31-08-tu-es-o-filho-de-deus\\\/#article\",\"isPartOf\":{\"@id\":\"https:\\\/\\\/unisale.com.br\\\/novo\\\/31-08-tu-es-o-filho-de-deus\\\/\"},\"author\":{\"name\":\"Luiz Alexandre Marinho Lanzoni\",\"@id\":\"https:\\\/\\\/unisale.com.br\\\/pastoral\\\/#\\\/schema\\\/person\\\/492d3d7bfe53a8302576d39485aff2c4\"},\"headline\":\"31\\\/08 &#8211; Tu \u00e9s o Filho de Deus.\",\"datePublished\":\"2022-08-30T11:42:39+00:00\",\"mainEntityOfPage\":{\"@id\":\"https:\\\/\\\/unisale.com.br\\\/novo\\\/31-08-tu-es-o-filho-de-deus\\\/\"},\"wordCount\":517,\"image\":{\"@id\":\"https:\\\/\\\/unisale.com.br\\\/novo\\\/31-08-tu-es-o-filho-de-deus\\\/#primaryimage\"},\"thumbnailUrl\":\"https:\\\/\\\/unisale.com.br\\\/pastoral\\\/wp-content\\\/uploads\\\/2022\\\/08\\\/Ev-31.jpg\",\"articleSection\":[\"Reflex\u00e3o do Evangelho\"],\"inLanguage\":\"pt-BR\"},{\"@type\":\"WebPage\",\"@id\":\"https:\\\/\\\/unisale.com.br\\\/novo\\\/31-08-tu-es-o-filho-de-deus\\\/\",\"url\":\"https:\\\/\\\/unisale.com.br\\\/novo\\\/31-08-tu-es-o-filho-de-deus\\\/\",\"name\":\"31\\\/08 - Tu \u00e9s o Filho de Deus. - Pastoral Universit\u00e1ria UniSALESIANO\",\"isPartOf\":{\"@id\":\"https:\\\/\\\/unisale.com.br\\\/pastoral\\\/#website\"},\"primaryImageOfPage\":{\"@id\":\"https:\\\/\\\/unisale.com.br\\\/novo\\\/31-08-tu-es-o-filho-de-deus\\\/#primaryimage\"},\"image\":{\"@id\":\"https:\\\/\\\/unisale.com.br\\\/novo\\\/31-08-tu-es-o-filho-de-deus\\\/#primaryimage\"},\"thumbnailUrl\":\"https:\\\/\\\/unisale.com.br\\\/pastoral\\\/wp-content\\\/uploads\\\/2022\\\/08\\\/Ev-31.jpg\",\"datePublished\":\"2022-08-30T11:42:39+00:00\",\"author\":{\"@id\":\"https:\\\/\\\/unisale.com.br\\\/pastoral\\\/#\\\/schema\\\/person\\\/492d3d7bfe53a8302576d39485aff2c4\"},\"inLanguage\":\"pt-BR\",\"potentialAction\":[{\"@type\":\"ReadAction\",\"target\":[\"https:\\\/\\\/unisale.com.br\\\/novo\\\/31-08-tu-es-o-filho-de-deus\\\/\"]}]},{\"@type\":\"ImageObject\",\"inLanguage\":\"pt-BR\",\"@id\":\"https:\\\/\\\/unisale.com.br\\\/novo\\\/31-08-tu-es-o-filho-de-deus\\\/#primaryimage\",\"url\":\"https:\\\/\\\/unisale.com.br\\\/pastoral\\\/wp-content\\\/uploads\\\/2022\\\/08\\\/Ev-31.jpg\",\"contentUrl\":\"https:\\\/\\\/unisale.com.br\\\/pastoral\\\/wp-content\\\/uploads\\\/2022\\\/08\\\/Ev-31.jpg\",\"width\":889,\"height\":500},{\"@type\":\"WebSite\",\"@id\":\"https:\\\/\\\/unisale.com.br\\\/pastoral\\\/#website\",\"url\":\"https:\\\/\\\/unisale.com.br\\\/pastoral\\\/\",\"name\":\"Pastoral Universit\u00e1ria UniSALESIANO\",\"description\":\"Site da Pastoral Universit\u00e1ria do UniSALESIANO\",\"potentialAction\":[{\"@type\":\"SearchAction\",\"target\":{\"@type\":\"EntryPoint\",\"urlTemplate\":\"https:\\\/\\\/unisale.com.br\\\/pastoral\\\/?s={search_term_string}\"},\"query-input\":{\"@type\":\"PropertyValueSpecification\",\"valueRequired\":true,\"valueName\":\"search_term_string\"}}],\"inLanguage\":\"pt-BR\"},{\"@type\":\"Person\",\"@id\":\"https:\\\/\\\/unisale.com.br\\\/pastoral\\\/#\\\/schema\\\/person\\\/492d3d7bfe53a8302576d39485aff2c4\",\"name\":\"Luiz Alexandre Marinho Lanzoni\",\"url\":\"https:\\\/\\\/unisale.com.br\\\/pastoral\\\/author\\\/luiz\\\/\"}]}<\/script>\n<!-- \/ Yoast SEO plugin. -->","yoast_head_json":{"title":"31\/08 - Tu \u00e9s o Filho de Deus. - Pastoral Universit\u00e1ria UniSALESIANO","robots":{"index":"index","follow":"follow","max-snippet":"max-snippet:-1","max-image-preview":"max-image-preview:large","max-video-preview":"max-video-preview:-1"},"canonical":"https:\/\/unisale.com.br\/novo\/31-08-tu-es-o-filho-de-deus\/","og_locale":"pt_BR","og_type":"article","og_title":"31\/08 - Tu \u00e9s o Filho de Deus. - Pastoral Universit\u00e1ria UniSALESIANO","og_description":"Quarta-feira, 31 de agosto de 2022. &nbsp; Evangelho (Lc 4,38-44) &nbsp; \u201cTu \u00e9s o Filho de Deus\u201d &nbsp; Naquele tempo, 38Jesus saiu da sinagoga e...","og_url":"https:\/\/unisale.com.br\/novo\/31-08-tu-es-o-filho-de-deus\/","og_site_name":"Pastoral Universit\u00e1ria UniSALESIANO","article_published_time":"2022-08-30T11:42:39+00:00","og_image":[{"width":1280,"height":720,"url":"https:\/\/unisale.com.br\/novo\/wp-content\/uploads\/2022\/08\/Ev-31.jpg","type":"image\/jpeg"}],"author":"Luiz Alexandre Marinho Lanzoni","twitter_card":"summary_large_image","twitter_misc":{"Escrito por":"Luiz Alexandre Marinho Lanzoni","Est. tempo de leitura":"3 minutos"},"schema":{"@context":"https:\/\/schema.org","@graph":[{"@type":"Article","@id":"https:\/\/unisale.com.br\/novo\/31-08-tu-es-o-filho-de-deus\/#article","isPartOf":{"@id":"https:\/\/unisale.com.br\/novo\/31-08-tu-es-o-filho-de-deus\/"},"author":{"name":"Luiz Alexandre Marinho Lanzoni","@id":"https:\/\/unisale.com.br\/pastoral\/#\/schema\/person\/492d3d7bfe53a8302576d39485aff2c4"},"headline":"31\/08 &#8211; Tu \u00e9s o Filho de Deus.","datePublished":"2022-08-30T11:42:39+00:00","mainEntityOfPage":{"@id":"https:\/\/unisale.com.br\/novo\/31-08-tu-es-o-filho-de-deus\/"},"wordCount":517,"image":{"@id":"https:\/\/unisale.com.br\/novo\/31-08-tu-es-o-filho-de-deus\/#primaryimage"},"thumbnailUrl":"https:\/\/unisale.com.br\/pastoral\/wp-content\/uploads\/2022\/08\/Ev-31.jpg","articleSection":["Reflex\u00e3o do Evangelho"],"inLanguage":"pt-BR"},{"@type":"WebPage","@id":"https:\/\/unisale.com.br\/novo\/31-08-tu-es-o-filho-de-deus\/","url":"https:\/\/unisale.com.br\/novo\/31-08-tu-es-o-filho-de-deus\/","name":"31\/08 - Tu \u00e9s o Filho de Deus. - Pastoral Universit\u00e1ria UniSALESIANO","isPartOf":{"@id":"https:\/\/unisale.com.br\/pastoral\/#website"},"primaryImageOfPage":{"@id":"https:\/\/unisale.com.br\/novo\/31-08-tu-es-o-filho-de-deus\/#primaryimage"},"image":{"@id":"https:\/\/unisale.com.br\/novo\/31-08-tu-es-o-filho-de-deus\/#primaryimage"},"thumbnailUrl":"https:\/\/unisale.com.br\/pastoral\/wp-content\/uploads\/2022\/08\/Ev-31.jpg","datePublished":"2022-08-30T11:42:39+00:00","author":{"@id":"https:\/\/unisale.com.br\/pastoral\/#\/schema\/person\/492d3d7bfe53a8302576d39485aff2c4"},"inLanguage":"pt-BR","potentialAction":[{"@type":"ReadAction","target":["https:\/\/unisale.com.br\/novo\/31-08-tu-es-o-filho-de-deus\/"]}]},{"@type":"ImageObject","inLanguage":"pt-BR","@id":"https:\/\/unisale.com.br\/novo\/31-08-tu-es-o-filho-de-deus\/#primaryimage","url":"https:\/\/unisale.com.br\/pastoral\/wp-content\/uploads\/2022\/08\/Ev-31.jpg","contentUrl":"https:\/\/unisale.com.br\/pastoral\/wp-content\/uploads\/2022\/08\/Ev-31.jpg","width":889,"height":500},{"@type":"WebSite","@id":"https:\/\/unisale.com.br\/pastoral\/#website","url":"https:\/\/unisale.com.br\/pastoral\/","name":"Pastoral Universit\u00e1ria UniSALESIANO","description":"Site da Pastoral Universit\u00e1ria do UniSALESIANO","potentialAction":[{"@type":"SearchAction","target":{"@type":"EntryPoint","urlTemplate":"https:\/\/unisale.com.br\/pastoral\/?s={search_term_string}"},"query-input":{"@type":"PropertyValueSpecification","valueRequired":true,"valueName":"search_term_string"}}],"inLanguage":"pt-BR"},{"@type":"Person","@id":"https:\/\/unisale.com.br\/pastoral\/#\/schema\/person\/492d3d7bfe53a8302576d39485aff2c4","name":"Luiz Alexandre Marinho Lanzoni","url":"https:\/\/unisale.com.br\/pastoral\/author\/luiz\/"}]}},"_links":{"self":[{"href":"https:\/\/unisale.com.br\/pastoral\/wp-json\/wp\/v2\/posts\/5243","targetHints":{"allow":["GET"]}}],"collection":[{"href":"https:\/\/unisale.com.br\/pastoral\/wp-json\/wp\/v2\/posts"}],"about":[{"href":"https:\/\/unisale.com.br\/pastoral\/wp-json\/wp\/v2\/types\/post"}],"author":[{"embeddable":true,"href":"https:\/\/unisale.com.br\/pastoral\/wp-json\/wp\/v2\/users\/6"}],"replies":[{"embeddable":true,"href":"https:\/\/unisale.com.br\/pastoral\/wp-json\/wp\/v2\/comments?post=5243"}],"version-history":[{"count":0,"href":"https:\/\/unisale.com.br\/pastoral\/wp-json\/wp\/v2\/posts\/5243\/revisions"}],"wp:featuredmedia":[{"embeddable":true,"href":"https:\/\/unisale.com.br\/pastoral\/wp-json\/wp\/v2\/media\/5244"}],"wp:attachment":[{"href":"https:\/\/unisale.com.br\/pastoral\/wp-json\/wp\/v2\/media?parent=5243"}],"wp:term":[{"taxonomy":"category","embeddable":true,"href":"https:\/\/unisale.com.br\/pastoral\/wp-json\/wp\/v2\/categories?post=5243"},{"taxonomy":"post_tag","embeddable":true,"href":"https:\/\/unisale.com.br\/pastoral\/wp-json\/wp\/v2\/tags?post=5243"}],"curies":[{"name":"wp","href":"https:\/\/api.w.org\/{rel}","templated":true}]}}