{"id":5283,"date":"2022-09-05T17:05:25","date_gmt":"2022-09-05T17:05:25","guid":{"rendered":"https:\/\/unisale.com.br\/pastoral\/?p=5283"},"modified":"2022-09-05T17:05:25","modified_gmt":"2022-09-05T17:05:25","slug":"08-09-porque-ela-concebeu-pela-acao-do-espirito-santo","status":"publish","type":"post","link":"https:\/\/unisale.com.br\/pastoral\/08-09-porque-ela-concebeu-pela-acao-do-espirito-santo\/","title":{"rendered":"08\/09 &#8211; &#8230;porque ela concebeu pela a\u00e7\u00e3o do Esp\u00edrito Santo."},"content":{"rendered":"<p>Quarta-feira, 08 de setembro de 2022.<\/p>\n<p>&nbsp;<\/p>\n<p>Evangelho (Mt 1,1-16.18-23)<\/p>\n<p>&nbsp;<\/p>\n<p><strong>\u201c&#8230;porque ela concebeu pela a\u00e7\u00e3o do Esp\u00edrito Santo.\u201d<\/strong><\/p>\n<p>&nbsp;<\/p>\n<p><sup>1<\/sup>Livro da origem de Jesus Cristo, filho de Davi, filho de Abra\u00e3o. <sup>2<\/sup>Abra\u00e3o gerou Isaac; Isaac gerou Jac\u00f3; Jac\u00f3 gerou Jud\u00e1 e seus irm\u00e3os. <sup>3<\/sup>Jud\u00e1 gerou Far\u00e9s e Zara, cuja m\u00e3e era Tamar. Far\u00e9s gerou Esrom; Esrom gerou Aram; <sup>4<\/sup>Aram gerou Aminadab; Aminadab gerou Naasson; Naasson Gerou Salmon; <sup>5<\/sup>Salmon gerou Booz, cuja m\u00e3e era Raab. Booz gerou Obed, cuja m\u00e3e era Rute. Obed gerou Jess\u00e9. <sup>6<\/sup>Jess\u00e9 gerou o rei Davi. Davi gerou Salom\u00e3o, daquela que tinha sido a mulher de Urias. <sup>7<\/sup>Salom\u00e3o gerou Robo\u00e3o; Robo\u00e3o gerou Abias; Abias gerou Asa; <sup>8<\/sup>Asa gerou Josaf\u00e1; Josaf\u00e1 gerou Jor\u00e3o; Jor\u00e3o gerou Ozias; <sup>9<\/sup>Ozias gerou Jot\u00e3o; Jot\u00e3o gerou Acaz; Acaz gerou Ezequias; <sup>10<\/sup>Ezequias gerou Manass\u00e9s; Manass\u00e9s gerou Amon; Amon gerou Josias. <sup>11<\/sup>Josias gerou Jeconias e seus irm\u00e3os, no tempo do ex\u00edlio na Babil\u00f4nia. <sup>12<\/sup>Depois do ex\u00edlio na Babil\u00f4nia, Jeconias gerou Salatiel; Salatiel gerou Zorobabel; <sup>13<\/sup>Zorobabel gerou Abiud; Abiud gerou Eliaquim; Eliaquim gerou Azor; <sup>14<\/sup>Azor gerou Sadoc; Sadoc gerou Aquim; Aquim gerou Eliud; <sup>15<\/sup>Eliud gerou Eleazar; Eleazar gerou Mat\u00f3; Mat\u00f3 gerou Jac\u00f3. <sup>16<\/sup>Jac\u00f3 gerou Jos\u00e9, o esposo de Maria, da qual nasceu Jesus, que \u00e9 chamado o Cristo. <sup>18<\/sup>A origem de Jesus Cristo foi assim: Maria, sua m\u00e3e, estava prometida em casamento a Jos\u00e9, e, antes de viverem juntos, ela ficou gr\u00e1vida pela a\u00e7\u00e3o do Esp\u00edrito Santo. <sup>19<\/sup>Jos\u00e9, seu marido, era justo e, n\u00e3o querendo denunci\u00e1-la, resolveu abandonar Maria, em segredo. <sup>20<\/sup>Enquanto Jos\u00e9 pensava nisso, eis que o anjo do Senhor apareceu-lhe, em sonho, e lhe disse: &#8220;Jos\u00e9, Filho de Davi, n\u00e3o tenhas medo de receber Maria como tua esposa, porque ela concebeu pela a\u00e7\u00e3o do Esp\u00edrito Santo. <sup>21<\/sup>Ela dar\u00e1 \u00e0 luz um filho, e tu lhe dar\u00e1s o nome de Jesus, pois ele vai salvar o seu povo dos seus pecados&#8221;. <sup>22<\/sup>Tudo isso aconteceu para se cumprir o que o Senhor havia dito pelo profeta: <sup>23<\/sup>&#8220;Eis que a virgem conceber\u00e1 e dar\u00e1 \u00e0 luz um filho. Ele ser\u00e1 chamado pelo nome de Emanuel, que significa: Deus est\u00e1 conosco&#8221;.<\/p>\n<p>&nbsp;<\/p>\n<p><strong>Reflex\u00e3o<\/strong><\/p>\n<p>&nbsp;<\/p>\n<p>O nascimento de Maria assinala o in\u00edcio verdadeiro dos tempos da encarna\u00e7\u00e3o. Se por s\u00e9culos e mil\u00eanios a Palavra de Deus prometeu, e as profecias e os profetas tiveram a tarefa de reavivar a espera e a esperan\u00e7a, com o nascimento de Maria as esperas se tornam fatos, e as profecias entram na cr\u00f4nica da hist\u00f3ria. Ser\u00e1 por este o motivo pelo qual o Evangelho de hoje nos apresenta a genealogia de Jesus. Mas Maria n\u00e3o faz parte deste elenco de nome, de fam\u00edlias, de hist\u00f3rias, de rostos. Maria \u00c9 toda uma hist\u00f3ria diferente. Basta pararmos para refletir sobre os dogmas marianos para percebermos como Ela seja completamente diferente do restante da cria\u00e7\u00e3o. N\u00e3o \u00e9 uma exig\u00eancia de um roteiro, mas \u00e9 a particularidade de como Deus pensou em preparar a vinda do Filho ao mundo. De uma parte a hist\u00f3ria dos homens, e de outra parte a hist\u00f3ria da Gra\u00e7a. Jos\u00e9 \u00e9 o l\u00edder na fila desta hist\u00f3ria, Maria \u00e9 a l\u00edder da gra\u00e7a. <sup>\u201c<\/sup>A origem de Jesus Cristo foi assim: Maria, sua m\u00e3e, estava prometida em casamento a Jos\u00e9, e, antes de viverem juntos, ela ficou gr\u00e1vida pela a\u00e7\u00e3o do Esp\u00edrito Santo. Jos\u00e9, seu marido, era justo e, n\u00e3o querendo denunci\u00e1-la, resolveu abandonar Maria, em segredo. Enquanto Jos\u00e9 pensava nisso, eis que o anjo do Senhor apareceu-lhe, em sonho&#8230;\u201d.<\/p>\n<p>Como podem se encontrar dois segmentos t\u00e3o diversos? A hist\u00f3ria dos homens e a gra\u00e7a de Deus? Somente se algu\u00e9m souber dizer sim. Maria \u00e9 aquela que disse sim \u00e0 gra\u00e7a que lhe pedia para passar atrav\u00e9s da sua liberdade. Jos\u00e9 \u00e9 aquele que disse sim \u00e0 passagem de Deus na sua hist\u00f3ria, dando espa\u00e7o ao imprevisto. Hoje celebramos a festa do nascimento de Maria, porque n\u00e3o pode passar sob o silencio o dia no qual veio ao mundo a \u00fanica criatura que podia fazer acontecer o encontro da gra\u00e7a com a hist\u00f3ria. Em Maria o c\u00e9u e a terra se encontram. Em Maria se inicia a aurora que anuncia j\u00e1 o dia da P\u00e1scoa.<\/p>\n<p><strong>Pe. Paulo Eduardo J\u00e1como, sdb.<\/strong><\/p>\n","protected":false},"excerpt":{"rendered":"<p>Quarta-feira, 08 de setembro de 2022. &nbsp; Evangelho (Mt 1,1-16.18-23) &nbsp; \u201c&#8230;porque ela concebeu pela a\u00e7\u00e3o do Esp\u00edrito Santo.\u201d &nbsp; 1Livro da origem de Jesus&#8230;<\/p>\n","protected":false},"author":6,"featured_media":5281,"comment_status":"closed","ping_status":"closed","sticky":false,"template":"","format":"standard","meta":{"_acf_changed":false,"footnotes":""},"categories":[13],"tags":[],"class_list":["post-5283","post","type-post","status-publish","format-standard","has-post-thumbnail","hentry","category-reflexaodoevagelho"],"acf":[],"yoast_head":"<!-- This site is optimized with the Yoast SEO plugin v27.3 - https:\/\/yoast.com\/product\/yoast-seo-wordpress\/ -->\n<title>08\/09 - ...porque ela concebeu pela a\u00e7\u00e3o do Esp\u00edrito Santo. - Pastoral Universit\u00e1ria UniSALESIANO<\/title>\n<meta name=\"robots\" content=\"index, follow, max-snippet:-1, max-image-preview:large, max-video-preview:-1\" \/>\n<link rel=\"canonical\" href=\"https:\/\/unisale.com.br\/novo\/08-09-porque-ela-concebeu-pela-acao-do-espirito-santo\/\" \/>\n<meta property=\"og:locale\" content=\"pt_BR\" \/>\n<meta property=\"og:type\" content=\"article\" \/>\n<meta property=\"og:title\" content=\"08\/09 - ...porque ela concebeu pela a\u00e7\u00e3o do Esp\u00edrito Santo. - Pastoral Universit\u00e1ria UniSALESIANO\" \/>\n<meta property=\"og:description\" content=\"Quarta-feira, 08 de setembro de 2022. &nbsp; Evangelho (Mt 1,1-16.18-23) &nbsp; \u201c&#8230;porque ela concebeu pela a\u00e7\u00e3o do Esp\u00edrito Santo.\u201d &nbsp; 1Livro da origem de Jesus...\" \/>\n<meta property=\"og:url\" content=\"https:\/\/unisale.com.br\/novo\/08-09-porque-ela-concebeu-pela-acao-do-espirito-santo\/\" \/>\n<meta property=\"og:site_name\" content=\"Pastoral Universit\u00e1ria UniSALESIANO\" \/>\n<meta property=\"article:published_time\" content=\"2022-09-05T17:05:25+00:00\" \/>\n<meta property=\"og:image\" content=\"https:\/\/unisale.com.br\/novo\/wp-content\/uploads\/2022\/09\/Ev-08.jpg\" \/>\n\t<meta property=\"og:image:width\" content=\"300\" \/>\n\t<meta property=\"og:image:height\" content=\"221\" \/>\n\t<meta property=\"og:image:type\" content=\"image\/jpeg\" \/>\n<meta name=\"author\" content=\"Luiz Alexandre Marinho Lanzoni\" \/>\n<meta name=\"twitter:card\" content=\"summary_large_image\" \/>\n<meta name=\"twitter:label1\" content=\"Escrito por\" \/>\n\t<meta name=\"twitter:data1\" content=\"Luiz Alexandre Marinho Lanzoni\" \/>\n\t<meta name=\"twitter:label2\" content=\"Est. tempo de leitura\" \/>\n\t<meta name=\"twitter:data2\" content=\"4 minutos\" \/>\n<script type=\"application\/ld+json\" class=\"yoast-schema-graph\">{\"@context\":\"https:\\\/\\\/schema.org\",\"@graph\":[{\"@type\":\"Article\",\"@id\":\"https:\\\/\\\/unisale.com.br\\\/novo\\\/08-09-porque-ela-concebeu-pela-acao-do-espirito-santo\\\/#article\",\"isPartOf\":{\"@id\":\"https:\\\/\\\/unisale.com.br\\\/novo\\\/08-09-porque-ela-concebeu-pela-acao-do-espirito-santo\\\/\"},\"author\":{\"name\":\"Luiz Alexandre Marinho Lanzoni\",\"@id\":\"https:\\\/\\\/unisale.com.br\\\/pastoral\\\/#\\\/schema\\\/person\\\/492d3d7bfe53a8302576d39485aff2c4\"},\"headline\":\"08\\\/09 &#8211; &#8230;porque ela concebeu pela a\u00e7\u00e3o do Esp\u00edrito Santo.\",\"datePublished\":\"2022-09-05T17:05:25+00:00\",\"mainEntityOfPage\":{\"@id\":\"https:\\\/\\\/unisale.com.br\\\/novo\\\/08-09-porque-ela-concebeu-pela-acao-do-espirito-santo\\\/\"},\"wordCount\":763,\"image\":{\"@id\":\"https:\\\/\\\/unisale.com.br\\\/novo\\\/08-09-porque-ela-concebeu-pela-acao-do-espirito-santo\\\/#primaryimage\"},\"thumbnailUrl\":\"https:\\\/\\\/unisale.com.br\\\/pastoral\\\/wp-content\\\/uploads\\\/2022\\\/09\\\/Ev-08.jpg\",\"articleSection\":[\"Reflex\u00e3o do Evangelho\"],\"inLanguage\":\"pt-BR\"},{\"@type\":\"WebPage\",\"@id\":\"https:\\\/\\\/unisale.com.br\\\/novo\\\/08-09-porque-ela-concebeu-pela-acao-do-espirito-santo\\\/\",\"url\":\"https:\\\/\\\/unisale.com.br\\\/novo\\\/08-09-porque-ela-concebeu-pela-acao-do-espirito-santo\\\/\",\"name\":\"08\\\/09 - ...porque ela concebeu pela a\u00e7\u00e3o do Esp\u00edrito Santo. - Pastoral Universit\u00e1ria UniSALESIANO\",\"isPartOf\":{\"@id\":\"https:\\\/\\\/unisale.com.br\\\/pastoral\\\/#website\"},\"primaryImageOfPage\":{\"@id\":\"https:\\\/\\\/unisale.com.br\\\/novo\\\/08-09-porque-ela-concebeu-pela-acao-do-espirito-santo\\\/#primaryimage\"},\"image\":{\"@id\":\"https:\\\/\\\/unisale.com.br\\\/novo\\\/08-09-porque-ela-concebeu-pela-acao-do-espirito-santo\\\/#primaryimage\"},\"thumbnailUrl\":\"https:\\\/\\\/unisale.com.br\\\/pastoral\\\/wp-content\\\/uploads\\\/2022\\\/09\\\/Ev-08.jpg\",\"datePublished\":\"2022-09-05T17:05:25+00:00\",\"author\":{\"@id\":\"https:\\\/\\\/unisale.com.br\\\/pastoral\\\/#\\\/schema\\\/person\\\/492d3d7bfe53a8302576d39485aff2c4\"},\"inLanguage\":\"pt-BR\",\"potentialAction\":[{\"@type\":\"ReadAction\",\"target\":[\"https:\\\/\\\/unisale.com.br\\\/novo\\\/08-09-porque-ela-concebeu-pela-acao-do-espirito-santo\\\/\"]}]},{\"@type\":\"ImageObject\",\"inLanguage\":\"pt-BR\",\"@id\":\"https:\\\/\\\/unisale.com.br\\\/novo\\\/08-09-porque-ela-concebeu-pela-acao-do-espirito-santo\\\/#primaryimage\",\"url\":\"https:\\\/\\\/unisale.com.br\\\/pastoral\\\/wp-content\\\/uploads\\\/2022\\\/09\\\/Ev-08.jpg\",\"contentUrl\":\"https:\\\/\\\/unisale.com.br\\\/pastoral\\\/wp-content\\\/uploads\\\/2022\\\/09\\\/Ev-08.jpg\",\"width\":300,\"height\":221},{\"@type\":\"WebSite\",\"@id\":\"https:\\\/\\\/unisale.com.br\\\/pastoral\\\/#website\",\"url\":\"https:\\\/\\\/unisale.com.br\\\/pastoral\\\/\",\"name\":\"Pastoral Universit\u00e1ria UniSALESIANO\",\"description\":\"Site da Pastoral Universit\u00e1ria do UniSALESIANO\",\"potentialAction\":[{\"@type\":\"SearchAction\",\"target\":{\"@type\":\"EntryPoint\",\"urlTemplate\":\"https:\\\/\\\/unisale.com.br\\\/pastoral\\\/?s={search_term_string}\"},\"query-input\":{\"@type\":\"PropertyValueSpecification\",\"valueRequired\":true,\"valueName\":\"search_term_string\"}}],\"inLanguage\":\"pt-BR\"},{\"@type\":\"Person\",\"@id\":\"https:\\\/\\\/unisale.com.br\\\/pastoral\\\/#\\\/schema\\\/person\\\/492d3d7bfe53a8302576d39485aff2c4\",\"name\":\"Luiz Alexandre Marinho Lanzoni\",\"url\":\"https:\\\/\\\/unisale.com.br\\\/pastoral\\\/author\\\/luiz\\\/\"}]}<\/script>\n<!-- \/ Yoast SEO plugin. -->","yoast_head_json":{"title":"08\/09 - ...porque ela concebeu pela a\u00e7\u00e3o do Esp\u00edrito Santo. - Pastoral Universit\u00e1ria UniSALESIANO","robots":{"index":"index","follow":"follow","max-snippet":"max-snippet:-1","max-image-preview":"max-image-preview:large","max-video-preview":"max-video-preview:-1"},"canonical":"https:\/\/unisale.com.br\/novo\/08-09-porque-ela-concebeu-pela-acao-do-espirito-santo\/","og_locale":"pt_BR","og_type":"article","og_title":"08\/09 - ...porque ela concebeu pela a\u00e7\u00e3o do Esp\u00edrito Santo. - Pastoral Universit\u00e1ria UniSALESIANO","og_description":"Quarta-feira, 08 de setembro de 2022. &nbsp; Evangelho (Mt 1,1-16.18-23) &nbsp; \u201c&#8230;porque ela concebeu pela a\u00e7\u00e3o do Esp\u00edrito Santo.\u201d &nbsp; 1Livro da origem de Jesus...","og_url":"https:\/\/unisale.com.br\/novo\/08-09-porque-ela-concebeu-pela-acao-do-espirito-santo\/","og_site_name":"Pastoral Universit\u00e1ria UniSALESIANO","article_published_time":"2022-09-05T17:05:25+00:00","og_image":[{"width":300,"height":221,"url":"https:\/\/unisale.com.br\/novo\/wp-content\/uploads\/2022\/09\/Ev-08.jpg","type":"image\/jpeg"}],"author":"Luiz Alexandre Marinho Lanzoni","twitter_card":"summary_large_image","twitter_misc":{"Escrito por":"Luiz Alexandre Marinho Lanzoni","Est. tempo de leitura":"4 minutos"},"schema":{"@context":"https:\/\/schema.org","@graph":[{"@type":"Article","@id":"https:\/\/unisale.com.br\/novo\/08-09-porque-ela-concebeu-pela-acao-do-espirito-santo\/#article","isPartOf":{"@id":"https:\/\/unisale.com.br\/novo\/08-09-porque-ela-concebeu-pela-acao-do-espirito-santo\/"},"author":{"name":"Luiz Alexandre Marinho Lanzoni","@id":"https:\/\/unisale.com.br\/pastoral\/#\/schema\/person\/492d3d7bfe53a8302576d39485aff2c4"},"headline":"08\/09 &#8211; &#8230;porque ela concebeu pela a\u00e7\u00e3o do Esp\u00edrito Santo.","datePublished":"2022-09-05T17:05:25+00:00","mainEntityOfPage":{"@id":"https:\/\/unisale.com.br\/novo\/08-09-porque-ela-concebeu-pela-acao-do-espirito-santo\/"},"wordCount":763,"image":{"@id":"https:\/\/unisale.com.br\/novo\/08-09-porque-ela-concebeu-pela-acao-do-espirito-santo\/#primaryimage"},"thumbnailUrl":"https:\/\/unisale.com.br\/pastoral\/wp-content\/uploads\/2022\/09\/Ev-08.jpg","articleSection":["Reflex\u00e3o do Evangelho"],"inLanguage":"pt-BR"},{"@type":"WebPage","@id":"https:\/\/unisale.com.br\/novo\/08-09-porque-ela-concebeu-pela-acao-do-espirito-santo\/","url":"https:\/\/unisale.com.br\/novo\/08-09-porque-ela-concebeu-pela-acao-do-espirito-santo\/","name":"08\/09 - ...porque ela concebeu pela a\u00e7\u00e3o do Esp\u00edrito Santo. - Pastoral Universit\u00e1ria UniSALESIANO","isPartOf":{"@id":"https:\/\/unisale.com.br\/pastoral\/#website"},"primaryImageOfPage":{"@id":"https:\/\/unisale.com.br\/novo\/08-09-porque-ela-concebeu-pela-acao-do-espirito-santo\/#primaryimage"},"image":{"@id":"https:\/\/unisale.com.br\/novo\/08-09-porque-ela-concebeu-pela-acao-do-espirito-santo\/#primaryimage"},"thumbnailUrl":"https:\/\/unisale.com.br\/pastoral\/wp-content\/uploads\/2022\/09\/Ev-08.jpg","datePublished":"2022-09-05T17:05:25+00:00","author":{"@id":"https:\/\/unisale.com.br\/pastoral\/#\/schema\/person\/492d3d7bfe53a8302576d39485aff2c4"},"inLanguage":"pt-BR","potentialAction":[{"@type":"ReadAction","target":["https:\/\/unisale.com.br\/novo\/08-09-porque-ela-concebeu-pela-acao-do-espirito-santo\/"]}]},{"@type":"ImageObject","inLanguage":"pt-BR","@id":"https:\/\/unisale.com.br\/novo\/08-09-porque-ela-concebeu-pela-acao-do-espirito-santo\/#primaryimage","url":"https:\/\/unisale.com.br\/pastoral\/wp-content\/uploads\/2022\/09\/Ev-08.jpg","contentUrl":"https:\/\/unisale.com.br\/pastoral\/wp-content\/uploads\/2022\/09\/Ev-08.jpg","width":300,"height":221},{"@type":"WebSite","@id":"https:\/\/unisale.com.br\/pastoral\/#website","url":"https:\/\/unisale.com.br\/pastoral\/","name":"Pastoral Universit\u00e1ria UniSALESIANO","description":"Site da Pastoral Universit\u00e1ria do UniSALESIANO","potentialAction":[{"@type":"SearchAction","target":{"@type":"EntryPoint","urlTemplate":"https:\/\/unisale.com.br\/pastoral\/?s={search_term_string}"},"query-input":{"@type":"PropertyValueSpecification","valueRequired":true,"valueName":"search_term_string"}}],"inLanguage":"pt-BR"},{"@type":"Person","@id":"https:\/\/unisale.com.br\/pastoral\/#\/schema\/person\/492d3d7bfe53a8302576d39485aff2c4","name":"Luiz Alexandre Marinho Lanzoni","url":"https:\/\/unisale.com.br\/pastoral\/author\/luiz\/"}]}},"_links":{"self":[{"href":"https:\/\/unisale.com.br\/pastoral\/wp-json\/wp\/v2\/posts\/5283","targetHints":{"allow":["GET"]}}],"collection":[{"href":"https:\/\/unisale.com.br\/pastoral\/wp-json\/wp\/v2\/posts"}],"about":[{"href":"https:\/\/unisale.com.br\/pastoral\/wp-json\/wp\/v2\/types\/post"}],"author":[{"embeddable":true,"href":"https:\/\/unisale.com.br\/pastoral\/wp-json\/wp\/v2\/users\/6"}],"replies":[{"embeddable":true,"href":"https:\/\/unisale.com.br\/pastoral\/wp-json\/wp\/v2\/comments?post=5283"}],"version-history":[{"count":0,"href":"https:\/\/unisale.com.br\/pastoral\/wp-json\/wp\/v2\/posts\/5283\/revisions"}],"wp:featuredmedia":[{"embeddable":true,"href":"https:\/\/unisale.com.br\/pastoral\/wp-json\/wp\/v2\/media\/5281"}],"wp:attachment":[{"href":"https:\/\/unisale.com.br\/pastoral\/wp-json\/wp\/v2\/media?parent=5283"}],"wp:term":[{"taxonomy":"category","embeddable":true,"href":"https:\/\/unisale.com.br\/pastoral\/wp-json\/wp\/v2\/categories?post=5283"},{"taxonomy":"post_tag","embeddable":true,"href":"https:\/\/unisale.com.br\/pastoral\/wp-json\/wp\/v2\/tags?post=5283"}],"curies":[{"name":"wp","href":"https:\/\/api.w.org\/{rel}","templated":true}]}}