{"id":5355,"date":"2022-09-13T12:18:44","date_gmt":"2022-09-13T12:18:44","guid":{"rendered":"https:\/\/unisale.com.br\/pastoral\/?p=5355"},"modified":"2022-09-13T13:11:23","modified_gmt":"2022-09-13T13:11:23","slug":"21-09-aqueles-que-tem-saude-nao-precisam-de-medicos-mas-sim-os-doentes","status":"publish","type":"post","link":"https:\/\/unisale.com.br\/pastoral\/21-09-aqueles-que-tem-saude-nao-precisam-de-medicos-mas-sim-os-doentes\/","title":{"rendered":"21\/09 &#8211; Aqueles que t\u00eam sa\u00fade n\u00e3o precisam de m\u00e9dicos, mas sim os doentes."},"content":{"rendered":"<p>Quarta-feira, 21 de setembro de 2022.<\/p>\n<p>&nbsp;<\/p>\n<p><strong>Evangelho (Mt 9,9-13)<\/strong><\/p>\n<p><strong>\u00a0<\/strong><\/p>\n<p><strong>\u201cAqueles que t\u00eam sa\u00fade n\u00e3o precisam de m\u00e9dicos, mas sim os doentes\u201d.<\/strong><\/p>\n<p><strong>\u00a0<\/strong><\/p>\n<p>Naquele tempo, <sup>9<\/sup>Jesus viu um homem chamado Mateus, sentado na coletoria de impostos, e disse-lhe: \u201cSegue-me!\u201d Ele se levantou e seguiu a Jesus.<sup>10<\/sup>Enquanto Jesus estava \u00e0 mesa, na casa de Mateus, vieram muitos cobradores de impostos e pecadores e sentaram-se \u00e0 mesa com Jesus e seus disc\u00edpulos. <sup>11<\/sup>Alguns fariseus viram isso e perguntaram aos disc\u00edpulos: \u201cPor que vosso mestre come com os cobradores de impostos e pecadores?\u201d<sup>12<\/sup>Jesus ouviu a pergunta e respondeu: \u201cAqueles que t\u00eam sa\u00fade n\u00e3o precisam de m\u00e9dico, mas sim os doentes. <sup>13<\/sup>Aprendei, pois, o que significa: \u2018Quero miseric\u00f3rdia e n\u00e3o sacrif\u00edcio\u2019. De fato, eu n\u00e3o vim para chamar os justos, mas os pecadores\u201d.<\/p>\n<p>&nbsp;<\/p>\n<p><strong>Reflex\u00e3o<\/strong><\/p>\n<p><strong>\u00a0<\/strong><\/p>\n<p>Hoje a Igreja celebra a Festividade de S\u00e3o Mateus, o ap\u00f3stolo, mas tamb\u00e9m o evangelista. Penso que a marca do evangelho de hoje seja justamente o convite de Jesus: \u201cSegue-me!\u201d e o interessante \u00e9 que Mateus n\u00e3o responde com palavras a este convite de Jesus, mas com uma decis\u00e3o. Esta \u00e9 a atitude da verdadeira f\u00e9 que n\u00e3o se realiza com excesso de palavras, mas com uma atitude que \u00e9 para sempre. Muitas vezes a f\u00e9 \u00e9 uma s\u00f3 palavra que Jesus pronuncia sobre a nossa vida. \u00c9 a palavra decisiva. \u00c9 a palavra que esperamos por anos. Quem sabe quanto tempo Mateus esperou por este convite, o convite de algu\u00e9m que o tirasse daquela situa\u00e7\u00e3o viciante. Era uma vida que Ele mesmo havia escolhido, mas que n\u00e3o o deixava feliz. A decis\u00e3o da nossa f\u00e9 n\u00e3o est\u00e1 sobre o que apostamos, mas sobre o que decidimos. Quem cr\u00ea precisa tomar decis\u00f5es precisas para a pr\u00f3pria vida. Sem a capacidade de decidir, nem mesmo os convites de Jesus ser\u00e3o eficazes em nossa vida. Como nos recorda Santo Agostinho: \u201cO Deus que te criou sem ti, n\u00e3o te salvar\u00e1 sem ti\u201d.<\/p>\n<p>Mateus daquela mesa de coletoria de impostos se levanta e d\u00e1 in\u00edcio aquilo que n\u00f3s hoje chamamos de \u201cdiscipulado\u201d. Esta palavra tem um significado profundo e decisivo na vida de uma pessoa. Significa haver algu\u00e9m a quem seguir. Significa ter uma estrada, um destino. Crer n\u00e3o \u00e9 viver do acaso, mas viver por um motivo. Com a grande diferen\u00e7a que para n\u00f3s este motivo \u00e9 Jesus. Cristo \u00e9 o nosso destino e o nome da nossa voca\u00e7\u00e3o.<\/p>\n<p>&nbsp;<\/p>\n<p><strong>Pe. Paulo Eduardo J\u00e1como, SDB.<\/strong><\/p>\n","protected":false},"excerpt":{"rendered":"<p>Quarta-feira, 21 de setembro de 2022. &nbsp; Evangelho (Mt 9,9-13) \u00a0 \u201cAqueles que t\u00eam sa\u00fade n\u00e3o precisam de m\u00e9dicos, mas sim os doentes\u201d. \u00a0 Naquele&#8230;<\/p>\n","protected":false},"author":6,"featured_media":5351,"comment_status":"closed","ping_status":"closed","sticky":false,"template":"","format":"standard","meta":{"_acf_changed":false,"footnotes":""},"categories":[13],"tags":[],"class_list":["post-5355","post","type-post","status-publish","format-standard","has-post-thumbnail","hentry","category-reflexaodoevagelho"],"acf":[],"yoast_head":"<!-- This site is optimized with the Yoast SEO plugin v27.3 - https:\/\/yoast.com\/product\/yoast-seo-wordpress\/ -->\n<title>21\/09 - Aqueles que t\u00eam sa\u00fade n\u00e3o precisam de m\u00e9dicos, mas sim os doentes. - Pastoral Universit\u00e1ria UniSALESIANO<\/title>\n<meta name=\"robots\" content=\"index, follow, max-snippet:-1, max-image-preview:large, max-video-preview:-1\" \/>\n<link rel=\"canonical\" href=\"https:\/\/unisale.com.br\/novo\/21-09-aqueles-que-tem-saude-nao-precisam-de-medicos-mas-sim-os-doentes\/\" \/>\n<meta property=\"og:locale\" content=\"pt_BR\" \/>\n<meta property=\"og:type\" content=\"article\" \/>\n<meta property=\"og:title\" content=\"21\/09 - Aqueles que t\u00eam sa\u00fade n\u00e3o precisam de m\u00e9dicos, mas sim os doentes. - Pastoral Universit\u00e1ria UniSALESIANO\" \/>\n<meta property=\"og:description\" content=\"Quarta-feira, 21 de setembro de 2022. &nbsp; Evangelho (Mt 9,9-13) \u00a0 \u201cAqueles que t\u00eam sa\u00fade n\u00e3o precisam de m\u00e9dicos, mas sim os doentes\u201d. \u00a0 Naquele...\" \/>\n<meta property=\"og:url\" content=\"https:\/\/unisale.com.br\/novo\/21-09-aqueles-que-tem-saude-nao-precisam-de-medicos-mas-sim-os-doentes\/\" \/>\n<meta property=\"og:site_name\" content=\"Pastoral Universit\u00e1ria UniSALESIANO\" \/>\n<meta property=\"article:published_time\" content=\"2022-09-13T12:18:44+00:00\" \/>\n<meta property=\"article:modified_time\" content=\"2022-09-13T13:11:23+00:00\" \/>\n<meta property=\"og:image\" content=\"https:\/\/unisale.com.br\/novo\/wp-content\/uploads\/2022\/09\/Ev-21.jpg\" \/>\n\t<meta property=\"og:image:width\" content=\"1280\" \/>\n\t<meta property=\"og:image:height\" content=\"720\" \/>\n\t<meta property=\"og:image:type\" content=\"image\/jpeg\" \/>\n<meta name=\"author\" content=\"Luiz Alexandre Marinho Lanzoni\" \/>\n<meta name=\"twitter:card\" content=\"summary_large_image\" \/>\n<meta name=\"twitter:label1\" content=\"Escrito por\" \/>\n\t<meta name=\"twitter:data1\" content=\"Luiz Alexandre Marinho Lanzoni\" \/>\n\t<meta name=\"twitter:label2\" content=\"Est. tempo de leitura\" \/>\n\t<meta name=\"twitter:data2\" content=\"2 minutos\" \/>\n<script type=\"application\/ld+json\" class=\"yoast-schema-graph\">{\"@context\":\"https:\\\/\\\/schema.org\",\"@graph\":[{\"@type\":\"Article\",\"@id\":\"https:\\\/\\\/unisale.com.br\\\/novo\\\/21-09-aqueles-que-tem-saude-nao-precisam-de-medicos-mas-sim-os-doentes\\\/#article\",\"isPartOf\":{\"@id\":\"https:\\\/\\\/unisale.com.br\\\/novo\\\/21-09-aqueles-que-tem-saude-nao-precisam-de-medicos-mas-sim-os-doentes\\\/\"},\"author\":{\"name\":\"Luiz Alexandre Marinho Lanzoni\",\"@id\":\"https:\\\/\\\/unisale.com.br\\\/pastoral\\\/#\\\/schema\\\/person\\\/492d3d7bfe53a8302576d39485aff2c4\"},\"headline\":\"21\\\/09 &#8211; Aqueles que t\u00eam sa\u00fade n\u00e3o precisam de m\u00e9dicos, mas sim os doentes.\",\"datePublished\":\"2022-09-13T12:18:44+00:00\",\"dateModified\":\"2022-09-13T13:11:23+00:00\",\"mainEntityOfPage\":{\"@id\":\"https:\\\/\\\/unisale.com.br\\\/novo\\\/21-09-aqueles-que-tem-saude-nao-precisam-de-medicos-mas-sim-os-doentes\\\/\"},\"wordCount\":447,\"image\":{\"@id\":\"https:\\\/\\\/unisale.com.br\\\/novo\\\/21-09-aqueles-que-tem-saude-nao-precisam-de-medicos-mas-sim-os-doentes\\\/#primaryimage\"},\"thumbnailUrl\":\"https:\\\/\\\/unisale.com.br\\\/pastoral\\\/wp-content\\\/uploads\\\/2022\\\/09\\\/Ev-21.jpg\",\"articleSection\":[\"Reflex\u00e3o do Evangelho\"],\"inLanguage\":\"pt-BR\"},{\"@type\":\"WebPage\",\"@id\":\"https:\\\/\\\/unisale.com.br\\\/novo\\\/21-09-aqueles-que-tem-saude-nao-precisam-de-medicos-mas-sim-os-doentes\\\/\",\"url\":\"https:\\\/\\\/unisale.com.br\\\/novo\\\/21-09-aqueles-que-tem-saude-nao-precisam-de-medicos-mas-sim-os-doentes\\\/\",\"name\":\"21\\\/09 - Aqueles que t\u00eam sa\u00fade n\u00e3o precisam de m\u00e9dicos, mas sim os doentes. - Pastoral Universit\u00e1ria UniSALESIANO\",\"isPartOf\":{\"@id\":\"https:\\\/\\\/unisale.com.br\\\/pastoral\\\/#website\"},\"primaryImageOfPage\":{\"@id\":\"https:\\\/\\\/unisale.com.br\\\/novo\\\/21-09-aqueles-que-tem-saude-nao-precisam-de-medicos-mas-sim-os-doentes\\\/#primaryimage\"},\"image\":{\"@id\":\"https:\\\/\\\/unisale.com.br\\\/novo\\\/21-09-aqueles-que-tem-saude-nao-precisam-de-medicos-mas-sim-os-doentes\\\/#primaryimage\"},\"thumbnailUrl\":\"https:\\\/\\\/unisale.com.br\\\/pastoral\\\/wp-content\\\/uploads\\\/2022\\\/09\\\/Ev-21.jpg\",\"datePublished\":\"2022-09-13T12:18:44+00:00\",\"dateModified\":\"2022-09-13T13:11:23+00:00\",\"author\":{\"@id\":\"https:\\\/\\\/unisale.com.br\\\/pastoral\\\/#\\\/schema\\\/person\\\/492d3d7bfe53a8302576d39485aff2c4\"},\"inLanguage\":\"pt-BR\",\"potentialAction\":[{\"@type\":\"ReadAction\",\"target\":[\"https:\\\/\\\/unisale.com.br\\\/novo\\\/21-09-aqueles-que-tem-saude-nao-precisam-de-medicos-mas-sim-os-doentes\\\/\"]}]},{\"@type\":\"ImageObject\",\"inLanguage\":\"pt-BR\",\"@id\":\"https:\\\/\\\/unisale.com.br\\\/novo\\\/21-09-aqueles-que-tem-saude-nao-precisam-de-medicos-mas-sim-os-doentes\\\/#primaryimage\",\"url\":\"https:\\\/\\\/unisale.com.br\\\/pastoral\\\/wp-content\\\/uploads\\\/2022\\\/09\\\/Ev-21.jpg\",\"contentUrl\":\"https:\\\/\\\/unisale.com.br\\\/pastoral\\\/wp-content\\\/uploads\\\/2022\\\/09\\\/Ev-21.jpg\",\"width\":889,\"height\":500},{\"@type\":\"WebSite\",\"@id\":\"https:\\\/\\\/unisale.com.br\\\/pastoral\\\/#website\",\"url\":\"https:\\\/\\\/unisale.com.br\\\/pastoral\\\/\",\"name\":\"Pastoral Universit\u00e1ria UniSALESIANO\",\"description\":\"Site da Pastoral Universit\u00e1ria do UniSALESIANO\",\"potentialAction\":[{\"@type\":\"SearchAction\",\"target\":{\"@type\":\"EntryPoint\",\"urlTemplate\":\"https:\\\/\\\/unisale.com.br\\\/pastoral\\\/?s={search_term_string}\"},\"query-input\":{\"@type\":\"PropertyValueSpecification\",\"valueRequired\":true,\"valueName\":\"search_term_string\"}}],\"inLanguage\":\"pt-BR\"},{\"@type\":\"Person\",\"@id\":\"https:\\\/\\\/unisale.com.br\\\/pastoral\\\/#\\\/schema\\\/person\\\/492d3d7bfe53a8302576d39485aff2c4\",\"name\":\"Luiz Alexandre Marinho Lanzoni\",\"url\":\"https:\\\/\\\/unisale.com.br\\\/pastoral\\\/author\\\/luiz\\\/\"}]}<\/script>\n<!-- \/ Yoast SEO plugin. -->","yoast_head_json":{"title":"21\/09 - Aqueles que t\u00eam sa\u00fade n\u00e3o precisam de m\u00e9dicos, mas sim os doentes. - Pastoral Universit\u00e1ria UniSALESIANO","robots":{"index":"index","follow":"follow","max-snippet":"max-snippet:-1","max-image-preview":"max-image-preview:large","max-video-preview":"max-video-preview:-1"},"canonical":"https:\/\/unisale.com.br\/novo\/21-09-aqueles-que-tem-saude-nao-precisam-de-medicos-mas-sim-os-doentes\/","og_locale":"pt_BR","og_type":"article","og_title":"21\/09 - Aqueles que t\u00eam sa\u00fade n\u00e3o precisam de m\u00e9dicos, mas sim os doentes. - Pastoral Universit\u00e1ria UniSALESIANO","og_description":"Quarta-feira, 21 de setembro de 2022. &nbsp; Evangelho (Mt 9,9-13) \u00a0 \u201cAqueles que t\u00eam sa\u00fade n\u00e3o precisam de m\u00e9dicos, mas sim os doentes\u201d. \u00a0 Naquele...","og_url":"https:\/\/unisale.com.br\/novo\/21-09-aqueles-que-tem-saude-nao-precisam-de-medicos-mas-sim-os-doentes\/","og_site_name":"Pastoral Universit\u00e1ria UniSALESIANO","article_published_time":"2022-09-13T12:18:44+00:00","article_modified_time":"2022-09-13T13:11:23+00:00","og_image":[{"width":1280,"height":720,"url":"https:\/\/unisale.com.br\/novo\/wp-content\/uploads\/2022\/09\/Ev-21.jpg","type":"image\/jpeg"}],"author":"Luiz Alexandre Marinho Lanzoni","twitter_card":"summary_large_image","twitter_misc":{"Escrito por":"Luiz Alexandre Marinho Lanzoni","Est. tempo de leitura":"2 minutos"},"schema":{"@context":"https:\/\/schema.org","@graph":[{"@type":"Article","@id":"https:\/\/unisale.com.br\/novo\/21-09-aqueles-que-tem-saude-nao-precisam-de-medicos-mas-sim-os-doentes\/#article","isPartOf":{"@id":"https:\/\/unisale.com.br\/novo\/21-09-aqueles-que-tem-saude-nao-precisam-de-medicos-mas-sim-os-doentes\/"},"author":{"name":"Luiz Alexandre Marinho Lanzoni","@id":"https:\/\/unisale.com.br\/pastoral\/#\/schema\/person\/492d3d7bfe53a8302576d39485aff2c4"},"headline":"21\/09 &#8211; Aqueles que t\u00eam sa\u00fade n\u00e3o precisam de m\u00e9dicos, mas sim os doentes.","datePublished":"2022-09-13T12:18:44+00:00","dateModified":"2022-09-13T13:11:23+00:00","mainEntityOfPage":{"@id":"https:\/\/unisale.com.br\/novo\/21-09-aqueles-que-tem-saude-nao-precisam-de-medicos-mas-sim-os-doentes\/"},"wordCount":447,"image":{"@id":"https:\/\/unisale.com.br\/novo\/21-09-aqueles-que-tem-saude-nao-precisam-de-medicos-mas-sim-os-doentes\/#primaryimage"},"thumbnailUrl":"https:\/\/unisale.com.br\/pastoral\/wp-content\/uploads\/2022\/09\/Ev-21.jpg","articleSection":["Reflex\u00e3o do Evangelho"],"inLanguage":"pt-BR"},{"@type":"WebPage","@id":"https:\/\/unisale.com.br\/novo\/21-09-aqueles-que-tem-saude-nao-precisam-de-medicos-mas-sim-os-doentes\/","url":"https:\/\/unisale.com.br\/novo\/21-09-aqueles-que-tem-saude-nao-precisam-de-medicos-mas-sim-os-doentes\/","name":"21\/09 - Aqueles que t\u00eam sa\u00fade n\u00e3o precisam de m\u00e9dicos, mas sim os doentes. - Pastoral Universit\u00e1ria UniSALESIANO","isPartOf":{"@id":"https:\/\/unisale.com.br\/pastoral\/#website"},"primaryImageOfPage":{"@id":"https:\/\/unisale.com.br\/novo\/21-09-aqueles-que-tem-saude-nao-precisam-de-medicos-mas-sim-os-doentes\/#primaryimage"},"image":{"@id":"https:\/\/unisale.com.br\/novo\/21-09-aqueles-que-tem-saude-nao-precisam-de-medicos-mas-sim-os-doentes\/#primaryimage"},"thumbnailUrl":"https:\/\/unisale.com.br\/pastoral\/wp-content\/uploads\/2022\/09\/Ev-21.jpg","datePublished":"2022-09-13T12:18:44+00:00","dateModified":"2022-09-13T13:11:23+00:00","author":{"@id":"https:\/\/unisale.com.br\/pastoral\/#\/schema\/person\/492d3d7bfe53a8302576d39485aff2c4"},"inLanguage":"pt-BR","potentialAction":[{"@type":"ReadAction","target":["https:\/\/unisale.com.br\/novo\/21-09-aqueles-que-tem-saude-nao-precisam-de-medicos-mas-sim-os-doentes\/"]}]},{"@type":"ImageObject","inLanguage":"pt-BR","@id":"https:\/\/unisale.com.br\/novo\/21-09-aqueles-que-tem-saude-nao-precisam-de-medicos-mas-sim-os-doentes\/#primaryimage","url":"https:\/\/unisale.com.br\/pastoral\/wp-content\/uploads\/2022\/09\/Ev-21.jpg","contentUrl":"https:\/\/unisale.com.br\/pastoral\/wp-content\/uploads\/2022\/09\/Ev-21.jpg","width":889,"height":500},{"@type":"WebSite","@id":"https:\/\/unisale.com.br\/pastoral\/#website","url":"https:\/\/unisale.com.br\/pastoral\/","name":"Pastoral Universit\u00e1ria UniSALESIANO","description":"Site da Pastoral Universit\u00e1ria do UniSALESIANO","potentialAction":[{"@type":"SearchAction","target":{"@type":"EntryPoint","urlTemplate":"https:\/\/unisale.com.br\/pastoral\/?s={search_term_string}"},"query-input":{"@type":"PropertyValueSpecification","valueRequired":true,"valueName":"search_term_string"}}],"inLanguage":"pt-BR"},{"@type":"Person","@id":"https:\/\/unisale.com.br\/pastoral\/#\/schema\/person\/492d3d7bfe53a8302576d39485aff2c4","name":"Luiz Alexandre Marinho Lanzoni","url":"https:\/\/unisale.com.br\/pastoral\/author\/luiz\/"}]}},"_links":{"self":[{"href":"https:\/\/unisale.com.br\/pastoral\/wp-json\/wp\/v2\/posts\/5355","targetHints":{"allow":["GET"]}}],"collection":[{"href":"https:\/\/unisale.com.br\/pastoral\/wp-json\/wp\/v2\/posts"}],"about":[{"href":"https:\/\/unisale.com.br\/pastoral\/wp-json\/wp\/v2\/types\/post"}],"author":[{"embeddable":true,"href":"https:\/\/unisale.com.br\/pastoral\/wp-json\/wp\/v2\/users\/6"}],"replies":[{"embeddable":true,"href":"https:\/\/unisale.com.br\/pastoral\/wp-json\/wp\/v2\/comments?post=5355"}],"version-history":[{"count":0,"href":"https:\/\/unisale.com.br\/pastoral\/wp-json\/wp\/v2\/posts\/5355\/revisions"}],"wp:featuredmedia":[{"embeddable":true,"href":"https:\/\/unisale.com.br\/pastoral\/wp-json\/wp\/v2\/media\/5351"}],"wp:attachment":[{"href":"https:\/\/unisale.com.br\/pastoral\/wp-json\/wp\/v2\/media?parent=5355"}],"wp:term":[{"taxonomy":"category","embeddable":true,"href":"https:\/\/unisale.com.br\/pastoral\/wp-json\/wp\/v2\/categories?post=5355"},{"taxonomy":"post_tag","embeddable":true,"href":"https:\/\/unisale.com.br\/pastoral\/wp-json\/wp\/v2\/tags?post=5355"}],"curies":[{"name":"wp","href":"https:\/\/api.w.org\/{rel}","templated":true}]}}