{"id":5357,"date":"2022-09-13T12:22:32","date_gmt":"2022-09-13T12:22:32","guid":{"rendered":"https:\/\/unisale.com.br\/pastoral\/?p=5357"},"modified":"2022-09-13T12:22:32","modified_gmt":"2022-09-13T12:22:32","slug":"22-09-eu-mandei-degolar-joao-quem-e-esse-homem-sobre-quem-ouco-falar-essas-coisas","status":"publish","type":"post","link":"https:\/\/unisale.com.br\/pastoral\/22-09-eu-mandei-degolar-joao-quem-e-esse-homem-sobre-quem-ouco-falar-essas-coisas\/","title":{"rendered":"22\/09 &#8211; Eu mandei degolar Jo\u00e3o. Quem \u00e9 esse homem, sobre quem ou\u00e7o falar essas coisas?"},"content":{"rendered":"<p>Quinta-feira, 22 de setembro de 2022.<\/p>\n<p>&nbsp;<\/p>\n<p><strong>Evangelho (Lc 9,7-9)<\/strong><\/p>\n<p><strong>\u00a0<\/strong><\/p>\n<p>Naquele tempo <sup>7<\/sup>O tetrarca Herodes ouviu falar de tudo o que estava acontecendo, e ficou perplexo, porque alguns diziam que Jo\u00e3o Batista tinha ressuscitado dos mortos. <sup>8<\/sup>Outros diziam que Elias tinha aparecido; outros ainda, que um dos antigos profetas tinha ressuscitado. <sup>9<\/sup>Ent\u00e3o Herodes disse: &#8216;Eu mandei degolar Jo\u00e3o. Quem \u00e9 esse homem, sobre quem ou\u00e7o falar essas coisas?&#8217; E procurava ver Jesus.<\/p>\n<p>&nbsp;<\/p>\n<p><strong>Reflex\u00e3o<\/strong><\/p>\n<p><strong>\u00a0<\/strong><\/p>\n<p>Mesmo na pessoa mais terr\u00edvel como Erodes, existia o desejo de ver Jesus. \u00c9 uma li\u00e7\u00e3o para n\u00f3s, n\u00e3o existe situa\u00e7\u00e3o na vida, por mais errada que seja, que possa suprimir o desejo por Cristo. Quem tem a consci\u00eancia suja n\u00e3o vive uma vida serena, porque por mais que se possa pensar que com a viol\u00eancia, a prepot\u00eancia, e a for\u00e7a se pode ter tudo, a verdade \u00e9 que quem se coloca contra a pr\u00f3pria consci\u00eancia vive num constante medo e na defensiva, e por isso enxerga sempre inimigos dos quais deve defender-se. Este \u00e9 Erodes. A confus\u00e3o reina soberana onde reina o mal. Se certas vezes o nosso ju\u00edzo e a nossa capacidade de discernir \u00e9 tomada pela confus\u00e3o, talvez \u00e9 porque antes de tudo n\u00f3s temos que nos afastar da escurid\u00e3o, ou nos afastar daquilo que chamamos de \u201cpecado\u201d. Um aut\u00eantico discernimento nasce de uma aut\u00eantica reconcilia\u00e7\u00e3o. S\u00f3 depois de rompermos com as trevas (pecado), \u00e9 que poderemos ver melhor. Desejar fazer um discernimento, mas continuando abra\u00e7ado ao pecado significa n\u00e3o alcan\u00e7ar jamais a meta, ou seja, significa n\u00e3o ver jamais a luz. Mas \u00e9 interessante perceber que apesar da situa\u00e7\u00e3o pecadora de Erodes, nele ainda existia o desejo de ver Jesus. \u00c9 um bom ponto de partida, apesar da incerteza do resultado.<\/p>\n<p>&nbsp;<\/p>\n<p><strong>Pe. Paulo Eduardo J\u00e1como, SDB.<\/strong><\/p>\n","protected":false},"excerpt":{"rendered":"<p>Quinta-feira, 22 de setembro de 2022. &nbsp; Evangelho (Lc 9,7-9) \u00a0 Naquele tempo 7O tetrarca Herodes ouviu falar de tudo o que estava acontecendo, e&#8230;<\/p>\n","protected":false},"author":6,"featured_media":5353,"comment_status":"closed","ping_status":"closed","sticky":false,"template":"","format":"standard","meta":{"_acf_changed":false,"footnotes":""},"categories":[13],"tags":[],"class_list":["post-5357","post","type-post","status-publish","format-standard","has-post-thumbnail","hentry","category-reflexaodoevagelho"],"acf":[],"yoast_head":"<!-- This site is optimized with the Yoast SEO plugin v27.3 - https:\/\/yoast.com\/product\/yoast-seo-wordpress\/ -->\n<title>22\/09 - Eu mandei degolar Jo\u00e3o. Quem \u00e9 esse homem, sobre quem ou\u00e7o falar essas coisas? - Pastoral Universit\u00e1ria UniSALESIANO<\/title>\n<meta name=\"robots\" content=\"index, follow, max-snippet:-1, max-image-preview:large, max-video-preview:-1\" \/>\n<link rel=\"canonical\" href=\"https:\/\/unisale.com.br\/novo\/22-09-eu-mandei-degolar-joao-quem-e-esse-homem-sobre-quem-ouco-falar-essas-coisas\/\" \/>\n<meta property=\"og:locale\" content=\"pt_BR\" \/>\n<meta property=\"og:type\" content=\"article\" \/>\n<meta property=\"og:title\" content=\"22\/09 - Eu mandei degolar Jo\u00e3o. Quem \u00e9 esse homem, sobre quem ou\u00e7o falar essas coisas? - Pastoral Universit\u00e1ria UniSALESIANO\" \/>\n<meta property=\"og:description\" content=\"Quinta-feira, 22 de setembro de 2022. &nbsp; Evangelho (Lc 9,7-9) \u00a0 Naquele tempo 7O tetrarca Herodes ouviu falar de tudo o que estava acontecendo, e...\" \/>\n<meta property=\"og:url\" content=\"https:\/\/unisale.com.br\/novo\/22-09-eu-mandei-degolar-joao-quem-e-esse-homem-sobre-quem-ouco-falar-essas-coisas\/\" \/>\n<meta property=\"og:site_name\" content=\"Pastoral Universit\u00e1ria UniSALESIANO\" \/>\n<meta property=\"article:published_time\" content=\"2022-09-13T12:22:32+00:00\" \/>\n<meta property=\"og:image\" content=\"https:\/\/unisale.com.br\/novo\/wp-content\/uploads\/2022\/09\/Ev-22.jpg\" \/>\n\t<meta property=\"og:image:width\" content=\"610\" \/>\n\t<meta property=\"og:image:height\" content=\"348\" \/>\n\t<meta property=\"og:image:type\" content=\"image\/jpeg\" \/>\n<meta name=\"author\" content=\"Luiz Alexandre Marinho Lanzoni\" \/>\n<meta name=\"twitter:card\" content=\"summary_large_image\" \/>\n<meta name=\"twitter:label1\" content=\"Escrito por\" \/>\n\t<meta name=\"twitter:data1\" content=\"Luiz Alexandre Marinho Lanzoni\" \/>\n\t<meta name=\"twitter:label2\" content=\"Est. tempo de leitura\" \/>\n\t<meta name=\"twitter:data2\" content=\"2 minutos\" \/>\n<script type=\"application\/ld+json\" class=\"yoast-schema-graph\">{\"@context\":\"https:\\\/\\\/schema.org\",\"@graph\":[{\"@type\":\"Article\",\"@id\":\"https:\\\/\\\/unisale.com.br\\\/novo\\\/22-09-eu-mandei-degolar-joao-quem-e-esse-homem-sobre-quem-ouco-falar-essas-coisas\\\/#article\",\"isPartOf\":{\"@id\":\"https:\\\/\\\/unisale.com.br\\\/novo\\\/22-09-eu-mandei-degolar-joao-quem-e-esse-homem-sobre-quem-ouco-falar-essas-coisas\\\/\"},\"author\":{\"name\":\"Luiz Alexandre Marinho Lanzoni\",\"@id\":\"https:\\\/\\\/unisale.com.br\\\/pastoral\\\/#\\\/schema\\\/person\\\/492d3d7bfe53a8302576d39485aff2c4\"},\"headline\":\"22\\\/09 &#8211; Eu mandei degolar Jo\u00e3o. Quem \u00e9 esse homem, sobre quem ou\u00e7o falar essas coisas?\",\"datePublished\":\"2022-09-13T12:22:32+00:00\",\"mainEntityOfPage\":{\"@id\":\"https:\\\/\\\/unisale.com.br\\\/novo\\\/22-09-eu-mandei-degolar-joao-quem-e-esse-homem-sobre-quem-ouco-falar-essas-coisas\\\/\"},\"wordCount\":331,\"image\":{\"@id\":\"https:\\\/\\\/unisale.com.br\\\/novo\\\/22-09-eu-mandei-degolar-joao-quem-e-esse-homem-sobre-quem-ouco-falar-essas-coisas\\\/#primaryimage\"},\"thumbnailUrl\":\"https:\\\/\\\/unisale.com.br\\\/pastoral\\\/wp-content\\\/uploads\\\/2022\\\/09\\\/Ev-22.jpg\",\"articleSection\":[\"Reflex\u00e3o do Evangelho\"],\"inLanguage\":\"pt-BR\"},{\"@type\":\"WebPage\",\"@id\":\"https:\\\/\\\/unisale.com.br\\\/novo\\\/22-09-eu-mandei-degolar-joao-quem-e-esse-homem-sobre-quem-ouco-falar-essas-coisas\\\/\",\"url\":\"https:\\\/\\\/unisale.com.br\\\/novo\\\/22-09-eu-mandei-degolar-joao-quem-e-esse-homem-sobre-quem-ouco-falar-essas-coisas\\\/\",\"name\":\"22\\\/09 - Eu mandei degolar Jo\u00e3o. Quem \u00e9 esse homem, sobre quem ou\u00e7o falar essas coisas? - Pastoral Universit\u00e1ria UniSALESIANO\",\"isPartOf\":{\"@id\":\"https:\\\/\\\/unisale.com.br\\\/pastoral\\\/#website\"},\"primaryImageOfPage\":{\"@id\":\"https:\\\/\\\/unisale.com.br\\\/novo\\\/22-09-eu-mandei-degolar-joao-quem-e-esse-homem-sobre-quem-ouco-falar-essas-coisas\\\/#primaryimage\"},\"image\":{\"@id\":\"https:\\\/\\\/unisale.com.br\\\/novo\\\/22-09-eu-mandei-degolar-joao-quem-e-esse-homem-sobre-quem-ouco-falar-essas-coisas\\\/#primaryimage\"},\"thumbnailUrl\":\"https:\\\/\\\/unisale.com.br\\\/pastoral\\\/wp-content\\\/uploads\\\/2022\\\/09\\\/Ev-22.jpg\",\"datePublished\":\"2022-09-13T12:22:32+00:00\",\"author\":{\"@id\":\"https:\\\/\\\/unisale.com.br\\\/pastoral\\\/#\\\/schema\\\/person\\\/492d3d7bfe53a8302576d39485aff2c4\"},\"inLanguage\":\"pt-BR\",\"potentialAction\":[{\"@type\":\"ReadAction\",\"target\":[\"https:\\\/\\\/unisale.com.br\\\/novo\\\/22-09-eu-mandei-degolar-joao-quem-e-esse-homem-sobre-quem-ouco-falar-essas-coisas\\\/\"]}]},{\"@type\":\"ImageObject\",\"inLanguage\":\"pt-BR\",\"@id\":\"https:\\\/\\\/unisale.com.br\\\/novo\\\/22-09-eu-mandei-degolar-joao-quem-e-esse-homem-sobre-quem-ouco-falar-essas-coisas\\\/#primaryimage\",\"url\":\"https:\\\/\\\/unisale.com.br\\\/pastoral\\\/wp-content\\\/uploads\\\/2022\\\/09\\\/Ev-22.jpg\",\"contentUrl\":\"https:\\\/\\\/unisale.com.br\\\/pastoral\\\/wp-content\\\/uploads\\\/2022\\\/09\\\/Ev-22.jpg\",\"width\":610,\"height\":348},{\"@type\":\"WebSite\",\"@id\":\"https:\\\/\\\/unisale.com.br\\\/pastoral\\\/#website\",\"url\":\"https:\\\/\\\/unisale.com.br\\\/pastoral\\\/\",\"name\":\"Pastoral Universit\u00e1ria UniSALESIANO\",\"description\":\"Site da Pastoral Universit\u00e1ria do UniSALESIANO\",\"potentialAction\":[{\"@type\":\"SearchAction\",\"target\":{\"@type\":\"EntryPoint\",\"urlTemplate\":\"https:\\\/\\\/unisale.com.br\\\/pastoral\\\/?s={search_term_string}\"},\"query-input\":{\"@type\":\"PropertyValueSpecification\",\"valueRequired\":true,\"valueName\":\"search_term_string\"}}],\"inLanguage\":\"pt-BR\"},{\"@type\":\"Person\",\"@id\":\"https:\\\/\\\/unisale.com.br\\\/pastoral\\\/#\\\/schema\\\/person\\\/492d3d7bfe53a8302576d39485aff2c4\",\"name\":\"Luiz Alexandre Marinho Lanzoni\",\"url\":\"https:\\\/\\\/unisale.com.br\\\/pastoral\\\/author\\\/luiz\\\/\"}]}<\/script>\n<!-- \/ Yoast SEO plugin. -->","yoast_head_json":{"title":"22\/09 - Eu mandei degolar Jo\u00e3o. Quem \u00e9 esse homem, sobre quem ou\u00e7o falar essas coisas? - Pastoral Universit\u00e1ria UniSALESIANO","robots":{"index":"index","follow":"follow","max-snippet":"max-snippet:-1","max-image-preview":"max-image-preview:large","max-video-preview":"max-video-preview:-1"},"canonical":"https:\/\/unisale.com.br\/novo\/22-09-eu-mandei-degolar-joao-quem-e-esse-homem-sobre-quem-ouco-falar-essas-coisas\/","og_locale":"pt_BR","og_type":"article","og_title":"22\/09 - Eu mandei degolar Jo\u00e3o. Quem \u00e9 esse homem, sobre quem ou\u00e7o falar essas coisas? - Pastoral Universit\u00e1ria UniSALESIANO","og_description":"Quinta-feira, 22 de setembro de 2022. &nbsp; Evangelho (Lc 9,7-9) \u00a0 Naquele tempo 7O tetrarca Herodes ouviu falar de tudo o que estava acontecendo, e...","og_url":"https:\/\/unisale.com.br\/novo\/22-09-eu-mandei-degolar-joao-quem-e-esse-homem-sobre-quem-ouco-falar-essas-coisas\/","og_site_name":"Pastoral Universit\u00e1ria UniSALESIANO","article_published_time":"2022-09-13T12:22:32+00:00","og_image":[{"width":610,"height":348,"url":"https:\/\/unisale.com.br\/novo\/wp-content\/uploads\/2022\/09\/Ev-22.jpg","type":"image\/jpeg"}],"author":"Luiz Alexandre Marinho Lanzoni","twitter_card":"summary_large_image","twitter_misc":{"Escrito por":"Luiz Alexandre Marinho Lanzoni","Est. tempo de leitura":"2 minutos"},"schema":{"@context":"https:\/\/schema.org","@graph":[{"@type":"Article","@id":"https:\/\/unisale.com.br\/novo\/22-09-eu-mandei-degolar-joao-quem-e-esse-homem-sobre-quem-ouco-falar-essas-coisas\/#article","isPartOf":{"@id":"https:\/\/unisale.com.br\/novo\/22-09-eu-mandei-degolar-joao-quem-e-esse-homem-sobre-quem-ouco-falar-essas-coisas\/"},"author":{"name":"Luiz Alexandre Marinho Lanzoni","@id":"https:\/\/unisale.com.br\/pastoral\/#\/schema\/person\/492d3d7bfe53a8302576d39485aff2c4"},"headline":"22\/09 &#8211; Eu mandei degolar Jo\u00e3o. Quem \u00e9 esse homem, sobre quem ou\u00e7o falar essas coisas?","datePublished":"2022-09-13T12:22:32+00:00","mainEntityOfPage":{"@id":"https:\/\/unisale.com.br\/novo\/22-09-eu-mandei-degolar-joao-quem-e-esse-homem-sobre-quem-ouco-falar-essas-coisas\/"},"wordCount":331,"image":{"@id":"https:\/\/unisale.com.br\/novo\/22-09-eu-mandei-degolar-joao-quem-e-esse-homem-sobre-quem-ouco-falar-essas-coisas\/#primaryimage"},"thumbnailUrl":"https:\/\/unisale.com.br\/pastoral\/wp-content\/uploads\/2022\/09\/Ev-22.jpg","articleSection":["Reflex\u00e3o do Evangelho"],"inLanguage":"pt-BR"},{"@type":"WebPage","@id":"https:\/\/unisale.com.br\/novo\/22-09-eu-mandei-degolar-joao-quem-e-esse-homem-sobre-quem-ouco-falar-essas-coisas\/","url":"https:\/\/unisale.com.br\/novo\/22-09-eu-mandei-degolar-joao-quem-e-esse-homem-sobre-quem-ouco-falar-essas-coisas\/","name":"22\/09 - Eu mandei degolar Jo\u00e3o. Quem \u00e9 esse homem, sobre quem ou\u00e7o falar essas coisas? - Pastoral Universit\u00e1ria UniSALESIANO","isPartOf":{"@id":"https:\/\/unisale.com.br\/pastoral\/#website"},"primaryImageOfPage":{"@id":"https:\/\/unisale.com.br\/novo\/22-09-eu-mandei-degolar-joao-quem-e-esse-homem-sobre-quem-ouco-falar-essas-coisas\/#primaryimage"},"image":{"@id":"https:\/\/unisale.com.br\/novo\/22-09-eu-mandei-degolar-joao-quem-e-esse-homem-sobre-quem-ouco-falar-essas-coisas\/#primaryimage"},"thumbnailUrl":"https:\/\/unisale.com.br\/pastoral\/wp-content\/uploads\/2022\/09\/Ev-22.jpg","datePublished":"2022-09-13T12:22:32+00:00","author":{"@id":"https:\/\/unisale.com.br\/pastoral\/#\/schema\/person\/492d3d7bfe53a8302576d39485aff2c4"},"inLanguage":"pt-BR","potentialAction":[{"@type":"ReadAction","target":["https:\/\/unisale.com.br\/novo\/22-09-eu-mandei-degolar-joao-quem-e-esse-homem-sobre-quem-ouco-falar-essas-coisas\/"]}]},{"@type":"ImageObject","inLanguage":"pt-BR","@id":"https:\/\/unisale.com.br\/novo\/22-09-eu-mandei-degolar-joao-quem-e-esse-homem-sobre-quem-ouco-falar-essas-coisas\/#primaryimage","url":"https:\/\/unisale.com.br\/pastoral\/wp-content\/uploads\/2022\/09\/Ev-22.jpg","contentUrl":"https:\/\/unisale.com.br\/pastoral\/wp-content\/uploads\/2022\/09\/Ev-22.jpg","width":610,"height":348},{"@type":"WebSite","@id":"https:\/\/unisale.com.br\/pastoral\/#website","url":"https:\/\/unisale.com.br\/pastoral\/","name":"Pastoral Universit\u00e1ria UniSALESIANO","description":"Site da Pastoral Universit\u00e1ria do UniSALESIANO","potentialAction":[{"@type":"SearchAction","target":{"@type":"EntryPoint","urlTemplate":"https:\/\/unisale.com.br\/pastoral\/?s={search_term_string}"},"query-input":{"@type":"PropertyValueSpecification","valueRequired":true,"valueName":"search_term_string"}}],"inLanguage":"pt-BR"},{"@type":"Person","@id":"https:\/\/unisale.com.br\/pastoral\/#\/schema\/person\/492d3d7bfe53a8302576d39485aff2c4","name":"Luiz Alexandre Marinho Lanzoni","url":"https:\/\/unisale.com.br\/pastoral\/author\/luiz\/"}]}},"_links":{"self":[{"href":"https:\/\/unisale.com.br\/pastoral\/wp-json\/wp\/v2\/posts\/5357","targetHints":{"allow":["GET"]}}],"collection":[{"href":"https:\/\/unisale.com.br\/pastoral\/wp-json\/wp\/v2\/posts"}],"about":[{"href":"https:\/\/unisale.com.br\/pastoral\/wp-json\/wp\/v2\/types\/post"}],"author":[{"embeddable":true,"href":"https:\/\/unisale.com.br\/pastoral\/wp-json\/wp\/v2\/users\/6"}],"replies":[{"embeddable":true,"href":"https:\/\/unisale.com.br\/pastoral\/wp-json\/wp\/v2\/comments?post=5357"}],"version-history":[{"count":0,"href":"https:\/\/unisale.com.br\/pastoral\/wp-json\/wp\/v2\/posts\/5357\/revisions"}],"wp:featuredmedia":[{"embeddable":true,"href":"https:\/\/unisale.com.br\/pastoral\/wp-json\/wp\/v2\/media\/5353"}],"wp:attachment":[{"href":"https:\/\/unisale.com.br\/pastoral\/wp-json\/wp\/v2\/media?parent=5357"}],"wp:term":[{"taxonomy":"category","embeddable":true,"href":"https:\/\/unisale.com.br\/pastoral\/wp-json\/wp\/v2\/categories?post=5357"},{"taxonomy":"post_tag","embeddable":true,"href":"https:\/\/unisale.com.br\/pastoral\/wp-json\/wp\/v2\/tags?post=5357"}],"curies":[{"name":"wp","href":"https:\/\/api.w.org\/{rel}","templated":true}]}}