{"id":5363,"date":"2022-09-13T12:31:11","date_gmt":"2022-09-13T12:31:11","guid":{"rendered":"https:\/\/unisale.com.br\/pastoral\/?p=5363"},"modified":"2022-09-13T12:31:11","modified_gmt":"2022-09-13T12:31:11","slug":"25-09-se-nao-escutam-a-moises-nem-aos-profetas-eles-nao-acreditarao-mesmo-que-alguem-ressuscite-dos-mortos","status":"publish","type":"post","link":"https:\/\/unisale.com.br\/pastoral\/25-09-se-nao-escutam-a-moises-nem-aos-profetas-eles-nao-acreditarao-mesmo-que-alguem-ressuscite-dos-mortos\/","title":{"rendered":"25\/09 &#8211; Se n\u00e3o escutam a Mois\u00e9s, nem aos Profetas, eles n\u00e3o acreditar\u00e3o, mesmo que algu\u00e9m ressuscite dos mortos."},"content":{"rendered":"<p>Domingo, 25 de setembro de 2022. XXVI TC C<\/p>\n<p>&nbsp;<\/p>\n<p>Evangelho (Lc 16,19-31)<\/p>\n<p>&nbsp;<\/p>\n<p><strong>\u201cSe n\u00e3o escutam a Mois\u00e9s, nem aos Profetas, eles n\u00e3o acreditar\u00e3o, mesmo que algu\u00e9m ressuscite dos mortos.\u201d<\/strong><\/p>\n<p>&nbsp;<\/p>\n<p>Naquele tempo, Jesus disse aos fariseus: <sup>19<\/sup>\u201cHavia um homem rico, que se vestia com roupas finas e elegantes e fazia festas espl\u00eandidas todos os dias. <sup>20<\/sup>Um pobre, chamado L\u00e1zaro, cheio de feridas, estava no ch\u00e3o, \u00e0 porta do rico. <sup>21<\/sup>Ele queria matar a fome com as sobras que ca\u00edam da mesa do rico. E, al\u00e9m disso, vinham os cachorros lamber suas feridas. <sup>22<\/sup>Quando o pobre morreu, os anjos levaram-no para junto de Abra\u00e3o. Morreu tamb\u00e9m o rico e foi enterrado. <sup>23<\/sup>Na regi\u00e3o dos mortos, no meio dos tormentos, o rico levantou os olhos e viu de longe a Abra\u00e3o, com L\u00e1zaro ao seu lado. <sup>24<\/sup>Ent\u00e3o gritou: \u2018Pai Abra\u00e3o, tem piedade de mim! Manda L\u00e1zaro molhar a ponta do dedo para me refrescar a l\u00edngua, porque sofro muito nestas chamas\u2019. <sup>25<\/sup>Mas Abra\u00e3o respondeu: \u2018Filho, lembra-te que tu recebeste teus bens durante a vida e L\u00e1zaro, por sua vez, os males. Agora, por\u00e9m, ele encontra aqui consolo e tu \u00e9s atormentado.<sup>26<\/sup>E, al\u00e9m disso, h\u00e1 um grande abismo entre n\u00f3s; por mais que algu\u00e9m desejasse, n\u00e3o poderia passar daqui para junto de v\u00f3s, e nem os da\u00ed poderiam atravessar at\u00e9 n\u00f3s\u2019. <sup>27<\/sup>O rico insistiu: \u2018Pai, eu te suplico, manda L\u00e1zaro \u00e0 casa do meu pai, <sup>28<\/sup>porque eu tenho cinco irm\u00e3os. Manda preveni-los, para que n\u00e3o venham tamb\u00e9m eles para este lugar de tormento\u2019. <sup>29<\/sup>Mas Abra\u00e3o respondeu: \u2018Eles t\u00eam Mois\u00e9s e os Profetas, que os escutem!\u2019 <sup>30<\/sup>O rico insistiu: \u2018N\u00e3o, Pai Abra\u00e3o, mas se um dos mortos for at\u00e9 eles, certamente v\u00e3o se converter\u2019. <sup>31<\/sup>Mas Abra\u00e3o lhe disse: \u2018Se n\u00e3o escutam a Mois\u00e9s, nem aos Profetas, eles n\u00e3o acreditar\u00e3o, mesmo que algu\u00e9m ressuscite dos mortos\u2019\u201d.<\/p>\n<p>&nbsp;<\/p>\n<p><strong>Reflex\u00e3o<\/strong><\/p>\n<p>&nbsp;<\/p>\n<p>A hist\u00f3ria de L\u00e1zaro deve agu\u00e7ar o nosso imagin\u00e1rio crist\u00e3o. O objetivo de hist\u00f3rias como esta \u00e9 justamente este: comunicar atrav\u00e9s da experi\u00eancia o que realmente \u00e9 importante. E o mais importante desta hist\u00f3ria n\u00e3o \u00e9 a injusti\u00e7a sofrida por L\u00e1zaro, mas a trag\u00e9dia da qual foi v\u00edtima o rico opulento. O trecho do Evangelho quer nos alertar sobre o perigo de chegarmos a uma situa\u00e7\u00e3o da nossa vida onde corremos o risco de perdermos a nossa pr\u00f3pria identidade e tudo isto porque se confunde a pr\u00f3pria identidade com aquilo que possu\u00edmos. O homem n\u00e3o \u00e9 jamais aquilo que possui. Quando uma pessoa pensa que a sua vida se define por aquilo que ela possui agora bastaria perder aquilo que possui para podermos entender que n\u00e3o somos nada. A morte \u00e9 o fim do verbo \u201chaver\u201d e o in\u00edcio do verbo \u201cser\u201d. Se passamos a vida toda nos esquecendo quem somos e vivendo somente pelo que o mundo nos dava, agora no fim descobriremos que o inferno \u00e9 viver no cancelamento do verbo ser, isto \u00e9, o inferno \u00e9 a nega\u00e7\u00e3o de quem realmente somos. E o verdadeiro problema \u00e9 que no inferno n\u00e3o deixamos de ser, mas simplesmente n\u00e3o podemos mais recuperar o nosso ser como algo que nos salva a vida, mas o vivemos como uma condena\u00e7\u00e3o que n\u00e3o te permite mais atravessar o confim entre aquilo que pode nos salvar e aquilo que pode nos condenar. Este confim \u00e9 o confim do amor. Amar significa nos reapropriarmos daquilo que somos. N\u00e3o poder amar mais \u00e9 o inferno.\u00a0 Por isso aquilo que na vida \u00e9 uma possibilidade (o rico ter podido amar L\u00e1zaro), depois da morte se torna um abismo: \u2018Filho, lembra-te que tu recebeste teus bens durante a vida e L\u00e1zaro, por sua vez, os males. Agora, por\u00e9m, ele encontra aqui consolo e tu \u00e9s atormentado.<sup>26<\/sup>E, al\u00e9m disso, h\u00e1 um grande abismo entre n\u00f3s; por mais que algu\u00e9m desejasse, n\u00e3o poderia passar daqui para junto de v\u00f3s, e nem os da\u00ed poderiam atravessar at\u00e9 n\u00f3s\u2019. Portanto, fa\u00e7amos o bem enquanto temos tempo.<\/p>\n<p>&nbsp;<\/p>\n<p><strong>Pe. Paulo Eduardo J\u00e1como, SDB.<\/strong><\/p>\n","protected":false},"excerpt":{"rendered":"<p>Domingo, 25 de setembro de 2022. XXVI TC C &nbsp; Evangelho (Lc 16,19-31) &nbsp; \u201cSe n\u00e3o escutam a Mois\u00e9s, nem aos Profetas, eles n\u00e3o acreditar\u00e3o,&#8230;<\/p>\n","protected":false},"author":6,"featured_media":5344,"comment_status":"closed","ping_status":"closed","sticky":false,"template":"","format":"standard","meta":{"_acf_changed":false,"footnotes":""},"categories":[13],"tags":[],"class_list":["post-5363","post","type-post","status-publish","format-standard","has-post-thumbnail","hentry","category-reflexaodoevagelho"],"acf":[],"yoast_head":"<!-- This site is optimized with the Yoast SEO plugin v27.3 - https:\/\/yoast.com\/product\/yoast-seo-wordpress\/ -->\n<title>25\/09 - Se n\u00e3o escutam a Mois\u00e9s, nem aos Profetas, eles n\u00e3o acreditar\u00e3o, mesmo que algu\u00e9m ressuscite dos mortos. - Pastoral Universit\u00e1ria UniSALESIANO<\/title>\n<meta name=\"robots\" content=\"index, follow, max-snippet:-1, max-image-preview:large, max-video-preview:-1\" \/>\n<link rel=\"canonical\" href=\"https:\/\/unisale.com.br\/novo\/25-09-se-nao-escutam-a-moises-nem-aos-profetas-eles-nao-acreditarao-mesmo-que-alguem-ressuscite-dos-mortos\/\" \/>\n<meta property=\"og:locale\" content=\"pt_BR\" \/>\n<meta property=\"og:type\" content=\"article\" \/>\n<meta property=\"og:title\" content=\"25\/09 - Se n\u00e3o escutam a Mois\u00e9s, nem aos Profetas, eles n\u00e3o acreditar\u00e3o, mesmo que algu\u00e9m ressuscite dos mortos. - Pastoral Universit\u00e1ria UniSALESIANO\" \/>\n<meta property=\"og:description\" content=\"Domingo, 25 de setembro de 2022. XXVI TC C &nbsp; Evangelho (Lc 16,19-31) &nbsp; \u201cSe n\u00e3o escutam a Mois\u00e9s, nem aos Profetas, eles n\u00e3o acreditar\u00e3o,...\" \/>\n<meta property=\"og:url\" content=\"https:\/\/unisale.com.br\/novo\/25-09-se-nao-escutam-a-moises-nem-aos-profetas-eles-nao-acreditarao-mesmo-que-alguem-ressuscite-dos-mortos\/\" \/>\n<meta property=\"og:site_name\" content=\"Pastoral Universit\u00e1ria UniSALESIANO\" \/>\n<meta property=\"article:published_time\" content=\"2022-09-13T12:31:11+00:00\" \/>\n<meta property=\"og:image\" content=\"https:\/\/unisale.com.br\/novo\/wp-content\/uploads\/2022\/09\/Ev-25.jpg\" \/>\n\t<meta property=\"og:image:width\" content=\"1280\" \/>\n\t<meta property=\"og:image:height\" content=\"720\" \/>\n\t<meta property=\"og:image:type\" content=\"image\/jpeg\" \/>\n<meta name=\"author\" content=\"Luiz Alexandre Marinho Lanzoni\" \/>\n<meta name=\"twitter:card\" content=\"summary_large_image\" \/>\n<meta name=\"twitter:label1\" content=\"Escrito por\" \/>\n\t<meta name=\"twitter:data1\" content=\"Luiz Alexandre Marinho Lanzoni\" \/>\n\t<meta name=\"twitter:label2\" content=\"Est. tempo de leitura\" \/>\n\t<meta name=\"twitter:data2\" content=\"4 minutos\" \/>\n<script type=\"application\/ld+json\" class=\"yoast-schema-graph\">{\"@context\":\"https:\\\/\\\/schema.org\",\"@graph\":[{\"@type\":\"Article\",\"@id\":\"https:\\\/\\\/unisale.com.br\\\/novo\\\/25-09-se-nao-escutam-a-moises-nem-aos-profetas-eles-nao-acreditarao-mesmo-que-alguem-ressuscite-dos-mortos\\\/#article\",\"isPartOf\":{\"@id\":\"https:\\\/\\\/unisale.com.br\\\/novo\\\/25-09-se-nao-escutam-a-moises-nem-aos-profetas-eles-nao-acreditarao-mesmo-que-alguem-ressuscite-dos-mortos\\\/\"},\"author\":{\"name\":\"Luiz Alexandre Marinho Lanzoni\",\"@id\":\"https:\\\/\\\/unisale.com.br\\\/pastoral\\\/#\\\/schema\\\/person\\\/492d3d7bfe53a8302576d39485aff2c4\"},\"headline\":\"25\\\/09 &#8211; Se n\u00e3o escutam a Mois\u00e9s, nem aos Profetas, eles n\u00e3o acreditar\u00e3o, mesmo que algu\u00e9m ressuscite dos mortos.\",\"datePublished\":\"2022-09-13T12:31:11+00:00\",\"mainEntityOfPage\":{\"@id\":\"https:\\\/\\\/unisale.com.br\\\/novo\\\/25-09-se-nao-escutam-a-moises-nem-aos-profetas-eles-nao-acreditarao-mesmo-que-alguem-ressuscite-dos-mortos\\\/\"},\"wordCount\":749,\"image\":{\"@id\":\"https:\\\/\\\/unisale.com.br\\\/novo\\\/25-09-se-nao-escutam-a-moises-nem-aos-profetas-eles-nao-acreditarao-mesmo-que-alguem-ressuscite-dos-mortos\\\/#primaryimage\"},\"thumbnailUrl\":\"https:\\\/\\\/unisale.com.br\\\/pastoral\\\/wp-content\\\/uploads\\\/2022\\\/09\\\/Ev-25.jpg\",\"articleSection\":[\"Reflex\u00e3o do Evangelho\"],\"inLanguage\":\"pt-BR\"},{\"@type\":\"WebPage\",\"@id\":\"https:\\\/\\\/unisale.com.br\\\/novo\\\/25-09-se-nao-escutam-a-moises-nem-aos-profetas-eles-nao-acreditarao-mesmo-que-alguem-ressuscite-dos-mortos\\\/\",\"url\":\"https:\\\/\\\/unisale.com.br\\\/novo\\\/25-09-se-nao-escutam-a-moises-nem-aos-profetas-eles-nao-acreditarao-mesmo-que-alguem-ressuscite-dos-mortos\\\/\",\"name\":\"25\\\/09 - Se n\u00e3o escutam a Mois\u00e9s, nem aos Profetas, eles n\u00e3o acreditar\u00e3o, mesmo que algu\u00e9m ressuscite dos mortos. - Pastoral Universit\u00e1ria UniSALESIANO\",\"isPartOf\":{\"@id\":\"https:\\\/\\\/unisale.com.br\\\/pastoral\\\/#website\"},\"primaryImageOfPage\":{\"@id\":\"https:\\\/\\\/unisale.com.br\\\/novo\\\/25-09-se-nao-escutam-a-moises-nem-aos-profetas-eles-nao-acreditarao-mesmo-que-alguem-ressuscite-dos-mortos\\\/#primaryimage\"},\"image\":{\"@id\":\"https:\\\/\\\/unisale.com.br\\\/novo\\\/25-09-se-nao-escutam-a-moises-nem-aos-profetas-eles-nao-acreditarao-mesmo-que-alguem-ressuscite-dos-mortos\\\/#primaryimage\"},\"thumbnailUrl\":\"https:\\\/\\\/unisale.com.br\\\/pastoral\\\/wp-content\\\/uploads\\\/2022\\\/09\\\/Ev-25.jpg\",\"datePublished\":\"2022-09-13T12:31:11+00:00\",\"author\":{\"@id\":\"https:\\\/\\\/unisale.com.br\\\/pastoral\\\/#\\\/schema\\\/person\\\/492d3d7bfe53a8302576d39485aff2c4\"},\"inLanguage\":\"pt-BR\",\"potentialAction\":[{\"@type\":\"ReadAction\",\"target\":[\"https:\\\/\\\/unisale.com.br\\\/novo\\\/25-09-se-nao-escutam-a-moises-nem-aos-profetas-eles-nao-acreditarao-mesmo-que-alguem-ressuscite-dos-mortos\\\/\"]}]},{\"@type\":\"ImageObject\",\"inLanguage\":\"pt-BR\",\"@id\":\"https:\\\/\\\/unisale.com.br\\\/novo\\\/25-09-se-nao-escutam-a-moises-nem-aos-profetas-eles-nao-acreditarao-mesmo-que-alguem-ressuscite-dos-mortos\\\/#primaryimage\",\"url\":\"https:\\\/\\\/unisale.com.br\\\/pastoral\\\/wp-content\\\/uploads\\\/2022\\\/09\\\/Ev-25.jpg\",\"contentUrl\":\"https:\\\/\\\/unisale.com.br\\\/pastoral\\\/wp-content\\\/uploads\\\/2022\\\/09\\\/Ev-25.jpg\",\"width\":889,\"height\":500},{\"@type\":\"WebSite\",\"@id\":\"https:\\\/\\\/unisale.com.br\\\/pastoral\\\/#website\",\"url\":\"https:\\\/\\\/unisale.com.br\\\/pastoral\\\/\",\"name\":\"Pastoral Universit\u00e1ria UniSALESIANO\",\"description\":\"Site da Pastoral Universit\u00e1ria do UniSALESIANO\",\"potentialAction\":[{\"@type\":\"SearchAction\",\"target\":{\"@type\":\"EntryPoint\",\"urlTemplate\":\"https:\\\/\\\/unisale.com.br\\\/pastoral\\\/?s={search_term_string}\"},\"query-input\":{\"@type\":\"PropertyValueSpecification\",\"valueRequired\":true,\"valueName\":\"search_term_string\"}}],\"inLanguage\":\"pt-BR\"},{\"@type\":\"Person\",\"@id\":\"https:\\\/\\\/unisale.com.br\\\/pastoral\\\/#\\\/schema\\\/person\\\/492d3d7bfe53a8302576d39485aff2c4\",\"name\":\"Luiz Alexandre Marinho Lanzoni\",\"url\":\"https:\\\/\\\/unisale.com.br\\\/pastoral\\\/author\\\/luiz\\\/\"}]}<\/script>\n<!-- \/ Yoast SEO plugin. -->","yoast_head_json":{"title":"25\/09 - Se n\u00e3o escutam a Mois\u00e9s, nem aos Profetas, eles n\u00e3o acreditar\u00e3o, mesmo que algu\u00e9m ressuscite dos mortos. - Pastoral Universit\u00e1ria UniSALESIANO","robots":{"index":"index","follow":"follow","max-snippet":"max-snippet:-1","max-image-preview":"max-image-preview:large","max-video-preview":"max-video-preview:-1"},"canonical":"https:\/\/unisale.com.br\/novo\/25-09-se-nao-escutam-a-moises-nem-aos-profetas-eles-nao-acreditarao-mesmo-que-alguem-ressuscite-dos-mortos\/","og_locale":"pt_BR","og_type":"article","og_title":"25\/09 - Se n\u00e3o escutam a Mois\u00e9s, nem aos Profetas, eles n\u00e3o acreditar\u00e3o, mesmo que algu\u00e9m ressuscite dos mortos. - Pastoral Universit\u00e1ria UniSALESIANO","og_description":"Domingo, 25 de setembro de 2022. XXVI TC C &nbsp; Evangelho (Lc 16,19-31) &nbsp; \u201cSe n\u00e3o escutam a Mois\u00e9s, nem aos Profetas, eles n\u00e3o acreditar\u00e3o,...","og_url":"https:\/\/unisale.com.br\/novo\/25-09-se-nao-escutam-a-moises-nem-aos-profetas-eles-nao-acreditarao-mesmo-que-alguem-ressuscite-dos-mortos\/","og_site_name":"Pastoral Universit\u00e1ria UniSALESIANO","article_published_time":"2022-09-13T12:31:11+00:00","og_image":[{"width":1280,"height":720,"url":"https:\/\/unisale.com.br\/novo\/wp-content\/uploads\/2022\/09\/Ev-25.jpg","type":"image\/jpeg"}],"author":"Luiz Alexandre Marinho Lanzoni","twitter_card":"summary_large_image","twitter_misc":{"Escrito por":"Luiz Alexandre Marinho Lanzoni","Est. tempo de leitura":"4 minutos"},"schema":{"@context":"https:\/\/schema.org","@graph":[{"@type":"Article","@id":"https:\/\/unisale.com.br\/novo\/25-09-se-nao-escutam-a-moises-nem-aos-profetas-eles-nao-acreditarao-mesmo-que-alguem-ressuscite-dos-mortos\/#article","isPartOf":{"@id":"https:\/\/unisale.com.br\/novo\/25-09-se-nao-escutam-a-moises-nem-aos-profetas-eles-nao-acreditarao-mesmo-que-alguem-ressuscite-dos-mortos\/"},"author":{"name":"Luiz Alexandre Marinho Lanzoni","@id":"https:\/\/unisale.com.br\/pastoral\/#\/schema\/person\/492d3d7bfe53a8302576d39485aff2c4"},"headline":"25\/09 &#8211; Se n\u00e3o escutam a Mois\u00e9s, nem aos Profetas, eles n\u00e3o acreditar\u00e3o, mesmo que algu\u00e9m ressuscite dos mortos.","datePublished":"2022-09-13T12:31:11+00:00","mainEntityOfPage":{"@id":"https:\/\/unisale.com.br\/novo\/25-09-se-nao-escutam-a-moises-nem-aos-profetas-eles-nao-acreditarao-mesmo-que-alguem-ressuscite-dos-mortos\/"},"wordCount":749,"image":{"@id":"https:\/\/unisale.com.br\/novo\/25-09-se-nao-escutam-a-moises-nem-aos-profetas-eles-nao-acreditarao-mesmo-que-alguem-ressuscite-dos-mortos\/#primaryimage"},"thumbnailUrl":"https:\/\/unisale.com.br\/pastoral\/wp-content\/uploads\/2022\/09\/Ev-25.jpg","articleSection":["Reflex\u00e3o do Evangelho"],"inLanguage":"pt-BR"},{"@type":"WebPage","@id":"https:\/\/unisale.com.br\/novo\/25-09-se-nao-escutam-a-moises-nem-aos-profetas-eles-nao-acreditarao-mesmo-que-alguem-ressuscite-dos-mortos\/","url":"https:\/\/unisale.com.br\/novo\/25-09-se-nao-escutam-a-moises-nem-aos-profetas-eles-nao-acreditarao-mesmo-que-alguem-ressuscite-dos-mortos\/","name":"25\/09 - Se n\u00e3o escutam a Mois\u00e9s, nem aos Profetas, eles n\u00e3o acreditar\u00e3o, mesmo que algu\u00e9m ressuscite dos mortos. - Pastoral Universit\u00e1ria UniSALESIANO","isPartOf":{"@id":"https:\/\/unisale.com.br\/pastoral\/#website"},"primaryImageOfPage":{"@id":"https:\/\/unisale.com.br\/novo\/25-09-se-nao-escutam-a-moises-nem-aos-profetas-eles-nao-acreditarao-mesmo-que-alguem-ressuscite-dos-mortos\/#primaryimage"},"image":{"@id":"https:\/\/unisale.com.br\/novo\/25-09-se-nao-escutam-a-moises-nem-aos-profetas-eles-nao-acreditarao-mesmo-que-alguem-ressuscite-dos-mortos\/#primaryimage"},"thumbnailUrl":"https:\/\/unisale.com.br\/pastoral\/wp-content\/uploads\/2022\/09\/Ev-25.jpg","datePublished":"2022-09-13T12:31:11+00:00","author":{"@id":"https:\/\/unisale.com.br\/pastoral\/#\/schema\/person\/492d3d7bfe53a8302576d39485aff2c4"},"inLanguage":"pt-BR","potentialAction":[{"@type":"ReadAction","target":["https:\/\/unisale.com.br\/novo\/25-09-se-nao-escutam-a-moises-nem-aos-profetas-eles-nao-acreditarao-mesmo-que-alguem-ressuscite-dos-mortos\/"]}]},{"@type":"ImageObject","inLanguage":"pt-BR","@id":"https:\/\/unisale.com.br\/novo\/25-09-se-nao-escutam-a-moises-nem-aos-profetas-eles-nao-acreditarao-mesmo-que-alguem-ressuscite-dos-mortos\/#primaryimage","url":"https:\/\/unisale.com.br\/pastoral\/wp-content\/uploads\/2022\/09\/Ev-25.jpg","contentUrl":"https:\/\/unisale.com.br\/pastoral\/wp-content\/uploads\/2022\/09\/Ev-25.jpg","width":889,"height":500},{"@type":"WebSite","@id":"https:\/\/unisale.com.br\/pastoral\/#website","url":"https:\/\/unisale.com.br\/pastoral\/","name":"Pastoral Universit\u00e1ria UniSALESIANO","description":"Site da Pastoral Universit\u00e1ria do UniSALESIANO","potentialAction":[{"@type":"SearchAction","target":{"@type":"EntryPoint","urlTemplate":"https:\/\/unisale.com.br\/pastoral\/?s={search_term_string}"},"query-input":{"@type":"PropertyValueSpecification","valueRequired":true,"valueName":"search_term_string"}}],"inLanguage":"pt-BR"},{"@type":"Person","@id":"https:\/\/unisale.com.br\/pastoral\/#\/schema\/person\/492d3d7bfe53a8302576d39485aff2c4","name":"Luiz Alexandre Marinho Lanzoni","url":"https:\/\/unisale.com.br\/pastoral\/author\/luiz\/"}]}},"_links":{"self":[{"href":"https:\/\/unisale.com.br\/pastoral\/wp-json\/wp\/v2\/posts\/5363","targetHints":{"allow":["GET"]}}],"collection":[{"href":"https:\/\/unisale.com.br\/pastoral\/wp-json\/wp\/v2\/posts"}],"about":[{"href":"https:\/\/unisale.com.br\/pastoral\/wp-json\/wp\/v2\/types\/post"}],"author":[{"embeddable":true,"href":"https:\/\/unisale.com.br\/pastoral\/wp-json\/wp\/v2\/users\/6"}],"replies":[{"embeddable":true,"href":"https:\/\/unisale.com.br\/pastoral\/wp-json\/wp\/v2\/comments?post=5363"}],"version-history":[{"count":0,"href":"https:\/\/unisale.com.br\/pastoral\/wp-json\/wp\/v2\/posts\/5363\/revisions"}],"wp:featuredmedia":[{"embeddable":true,"href":"https:\/\/unisale.com.br\/pastoral\/wp-json\/wp\/v2\/media\/5344"}],"wp:attachment":[{"href":"https:\/\/unisale.com.br\/pastoral\/wp-json\/wp\/v2\/media?parent=5363"}],"wp:term":[{"taxonomy":"category","embeddable":true,"href":"https:\/\/unisale.com.br\/pastoral\/wp-json\/wp\/v2\/categories?post=5363"},{"taxonomy":"post_tag","embeddable":true,"href":"https:\/\/unisale.com.br\/pastoral\/wp-json\/wp\/v2\/tags?post=5363"}],"curies":[{"name":"wp","href":"https:\/\/api.w.org\/{rel}","templated":true}]}}