{"id":537,"date":"2021-04-27T12:52:49","date_gmt":"2021-04-27T12:52:49","guid":{"rendered":"https:\/\/unisale.com.br\/pastoral\/?p=537"},"modified":"2021-05-21T11:57:27","modified_gmt":"2021-05-21T11:57:27","slug":"festa-no-castelo","status":"publish","type":"post","link":"https:\/\/unisale.com.br\/pastoral\/festa-no-castelo\/","title":{"rendered":"Festa no castelo"},"content":{"rendered":"<p><img fetchpriority=\"high\" decoding=\"async\" class=\"alignnone size-full wp-image-538\" src=\"https:\/\/unisale.com.br\/pastoral\/wp-content\/uploads\/2021\/04\/Prancheta-6.png\" alt=\"\" width=\"2560\" height=\"587\" srcset=\"https:\/\/unisale.com.br\/pastoral\/wp-content\/uploads\/2021\/04\/Prancheta-6.png 1000w, https:\/\/unisale.com.br\/pastoral\/wp-content\/uploads\/2021\/04\/Prancheta-6-300x69.png 300w, https:\/\/unisale.com.br\/pastoral\/wp-content\/uploads\/2021\/04\/Prancheta-6-1024x235.png 1024w, https:\/\/unisale.com.br\/pastoral\/wp-content\/uploads\/2021\/04\/Prancheta-6-768x176.png 768w, https:\/\/unisale.com.br\/pastoral\/wp-content\/uploads\/2021\/04\/Prancheta-6-1536x352.png 1536w, https:\/\/unisale.com.br\/pastoral\/wp-content\/uploads\/2021\/04\/Prancheta-6-2048x470.png 2048w\" sizes=\"(max-width: 2560px) 100vw, 2560px\" \/><\/p>\n<p>&nbsp;<\/p>\n<p style=\"text-align: center;\"><span style=\"font-size: 14pt;\"><strong>FESTA NO CASTELO<\/strong><\/span><\/p>\n<p>Um vilarejo aos p\u00e9s de um Castelo foi acordado pelo porta-voz do rei que lia um convite na pra\u00e7a:<\/p>\n<p>\u201cO nosso bem-amado senhor convida todos os seus bons e fi\u00e9is s\u00faditos a participarem da festa de seu anivers\u00e1rio. Todos receber\u00e3o uma agrad\u00e1vel surpresa. Pede a todos, por\u00e9m, um pequeno favor: quem participar da festa, tenha a gentileza de levar um pouco de \u00e1gua para encher o reservat\u00f3rio do castelo que est\u00e1 vazio&#8230;\u201d.<\/p>\n<p>O porta-voz repetiu muitas vezes o convite, depois fez meia volta e, escoltado pelos guardas, voltou ao Castelo.<\/p>\n<p>No vilarejo surgiram os mais diversos coment\u00e1rios:<\/p>\n<p>\u201cBah! \u00c9 o mesmo tirano! Ele possui diversos empregados para encher o reservat\u00f3rio&#8230; eu levarei um copo d\u2019\u00e1gua, e ser\u00e1 muito!\u201d.<\/p>\n<p>\u201cMas, n\u00e3o! Ele foi sempre bom e generoso! Eu lhe levarei um barril!\u201d<\/p>\n<p>\u201cEu um&#8230; dedal!\u201d<\/p>\n<p>\u201cEu uma garrafa!\u201d<\/p>\n<p>Na manh\u00e3 da festa, se viu um estranho cortejo subir ao Castelo. Algumas com toda a for\u00e7a carregavam grandes barris ou, ofegantes, carregavam grandes baldes cheios de \u00e1gua. Outros, ca\u00e7oando os companheiros de estrada, levavam pequenas garrafas ou um copinho sobre uma bandeja.<\/p>\n<p>A prociss\u00e3o entrou nas varandas do Castelo.<\/p>\n<p>Cada um esvaziava o pr\u00f3prio recipiente no grande reservat\u00f3rio, e o colocava em um canto e depois chegavam cheios de alegria na sala do banquete.<\/p>\n<p>Carnes e vinho, dan\u00e7as e cantos come\u00e7aram e seguiram at\u00e9 \u00e0 tarde, quando o senhor do Castelo agradeceu a todos com gentis palavras e se retirou aos seus aposentos.<\/p>\n<p>\u201cE a surpresa prometida?\u201d, reclamaram alguns desapontados e desiludidos. Outros demonstravam uma satisfeita alegria: \u201cO nosso senhor nos presenteou com a mais magn\u00edfica de todas as festas!\u201d<\/p>\n<p>Cada um, antes de partir, passou para pegar o seu recipiente. Explodiram agora gritos que se intensificaram rapidamente. Exclama\u00e7\u00f5es de alegria e raiva. Os recipientes foram cheios at\u00e9 a borda com moedas de ouro!<\/p>\n<p>\u201cAh! Se eu tivesse trazido mais \u00e1gua&#8230;\u201d.<\/p>\n<p><em>Dai, e Deus vos dar\u00e1: derramar\u00e1 em vosso rega\u00e7o uma medida boa, comprimida, sacudida e transbordante. A mesma medida que usardes para medir os outros vos ser\u00e1 aplicada tamb\u00e9m\u201d.<\/em><\/p>\n<p>&nbsp;<\/p>\n<p><strong>FERRERO<\/strong>, Bruno. Il Canto del grillo, Ed. Elledici, Torino- IT, 13\u00aa. Ristampa, 2010. (Tradu\u00e7\u00e3o: Pe. Paulo E. J\u00e1como, sdb).<\/p>\n","protected":false},"excerpt":{"rendered":"<p>&nbsp; FESTA NO CASTELO Um vilarejo aos p\u00e9s de um Castelo foi acordado pelo porta-voz do rei que lia um convite na pra\u00e7a: \u201cO nosso&#8230;<\/p>\n","protected":false},"author":1,"featured_media":0,"comment_status":"closed","ping_status":"open","sticky":false,"template":"","format":"standard","meta":{"_acf_changed":false,"footnotes":""},"categories":[12],"tags":[],"class_list":["post-537","post","type-post","status-publish","format-standard","hentry","category-historias-para-alma"],"acf":[],"yoast_head":"<!-- This site is optimized with the Yoast SEO plugin v27.3 - https:\/\/yoast.com\/product\/yoast-seo-wordpress\/ -->\n<title>Festa no castelo - Pastoral Universit\u00e1ria UniSALESIANO<\/title>\n<meta name=\"robots\" content=\"index, follow, max-snippet:-1, max-image-preview:large, max-video-preview:-1\" \/>\n<link rel=\"canonical\" href=\"https:\/\/unisale.com.br\/novo\/festa-no-castelo\/\" \/>\n<meta property=\"og:locale\" content=\"pt_BR\" \/>\n<meta property=\"og:type\" content=\"article\" \/>\n<meta property=\"og:title\" content=\"Festa no castelo - Pastoral Universit\u00e1ria UniSALESIANO\" \/>\n<meta property=\"og:description\" content=\"&nbsp; FESTA NO CASTELO Um vilarejo aos p\u00e9s de um Castelo foi acordado pelo porta-voz do rei que lia um convite na pra\u00e7a: \u201cO nosso...\" \/>\n<meta property=\"og:url\" content=\"https:\/\/unisale.com.br\/novo\/festa-no-castelo\/\" \/>\n<meta property=\"og:site_name\" content=\"Pastoral Universit\u00e1ria UniSALESIANO\" \/>\n<meta property=\"article:published_time\" content=\"2021-04-27T12:52:49+00:00\" \/>\n<meta property=\"article:modified_time\" content=\"2021-05-21T11:57:27+00:00\" \/>\n<meta property=\"og:image\" content=\"https:\/\/unisale.com.br\/novo\/wp-content\/uploads\/2021\/04\/Prancheta-6.png\" \/>\n<meta name=\"author\" content=\"pastoral\" \/>\n<meta name=\"twitter:card\" content=\"summary_large_image\" \/>\n<meta name=\"twitter:label1\" content=\"Escrito por\" \/>\n\t<meta name=\"twitter:data1\" content=\"pastoral\" \/>\n\t<meta name=\"twitter:label2\" content=\"Est. tempo de leitura\" \/>\n\t<meta name=\"twitter:data2\" content=\"2 minutos\" \/>\n<script type=\"application\/ld+json\" class=\"yoast-schema-graph\">{\"@context\":\"https:\\\/\\\/schema.org\",\"@graph\":[{\"@type\":\"Article\",\"@id\":\"https:\\\/\\\/unisale.com.br\\\/novo\\\/festa-no-castelo\\\/#article\",\"isPartOf\":{\"@id\":\"https:\\\/\\\/unisale.com.br\\\/novo\\\/festa-no-castelo\\\/\"},\"author\":{\"name\":\"pastoral\",\"@id\":\"https:\\\/\\\/unisale.com.br\\\/pastoral\\\/#\\\/schema\\\/person\\\/a16ba711a0f7dec9cb6b44563144d5a3\"},\"headline\":\"Festa no castelo\",\"datePublished\":\"2021-04-27T12:52:49+00:00\",\"dateModified\":\"2021-05-21T11:57:27+00:00\",\"mainEntityOfPage\":{\"@id\":\"https:\\\/\\\/unisale.com.br\\\/novo\\\/festa-no-castelo\\\/\"},\"wordCount\":387,\"image\":{\"@id\":\"https:\\\/\\\/unisale.com.br\\\/novo\\\/festa-no-castelo\\\/#primaryimage\"},\"thumbnailUrl\":\"https:\\\/\\\/unisale.com.br\\\/pastoral\\\/wp-content\\\/uploads\\\/2021\\\/04\\\/Prancheta-6.png\",\"articleSection\":[\"Hist\u00f3rias para alma\"],\"inLanguage\":\"pt-BR\"},{\"@type\":\"WebPage\",\"@id\":\"https:\\\/\\\/unisale.com.br\\\/novo\\\/festa-no-castelo\\\/\",\"url\":\"https:\\\/\\\/unisale.com.br\\\/novo\\\/festa-no-castelo\\\/\",\"name\":\"Festa no castelo - Pastoral Universit\u00e1ria UniSALESIANO\",\"isPartOf\":{\"@id\":\"https:\\\/\\\/unisale.com.br\\\/pastoral\\\/#website\"},\"primaryImageOfPage\":{\"@id\":\"https:\\\/\\\/unisale.com.br\\\/novo\\\/festa-no-castelo\\\/#primaryimage\"},\"image\":{\"@id\":\"https:\\\/\\\/unisale.com.br\\\/novo\\\/festa-no-castelo\\\/#primaryimage\"},\"thumbnailUrl\":\"https:\\\/\\\/unisale.com.br\\\/pastoral\\\/wp-content\\\/uploads\\\/2021\\\/04\\\/Prancheta-6.png\",\"datePublished\":\"2021-04-27T12:52:49+00:00\",\"dateModified\":\"2021-05-21T11:57:27+00:00\",\"author\":{\"@id\":\"https:\\\/\\\/unisale.com.br\\\/pastoral\\\/#\\\/schema\\\/person\\\/a16ba711a0f7dec9cb6b44563144d5a3\"},\"inLanguage\":\"pt-BR\",\"potentialAction\":[{\"@type\":\"ReadAction\",\"target\":[\"https:\\\/\\\/unisale.com.br\\\/novo\\\/festa-no-castelo\\\/\"]}]},{\"@type\":\"ImageObject\",\"inLanguage\":\"pt-BR\",\"@id\":\"https:\\\/\\\/unisale.com.br\\\/novo\\\/festa-no-castelo\\\/#primaryimage\",\"url\":\"https:\\\/\\\/unisale.com.br\\\/pastoral\\\/wp-content\\\/uploads\\\/2021\\\/04\\\/Prancheta-6.png\",\"contentUrl\":\"https:\\\/\\\/unisale.com.br\\\/pastoral\\\/wp-content\\\/uploads\\\/2021\\\/04\\\/Prancheta-6.png\",\"width\":1000,\"height\":229},{\"@type\":\"WebSite\",\"@id\":\"https:\\\/\\\/unisale.com.br\\\/pastoral\\\/#website\",\"url\":\"https:\\\/\\\/unisale.com.br\\\/pastoral\\\/\",\"name\":\"Pastoral Universit\u00e1ria UniSALESIANO\",\"description\":\"Site da Pastoral Universit\u00e1ria do UniSALESIANO\",\"potentialAction\":[{\"@type\":\"SearchAction\",\"target\":{\"@type\":\"EntryPoint\",\"urlTemplate\":\"https:\\\/\\\/unisale.com.br\\\/pastoral\\\/?s={search_term_string}\"},\"query-input\":{\"@type\":\"PropertyValueSpecification\",\"valueRequired\":true,\"valueName\":\"search_term_string\"}}],\"inLanguage\":\"pt-BR\"},{\"@type\":\"Person\",\"@id\":\"https:\\\/\\\/unisale.com.br\\\/pastoral\\\/#\\\/schema\\\/person\\\/a16ba711a0f7dec9cb6b44563144d5a3\",\"name\":\"pastoral\",\"url\":\"https:\\\/\\\/unisale.com.br\\\/pastoral\\\/author\\\/pastoral\\\/\"}]}<\/script>\n<!-- \/ Yoast SEO plugin. -->","yoast_head_json":{"title":"Festa no castelo - Pastoral Universit\u00e1ria UniSALESIANO","robots":{"index":"index","follow":"follow","max-snippet":"max-snippet:-1","max-image-preview":"max-image-preview:large","max-video-preview":"max-video-preview:-1"},"canonical":"https:\/\/unisale.com.br\/novo\/festa-no-castelo\/","og_locale":"pt_BR","og_type":"article","og_title":"Festa no castelo - Pastoral Universit\u00e1ria UniSALESIANO","og_description":"&nbsp; FESTA NO CASTELO Um vilarejo aos p\u00e9s de um Castelo foi acordado pelo porta-voz do rei que lia um convite na pra\u00e7a: \u201cO nosso...","og_url":"https:\/\/unisale.com.br\/novo\/festa-no-castelo\/","og_site_name":"Pastoral Universit\u00e1ria UniSALESIANO","article_published_time":"2021-04-27T12:52:49+00:00","article_modified_time":"2021-05-21T11:57:27+00:00","og_image":[{"url":"https:\/\/unisale.com.br\/novo\/wp-content\/uploads\/2021\/04\/Prancheta-6.png","type":"","width":"","height":""}],"author":"pastoral","twitter_card":"summary_large_image","twitter_misc":{"Escrito por":"pastoral","Est. tempo de leitura":"2 minutos"},"schema":{"@context":"https:\/\/schema.org","@graph":[{"@type":"Article","@id":"https:\/\/unisale.com.br\/novo\/festa-no-castelo\/#article","isPartOf":{"@id":"https:\/\/unisale.com.br\/novo\/festa-no-castelo\/"},"author":{"name":"pastoral","@id":"https:\/\/unisale.com.br\/pastoral\/#\/schema\/person\/a16ba711a0f7dec9cb6b44563144d5a3"},"headline":"Festa no castelo","datePublished":"2021-04-27T12:52:49+00:00","dateModified":"2021-05-21T11:57:27+00:00","mainEntityOfPage":{"@id":"https:\/\/unisale.com.br\/novo\/festa-no-castelo\/"},"wordCount":387,"image":{"@id":"https:\/\/unisale.com.br\/novo\/festa-no-castelo\/#primaryimage"},"thumbnailUrl":"https:\/\/unisale.com.br\/pastoral\/wp-content\/uploads\/2021\/04\/Prancheta-6.png","articleSection":["Hist\u00f3rias para alma"],"inLanguage":"pt-BR"},{"@type":"WebPage","@id":"https:\/\/unisale.com.br\/novo\/festa-no-castelo\/","url":"https:\/\/unisale.com.br\/novo\/festa-no-castelo\/","name":"Festa no castelo - Pastoral Universit\u00e1ria UniSALESIANO","isPartOf":{"@id":"https:\/\/unisale.com.br\/pastoral\/#website"},"primaryImageOfPage":{"@id":"https:\/\/unisale.com.br\/novo\/festa-no-castelo\/#primaryimage"},"image":{"@id":"https:\/\/unisale.com.br\/novo\/festa-no-castelo\/#primaryimage"},"thumbnailUrl":"https:\/\/unisale.com.br\/pastoral\/wp-content\/uploads\/2021\/04\/Prancheta-6.png","datePublished":"2021-04-27T12:52:49+00:00","dateModified":"2021-05-21T11:57:27+00:00","author":{"@id":"https:\/\/unisale.com.br\/pastoral\/#\/schema\/person\/a16ba711a0f7dec9cb6b44563144d5a3"},"inLanguage":"pt-BR","potentialAction":[{"@type":"ReadAction","target":["https:\/\/unisale.com.br\/novo\/festa-no-castelo\/"]}]},{"@type":"ImageObject","inLanguage":"pt-BR","@id":"https:\/\/unisale.com.br\/novo\/festa-no-castelo\/#primaryimage","url":"https:\/\/unisale.com.br\/pastoral\/wp-content\/uploads\/2021\/04\/Prancheta-6.png","contentUrl":"https:\/\/unisale.com.br\/pastoral\/wp-content\/uploads\/2021\/04\/Prancheta-6.png","width":1000,"height":229},{"@type":"WebSite","@id":"https:\/\/unisale.com.br\/pastoral\/#website","url":"https:\/\/unisale.com.br\/pastoral\/","name":"Pastoral Universit\u00e1ria UniSALESIANO","description":"Site da Pastoral Universit\u00e1ria do UniSALESIANO","potentialAction":[{"@type":"SearchAction","target":{"@type":"EntryPoint","urlTemplate":"https:\/\/unisale.com.br\/pastoral\/?s={search_term_string}"},"query-input":{"@type":"PropertyValueSpecification","valueRequired":true,"valueName":"search_term_string"}}],"inLanguage":"pt-BR"},{"@type":"Person","@id":"https:\/\/unisale.com.br\/pastoral\/#\/schema\/person\/a16ba711a0f7dec9cb6b44563144d5a3","name":"pastoral","url":"https:\/\/unisale.com.br\/pastoral\/author\/pastoral\/"}]}},"_links":{"self":[{"href":"https:\/\/unisale.com.br\/pastoral\/wp-json\/wp\/v2\/posts\/537","targetHints":{"allow":["GET"]}}],"collection":[{"href":"https:\/\/unisale.com.br\/pastoral\/wp-json\/wp\/v2\/posts"}],"about":[{"href":"https:\/\/unisale.com.br\/pastoral\/wp-json\/wp\/v2\/types\/post"}],"author":[{"embeddable":true,"href":"https:\/\/unisale.com.br\/pastoral\/wp-json\/wp\/v2\/users\/1"}],"replies":[{"embeddable":true,"href":"https:\/\/unisale.com.br\/pastoral\/wp-json\/wp\/v2\/comments?post=537"}],"version-history":[{"count":0,"href":"https:\/\/unisale.com.br\/pastoral\/wp-json\/wp\/v2\/posts\/537\/revisions"}],"wp:attachment":[{"href":"https:\/\/unisale.com.br\/pastoral\/wp-json\/wp\/v2\/media?parent=537"}],"wp:term":[{"taxonomy":"category","embeddable":true,"href":"https:\/\/unisale.com.br\/pastoral\/wp-json\/wp\/v2\/categories?post=537"},{"taxonomy":"post_tag","embeddable":true,"href":"https:\/\/unisale.com.br\/pastoral\/wp-json\/wp\/v2\/tags?post=537"}],"curies":[{"name":"wp","href":"https:\/\/api.w.org\/{rel}","templated":true}]}}