{"id":5404,"date":"2022-09-30T21:58:19","date_gmt":"2022-09-30T21:58:19","guid":{"rendered":"https:\/\/unisale.com.br\/pastoral\/?p=5404"},"modified":"2022-09-30T21:58:19","modified_gmt":"2022-09-30T21:58:19","slug":"29-09-em-verdade-em-verdade-eu-vos-digo-vereis-o-ceu-aberto-e-os-anjos-de-deus-subindo-e-descendo-sobre-o-filho-do-homem","status":"publish","type":"post","link":"https:\/\/unisale.com.br\/pastoral\/29-09-em-verdade-em-verdade-eu-vos-digo-vereis-o-ceu-aberto-e-os-anjos-de-deus-subindo-e-descendo-sobre-o-filho-do-homem\/","title":{"rendered":"29\/09 &#8211; Em verdade, em verdade eu vos digo: vereis o c\u00e9u aberto e os anjos de Deus subindo e descendo sobre o Filho do Homem"},"content":{"rendered":"<p>Quinta-feira, 29 de setembro de 2022.<\/p>\n<p>&nbsp;<\/p>\n<p>Evangelho (Jo 1,47-51)<\/p>\n<p>&nbsp;<\/p>\n<p><strong>\u201cEm verdade, em verdade eu vos digo: vereis o c\u00e9u aberto e os anjos de Deus subindo e descendo sobre o Filho do Homem\u201d<\/strong><\/p>\n<p>&nbsp;<\/p>\n<p>Naquele tempo, <sup>47<\/sup>Jesus viu Natanael que vinha para ele e comentou: \u201cA\u00ed vem um israelita de verdade, um homem sem falsidade\u201d. <sup>48<\/sup>Natanael perguntou: \u201cDe onde me conheces?\u201d Jesus respondeu: \u201cAntes que Filipe te chamasse, enquanto estavas debaixo da figueira, eu te vi\u201d. <sup>49<\/sup>Natanael respondeu: \u201cRabi, tu \u00e9s o Filho de Deus, tu \u00e9s o Rei de Israel\u201d. <sup>50<\/sup>Jesus disse: \u201cTu cr\u00eas porque te disse: \u2018Eu te vi debaixo da figueira?\u2019 Coisas maiores que esta ver\u00e1s!\u201d <sup>51<\/sup>E Jesus continuou: \u201cEm verdade, em verdade eu vos digo: vereis o c\u00e9u aberto e os anjos de Deus subindo e descendo sobre o Filho do Homem\u201d.<\/p>\n<p>&nbsp;<\/p>\n<p><strong>Reflex\u00e3o<\/strong><\/p>\n<p>&nbsp;<\/p>\n<p>\u201cEm verdade, em verdade eu vos digo: vereis o c\u00e9u aberto e os anjos de Deus subindo e descendo sobre o Filho do Homem\u201d.<\/p>\n<p>&nbsp;<\/p>\n<p>Atrav\u00e9s desta imagem descrita por Jesus a Natanael, o Evangelho de hoje n\u00f3s permite celebrar a mem\u00f3ria dos arcanjos Miguel, Gabriel e Rafael. Miguel \u00e9 aquele que defende, Gabriel aquele que anuncia, e Rafael aquele que cura. Os tr\u00eas arcanjos juntos nos doam tr\u00eas coisas que precisamos. A primeira coisa \u00e9 sabermos que n\u00e3o estamos sozinhos nesta luta, mas tem algu\u00e9m que luta conosco. A segunda coisa \u00e9 receber um anuncio que \u00e9 maior do que imaginamos ou calculamos, um anuncio que como algo imprevisto muda a nossa vida. \u00a0A terceira coisa \u00e9 saber que n\u00e3o passamos ilesos \u00e0s situa\u00e7\u00f5es da nossa vida e por isso constantemente precisamos ser curados.\u00a0 Na nossa sociedade que se alimenta de fantasia e realidade virtuais, falar de anjos significa invocar personagens que n\u00e3o t\u00eam nada a haver com a realidade verdadeira, mas que habitam aquela realidade ampliada da nossa intelig\u00eancia artificial. E se possu\u00edssemos um microsc\u00f3pio espiritual, poder\u00edamos perceber que bem pr\u00f3ximo, a realidade em que vivemos \u00e9 habitada por for\u00e7as invis\u00edveis, que coligam como uma rede invis\u00edvel o c\u00e9u e a terra. Um s\u00e9culo atr\u00e1s falar de wifi teria sido visto como algo de magico, porque as pessoas n\u00e3o poderiam ainda imaginar que imagens e sons pudessem viajar em tempo real de um lado para outro do nosso planeta sem que pud\u00e9ssemos perceber sua passagem. \u00a0No entanto isto \u00e9 real. Na vida espiritual acontece algo semelhante. A linha de wifi do c\u00e9u \u00e9 feita de anjos. E entre eles alguns desenvolvem tarefas e fun\u00e7\u00f5es decisivas. Podemos tamb\u00e9m n\u00e3o acreditar, mas apelar para os anjos nos coliga com o c\u00e9u e nos faz perceber que n\u00e3o estamos sozinhos e nem abandonados.<\/p>\n<p>&nbsp;<\/p>\n<p><strong>Pe. Paulo Eduardo J\u00e1como, sdb.<\/strong><\/p>\n","protected":false},"excerpt":{"rendered":"<p>Quinta-feira, 29 de setembro de 2022. &nbsp; Evangelho (Jo 1,47-51) &nbsp; \u201cEm verdade, em verdade eu vos digo: vereis o c\u00e9u aberto e os anjos&#8230;<\/p>\n","protected":false},"author":6,"featured_media":5406,"comment_status":"closed","ping_status":"closed","sticky":false,"template":"","format":"standard","meta":{"_acf_changed":false,"footnotes":""},"categories":[13],"tags":[],"class_list":["post-5404","post","type-post","status-publish","format-standard","has-post-thumbnail","hentry","category-reflexaodoevagelho"],"acf":[],"yoast_head":"<!-- This site is optimized with the Yoast SEO plugin v27.3 - https:\/\/yoast.com\/product\/yoast-seo-wordpress\/ -->\n<title>29\/09 - Em verdade, em verdade eu vos digo: vereis o c\u00e9u aberto e os anjos de Deus subindo e descendo sobre o Filho do Homem - Pastoral Universit\u00e1ria UniSALESIANO<\/title>\n<meta name=\"robots\" content=\"index, follow, max-snippet:-1, max-image-preview:large, max-video-preview:-1\" \/>\n<link rel=\"canonical\" href=\"https:\/\/unisale.com.br\/novo\/29-09-em-verdade-em-verdade-eu-vos-digo-vereis-o-ceu-aberto-e-os-anjos-de-deus-subindo-e-descendo-sobre-o-filho-do-homem\/\" \/>\n<meta property=\"og:locale\" content=\"pt_BR\" \/>\n<meta property=\"og:type\" content=\"article\" \/>\n<meta property=\"og:title\" content=\"29\/09 - Em verdade, em verdade eu vos digo: vereis o c\u00e9u aberto e os anjos de Deus subindo e descendo sobre o Filho do Homem - Pastoral Universit\u00e1ria UniSALESIANO\" \/>\n<meta property=\"og:description\" content=\"Quinta-feira, 29 de setembro de 2022. &nbsp; Evangelho (Jo 1,47-51) &nbsp; \u201cEm verdade, em verdade eu vos digo: vereis o c\u00e9u aberto e os anjos...\" \/>\n<meta property=\"og:url\" content=\"https:\/\/unisale.com.br\/novo\/29-09-em-verdade-em-verdade-eu-vos-digo-vereis-o-ceu-aberto-e-os-anjos-de-deus-subindo-e-descendo-sobre-o-filho-do-homem\/\" \/>\n<meta property=\"og:site_name\" content=\"Pastoral Universit\u00e1ria UniSALESIANO\" \/>\n<meta property=\"article:published_time\" content=\"2022-09-30T21:58:19+00:00\" \/>\n<meta property=\"og:image\" content=\"https:\/\/unisale.com.br\/novo\/wp-content\/uploads\/2022\/09\/Ev-29.jpg\" \/>\n\t<meta property=\"og:image:width\" content=\"620\" \/>\n\t<meta property=\"og:image:height\" content=\"369\" \/>\n\t<meta property=\"og:image:type\" content=\"image\/jpeg\" \/>\n<meta name=\"author\" content=\"Luiz Alexandre Marinho Lanzoni\" \/>\n<meta name=\"twitter:card\" content=\"summary_large_image\" \/>\n<meta name=\"twitter:label1\" content=\"Escrito por\" \/>\n\t<meta name=\"twitter:data1\" content=\"Luiz Alexandre Marinho Lanzoni\" \/>\n\t<meta name=\"twitter:label2\" content=\"Est. tempo de leitura\" \/>\n\t<meta name=\"twitter:data2\" content=\"2 minutos\" \/>\n<script type=\"application\/ld+json\" class=\"yoast-schema-graph\">{\"@context\":\"https:\\\/\\\/schema.org\",\"@graph\":[{\"@type\":\"Article\",\"@id\":\"https:\\\/\\\/unisale.com.br\\\/novo\\\/29-09-em-verdade-em-verdade-eu-vos-digo-vereis-o-ceu-aberto-e-os-anjos-de-deus-subindo-e-descendo-sobre-o-filho-do-homem\\\/#article\",\"isPartOf\":{\"@id\":\"https:\\\/\\\/unisale.com.br\\\/novo\\\/29-09-em-verdade-em-verdade-eu-vos-digo-vereis-o-ceu-aberto-e-os-anjos-de-deus-subindo-e-descendo-sobre-o-filho-do-homem\\\/\"},\"author\":{\"name\":\"Luiz Alexandre Marinho Lanzoni\",\"@id\":\"https:\\\/\\\/unisale.com.br\\\/pastoral\\\/#\\\/schema\\\/person\\\/492d3d7bfe53a8302576d39485aff2c4\"},\"headline\":\"29\\\/09 &#8211; Em verdade, em verdade eu vos digo: vereis o c\u00e9u aberto e os anjos de Deus subindo e descendo sobre o Filho do Homem\",\"datePublished\":\"2022-09-30T21:58:19+00:00\",\"mainEntityOfPage\":{\"@id\":\"https:\\\/\\\/unisale.com.br\\\/novo\\\/29-09-em-verdade-em-verdade-eu-vos-digo-vereis-o-ceu-aberto-e-os-anjos-de-deus-subindo-e-descendo-sobre-o-filho-do-homem\\\/\"},\"wordCount\":502,\"image\":{\"@id\":\"https:\\\/\\\/unisale.com.br\\\/novo\\\/29-09-em-verdade-em-verdade-eu-vos-digo-vereis-o-ceu-aberto-e-os-anjos-de-deus-subindo-e-descendo-sobre-o-filho-do-homem\\\/#primaryimage\"},\"thumbnailUrl\":\"https:\\\/\\\/unisale.com.br\\\/pastoral\\\/wp-content\\\/uploads\\\/2022\\\/09\\\/Ev-29.jpg\",\"articleSection\":[\"Reflex\u00e3o do Evangelho\"],\"inLanguage\":\"pt-BR\"},{\"@type\":\"WebPage\",\"@id\":\"https:\\\/\\\/unisale.com.br\\\/novo\\\/29-09-em-verdade-em-verdade-eu-vos-digo-vereis-o-ceu-aberto-e-os-anjos-de-deus-subindo-e-descendo-sobre-o-filho-do-homem\\\/\",\"url\":\"https:\\\/\\\/unisale.com.br\\\/novo\\\/29-09-em-verdade-em-verdade-eu-vos-digo-vereis-o-ceu-aberto-e-os-anjos-de-deus-subindo-e-descendo-sobre-o-filho-do-homem\\\/\",\"name\":\"29\\\/09 - Em verdade, em verdade eu vos digo: vereis o c\u00e9u aberto e os anjos de Deus subindo e descendo sobre o Filho do Homem - Pastoral Universit\u00e1ria UniSALESIANO\",\"isPartOf\":{\"@id\":\"https:\\\/\\\/unisale.com.br\\\/pastoral\\\/#website\"},\"primaryImageOfPage\":{\"@id\":\"https:\\\/\\\/unisale.com.br\\\/novo\\\/29-09-em-verdade-em-verdade-eu-vos-digo-vereis-o-ceu-aberto-e-os-anjos-de-deus-subindo-e-descendo-sobre-o-filho-do-homem\\\/#primaryimage\"},\"image\":{\"@id\":\"https:\\\/\\\/unisale.com.br\\\/novo\\\/29-09-em-verdade-em-verdade-eu-vos-digo-vereis-o-ceu-aberto-e-os-anjos-de-deus-subindo-e-descendo-sobre-o-filho-do-homem\\\/#primaryimage\"},\"thumbnailUrl\":\"https:\\\/\\\/unisale.com.br\\\/pastoral\\\/wp-content\\\/uploads\\\/2022\\\/09\\\/Ev-29.jpg\",\"datePublished\":\"2022-09-30T21:58:19+00:00\",\"author\":{\"@id\":\"https:\\\/\\\/unisale.com.br\\\/pastoral\\\/#\\\/schema\\\/person\\\/492d3d7bfe53a8302576d39485aff2c4\"},\"inLanguage\":\"pt-BR\",\"potentialAction\":[{\"@type\":\"ReadAction\",\"target\":[\"https:\\\/\\\/unisale.com.br\\\/novo\\\/29-09-em-verdade-em-verdade-eu-vos-digo-vereis-o-ceu-aberto-e-os-anjos-de-deus-subindo-e-descendo-sobre-o-filho-do-homem\\\/\"]}]},{\"@type\":\"ImageObject\",\"inLanguage\":\"pt-BR\",\"@id\":\"https:\\\/\\\/unisale.com.br\\\/novo\\\/29-09-em-verdade-em-verdade-eu-vos-digo-vereis-o-ceu-aberto-e-os-anjos-de-deus-subindo-e-descendo-sobre-o-filho-do-homem\\\/#primaryimage\",\"url\":\"https:\\\/\\\/unisale.com.br\\\/pastoral\\\/wp-content\\\/uploads\\\/2022\\\/09\\\/Ev-29.jpg\",\"contentUrl\":\"https:\\\/\\\/unisale.com.br\\\/pastoral\\\/wp-content\\\/uploads\\\/2022\\\/09\\\/Ev-29.jpg\",\"width\":620,\"height\":369},{\"@type\":\"WebSite\",\"@id\":\"https:\\\/\\\/unisale.com.br\\\/pastoral\\\/#website\",\"url\":\"https:\\\/\\\/unisale.com.br\\\/pastoral\\\/\",\"name\":\"Pastoral Universit\u00e1ria UniSALESIANO\",\"description\":\"Site da Pastoral Universit\u00e1ria do UniSALESIANO\",\"potentialAction\":[{\"@type\":\"SearchAction\",\"target\":{\"@type\":\"EntryPoint\",\"urlTemplate\":\"https:\\\/\\\/unisale.com.br\\\/pastoral\\\/?s={search_term_string}\"},\"query-input\":{\"@type\":\"PropertyValueSpecification\",\"valueRequired\":true,\"valueName\":\"search_term_string\"}}],\"inLanguage\":\"pt-BR\"},{\"@type\":\"Person\",\"@id\":\"https:\\\/\\\/unisale.com.br\\\/pastoral\\\/#\\\/schema\\\/person\\\/492d3d7bfe53a8302576d39485aff2c4\",\"name\":\"Luiz Alexandre Marinho Lanzoni\",\"url\":\"https:\\\/\\\/unisale.com.br\\\/pastoral\\\/author\\\/luiz\\\/\"}]}<\/script>\n<!-- \/ Yoast SEO plugin. -->","yoast_head_json":{"title":"29\/09 - Em verdade, em verdade eu vos digo: vereis o c\u00e9u aberto e os anjos de Deus subindo e descendo sobre o Filho do Homem - Pastoral Universit\u00e1ria UniSALESIANO","robots":{"index":"index","follow":"follow","max-snippet":"max-snippet:-1","max-image-preview":"max-image-preview:large","max-video-preview":"max-video-preview:-1"},"canonical":"https:\/\/unisale.com.br\/novo\/29-09-em-verdade-em-verdade-eu-vos-digo-vereis-o-ceu-aberto-e-os-anjos-de-deus-subindo-e-descendo-sobre-o-filho-do-homem\/","og_locale":"pt_BR","og_type":"article","og_title":"29\/09 - Em verdade, em verdade eu vos digo: vereis o c\u00e9u aberto e os anjos de Deus subindo e descendo sobre o Filho do Homem - Pastoral Universit\u00e1ria UniSALESIANO","og_description":"Quinta-feira, 29 de setembro de 2022. &nbsp; Evangelho (Jo 1,47-51) &nbsp; \u201cEm verdade, em verdade eu vos digo: vereis o c\u00e9u aberto e os anjos...","og_url":"https:\/\/unisale.com.br\/novo\/29-09-em-verdade-em-verdade-eu-vos-digo-vereis-o-ceu-aberto-e-os-anjos-de-deus-subindo-e-descendo-sobre-o-filho-do-homem\/","og_site_name":"Pastoral Universit\u00e1ria UniSALESIANO","article_published_time":"2022-09-30T21:58:19+00:00","og_image":[{"width":620,"height":369,"url":"https:\/\/unisale.com.br\/novo\/wp-content\/uploads\/2022\/09\/Ev-29.jpg","type":"image\/jpeg"}],"author":"Luiz Alexandre Marinho Lanzoni","twitter_card":"summary_large_image","twitter_misc":{"Escrito por":"Luiz Alexandre Marinho Lanzoni","Est. tempo de leitura":"2 minutos"},"schema":{"@context":"https:\/\/schema.org","@graph":[{"@type":"Article","@id":"https:\/\/unisale.com.br\/novo\/29-09-em-verdade-em-verdade-eu-vos-digo-vereis-o-ceu-aberto-e-os-anjos-de-deus-subindo-e-descendo-sobre-o-filho-do-homem\/#article","isPartOf":{"@id":"https:\/\/unisale.com.br\/novo\/29-09-em-verdade-em-verdade-eu-vos-digo-vereis-o-ceu-aberto-e-os-anjos-de-deus-subindo-e-descendo-sobre-o-filho-do-homem\/"},"author":{"name":"Luiz Alexandre Marinho Lanzoni","@id":"https:\/\/unisale.com.br\/pastoral\/#\/schema\/person\/492d3d7bfe53a8302576d39485aff2c4"},"headline":"29\/09 &#8211; Em verdade, em verdade eu vos digo: vereis o c\u00e9u aberto e os anjos de Deus subindo e descendo sobre o Filho do Homem","datePublished":"2022-09-30T21:58:19+00:00","mainEntityOfPage":{"@id":"https:\/\/unisale.com.br\/novo\/29-09-em-verdade-em-verdade-eu-vos-digo-vereis-o-ceu-aberto-e-os-anjos-de-deus-subindo-e-descendo-sobre-o-filho-do-homem\/"},"wordCount":502,"image":{"@id":"https:\/\/unisale.com.br\/novo\/29-09-em-verdade-em-verdade-eu-vos-digo-vereis-o-ceu-aberto-e-os-anjos-de-deus-subindo-e-descendo-sobre-o-filho-do-homem\/#primaryimage"},"thumbnailUrl":"https:\/\/unisale.com.br\/pastoral\/wp-content\/uploads\/2022\/09\/Ev-29.jpg","articleSection":["Reflex\u00e3o do Evangelho"],"inLanguage":"pt-BR"},{"@type":"WebPage","@id":"https:\/\/unisale.com.br\/novo\/29-09-em-verdade-em-verdade-eu-vos-digo-vereis-o-ceu-aberto-e-os-anjos-de-deus-subindo-e-descendo-sobre-o-filho-do-homem\/","url":"https:\/\/unisale.com.br\/novo\/29-09-em-verdade-em-verdade-eu-vos-digo-vereis-o-ceu-aberto-e-os-anjos-de-deus-subindo-e-descendo-sobre-o-filho-do-homem\/","name":"29\/09 - Em verdade, em verdade eu vos digo: vereis o c\u00e9u aberto e os anjos de Deus subindo e descendo sobre o Filho do Homem - Pastoral Universit\u00e1ria UniSALESIANO","isPartOf":{"@id":"https:\/\/unisale.com.br\/pastoral\/#website"},"primaryImageOfPage":{"@id":"https:\/\/unisale.com.br\/novo\/29-09-em-verdade-em-verdade-eu-vos-digo-vereis-o-ceu-aberto-e-os-anjos-de-deus-subindo-e-descendo-sobre-o-filho-do-homem\/#primaryimage"},"image":{"@id":"https:\/\/unisale.com.br\/novo\/29-09-em-verdade-em-verdade-eu-vos-digo-vereis-o-ceu-aberto-e-os-anjos-de-deus-subindo-e-descendo-sobre-o-filho-do-homem\/#primaryimage"},"thumbnailUrl":"https:\/\/unisale.com.br\/pastoral\/wp-content\/uploads\/2022\/09\/Ev-29.jpg","datePublished":"2022-09-30T21:58:19+00:00","author":{"@id":"https:\/\/unisale.com.br\/pastoral\/#\/schema\/person\/492d3d7bfe53a8302576d39485aff2c4"},"inLanguage":"pt-BR","potentialAction":[{"@type":"ReadAction","target":["https:\/\/unisale.com.br\/novo\/29-09-em-verdade-em-verdade-eu-vos-digo-vereis-o-ceu-aberto-e-os-anjos-de-deus-subindo-e-descendo-sobre-o-filho-do-homem\/"]}]},{"@type":"ImageObject","inLanguage":"pt-BR","@id":"https:\/\/unisale.com.br\/novo\/29-09-em-verdade-em-verdade-eu-vos-digo-vereis-o-ceu-aberto-e-os-anjos-de-deus-subindo-e-descendo-sobre-o-filho-do-homem\/#primaryimage","url":"https:\/\/unisale.com.br\/pastoral\/wp-content\/uploads\/2022\/09\/Ev-29.jpg","contentUrl":"https:\/\/unisale.com.br\/pastoral\/wp-content\/uploads\/2022\/09\/Ev-29.jpg","width":620,"height":369},{"@type":"WebSite","@id":"https:\/\/unisale.com.br\/pastoral\/#website","url":"https:\/\/unisale.com.br\/pastoral\/","name":"Pastoral Universit\u00e1ria UniSALESIANO","description":"Site da Pastoral Universit\u00e1ria do UniSALESIANO","potentialAction":[{"@type":"SearchAction","target":{"@type":"EntryPoint","urlTemplate":"https:\/\/unisale.com.br\/pastoral\/?s={search_term_string}"},"query-input":{"@type":"PropertyValueSpecification","valueRequired":true,"valueName":"search_term_string"}}],"inLanguage":"pt-BR"},{"@type":"Person","@id":"https:\/\/unisale.com.br\/pastoral\/#\/schema\/person\/492d3d7bfe53a8302576d39485aff2c4","name":"Luiz Alexandre Marinho Lanzoni","url":"https:\/\/unisale.com.br\/pastoral\/author\/luiz\/"}]}},"_links":{"self":[{"href":"https:\/\/unisale.com.br\/pastoral\/wp-json\/wp\/v2\/posts\/5404","targetHints":{"allow":["GET"]}}],"collection":[{"href":"https:\/\/unisale.com.br\/pastoral\/wp-json\/wp\/v2\/posts"}],"about":[{"href":"https:\/\/unisale.com.br\/pastoral\/wp-json\/wp\/v2\/types\/post"}],"author":[{"embeddable":true,"href":"https:\/\/unisale.com.br\/pastoral\/wp-json\/wp\/v2\/users\/6"}],"replies":[{"embeddable":true,"href":"https:\/\/unisale.com.br\/pastoral\/wp-json\/wp\/v2\/comments?post=5404"}],"version-history":[{"count":0,"href":"https:\/\/unisale.com.br\/pastoral\/wp-json\/wp\/v2\/posts\/5404\/revisions"}],"wp:featuredmedia":[{"embeddable":true,"href":"https:\/\/unisale.com.br\/pastoral\/wp-json\/wp\/v2\/media\/5406"}],"wp:attachment":[{"href":"https:\/\/unisale.com.br\/pastoral\/wp-json\/wp\/v2\/media?parent=5404"}],"wp:term":[{"taxonomy":"category","embeddable":true,"href":"https:\/\/unisale.com.br\/pastoral\/wp-json\/wp\/v2\/categories?post=5404"},{"taxonomy":"post_tag","embeddable":true,"href":"https:\/\/unisale.com.br\/pastoral\/wp-json\/wp\/v2\/tags?post=5404"}],"curies":[{"name":"wp","href":"https:\/\/api.w.org\/{rel}","templated":true}]}}