{"id":5433,"date":"2022-10-05T12:16:26","date_gmt":"2022-10-05T12:16:26","guid":{"rendered":"https:\/\/unisale.com.br\/pastoral\/?p=5433"},"modified":"2022-10-05T12:16:26","modified_gmt":"2022-10-05T12:16:26","slug":"capela-do-santissimo-e-inaugurada-junto-aos-colaboradores-do-unisalesiano","status":"publish","type":"post","link":"https:\/\/unisale.com.br\/pastoral\/capela-do-santissimo-e-inaugurada-junto-aos-colaboradores-do-unisalesiano\/","title":{"rendered":"Capela do Sant\u00edssimo \u00e9 inaugurada junto aos colaboradores do UniSALESIANO"},"content":{"rendered":"<h3>O novo espa\u00e7o do UniSALESIANO, dedicado \u00e0 ora\u00e7\u00e3o, conta com pinturas de Jesus Cristo, Maria e Jos\u00e9<\/h3>\n<p>De forma intimista e esperan\u00e7osa, o UniSALESIANO realizou a\u00a0<strong>celebra\u00e7\u00e3o em honra ao nascimento de Dom Bosco<\/strong>, fundador dos salesianos, cuja data \u00e9 comemorada em 16 de agosto.<\/p>\n<p>O evento, promovido na\u00a0<strong>Capela do Centro de Conviv\u00eancia,<\/strong>\u00a0na tarde do dia 19 de agosto, se estendeu ao pr\u00e9dio principal da Institui\u00e7\u00e3o, com a\u00a0<strong>inaugura\u00e7\u00e3o da Capela do Sant\u00edssimo<\/strong>.<\/p>\n<p>Na celebra\u00e7\u00e3o, o\u00a0<strong>Diretor-Geral do UniSALESIANO, Pe. Erondi Tamandar\u00e9, SDB<\/strong>, destacou que todos s\u00e3o intercessores, nessa vida, porque s\u00e3o chamados para a grandeza da santidade, a grandeza de estar sempre vinculados aos irm\u00e3os. \u201cSer crist\u00e3o significa ser respons\u00e1vel conosco e com os outros. E Dom Bosco foi justamente isso, respons\u00e1vel pela sua pr\u00f3pria vida junto de Deus e tamb\u00e9m por aqueles que passaram pelo seu caminho\u201d, contou.<\/p>\n<p>Ser respons\u00e1vel, segundo Pe. Erondi, \u00e9 cobrar, cuidar, afagar, exigir, corrigir, sempre em uma dire\u00e7\u00e3o: o bem da pessoa, de sua alma, seu esp\u00edrito, o bem integral do ser humano. \u201cS\u00e3o Jo\u00e3o Bosco foi um bom crist\u00e3o, pois ofereceu aos seus o p\u00e3o, o trabalho e o para\u00edso. O para\u00edso \u00e9 Jesus, o \u00fanico caminho, a verdade e a vida. Jesus \u00e9 a manifesta\u00e7\u00e3o do Pai entre n\u00f3s\u201d, completou.<\/p>\n<p>Ap\u00f3s a celebra\u00e7\u00e3o, em prociss\u00e3o com os fi\u00e9is, Pe. Erondi transladou o sant\u00edssimo at\u00e9 a sacr\u00e1rio da nova Capela, acompanhado do Pr\u00f3-Reitor de Pastoral, Pe. Paulo Eduardo J\u00e1como, SDB, e de aproximadamente 70 pessoas. \u201cTrata-se de um lugar de ref\u00fagio para cada um de n\u00f3s, para pedir a ben\u00e7\u00e3o na hora que chega, na hora que sai, quando precisar. Dom Bosco sempre dizia, quem quer gra\u00e7a, procura a Deus\u201d disse.<\/p>\n<p><strong>ARTE<\/strong><\/p>\n<p>A nova capela do UniSALESIANO, instalada na entrada principal do pr\u00e9dio, conta com pinturas de Jesus Cristo, Maria e Jos\u00e9.<\/p>\n<p>De acordo com o Pr\u00f3-Reitor de Pastoral, um espa\u00e7o dedicado \u00e0 ora\u00e7\u00e3o, trabalhado com arte, eleva o esp\u00edrito de quem reza. A arte lit\u00fargica facilita a abertura da pessoa orante ao Transcendente para al\u00e9m do espa\u00e7o e do tempo.<\/p>\n<p>Disse, ainda, que: \u201cDeus \u00e9 a Beleza. Considerar a arte na liturgia \u00e9 contemplar Aquele que \u00e9 a fonte da nossa vida. N\u00e3o podemos nos esquecer que o UniSALESIANO, esta Institui\u00e7\u00e3o que educa e prepara para a vida, \u00e9 tamb\u00e9m uma casa que evangeliza\u201d, concluiu.<\/p>\n<p>&nbsp;<\/p>\n<p><img decoding=\"async\" class=\"alignleft size-thumbnail wp-image-5451\" src=\"https:\/\/unisale.com.br\/pastoral\/wp-content\/uploads\/2022\/10\/IMG_6160-1024x683-1-150x150.jpg\" alt=\"\" width=\"150\" height=\"150\" \/> <img decoding=\"async\" class=\"alignleft size-thumbnail wp-image-5452\" src=\"https:\/\/unisale.com.br\/pastoral\/wp-content\/uploads\/2022\/10\/IMG_6172-1024x683-1-150x150.jpg\" alt=\"\" width=\"150\" height=\"150\" \/> <img decoding=\"async\" class=\"alignleft size-thumbnail wp-image-5453\" src=\"https:\/\/unisale.com.br\/pastoral\/wp-content\/uploads\/2022\/10\/IMG_6184-1024x683-1-150x150.jpg\" alt=\"\" width=\"150\" height=\"150\" \/> <img loading=\"lazy\" decoding=\"async\" class=\"alignleft size-thumbnail wp-image-5454\" src=\"https:\/\/unisale.com.br\/pastoral\/wp-content\/uploads\/2022\/10\/IMG_6191-1024x683-1-150x150.jpg\" alt=\"\" width=\"150\" height=\"150\" \/> <img loading=\"lazy\" decoding=\"async\" class=\"alignleft size-thumbnail wp-image-5455\" src=\"https:\/\/unisale.com.br\/pastoral\/wp-content\/uploads\/2022\/10\/IMG_6200-1024x683-1-150x150.jpg\" alt=\"\" width=\"150\" height=\"150\" \/> <img loading=\"lazy\" decoding=\"async\" class=\"alignleft size-thumbnail wp-image-5447\" src=\"https:\/\/unisale.com.br\/pastoral\/wp-content\/uploads\/2022\/10\/IMG_6057-1024x683-1-150x150.jpg\" alt=\"\" width=\"150\" height=\"150\" \/> <img loading=\"lazy\" decoding=\"async\" class=\"alignleft size-thumbnail wp-image-5446\" src=\"https:\/\/unisale.com.br\/pastoral\/wp-content\/uploads\/2022\/10\/IMG_6054-1024x683-1-150x150.jpg\" alt=\"\" width=\"150\" height=\"150\" \/> <img loading=\"lazy\" decoding=\"async\" class=\"alignleft size-thumbnail wp-image-5445\" src=\"https:\/\/unisale.com.br\/pastoral\/wp-content\/uploads\/2022\/10\/IMG_6049-1024x683-1-150x150.jpg\" alt=\"\" width=\"150\" height=\"150\" \/> <img loading=\"lazy\" decoding=\"async\" class=\"alignleft size-thumbnail wp-image-5444\" src=\"https:\/\/unisale.com.br\/pastoral\/wp-content\/uploads\/2022\/10\/IMG_6047-1024x683-1-150x150.jpg\" alt=\"\" width=\"150\" height=\"150\" \/> <img loading=\"lazy\" decoding=\"async\" class=\"alignleft size-thumbnail wp-image-5443\" src=\"https:\/\/unisale.com.br\/pastoral\/wp-content\/uploads\/2022\/10\/IMG_6260-1024x683-1-150x150.jpg\" alt=\"\" width=\"150\" height=\"150\" \/> <img loading=\"lazy\" decoding=\"async\" class=\"alignleft size-thumbnail wp-image-5450\" src=\"https:\/\/unisale.com.br\/pastoral\/wp-content\/uploads\/2022\/10\/IMG_6083-1024x683-1-150x150.jpg\" alt=\"\" width=\"150\" height=\"150\" \/> <img loading=\"lazy\" decoding=\"async\" class=\"alignleft size-thumbnail wp-image-5442\" src=\"https:\/\/unisale.com.br\/pastoral\/wp-content\/uploads\/2022\/10\/IMG_6259-1024x683-1-150x150.jpg\" alt=\"\" width=\"150\" height=\"150\" \/> <img loading=\"lazy\" decoding=\"async\" class=\"alignleft size-thumbnail wp-image-5449\" src=\"https:\/\/unisale.com.br\/pastoral\/wp-content\/uploads\/2022\/10\/IMG_6073-1024x683-1-150x150.jpg\" alt=\"\" width=\"150\" height=\"150\" \/> <img loading=\"lazy\" decoding=\"async\" class=\"alignleft size-thumbnail wp-image-5448\" src=\"https:\/\/unisale.com.br\/pastoral\/wp-content\/uploads\/2022\/10\/IMG_6070-1024x683-1-150x150.jpg\" alt=\"\" width=\"150\" height=\"150\" \/> <img loading=\"lazy\" decoding=\"async\" class=\"alignleft size-thumbnail wp-image-5440\" src=\"https:\/\/unisale.com.br\/pastoral\/wp-content\/uploads\/2022\/10\/IMG_6236-1024x683-1-150x150.jpg\" alt=\"\" width=\"150\" height=\"150\" \/> <img loading=\"lazy\" decoding=\"async\" class=\"alignleft size-thumbnail wp-image-5435\" src=\"https:\/\/unisale.com.br\/pastoral\/wp-content\/uploads\/2022\/10\/IMG_6202-1024x683-1-150x150.jpg\" alt=\"\" width=\"150\" height=\"150\" \/> <img loading=\"lazy\" decoding=\"async\" class=\"alignleft size-thumbnail wp-image-5436\" src=\"https:\/\/unisale.com.br\/pastoral\/wp-content\/uploads\/2022\/10\/IMG_6205-1024x683-1-150x150.jpg\" alt=\"\" width=\"150\" height=\"150\" \/> <img loading=\"lazy\" decoding=\"async\" class=\"alignleft size-thumbnail wp-image-5437\" src=\"https:\/\/unisale.com.br\/pastoral\/wp-content\/uploads\/2022\/10\/IMG_6212-1024x683-1-150x150.jpg\" alt=\"\" width=\"150\" height=\"150\" \/> <img loading=\"lazy\" decoding=\"async\" class=\"alignleft size-thumbnail wp-image-5438\" src=\"https:\/\/unisale.com.br\/pastoral\/wp-content\/uploads\/2022\/10\/IMG_6221-1024x683-1-150x150.jpg\" alt=\"\" width=\"150\" height=\"150\" \/> <img loading=\"lazy\" decoding=\"async\" class=\"alignleft size-thumbnail wp-image-5439\" src=\"https:\/\/unisale.com.br\/pastoral\/wp-content\/uploads\/2022\/10\/IMG_6230-1024x683-1-150x150.jpg\" alt=\"\" width=\"150\" height=\"150\" \/><\/p>\n","protected":false},"excerpt":{"rendered":"<p>O novo espa\u00e7o do UniSALESIANO, dedicado \u00e0 ora\u00e7\u00e3o, conta com pinturas de Jesus Cristo, Maria e Jos\u00e9 De forma intimista e esperan\u00e7osa, o UniSALESIANO realizou&#8230;<\/p>\n","protected":false},"author":6,"featured_media":5441,"comment_status":"closed","ping_status":"closed","sticky":false,"template":"","format":"standard","meta":{"_acf_changed":false,"footnotes":""},"categories":[1],"tags":[],"class_list":["post-5433","post","type-post","status-publish","format-standard","has-post-thumbnail","hentry","category-uncategorized"],"acf":[],"yoast_head":"<!-- This site is optimized with the Yoast SEO plugin v27.3 - https:\/\/yoast.com\/product\/yoast-seo-wordpress\/ -->\n<title>Capela do Sant\u00edssimo \u00e9 inaugurada junto aos colaboradores do UniSALESIANO - Pastoral Universit\u00e1ria UniSALESIANO<\/title>\n<meta name=\"robots\" content=\"index, follow, max-snippet:-1, max-image-preview:large, max-video-preview:-1\" \/>\n<link rel=\"canonical\" href=\"https:\/\/unisale.com.br\/novo\/capela-do-santissimo-e-inaugurada-junto-aos-colaboradores-do-unisalesiano\/\" \/>\n<meta property=\"og:locale\" content=\"pt_BR\" \/>\n<meta property=\"og:type\" content=\"article\" \/>\n<meta property=\"og:title\" content=\"Capela do Sant\u00edssimo \u00e9 inaugurada junto aos colaboradores do UniSALESIANO - Pastoral Universit\u00e1ria UniSALESIANO\" \/>\n<meta property=\"og:description\" content=\"O novo espa\u00e7o do UniSALESIANO, dedicado \u00e0 ora\u00e7\u00e3o, conta com pinturas de Jesus Cristo, Maria e Jos\u00e9 De forma intimista e esperan\u00e7osa, o UniSALESIANO realizou...\" \/>\n<meta property=\"og:url\" content=\"https:\/\/unisale.com.br\/novo\/capela-do-santissimo-e-inaugurada-junto-aos-colaboradores-do-unisalesiano\/\" \/>\n<meta property=\"og:site_name\" content=\"Pastoral Universit\u00e1ria UniSALESIANO\" \/>\n<meta property=\"article:published_time\" content=\"2022-10-05T12:16:26+00:00\" \/>\n<meta property=\"og:image\" content=\"https:\/\/unisale.com.br\/novo\/wp-content\/uploads\/2022\/10\/IMG_6254-768x512-1.jpg\" \/>\n\t<meta property=\"og:image:width\" content=\"768\" \/>\n\t<meta property=\"og:image:height\" content=\"512\" \/>\n\t<meta property=\"og:image:type\" content=\"image\/jpeg\" \/>\n<meta name=\"author\" content=\"Luiz Alexandre Marinho Lanzoni\" \/>\n<meta name=\"twitter:card\" content=\"summary_large_image\" \/>\n<meta name=\"twitter:label1\" content=\"Escrito por\" \/>\n\t<meta name=\"twitter:data1\" content=\"Luiz Alexandre Marinho Lanzoni\" \/>\n\t<meta name=\"twitter:label2\" content=\"Est. tempo de leitura\" \/>\n\t<meta name=\"twitter:data2\" content=\"2 minutos\" \/>\n<script type=\"application\/ld+json\" class=\"yoast-schema-graph\">{\"@context\":\"https:\\\/\\\/schema.org\",\"@graph\":[{\"@type\":\"Article\",\"@id\":\"https:\\\/\\\/unisale.com.br\\\/novo\\\/capela-do-santissimo-e-inaugurada-junto-aos-colaboradores-do-unisalesiano\\\/#article\",\"isPartOf\":{\"@id\":\"https:\\\/\\\/unisale.com.br\\\/novo\\\/capela-do-santissimo-e-inaugurada-junto-aos-colaboradores-do-unisalesiano\\\/\"},\"author\":{\"name\":\"Luiz Alexandre Marinho Lanzoni\",\"@id\":\"https:\\\/\\\/unisale.com.br\\\/pastoral\\\/#\\\/schema\\\/person\\\/492d3d7bfe53a8302576d39485aff2c4\"},\"headline\":\"Capela do Sant\u00edssimo \u00e9 inaugurada junto aos colaboradores do UniSALESIANO\",\"datePublished\":\"2022-10-05T12:16:26+00:00\",\"mainEntityOfPage\":{\"@id\":\"https:\\\/\\\/unisale.com.br\\\/novo\\\/capela-do-santissimo-e-inaugurada-junto-aos-colaboradores-do-unisalesiano\\\/\"},\"wordCount\":436,\"image\":{\"@id\":\"https:\\\/\\\/unisale.com.br\\\/novo\\\/capela-do-santissimo-e-inaugurada-junto-aos-colaboradores-do-unisalesiano\\\/#primaryimage\"},\"thumbnailUrl\":\"https:\\\/\\\/unisale.com.br\\\/pastoral\\\/wp-content\\\/uploads\\\/2022\\\/10\\\/IMG_6254-768x512-1.jpg\",\"inLanguage\":\"pt-BR\"},{\"@type\":\"WebPage\",\"@id\":\"https:\\\/\\\/unisale.com.br\\\/novo\\\/capela-do-santissimo-e-inaugurada-junto-aos-colaboradores-do-unisalesiano\\\/\",\"url\":\"https:\\\/\\\/unisale.com.br\\\/novo\\\/capela-do-santissimo-e-inaugurada-junto-aos-colaboradores-do-unisalesiano\\\/\",\"name\":\"Capela do Sant\u00edssimo \u00e9 inaugurada junto aos colaboradores do UniSALESIANO - Pastoral Universit\u00e1ria UniSALESIANO\",\"isPartOf\":{\"@id\":\"https:\\\/\\\/unisale.com.br\\\/pastoral\\\/#website\"},\"primaryImageOfPage\":{\"@id\":\"https:\\\/\\\/unisale.com.br\\\/novo\\\/capela-do-santissimo-e-inaugurada-junto-aos-colaboradores-do-unisalesiano\\\/#primaryimage\"},\"image\":{\"@id\":\"https:\\\/\\\/unisale.com.br\\\/novo\\\/capela-do-santissimo-e-inaugurada-junto-aos-colaboradores-do-unisalesiano\\\/#primaryimage\"},\"thumbnailUrl\":\"https:\\\/\\\/unisale.com.br\\\/pastoral\\\/wp-content\\\/uploads\\\/2022\\\/10\\\/IMG_6254-768x512-1.jpg\",\"datePublished\":\"2022-10-05T12:16:26+00:00\",\"author\":{\"@id\":\"https:\\\/\\\/unisale.com.br\\\/pastoral\\\/#\\\/schema\\\/person\\\/492d3d7bfe53a8302576d39485aff2c4\"},\"inLanguage\":\"pt-BR\",\"potentialAction\":[{\"@type\":\"ReadAction\",\"target\":[\"https:\\\/\\\/unisale.com.br\\\/novo\\\/capela-do-santissimo-e-inaugurada-junto-aos-colaboradores-do-unisalesiano\\\/\"]}]},{\"@type\":\"ImageObject\",\"inLanguage\":\"pt-BR\",\"@id\":\"https:\\\/\\\/unisale.com.br\\\/novo\\\/capela-do-santissimo-e-inaugurada-junto-aos-colaboradores-do-unisalesiano\\\/#primaryimage\",\"url\":\"https:\\\/\\\/unisale.com.br\\\/pastoral\\\/wp-content\\\/uploads\\\/2022\\\/10\\\/IMG_6254-768x512-1.jpg\",\"contentUrl\":\"https:\\\/\\\/unisale.com.br\\\/pastoral\\\/wp-content\\\/uploads\\\/2022\\\/10\\\/IMG_6254-768x512-1.jpg\",\"width\":750,\"height\":500},{\"@type\":\"WebSite\",\"@id\":\"https:\\\/\\\/unisale.com.br\\\/pastoral\\\/#website\",\"url\":\"https:\\\/\\\/unisale.com.br\\\/pastoral\\\/\",\"name\":\"Pastoral Universit\u00e1ria UniSALESIANO\",\"description\":\"Site da Pastoral Universit\u00e1ria do UniSALESIANO\",\"potentialAction\":[{\"@type\":\"SearchAction\",\"target\":{\"@type\":\"EntryPoint\",\"urlTemplate\":\"https:\\\/\\\/unisale.com.br\\\/pastoral\\\/?s={search_term_string}\"},\"query-input\":{\"@type\":\"PropertyValueSpecification\",\"valueRequired\":true,\"valueName\":\"search_term_string\"}}],\"inLanguage\":\"pt-BR\"},{\"@type\":\"Person\",\"@id\":\"https:\\\/\\\/unisale.com.br\\\/pastoral\\\/#\\\/schema\\\/person\\\/492d3d7bfe53a8302576d39485aff2c4\",\"name\":\"Luiz Alexandre Marinho Lanzoni\",\"url\":\"https:\\\/\\\/unisale.com.br\\\/pastoral\\\/author\\\/luiz\\\/\"}]}<\/script>\n<!-- \/ Yoast SEO plugin. -->","yoast_head_json":{"title":"Capela do Sant\u00edssimo \u00e9 inaugurada junto aos colaboradores do UniSALESIANO - Pastoral Universit\u00e1ria UniSALESIANO","robots":{"index":"index","follow":"follow","max-snippet":"max-snippet:-1","max-image-preview":"max-image-preview:large","max-video-preview":"max-video-preview:-1"},"canonical":"https:\/\/unisale.com.br\/novo\/capela-do-santissimo-e-inaugurada-junto-aos-colaboradores-do-unisalesiano\/","og_locale":"pt_BR","og_type":"article","og_title":"Capela do Sant\u00edssimo \u00e9 inaugurada junto aos colaboradores do UniSALESIANO - Pastoral Universit\u00e1ria UniSALESIANO","og_description":"O novo espa\u00e7o do UniSALESIANO, dedicado \u00e0 ora\u00e7\u00e3o, conta com pinturas de Jesus Cristo, Maria e Jos\u00e9 De forma intimista e esperan\u00e7osa, o UniSALESIANO realizou...","og_url":"https:\/\/unisale.com.br\/novo\/capela-do-santissimo-e-inaugurada-junto-aos-colaboradores-do-unisalesiano\/","og_site_name":"Pastoral Universit\u00e1ria UniSALESIANO","article_published_time":"2022-10-05T12:16:26+00:00","og_image":[{"width":768,"height":512,"url":"https:\/\/unisale.com.br\/novo\/wp-content\/uploads\/2022\/10\/IMG_6254-768x512-1.jpg","type":"image\/jpeg"}],"author":"Luiz Alexandre Marinho Lanzoni","twitter_card":"summary_large_image","twitter_misc":{"Escrito por":"Luiz Alexandre Marinho Lanzoni","Est. tempo de leitura":"2 minutos"},"schema":{"@context":"https:\/\/schema.org","@graph":[{"@type":"Article","@id":"https:\/\/unisale.com.br\/novo\/capela-do-santissimo-e-inaugurada-junto-aos-colaboradores-do-unisalesiano\/#article","isPartOf":{"@id":"https:\/\/unisale.com.br\/novo\/capela-do-santissimo-e-inaugurada-junto-aos-colaboradores-do-unisalesiano\/"},"author":{"name":"Luiz Alexandre Marinho Lanzoni","@id":"https:\/\/unisale.com.br\/pastoral\/#\/schema\/person\/492d3d7bfe53a8302576d39485aff2c4"},"headline":"Capela do Sant\u00edssimo \u00e9 inaugurada junto aos colaboradores do UniSALESIANO","datePublished":"2022-10-05T12:16:26+00:00","mainEntityOfPage":{"@id":"https:\/\/unisale.com.br\/novo\/capela-do-santissimo-e-inaugurada-junto-aos-colaboradores-do-unisalesiano\/"},"wordCount":436,"image":{"@id":"https:\/\/unisale.com.br\/novo\/capela-do-santissimo-e-inaugurada-junto-aos-colaboradores-do-unisalesiano\/#primaryimage"},"thumbnailUrl":"https:\/\/unisale.com.br\/pastoral\/wp-content\/uploads\/2022\/10\/IMG_6254-768x512-1.jpg","inLanguage":"pt-BR"},{"@type":"WebPage","@id":"https:\/\/unisale.com.br\/novo\/capela-do-santissimo-e-inaugurada-junto-aos-colaboradores-do-unisalesiano\/","url":"https:\/\/unisale.com.br\/novo\/capela-do-santissimo-e-inaugurada-junto-aos-colaboradores-do-unisalesiano\/","name":"Capela do Sant\u00edssimo \u00e9 inaugurada junto aos colaboradores do UniSALESIANO - Pastoral Universit\u00e1ria UniSALESIANO","isPartOf":{"@id":"https:\/\/unisale.com.br\/pastoral\/#website"},"primaryImageOfPage":{"@id":"https:\/\/unisale.com.br\/novo\/capela-do-santissimo-e-inaugurada-junto-aos-colaboradores-do-unisalesiano\/#primaryimage"},"image":{"@id":"https:\/\/unisale.com.br\/novo\/capela-do-santissimo-e-inaugurada-junto-aos-colaboradores-do-unisalesiano\/#primaryimage"},"thumbnailUrl":"https:\/\/unisale.com.br\/pastoral\/wp-content\/uploads\/2022\/10\/IMG_6254-768x512-1.jpg","datePublished":"2022-10-05T12:16:26+00:00","author":{"@id":"https:\/\/unisale.com.br\/pastoral\/#\/schema\/person\/492d3d7bfe53a8302576d39485aff2c4"},"inLanguage":"pt-BR","potentialAction":[{"@type":"ReadAction","target":["https:\/\/unisale.com.br\/novo\/capela-do-santissimo-e-inaugurada-junto-aos-colaboradores-do-unisalesiano\/"]}]},{"@type":"ImageObject","inLanguage":"pt-BR","@id":"https:\/\/unisale.com.br\/novo\/capela-do-santissimo-e-inaugurada-junto-aos-colaboradores-do-unisalesiano\/#primaryimage","url":"https:\/\/unisale.com.br\/pastoral\/wp-content\/uploads\/2022\/10\/IMG_6254-768x512-1.jpg","contentUrl":"https:\/\/unisale.com.br\/pastoral\/wp-content\/uploads\/2022\/10\/IMG_6254-768x512-1.jpg","width":750,"height":500},{"@type":"WebSite","@id":"https:\/\/unisale.com.br\/pastoral\/#website","url":"https:\/\/unisale.com.br\/pastoral\/","name":"Pastoral Universit\u00e1ria UniSALESIANO","description":"Site da Pastoral Universit\u00e1ria do UniSALESIANO","potentialAction":[{"@type":"SearchAction","target":{"@type":"EntryPoint","urlTemplate":"https:\/\/unisale.com.br\/pastoral\/?s={search_term_string}"},"query-input":{"@type":"PropertyValueSpecification","valueRequired":true,"valueName":"search_term_string"}}],"inLanguage":"pt-BR"},{"@type":"Person","@id":"https:\/\/unisale.com.br\/pastoral\/#\/schema\/person\/492d3d7bfe53a8302576d39485aff2c4","name":"Luiz Alexandre Marinho Lanzoni","url":"https:\/\/unisale.com.br\/pastoral\/author\/luiz\/"}]}},"_links":{"self":[{"href":"https:\/\/unisale.com.br\/pastoral\/wp-json\/wp\/v2\/posts\/5433","targetHints":{"allow":["GET"]}}],"collection":[{"href":"https:\/\/unisale.com.br\/pastoral\/wp-json\/wp\/v2\/posts"}],"about":[{"href":"https:\/\/unisale.com.br\/pastoral\/wp-json\/wp\/v2\/types\/post"}],"author":[{"embeddable":true,"href":"https:\/\/unisale.com.br\/pastoral\/wp-json\/wp\/v2\/users\/6"}],"replies":[{"embeddable":true,"href":"https:\/\/unisale.com.br\/pastoral\/wp-json\/wp\/v2\/comments?post=5433"}],"version-history":[{"count":0,"href":"https:\/\/unisale.com.br\/pastoral\/wp-json\/wp\/v2\/posts\/5433\/revisions"}],"wp:featuredmedia":[{"embeddable":true,"href":"https:\/\/unisale.com.br\/pastoral\/wp-json\/wp\/v2\/media\/5441"}],"wp:attachment":[{"href":"https:\/\/unisale.com.br\/pastoral\/wp-json\/wp\/v2\/media?parent=5433"}],"wp:term":[{"taxonomy":"category","embeddable":true,"href":"https:\/\/unisale.com.br\/pastoral\/wp-json\/wp\/v2\/categories?post=5433"},{"taxonomy":"post_tag","embeddable":true,"href":"https:\/\/unisale.com.br\/pastoral\/wp-json\/wp\/v2\/tags?post=5433"}],"curies":[{"name":"wp","href":"https:\/\/api.w.org\/{rel}","templated":true}]}}