{"id":5560,"date":"2022-10-07T11:38:23","date_gmt":"2022-10-07T11:38:23","guid":{"rendered":"https:\/\/unisale.com.br\/pastoral\/?p=5560"},"modified":"2022-10-07T11:38:23","modified_gmt":"2022-10-07T11:38:23","slug":"20-10-eu-vim-para-lancar-fogo-sobre-a-terra-e-como-gostaria-que-ja-estivesse-aceso","status":"publish","type":"post","link":"https:\/\/unisale.com.br\/pastoral\/20-10-eu-vim-para-lancar-fogo-sobre-a-terra-e-como-gostaria-que-ja-estivesse-aceso\/","title":{"rendered":"20\/10 &#8211; Eu vim para lan\u00e7ar fogo sobre a terra e como gostaria que j\u00e1 estivesse aceso."},"content":{"rendered":"<p>Quinta-feira, 20 de outubro de 2022.<\/p>\n<p>&nbsp;<\/p>\n<p>Evangelho (Lc 12,49-53)<\/p>\n<p>&nbsp;<\/p>\n<p><strong>\u201cEu vim para lan\u00e7ar fogo sobre a terra e como gostaria que j\u00e1 estivesse aceso\u201d<\/strong><\/p>\n<p>&nbsp;<\/p>\n<p>Naquele tempo, disse Jesus aos seus disc\u00edpulos: <sup>49<\/sup>\u201cEu vim para lan\u00e7ar fogo sobre a terra, e como gostaria que j\u00e1 estivesse aceso! <sup>50<\/sup>Devo receber um batismo, e como estou ansioso at\u00e9 que isto se cumpra! <sup>51<\/sup>V\u00f3s pensais que eu vim trazer a paz sobre a terra? Pelo contr\u00e1rio, eu vos digo, vim trazer divis\u00e3o. <sup>52<\/sup>Pois, daqui em diante, numa fam\u00edlia de cinco pessoas, tr\u00eas ficar\u00e3o divididas contra duas e duas contra tr\u00eas; <sup>53<\/sup>ficar\u00e3o divididos: o pai contra o filho e o filho contra o pai; a m\u00e3e contra a filha e a filha contra a m\u00e3e; a sogra contra a nora e a nora contra a sogra\u201d.<\/p>\n<p>&nbsp;<\/p>\n<p><strong>Reflex\u00e3o<\/strong><\/p>\n<p>&nbsp;<\/p>\n<p>A Palavra de Deus \u00e0s vezes \u00e9 como um tapa que levamos no rosto para acordar, \u00e9 o caso do Evangelho de hoje. Basta olhar a nossa vida, ao nosso redor e tomar consci\u00eancia que nos falta algo pelo qual \u201cqueimar\u201d, falta uma paix\u00e3o. Queimar de \u2018paix\u00e3o\u2019, de iniciativas, e porque n\u00e3o, tamb\u00e9m de quedas. A paz que ansiamos \u00e9 uma falsa paz. O importante \u00e9 n\u00e3o sentir dor e n\u00e3o fazer esfor\u00e7o, e n\u00e3o importa se n\u00e3o sou feliz, o importante \u00e9 que n\u00e3o me canso muito, que n\u00e3o sofro muito, que n\u00e3o me incomodo muito. Haveremos de criar uma gera\u00e7\u00e3o de infelizes porque estamos convencidos que n\u00e3o temos a capacidade de resolver os problemas. Nos esquecemos que muitas vezes para tornarmo-nos n\u00f3s mesmos precisamos ter o trabalho de nos separarmos da massa, de distinguir-nos. Isso n\u00e3o \u00e9 renegar um pai ou uma m\u00e3e, mas saber sermos n\u00f3s mesmos. N\u00e3o \u00e9 colocar tudo de acordo, mas sermos todos vivos, sentindo a vida como algo pulsante. Buscamos sempre situa\u00e7\u00f5es onde estamos no controle, mas a vida por defini\u00e7\u00e3o foge do controle. A vida n\u00e3o \u00e9 um museu a ser mantido em ordem e bem catalogado. A vida ao inv\u00e9s, \u00e9 feita de escolhas, tentativas, sonhos pelos quais lutar, sofrimentos a afrontar. Incompreens\u00f5es a serem digeridas. Neste sentido, Jesus veio para colocar tudo em discuss\u00e3o a fim de que tudo se torne o que tem que ser de fato. Jesus veio trazer o fogo, aquele pelo qual vale acordar toda manh\u00e3.<\/p>\n<p>&nbsp;<\/p>\n<p><strong>Pe. Paulo Eduardo J\u00e1como, SDB.<\/strong><\/p>\n","protected":false},"excerpt":{"rendered":"<p>Quinta-feira, 20 de outubro de 2022. &nbsp; Evangelho (Lc 12,49-53) &nbsp; \u201cEu vim para lan\u00e7ar fogo sobre a terra e como gostaria que j\u00e1 estivesse&#8230;<\/p>\n","protected":false},"author":6,"featured_media":5539,"comment_status":"closed","ping_status":"closed","sticky":false,"template":"","format":"standard","meta":{"_acf_changed":false,"footnotes":""},"categories":[13],"tags":[],"class_list":["post-5560","post","type-post","status-publish","format-standard","has-post-thumbnail","hentry","category-reflexaodoevagelho"],"acf":[],"yoast_head":"<!-- This site is optimized with the Yoast SEO plugin v27.3 - https:\/\/yoast.com\/product\/yoast-seo-wordpress\/ -->\n<title>20\/10 - Eu vim para lan\u00e7ar fogo sobre a terra e como gostaria que j\u00e1 estivesse aceso. - Pastoral Universit\u00e1ria UniSALESIANO<\/title>\n<meta name=\"robots\" content=\"index, follow, max-snippet:-1, max-image-preview:large, max-video-preview:-1\" \/>\n<link rel=\"canonical\" href=\"https:\/\/unisale.com.br\/novo\/20-10-eu-vim-para-lancar-fogo-sobre-a-terra-e-como-gostaria-que-ja-estivesse-aceso\/\" \/>\n<meta property=\"og:locale\" content=\"pt_BR\" \/>\n<meta property=\"og:type\" content=\"article\" \/>\n<meta property=\"og:title\" content=\"20\/10 - Eu vim para lan\u00e7ar fogo sobre a terra e como gostaria que j\u00e1 estivesse aceso. - Pastoral Universit\u00e1ria UniSALESIANO\" \/>\n<meta property=\"og:description\" content=\"Quinta-feira, 20 de outubro de 2022. &nbsp; Evangelho (Lc 12,49-53) &nbsp; \u201cEu vim para lan\u00e7ar fogo sobre a terra e como gostaria que j\u00e1 estivesse...\" \/>\n<meta property=\"og:url\" content=\"https:\/\/unisale.com.br\/novo\/20-10-eu-vim-para-lancar-fogo-sobre-a-terra-e-como-gostaria-que-ja-estivesse-aceso\/\" \/>\n<meta property=\"og:site_name\" content=\"Pastoral Universit\u00e1ria UniSALESIANO\" \/>\n<meta property=\"article:published_time\" content=\"2022-10-07T11:38:23+00:00\" \/>\n<meta property=\"og:image\" content=\"https:\/\/unisale.com.br\/novo\/wp-content\/uploads\/2022\/10\/Ev-20.jpg\" \/>\n\t<meta property=\"og:image:width\" content=\"400\" \/>\n\t<meta property=\"og:image:height\" content=\"266\" \/>\n\t<meta property=\"og:image:type\" content=\"image\/jpeg\" \/>\n<meta name=\"author\" content=\"Luiz Alexandre Marinho Lanzoni\" \/>\n<meta name=\"twitter:card\" content=\"summary_large_image\" \/>\n<meta name=\"twitter:label1\" content=\"Escrito por\" \/>\n\t<meta name=\"twitter:data1\" content=\"Luiz Alexandre Marinho Lanzoni\" \/>\n\t<meta name=\"twitter:label2\" content=\"Est. tempo de leitura\" \/>\n\t<meta name=\"twitter:data2\" content=\"2 minutos\" \/>\n<script type=\"application\/ld+json\" class=\"yoast-schema-graph\">{\"@context\":\"https:\\\/\\\/schema.org\",\"@graph\":[{\"@type\":\"Article\",\"@id\":\"https:\\\/\\\/unisale.com.br\\\/novo\\\/20-10-eu-vim-para-lancar-fogo-sobre-a-terra-e-como-gostaria-que-ja-estivesse-aceso\\\/#article\",\"isPartOf\":{\"@id\":\"https:\\\/\\\/unisale.com.br\\\/novo\\\/20-10-eu-vim-para-lancar-fogo-sobre-a-terra-e-como-gostaria-que-ja-estivesse-aceso\\\/\"},\"author\":{\"name\":\"Luiz Alexandre Marinho Lanzoni\",\"@id\":\"https:\\\/\\\/unisale.com.br\\\/pastoral\\\/#\\\/schema\\\/person\\\/492d3d7bfe53a8302576d39485aff2c4\"},\"headline\":\"20\\\/10 &#8211; Eu vim para lan\u00e7ar fogo sobre a terra e como gostaria que j\u00e1 estivesse aceso.\",\"datePublished\":\"2022-10-07T11:38:23+00:00\",\"mainEntityOfPage\":{\"@id\":\"https:\\\/\\\/unisale.com.br\\\/novo\\\/20-10-eu-vim-para-lancar-fogo-sobre-a-terra-e-como-gostaria-que-ja-estivesse-aceso\\\/\"},\"wordCount\":440,\"image\":{\"@id\":\"https:\\\/\\\/unisale.com.br\\\/novo\\\/20-10-eu-vim-para-lancar-fogo-sobre-a-terra-e-como-gostaria-que-ja-estivesse-aceso\\\/#primaryimage\"},\"thumbnailUrl\":\"https:\\\/\\\/unisale.com.br\\\/pastoral\\\/wp-content\\\/uploads\\\/2022\\\/10\\\/Ev-20.jpg\",\"articleSection\":[\"Reflex\u00e3o do Evangelho\"],\"inLanguage\":\"pt-BR\"},{\"@type\":\"WebPage\",\"@id\":\"https:\\\/\\\/unisale.com.br\\\/novo\\\/20-10-eu-vim-para-lancar-fogo-sobre-a-terra-e-como-gostaria-que-ja-estivesse-aceso\\\/\",\"url\":\"https:\\\/\\\/unisale.com.br\\\/novo\\\/20-10-eu-vim-para-lancar-fogo-sobre-a-terra-e-como-gostaria-que-ja-estivesse-aceso\\\/\",\"name\":\"20\\\/10 - Eu vim para lan\u00e7ar fogo sobre a terra e como gostaria que j\u00e1 estivesse aceso. - Pastoral Universit\u00e1ria UniSALESIANO\",\"isPartOf\":{\"@id\":\"https:\\\/\\\/unisale.com.br\\\/pastoral\\\/#website\"},\"primaryImageOfPage\":{\"@id\":\"https:\\\/\\\/unisale.com.br\\\/novo\\\/20-10-eu-vim-para-lancar-fogo-sobre-a-terra-e-como-gostaria-que-ja-estivesse-aceso\\\/#primaryimage\"},\"image\":{\"@id\":\"https:\\\/\\\/unisale.com.br\\\/novo\\\/20-10-eu-vim-para-lancar-fogo-sobre-a-terra-e-como-gostaria-que-ja-estivesse-aceso\\\/#primaryimage\"},\"thumbnailUrl\":\"https:\\\/\\\/unisale.com.br\\\/pastoral\\\/wp-content\\\/uploads\\\/2022\\\/10\\\/Ev-20.jpg\",\"datePublished\":\"2022-10-07T11:38:23+00:00\",\"author\":{\"@id\":\"https:\\\/\\\/unisale.com.br\\\/pastoral\\\/#\\\/schema\\\/person\\\/492d3d7bfe53a8302576d39485aff2c4\"},\"inLanguage\":\"pt-BR\",\"potentialAction\":[{\"@type\":\"ReadAction\",\"target\":[\"https:\\\/\\\/unisale.com.br\\\/novo\\\/20-10-eu-vim-para-lancar-fogo-sobre-a-terra-e-como-gostaria-que-ja-estivesse-aceso\\\/\"]}]},{\"@type\":\"ImageObject\",\"inLanguage\":\"pt-BR\",\"@id\":\"https:\\\/\\\/unisale.com.br\\\/novo\\\/20-10-eu-vim-para-lancar-fogo-sobre-a-terra-e-como-gostaria-que-ja-estivesse-aceso\\\/#primaryimage\",\"url\":\"https:\\\/\\\/unisale.com.br\\\/pastoral\\\/wp-content\\\/uploads\\\/2022\\\/10\\\/Ev-20.jpg\",\"contentUrl\":\"https:\\\/\\\/unisale.com.br\\\/pastoral\\\/wp-content\\\/uploads\\\/2022\\\/10\\\/Ev-20.jpg\",\"width\":400,\"height\":266},{\"@type\":\"WebSite\",\"@id\":\"https:\\\/\\\/unisale.com.br\\\/pastoral\\\/#website\",\"url\":\"https:\\\/\\\/unisale.com.br\\\/pastoral\\\/\",\"name\":\"Pastoral Universit\u00e1ria UniSALESIANO\",\"description\":\"Site da Pastoral Universit\u00e1ria do UniSALESIANO\",\"potentialAction\":[{\"@type\":\"SearchAction\",\"target\":{\"@type\":\"EntryPoint\",\"urlTemplate\":\"https:\\\/\\\/unisale.com.br\\\/pastoral\\\/?s={search_term_string}\"},\"query-input\":{\"@type\":\"PropertyValueSpecification\",\"valueRequired\":true,\"valueName\":\"search_term_string\"}}],\"inLanguage\":\"pt-BR\"},{\"@type\":\"Person\",\"@id\":\"https:\\\/\\\/unisale.com.br\\\/pastoral\\\/#\\\/schema\\\/person\\\/492d3d7bfe53a8302576d39485aff2c4\",\"name\":\"Luiz Alexandre Marinho Lanzoni\",\"url\":\"https:\\\/\\\/unisale.com.br\\\/pastoral\\\/author\\\/luiz\\\/\"}]}<\/script>\n<!-- \/ Yoast SEO plugin. -->","yoast_head_json":{"title":"20\/10 - Eu vim para lan\u00e7ar fogo sobre a terra e como gostaria que j\u00e1 estivesse aceso. - Pastoral Universit\u00e1ria UniSALESIANO","robots":{"index":"index","follow":"follow","max-snippet":"max-snippet:-1","max-image-preview":"max-image-preview:large","max-video-preview":"max-video-preview:-1"},"canonical":"https:\/\/unisale.com.br\/novo\/20-10-eu-vim-para-lancar-fogo-sobre-a-terra-e-como-gostaria-que-ja-estivesse-aceso\/","og_locale":"pt_BR","og_type":"article","og_title":"20\/10 - Eu vim para lan\u00e7ar fogo sobre a terra e como gostaria que j\u00e1 estivesse aceso. - Pastoral Universit\u00e1ria UniSALESIANO","og_description":"Quinta-feira, 20 de outubro de 2022. &nbsp; Evangelho (Lc 12,49-53) &nbsp; \u201cEu vim para lan\u00e7ar fogo sobre a terra e como gostaria que j\u00e1 estivesse...","og_url":"https:\/\/unisale.com.br\/novo\/20-10-eu-vim-para-lancar-fogo-sobre-a-terra-e-como-gostaria-que-ja-estivesse-aceso\/","og_site_name":"Pastoral Universit\u00e1ria UniSALESIANO","article_published_time":"2022-10-07T11:38:23+00:00","og_image":[{"width":400,"height":266,"url":"https:\/\/unisale.com.br\/novo\/wp-content\/uploads\/2022\/10\/Ev-20.jpg","type":"image\/jpeg"}],"author":"Luiz Alexandre Marinho Lanzoni","twitter_card":"summary_large_image","twitter_misc":{"Escrito por":"Luiz Alexandre Marinho Lanzoni","Est. tempo de leitura":"2 minutos"},"schema":{"@context":"https:\/\/schema.org","@graph":[{"@type":"Article","@id":"https:\/\/unisale.com.br\/novo\/20-10-eu-vim-para-lancar-fogo-sobre-a-terra-e-como-gostaria-que-ja-estivesse-aceso\/#article","isPartOf":{"@id":"https:\/\/unisale.com.br\/novo\/20-10-eu-vim-para-lancar-fogo-sobre-a-terra-e-como-gostaria-que-ja-estivesse-aceso\/"},"author":{"name":"Luiz Alexandre Marinho Lanzoni","@id":"https:\/\/unisale.com.br\/pastoral\/#\/schema\/person\/492d3d7bfe53a8302576d39485aff2c4"},"headline":"20\/10 &#8211; Eu vim para lan\u00e7ar fogo sobre a terra e como gostaria que j\u00e1 estivesse aceso.","datePublished":"2022-10-07T11:38:23+00:00","mainEntityOfPage":{"@id":"https:\/\/unisale.com.br\/novo\/20-10-eu-vim-para-lancar-fogo-sobre-a-terra-e-como-gostaria-que-ja-estivesse-aceso\/"},"wordCount":440,"image":{"@id":"https:\/\/unisale.com.br\/novo\/20-10-eu-vim-para-lancar-fogo-sobre-a-terra-e-como-gostaria-que-ja-estivesse-aceso\/#primaryimage"},"thumbnailUrl":"https:\/\/unisale.com.br\/pastoral\/wp-content\/uploads\/2022\/10\/Ev-20.jpg","articleSection":["Reflex\u00e3o do Evangelho"],"inLanguage":"pt-BR"},{"@type":"WebPage","@id":"https:\/\/unisale.com.br\/novo\/20-10-eu-vim-para-lancar-fogo-sobre-a-terra-e-como-gostaria-que-ja-estivesse-aceso\/","url":"https:\/\/unisale.com.br\/novo\/20-10-eu-vim-para-lancar-fogo-sobre-a-terra-e-como-gostaria-que-ja-estivesse-aceso\/","name":"20\/10 - Eu vim para lan\u00e7ar fogo sobre a terra e como gostaria que j\u00e1 estivesse aceso. - Pastoral Universit\u00e1ria UniSALESIANO","isPartOf":{"@id":"https:\/\/unisale.com.br\/pastoral\/#website"},"primaryImageOfPage":{"@id":"https:\/\/unisale.com.br\/novo\/20-10-eu-vim-para-lancar-fogo-sobre-a-terra-e-como-gostaria-que-ja-estivesse-aceso\/#primaryimage"},"image":{"@id":"https:\/\/unisale.com.br\/novo\/20-10-eu-vim-para-lancar-fogo-sobre-a-terra-e-como-gostaria-que-ja-estivesse-aceso\/#primaryimage"},"thumbnailUrl":"https:\/\/unisale.com.br\/pastoral\/wp-content\/uploads\/2022\/10\/Ev-20.jpg","datePublished":"2022-10-07T11:38:23+00:00","author":{"@id":"https:\/\/unisale.com.br\/pastoral\/#\/schema\/person\/492d3d7bfe53a8302576d39485aff2c4"},"inLanguage":"pt-BR","potentialAction":[{"@type":"ReadAction","target":["https:\/\/unisale.com.br\/novo\/20-10-eu-vim-para-lancar-fogo-sobre-a-terra-e-como-gostaria-que-ja-estivesse-aceso\/"]}]},{"@type":"ImageObject","inLanguage":"pt-BR","@id":"https:\/\/unisale.com.br\/novo\/20-10-eu-vim-para-lancar-fogo-sobre-a-terra-e-como-gostaria-que-ja-estivesse-aceso\/#primaryimage","url":"https:\/\/unisale.com.br\/pastoral\/wp-content\/uploads\/2022\/10\/Ev-20.jpg","contentUrl":"https:\/\/unisale.com.br\/pastoral\/wp-content\/uploads\/2022\/10\/Ev-20.jpg","width":400,"height":266},{"@type":"WebSite","@id":"https:\/\/unisale.com.br\/pastoral\/#website","url":"https:\/\/unisale.com.br\/pastoral\/","name":"Pastoral Universit\u00e1ria UniSALESIANO","description":"Site da Pastoral Universit\u00e1ria do UniSALESIANO","potentialAction":[{"@type":"SearchAction","target":{"@type":"EntryPoint","urlTemplate":"https:\/\/unisale.com.br\/pastoral\/?s={search_term_string}"},"query-input":{"@type":"PropertyValueSpecification","valueRequired":true,"valueName":"search_term_string"}}],"inLanguage":"pt-BR"},{"@type":"Person","@id":"https:\/\/unisale.com.br\/pastoral\/#\/schema\/person\/492d3d7bfe53a8302576d39485aff2c4","name":"Luiz Alexandre Marinho Lanzoni","url":"https:\/\/unisale.com.br\/pastoral\/author\/luiz\/"}]}},"_links":{"self":[{"href":"https:\/\/unisale.com.br\/pastoral\/wp-json\/wp\/v2\/posts\/5560","targetHints":{"allow":["GET"]}}],"collection":[{"href":"https:\/\/unisale.com.br\/pastoral\/wp-json\/wp\/v2\/posts"}],"about":[{"href":"https:\/\/unisale.com.br\/pastoral\/wp-json\/wp\/v2\/types\/post"}],"author":[{"embeddable":true,"href":"https:\/\/unisale.com.br\/pastoral\/wp-json\/wp\/v2\/users\/6"}],"replies":[{"embeddable":true,"href":"https:\/\/unisale.com.br\/pastoral\/wp-json\/wp\/v2\/comments?post=5560"}],"version-history":[{"count":0,"href":"https:\/\/unisale.com.br\/pastoral\/wp-json\/wp\/v2\/posts\/5560\/revisions"}],"wp:featuredmedia":[{"embeddable":true,"href":"https:\/\/unisale.com.br\/pastoral\/wp-json\/wp\/v2\/media\/5539"}],"wp:attachment":[{"href":"https:\/\/unisale.com.br\/pastoral\/wp-json\/wp\/v2\/media?parent=5560"}],"wp:term":[{"taxonomy":"category","embeddable":true,"href":"https:\/\/unisale.com.br\/pastoral\/wp-json\/wp\/v2\/categories?post=5560"},{"taxonomy":"post_tag","embeddable":true,"href":"https:\/\/unisale.com.br\/pastoral\/wp-json\/wp\/v2\/tags?post=5560"}],"curies":[{"name":"wp","href":"https:\/\/api.w.org\/{rel}","templated":true}]}}