{"id":5601,"date":"2022-10-19T12:18:34","date_gmt":"2022-10-19T12:18:34","guid":{"rendered":"https:\/\/unisale.com.br\/pastoral\/?p=5601"},"modified":"2022-10-19T12:18:34","modified_gmt":"2022-10-19T12:18:34","slug":"23-10-pois-quem-se-eleva-sera-humilhado-e-quem-se-humilha-sera-elevado","status":"publish","type":"post","link":"https:\/\/unisale.com.br\/pastoral\/23-10-pois-quem-se-eleva-sera-humilhado-e-quem-se-humilha-sera-elevado\/","title":{"rendered":"23\/10 &#8211; Pois quem se eleva ser\u00e1 humilhado e quem se humilha ser\u00e1 elevado."},"content":{"rendered":"<p>Domingo, 23 de outubro de 2022.<\/p>\n<p>&nbsp;<\/p>\n<p>Evangelho (Lc 18,9-14)<\/p>\n<p><strong>\u201cPois quem se eleva ser\u00e1 humilhado e quem se humilha ser\u00e1 elevado\u201d<\/strong><\/p>\n<p>&nbsp;<\/p>\n<p>Naquele tempo, <sup>9<\/sup>Jesus contou esta par\u00e1bola para alguns que confiavam na sua pr\u00f3pria justi\u00e7a e desprezavam os outros: <sup>10<\/sup>&#8216;Dois homens subiram ao Templo para rezar: um era fariseu, o outro cobrador de impostos. <sup>11<\/sup>O fariseu, de p\u00e9, rezava assim em seu \u00edntimo: &#8216;\u00d3 Deus, eu te agrade\u00e7o porque n\u00e3o sou como os outros homens, ladr\u00f5es, desonestos, ad\u00falteros, nem como este cobrador de impostos. <sup>12<\/sup>Eu jejuo duas vezes por semana, e dou o d\u00edzimo de toda a minha renda&#8217;. <sup>13<\/sup>O cobrador de impostos, por\u00e9m, ficou \u00e0 dist\u00e2ncia, e nem se atrevia a levantar os olhos para o c\u00e9u; mas batia no peito, dizendo: &#8216;Meu Deus, tem piedade de mim que sou pecador!&#8217; <sup>14<\/sup>Eu vos digo: este \u00faltimo voltou para casa justificado, o outro n\u00e3o. Pois quem se eleva ser\u00e1 humilhado, e quem se humilha ser\u00e1 elevado.&#8217;<\/p>\n<p>&nbsp;<\/p>\n<p><strong>Reflex\u00e3o<\/strong><\/p>\n<p>O crist\u00e3o que reza experimenta que Deus o escuta e lhe concede aquilo que pede. Mas permanece a d\u00favida: Deus escuta toda ora\u00e7\u00e3o? O evangelho nos diz que obtermos de Deus tudo aquilo que pedimos com f\u00e9, mas quem tem f\u00e9 de verdade? Tem f\u00e9 quem pensa com o cora\u00e7\u00e3o de Deus, quem quer fazer a sua vontade. Quando pedimos \u201cseja feita a tua vontade\u201d, seremos seguramente atendidos. Mas como poderemos estar seguros de que aquilo que pedimos \u00e9 vontade de Deus? Quando pedimos o perd\u00e3o dos pecados, escreve S\u00e3o Jo\u00e3o Cris\u00f3stomo, porque este tamb\u00e9m \u00e9 o seu desejo. De Lubac escreve que, se hoje tanta gente n\u00e3o cr\u00ea, \u00e9 porque n\u00e3o \u00e9 mais consciente dos pr\u00f3prios pecados. A ideia \u00e9 que Deus existe, mas que esteja em d\u00e9bito com os homens, e n\u00e3o vice-versa. Um mundo de santos, mas sem Deus e sem o reino dos c\u00e9us. Mas temos uma boa intui\u00e7\u00e3o: N\u00e3o podemos ter medo de ser conscientes de termos pecados! Descobrir que Deus nos perdoar\u00e1, nos revelar\u00e1 que \u00e9 Pai misericordioso nos c\u00e9us e que o seu reino \u00e9 realidade j\u00e1 aqui na terra. Para a verdadeira f\u00e9 \u00e9 preciso confian\u00e7a de que Deus \u00e9 misericordioso e nos perdoa sempre.<\/p>\n<p><strong>Pe. Paulo Eduardo J\u00e1como, SDB.<\/strong><\/p>\n<p>&nbsp;<\/p>\n","protected":false},"excerpt":{"rendered":"<p>Domingo, 23 de outubro de 2022. &nbsp; Evangelho (Lc 18,9-14) \u201cPois quem se eleva ser\u00e1 humilhado e quem se humilha ser\u00e1 elevado\u201d &nbsp; Naquele tempo,&#8230;<\/p>\n","protected":false},"author":6,"featured_media":5584,"comment_status":"closed","ping_status":"closed","sticky":false,"template":"","format":"standard","meta":{"_acf_changed":false,"footnotes":""},"categories":[13],"tags":[],"class_list":["post-5601","post","type-post","status-publish","format-standard","has-post-thumbnail","hentry","category-reflexaodoevagelho"],"acf":[],"yoast_head":"<!-- This site is optimized with the Yoast SEO plugin v27.3 - https:\/\/yoast.com\/product\/yoast-seo-wordpress\/ -->\n<title>23\/10 - Pois quem se eleva ser\u00e1 humilhado e quem se humilha ser\u00e1 elevado. - Pastoral Universit\u00e1ria UniSALESIANO<\/title>\n<meta name=\"robots\" content=\"index, follow, max-snippet:-1, max-image-preview:large, max-video-preview:-1\" \/>\n<link rel=\"canonical\" href=\"https:\/\/unisale.com.br\/novo\/23-10-pois-quem-se-eleva-sera-humilhado-e-quem-se-humilha-sera-elevado\/\" \/>\n<meta property=\"og:locale\" content=\"pt_BR\" \/>\n<meta property=\"og:type\" content=\"article\" \/>\n<meta property=\"og:title\" content=\"23\/10 - Pois quem se eleva ser\u00e1 humilhado e quem se humilha ser\u00e1 elevado. - Pastoral Universit\u00e1ria UniSALESIANO\" \/>\n<meta property=\"og:description\" content=\"Domingo, 23 de outubro de 2022. &nbsp; Evangelho (Lc 18,9-14) \u201cPois quem se eleva ser\u00e1 humilhado e quem se humilha ser\u00e1 elevado\u201d &nbsp; Naquele tempo,...\" \/>\n<meta property=\"og:url\" content=\"https:\/\/unisale.com.br\/novo\/23-10-pois-quem-se-eleva-sera-humilhado-e-quem-se-humilha-sera-elevado\/\" \/>\n<meta property=\"og:site_name\" content=\"Pastoral Universit\u00e1ria UniSALESIANO\" \/>\n<meta property=\"article:published_time\" content=\"2022-10-19T12:18:34+00:00\" \/>\n<meta property=\"og:image\" content=\"https:\/\/unisale.com.br\/novo\/wp-content\/uploads\/2022\/10\/Ev-23.png\" \/>\n\t<meta property=\"og:image:width\" content=\"400\" \/>\n\t<meta property=\"og:image:height\" content=\"201\" \/>\n\t<meta property=\"og:image:type\" content=\"image\/png\" \/>\n<meta name=\"author\" content=\"Luiz Alexandre Marinho Lanzoni\" \/>\n<meta name=\"twitter:card\" content=\"summary_large_image\" \/>\n<meta name=\"twitter:label1\" content=\"Escrito por\" \/>\n\t<meta name=\"twitter:data1\" content=\"Luiz Alexandre Marinho Lanzoni\" \/>\n\t<meta name=\"twitter:label2\" content=\"Est. tempo de leitura\" \/>\n\t<meta name=\"twitter:data2\" content=\"2 minutos\" \/>\n<script type=\"application\/ld+json\" class=\"yoast-schema-graph\">{\"@context\":\"https:\\\/\\\/schema.org\",\"@graph\":[{\"@type\":\"Article\",\"@id\":\"https:\\\/\\\/unisale.com.br\\\/novo\\\/23-10-pois-quem-se-eleva-sera-humilhado-e-quem-se-humilha-sera-elevado\\\/#article\",\"isPartOf\":{\"@id\":\"https:\\\/\\\/unisale.com.br\\\/novo\\\/23-10-pois-quem-se-eleva-sera-humilhado-e-quem-se-humilha-sera-elevado\\\/\"},\"author\":{\"name\":\"Luiz Alexandre Marinho Lanzoni\",\"@id\":\"https:\\\/\\\/unisale.com.br\\\/pastoral\\\/#\\\/schema\\\/person\\\/492d3d7bfe53a8302576d39485aff2c4\"},\"headline\":\"23\\\/10 &#8211; Pois quem se eleva ser\u00e1 humilhado e quem se humilha ser\u00e1 elevado.\",\"datePublished\":\"2022-10-19T12:18:34+00:00\",\"mainEntityOfPage\":{\"@id\":\"https:\\\/\\\/unisale.com.br\\\/novo\\\/23-10-pois-quem-se-eleva-sera-humilhado-e-quem-se-humilha-sera-elevado\\\/\"},\"wordCount\":402,\"image\":{\"@id\":\"https:\\\/\\\/unisale.com.br\\\/novo\\\/23-10-pois-quem-se-eleva-sera-humilhado-e-quem-se-humilha-sera-elevado\\\/#primaryimage\"},\"thumbnailUrl\":\"https:\\\/\\\/unisale.com.br\\\/pastoral\\\/wp-content\\\/uploads\\\/2022\\\/10\\\/Ev-23.png\",\"articleSection\":[\"Reflex\u00e3o do Evangelho\"],\"inLanguage\":\"pt-BR\"},{\"@type\":\"WebPage\",\"@id\":\"https:\\\/\\\/unisale.com.br\\\/novo\\\/23-10-pois-quem-se-eleva-sera-humilhado-e-quem-se-humilha-sera-elevado\\\/\",\"url\":\"https:\\\/\\\/unisale.com.br\\\/novo\\\/23-10-pois-quem-se-eleva-sera-humilhado-e-quem-se-humilha-sera-elevado\\\/\",\"name\":\"23\\\/10 - Pois quem se eleva ser\u00e1 humilhado e quem se humilha ser\u00e1 elevado. - Pastoral Universit\u00e1ria UniSALESIANO\",\"isPartOf\":{\"@id\":\"https:\\\/\\\/unisale.com.br\\\/pastoral\\\/#website\"},\"primaryImageOfPage\":{\"@id\":\"https:\\\/\\\/unisale.com.br\\\/novo\\\/23-10-pois-quem-se-eleva-sera-humilhado-e-quem-se-humilha-sera-elevado\\\/#primaryimage\"},\"image\":{\"@id\":\"https:\\\/\\\/unisale.com.br\\\/novo\\\/23-10-pois-quem-se-eleva-sera-humilhado-e-quem-se-humilha-sera-elevado\\\/#primaryimage\"},\"thumbnailUrl\":\"https:\\\/\\\/unisale.com.br\\\/pastoral\\\/wp-content\\\/uploads\\\/2022\\\/10\\\/Ev-23.png\",\"datePublished\":\"2022-10-19T12:18:34+00:00\",\"author\":{\"@id\":\"https:\\\/\\\/unisale.com.br\\\/pastoral\\\/#\\\/schema\\\/person\\\/492d3d7bfe53a8302576d39485aff2c4\"},\"inLanguage\":\"pt-BR\",\"potentialAction\":[{\"@type\":\"ReadAction\",\"target\":[\"https:\\\/\\\/unisale.com.br\\\/novo\\\/23-10-pois-quem-se-eleva-sera-humilhado-e-quem-se-humilha-sera-elevado\\\/\"]}]},{\"@type\":\"ImageObject\",\"inLanguage\":\"pt-BR\",\"@id\":\"https:\\\/\\\/unisale.com.br\\\/novo\\\/23-10-pois-quem-se-eleva-sera-humilhado-e-quem-se-humilha-sera-elevado\\\/#primaryimage\",\"url\":\"https:\\\/\\\/unisale.com.br\\\/pastoral\\\/wp-content\\\/uploads\\\/2022\\\/10\\\/Ev-23.png\",\"contentUrl\":\"https:\\\/\\\/unisale.com.br\\\/pastoral\\\/wp-content\\\/uploads\\\/2022\\\/10\\\/Ev-23.png\",\"width\":400,\"height\":201},{\"@type\":\"WebSite\",\"@id\":\"https:\\\/\\\/unisale.com.br\\\/pastoral\\\/#website\",\"url\":\"https:\\\/\\\/unisale.com.br\\\/pastoral\\\/\",\"name\":\"Pastoral Universit\u00e1ria UniSALESIANO\",\"description\":\"Site da Pastoral Universit\u00e1ria do UniSALESIANO\",\"potentialAction\":[{\"@type\":\"SearchAction\",\"target\":{\"@type\":\"EntryPoint\",\"urlTemplate\":\"https:\\\/\\\/unisale.com.br\\\/pastoral\\\/?s={search_term_string}\"},\"query-input\":{\"@type\":\"PropertyValueSpecification\",\"valueRequired\":true,\"valueName\":\"search_term_string\"}}],\"inLanguage\":\"pt-BR\"},{\"@type\":\"Person\",\"@id\":\"https:\\\/\\\/unisale.com.br\\\/pastoral\\\/#\\\/schema\\\/person\\\/492d3d7bfe53a8302576d39485aff2c4\",\"name\":\"Luiz Alexandre Marinho Lanzoni\",\"url\":\"https:\\\/\\\/unisale.com.br\\\/pastoral\\\/author\\\/luiz\\\/\"}]}<\/script>\n<!-- \/ Yoast SEO plugin. -->","yoast_head_json":{"title":"23\/10 - Pois quem se eleva ser\u00e1 humilhado e quem se humilha ser\u00e1 elevado. - Pastoral Universit\u00e1ria UniSALESIANO","robots":{"index":"index","follow":"follow","max-snippet":"max-snippet:-1","max-image-preview":"max-image-preview:large","max-video-preview":"max-video-preview:-1"},"canonical":"https:\/\/unisale.com.br\/novo\/23-10-pois-quem-se-eleva-sera-humilhado-e-quem-se-humilha-sera-elevado\/","og_locale":"pt_BR","og_type":"article","og_title":"23\/10 - Pois quem se eleva ser\u00e1 humilhado e quem se humilha ser\u00e1 elevado. - Pastoral Universit\u00e1ria UniSALESIANO","og_description":"Domingo, 23 de outubro de 2022. &nbsp; Evangelho (Lc 18,9-14) \u201cPois quem se eleva ser\u00e1 humilhado e quem se humilha ser\u00e1 elevado\u201d &nbsp; Naquele tempo,...","og_url":"https:\/\/unisale.com.br\/novo\/23-10-pois-quem-se-eleva-sera-humilhado-e-quem-se-humilha-sera-elevado\/","og_site_name":"Pastoral Universit\u00e1ria UniSALESIANO","article_published_time":"2022-10-19T12:18:34+00:00","og_image":[{"width":400,"height":201,"url":"https:\/\/unisale.com.br\/novo\/wp-content\/uploads\/2022\/10\/Ev-23.png","type":"image\/png"}],"author":"Luiz Alexandre Marinho Lanzoni","twitter_card":"summary_large_image","twitter_misc":{"Escrito por":"Luiz Alexandre Marinho Lanzoni","Est. tempo de leitura":"2 minutos"},"schema":{"@context":"https:\/\/schema.org","@graph":[{"@type":"Article","@id":"https:\/\/unisale.com.br\/novo\/23-10-pois-quem-se-eleva-sera-humilhado-e-quem-se-humilha-sera-elevado\/#article","isPartOf":{"@id":"https:\/\/unisale.com.br\/novo\/23-10-pois-quem-se-eleva-sera-humilhado-e-quem-se-humilha-sera-elevado\/"},"author":{"name":"Luiz Alexandre Marinho Lanzoni","@id":"https:\/\/unisale.com.br\/pastoral\/#\/schema\/person\/492d3d7bfe53a8302576d39485aff2c4"},"headline":"23\/10 &#8211; Pois quem se eleva ser\u00e1 humilhado e quem se humilha ser\u00e1 elevado.","datePublished":"2022-10-19T12:18:34+00:00","mainEntityOfPage":{"@id":"https:\/\/unisale.com.br\/novo\/23-10-pois-quem-se-eleva-sera-humilhado-e-quem-se-humilha-sera-elevado\/"},"wordCount":402,"image":{"@id":"https:\/\/unisale.com.br\/novo\/23-10-pois-quem-se-eleva-sera-humilhado-e-quem-se-humilha-sera-elevado\/#primaryimage"},"thumbnailUrl":"https:\/\/unisale.com.br\/pastoral\/wp-content\/uploads\/2022\/10\/Ev-23.png","articleSection":["Reflex\u00e3o do Evangelho"],"inLanguage":"pt-BR"},{"@type":"WebPage","@id":"https:\/\/unisale.com.br\/novo\/23-10-pois-quem-se-eleva-sera-humilhado-e-quem-se-humilha-sera-elevado\/","url":"https:\/\/unisale.com.br\/novo\/23-10-pois-quem-se-eleva-sera-humilhado-e-quem-se-humilha-sera-elevado\/","name":"23\/10 - Pois quem se eleva ser\u00e1 humilhado e quem se humilha ser\u00e1 elevado. - Pastoral Universit\u00e1ria UniSALESIANO","isPartOf":{"@id":"https:\/\/unisale.com.br\/pastoral\/#website"},"primaryImageOfPage":{"@id":"https:\/\/unisale.com.br\/novo\/23-10-pois-quem-se-eleva-sera-humilhado-e-quem-se-humilha-sera-elevado\/#primaryimage"},"image":{"@id":"https:\/\/unisale.com.br\/novo\/23-10-pois-quem-se-eleva-sera-humilhado-e-quem-se-humilha-sera-elevado\/#primaryimage"},"thumbnailUrl":"https:\/\/unisale.com.br\/pastoral\/wp-content\/uploads\/2022\/10\/Ev-23.png","datePublished":"2022-10-19T12:18:34+00:00","author":{"@id":"https:\/\/unisale.com.br\/pastoral\/#\/schema\/person\/492d3d7bfe53a8302576d39485aff2c4"},"inLanguage":"pt-BR","potentialAction":[{"@type":"ReadAction","target":["https:\/\/unisale.com.br\/novo\/23-10-pois-quem-se-eleva-sera-humilhado-e-quem-se-humilha-sera-elevado\/"]}]},{"@type":"ImageObject","inLanguage":"pt-BR","@id":"https:\/\/unisale.com.br\/novo\/23-10-pois-quem-se-eleva-sera-humilhado-e-quem-se-humilha-sera-elevado\/#primaryimage","url":"https:\/\/unisale.com.br\/pastoral\/wp-content\/uploads\/2022\/10\/Ev-23.png","contentUrl":"https:\/\/unisale.com.br\/pastoral\/wp-content\/uploads\/2022\/10\/Ev-23.png","width":400,"height":201},{"@type":"WebSite","@id":"https:\/\/unisale.com.br\/pastoral\/#website","url":"https:\/\/unisale.com.br\/pastoral\/","name":"Pastoral Universit\u00e1ria UniSALESIANO","description":"Site da Pastoral Universit\u00e1ria do UniSALESIANO","potentialAction":[{"@type":"SearchAction","target":{"@type":"EntryPoint","urlTemplate":"https:\/\/unisale.com.br\/pastoral\/?s={search_term_string}"},"query-input":{"@type":"PropertyValueSpecification","valueRequired":true,"valueName":"search_term_string"}}],"inLanguage":"pt-BR"},{"@type":"Person","@id":"https:\/\/unisale.com.br\/pastoral\/#\/schema\/person\/492d3d7bfe53a8302576d39485aff2c4","name":"Luiz Alexandre Marinho Lanzoni","url":"https:\/\/unisale.com.br\/pastoral\/author\/luiz\/"}]}},"_links":{"self":[{"href":"https:\/\/unisale.com.br\/pastoral\/wp-json\/wp\/v2\/posts\/5601","targetHints":{"allow":["GET"]}}],"collection":[{"href":"https:\/\/unisale.com.br\/pastoral\/wp-json\/wp\/v2\/posts"}],"about":[{"href":"https:\/\/unisale.com.br\/pastoral\/wp-json\/wp\/v2\/types\/post"}],"author":[{"embeddable":true,"href":"https:\/\/unisale.com.br\/pastoral\/wp-json\/wp\/v2\/users\/6"}],"replies":[{"embeddable":true,"href":"https:\/\/unisale.com.br\/pastoral\/wp-json\/wp\/v2\/comments?post=5601"}],"version-history":[{"count":0,"href":"https:\/\/unisale.com.br\/pastoral\/wp-json\/wp\/v2\/posts\/5601\/revisions"}],"wp:featuredmedia":[{"embeddable":true,"href":"https:\/\/unisale.com.br\/pastoral\/wp-json\/wp\/v2\/media\/5584"}],"wp:attachment":[{"href":"https:\/\/unisale.com.br\/pastoral\/wp-json\/wp\/v2\/media?parent=5601"}],"wp:term":[{"taxonomy":"category","embeddable":true,"href":"https:\/\/unisale.com.br\/pastoral\/wp-json\/wp\/v2\/categories?post=5601"},{"taxonomy":"post_tag","embeddable":true,"href":"https:\/\/unisale.com.br\/pastoral\/wp-json\/wp\/v2\/tags?post=5601"}],"curies":[{"name":"wp","href":"https:\/\/api.w.org\/{rel}","templated":true}]}}