{"id":5618,"date":"2022-10-25T13:43:19","date_gmt":"2022-10-25T13:43:19","guid":{"rendered":"https:\/\/unisale.com.br\/pastoral\/?p=5618"},"modified":"2022-10-25T13:43:19","modified_gmt":"2022-10-25T13:43:19","slug":"29-10-porque-quem-se-eleva-sera-humilhado-e-quem-se-humilha-sera-elevado","status":"publish","type":"post","link":"https:\/\/unisale.com.br\/pastoral\/29-10-porque-quem-se-eleva-sera-humilhado-e-quem-se-humilha-sera-elevado\/","title":{"rendered":"29\/10 &#8211; Porque quem se eleva ser\u00e1 humilhado, e quem se humilha ser\u00e1 elevado."},"content":{"rendered":"<p>S\u00e1bado, 29 de outubro de 2022.<\/p>\n<p>&nbsp;<\/p>\n<p>Evangelho (Lc 14,1.7-11)<\/p>\n<p>&nbsp;<\/p>\n<p><strong>\u201cPorque quem se eleva ser\u00e1 humilhado, e quem se humilha ser\u00e1 elevado\u201d<\/strong><\/p>\n<p>&nbsp;<\/p>\n<p><sup>1<\/sup>Aconteceu que, num dia de s\u00e1bado, Jesus foi comer na casa de um dos chefes dos fariseus. E eles o observavam. <sup>7<\/sup>Jesus notou como os convidados escolhiam os primeiros lugares. Ent\u00e3o contou-lhes uma par\u00e1bola: <sup>8<\/sup>\u201cQuando fores convidado para uma festa de casamento, n\u00e3o ocupes o primeiro lugar. Pode ser que tenha sido convidado algu\u00e9m mais importante do que tu, <sup>9<\/sup>e o dono da casa, que convidou os dois, venha te dizer: \u2018D\u00e1 o lugar a ele\u2019. Ent\u00e3o ficar\u00e1s envergonhado e ir\u00e1s ocupar o \u00faltimo lugar. <sup>10<\/sup>Mas, quando fores convidado, vai sentar-te no \u00faltimo lugar. Assim, quando chegar quem te convidou, te dir\u00e1: \u2018Amigo, vem mais para cima\u2019. E isto vai ser uma honra para ti diante de todos os convidados. <sup>11<\/sup>Porque quem se eleva ser\u00e1 humilhado e quem se humilha ser\u00e1 elevado\u201d.<\/p>\n<p>&nbsp;<\/p>\n<p><strong>Reflex\u00e3o<\/strong><\/p>\n<p>&nbsp;<\/p>\n<p>O Evangelho de hoje parece uma \u2018aula de etiqueta\u2019 que Jesus nos faz. \u00c9 a resposta de um \u2018estilo\u2019 de Jesus, e o cristianismo \u00e9 uma quest\u00e3o de estilo. No cristianismo a forma e a subst\u00e2ncia das coisas n\u00e3o est\u00e3o separadas, e jamais s\u00e3o contradit\u00f3rias. No cristianismo a forma \u00e9 subst\u00e2ncia. Em termos pr\u00e1ticos, isto significa que n\u00e3o se trata de salvar a imagem, a forma, a desfigura\u00e7\u00e3o poss\u00edvel, mas \u00e9 do nosso estilo exterior que n\u00f3s externamos tudo o que acreditamos e que escolhemos no interior de n\u00f3s mesmos. A l\u00f3gica do \u2018\u00faltimo lugar\u2019 n\u00e3o \u00e9 a l\u00f3gica da desvaloriza\u00e7\u00e3o de si mesmo, mas \u00e9 a l\u00f3gica de quem se sabe t\u00e3o amado que n\u00e3o precisa aparecer para ser visto aos olhos de Deus, e que pode permitir-se de se colocar no lugar mais escondido sabendo que \u00e9 t\u00e3o amado que por esse amor n\u00e3o permanecer\u00e1 invis\u00edvel, jamais ser\u00e1 deixado de lado. Como crist\u00e3os n\u00e3o devemos procurar os primeiros lugares porque quem experimenta um \u2018vazio\u2019 \u00e9 normal a procura de um reconhecimento exterior que lhe encha \u2018aquele vazio\u2019. Mas para n\u00f3s crist\u00e3os, aquele \u2018vazio\u2019 foi preenchido pelo amor de Cristo, e n\u00e3o procuramos nada mais se n\u00e3o o gozar \u201ca festa de n\u00fapcias\u201d. Se procuramos o primeiro lugar, talvez o problema \u00e9 que n\u00e3o nos sentimos amados. Eis agora como a aten\u00e7\u00e3o a como nos comportamos nos diz a que ponto somos interiormente.<\/p>\n<p>&nbsp;<\/p>\n<p><strong>Pe. Paulo Eduardo J\u00e1como, SDB.<\/strong><\/p>\n","protected":false},"excerpt":{"rendered":"<p>S\u00e1bado, 29 de outubro de 2022. &nbsp; Evangelho (Lc 14,1.7-11) &nbsp; \u201cPorque quem se eleva ser\u00e1 humilhado, e quem se humilha ser\u00e1 elevado\u201d &nbsp; 1Aconteceu&#8230;<\/p>\n","protected":false},"author":6,"featured_media":5619,"comment_status":"closed","ping_status":"closed","sticky":false,"template":"","format":"standard","meta":{"_acf_changed":false,"footnotes":""},"categories":[13],"tags":[],"class_list":["post-5618","post","type-post","status-publish","format-standard","has-post-thumbnail","hentry","category-reflexaodoevagelho"],"acf":[],"yoast_head":"<!-- This site is optimized with the Yoast SEO plugin v27.3 - https:\/\/yoast.com\/product\/yoast-seo-wordpress\/ -->\n<title>29\/10 - Porque quem se eleva ser\u00e1 humilhado, e quem se humilha ser\u00e1 elevado. - Pastoral Universit\u00e1ria UniSALESIANO<\/title>\n<meta name=\"robots\" content=\"index, follow, max-snippet:-1, max-image-preview:large, max-video-preview:-1\" \/>\n<link rel=\"canonical\" href=\"https:\/\/unisale.com.br\/novo\/29-10-porque-quem-se-eleva-sera-humilhado-e-quem-se-humilha-sera-elevado\/\" \/>\n<meta property=\"og:locale\" content=\"pt_BR\" \/>\n<meta property=\"og:type\" content=\"article\" \/>\n<meta property=\"og:title\" content=\"29\/10 - Porque quem se eleva ser\u00e1 humilhado, e quem se humilha ser\u00e1 elevado. - Pastoral Universit\u00e1ria UniSALESIANO\" \/>\n<meta property=\"og:description\" content=\"S\u00e1bado, 29 de outubro de 2022. &nbsp; Evangelho (Lc 14,1.7-11) &nbsp; \u201cPorque quem se eleva ser\u00e1 humilhado, e quem se humilha ser\u00e1 elevado\u201d &nbsp; 1Aconteceu...\" \/>\n<meta property=\"og:url\" content=\"https:\/\/unisale.com.br\/novo\/29-10-porque-quem-se-eleva-sera-humilhado-e-quem-se-humilha-sera-elevado\/\" \/>\n<meta property=\"og:site_name\" content=\"Pastoral Universit\u00e1ria UniSALESIANO\" \/>\n<meta property=\"article:published_time\" content=\"2022-10-25T13:43:19+00:00\" \/>\n<meta property=\"og:image\" content=\"https:\/\/unisale.com.br\/novo\/wp-content\/uploads\/2022\/10\/Ev-29.jpg\" \/>\n\t<meta property=\"og:image:width\" content=\"700\" \/>\n\t<meta property=\"og:image:height\" content=\"400\" \/>\n\t<meta property=\"og:image:type\" content=\"image\/jpeg\" \/>\n<meta name=\"author\" content=\"Luiz Alexandre Marinho Lanzoni\" \/>\n<meta name=\"twitter:card\" content=\"summary_large_image\" \/>\n<meta name=\"twitter:label1\" content=\"Escrito por\" \/>\n\t<meta name=\"twitter:data1\" content=\"Luiz Alexandre Marinho Lanzoni\" \/>\n\t<meta name=\"twitter:label2\" content=\"Est. tempo de leitura\" \/>\n\t<meta name=\"twitter:data2\" content=\"2 minutos\" \/>\n<script type=\"application\/ld+json\" class=\"yoast-schema-graph\">{\"@context\":\"https:\\\/\\\/schema.org\",\"@graph\":[{\"@type\":\"Article\",\"@id\":\"https:\\\/\\\/unisale.com.br\\\/novo\\\/29-10-porque-quem-se-eleva-sera-humilhado-e-quem-se-humilha-sera-elevado\\\/#article\",\"isPartOf\":{\"@id\":\"https:\\\/\\\/unisale.com.br\\\/novo\\\/29-10-porque-quem-se-eleva-sera-humilhado-e-quem-se-humilha-sera-elevado\\\/\"},\"author\":{\"name\":\"Luiz Alexandre Marinho Lanzoni\",\"@id\":\"https:\\\/\\\/unisale.com.br\\\/pastoral\\\/#\\\/schema\\\/person\\\/492d3d7bfe53a8302576d39485aff2c4\"},\"headline\":\"29\\\/10 &#8211; Porque quem se eleva ser\u00e1 humilhado, e quem se humilha ser\u00e1 elevado.\",\"datePublished\":\"2022-10-25T13:43:19+00:00\",\"mainEntityOfPage\":{\"@id\":\"https:\\\/\\\/unisale.com.br\\\/novo\\\/29-10-porque-quem-se-eleva-sera-humilhado-e-quem-se-humilha-sera-elevado\\\/\"},\"wordCount\":444,\"image\":{\"@id\":\"https:\\\/\\\/unisale.com.br\\\/novo\\\/29-10-porque-quem-se-eleva-sera-humilhado-e-quem-se-humilha-sera-elevado\\\/#primaryimage\"},\"thumbnailUrl\":\"https:\\\/\\\/unisale.com.br\\\/pastoral\\\/wp-content\\\/uploads\\\/2022\\\/10\\\/Ev-29.jpg\",\"articleSection\":[\"Reflex\u00e3o do Evangelho\"],\"inLanguage\":\"pt-BR\"},{\"@type\":\"WebPage\",\"@id\":\"https:\\\/\\\/unisale.com.br\\\/novo\\\/29-10-porque-quem-se-eleva-sera-humilhado-e-quem-se-humilha-sera-elevado\\\/\",\"url\":\"https:\\\/\\\/unisale.com.br\\\/novo\\\/29-10-porque-quem-se-eleva-sera-humilhado-e-quem-se-humilha-sera-elevado\\\/\",\"name\":\"29\\\/10 - Porque quem se eleva ser\u00e1 humilhado, e quem se humilha ser\u00e1 elevado. - Pastoral Universit\u00e1ria UniSALESIANO\",\"isPartOf\":{\"@id\":\"https:\\\/\\\/unisale.com.br\\\/pastoral\\\/#website\"},\"primaryImageOfPage\":{\"@id\":\"https:\\\/\\\/unisale.com.br\\\/novo\\\/29-10-porque-quem-se-eleva-sera-humilhado-e-quem-se-humilha-sera-elevado\\\/#primaryimage\"},\"image\":{\"@id\":\"https:\\\/\\\/unisale.com.br\\\/novo\\\/29-10-porque-quem-se-eleva-sera-humilhado-e-quem-se-humilha-sera-elevado\\\/#primaryimage\"},\"thumbnailUrl\":\"https:\\\/\\\/unisale.com.br\\\/pastoral\\\/wp-content\\\/uploads\\\/2022\\\/10\\\/Ev-29.jpg\",\"datePublished\":\"2022-10-25T13:43:19+00:00\",\"author\":{\"@id\":\"https:\\\/\\\/unisale.com.br\\\/pastoral\\\/#\\\/schema\\\/person\\\/492d3d7bfe53a8302576d39485aff2c4\"},\"inLanguage\":\"pt-BR\",\"potentialAction\":[{\"@type\":\"ReadAction\",\"target\":[\"https:\\\/\\\/unisale.com.br\\\/novo\\\/29-10-porque-quem-se-eleva-sera-humilhado-e-quem-se-humilha-sera-elevado\\\/\"]}]},{\"@type\":\"ImageObject\",\"inLanguage\":\"pt-BR\",\"@id\":\"https:\\\/\\\/unisale.com.br\\\/novo\\\/29-10-porque-quem-se-eleva-sera-humilhado-e-quem-se-humilha-sera-elevado\\\/#primaryimage\",\"url\":\"https:\\\/\\\/unisale.com.br\\\/pastoral\\\/wp-content\\\/uploads\\\/2022\\\/10\\\/Ev-29.jpg\",\"contentUrl\":\"https:\\\/\\\/unisale.com.br\\\/pastoral\\\/wp-content\\\/uploads\\\/2022\\\/10\\\/Ev-29.jpg\",\"width\":700,\"height\":400},{\"@type\":\"WebSite\",\"@id\":\"https:\\\/\\\/unisale.com.br\\\/pastoral\\\/#website\",\"url\":\"https:\\\/\\\/unisale.com.br\\\/pastoral\\\/\",\"name\":\"Pastoral Universit\u00e1ria UniSALESIANO\",\"description\":\"Site da Pastoral Universit\u00e1ria do UniSALESIANO\",\"potentialAction\":[{\"@type\":\"SearchAction\",\"target\":{\"@type\":\"EntryPoint\",\"urlTemplate\":\"https:\\\/\\\/unisale.com.br\\\/pastoral\\\/?s={search_term_string}\"},\"query-input\":{\"@type\":\"PropertyValueSpecification\",\"valueRequired\":true,\"valueName\":\"search_term_string\"}}],\"inLanguage\":\"pt-BR\"},{\"@type\":\"Person\",\"@id\":\"https:\\\/\\\/unisale.com.br\\\/pastoral\\\/#\\\/schema\\\/person\\\/492d3d7bfe53a8302576d39485aff2c4\",\"name\":\"Luiz Alexandre Marinho Lanzoni\",\"url\":\"https:\\\/\\\/unisale.com.br\\\/pastoral\\\/author\\\/luiz\\\/\"}]}<\/script>\n<!-- \/ Yoast SEO plugin. -->","yoast_head_json":{"title":"29\/10 - Porque quem se eleva ser\u00e1 humilhado, e quem se humilha ser\u00e1 elevado. - Pastoral Universit\u00e1ria UniSALESIANO","robots":{"index":"index","follow":"follow","max-snippet":"max-snippet:-1","max-image-preview":"max-image-preview:large","max-video-preview":"max-video-preview:-1"},"canonical":"https:\/\/unisale.com.br\/novo\/29-10-porque-quem-se-eleva-sera-humilhado-e-quem-se-humilha-sera-elevado\/","og_locale":"pt_BR","og_type":"article","og_title":"29\/10 - Porque quem se eleva ser\u00e1 humilhado, e quem se humilha ser\u00e1 elevado. - Pastoral Universit\u00e1ria UniSALESIANO","og_description":"S\u00e1bado, 29 de outubro de 2022. &nbsp; Evangelho (Lc 14,1.7-11) &nbsp; \u201cPorque quem se eleva ser\u00e1 humilhado, e quem se humilha ser\u00e1 elevado\u201d &nbsp; 1Aconteceu...","og_url":"https:\/\/unisale.com.br\/novo\/29-10-porque-quem-se-eleva-sera-humilhado-e-quem-se-humilha-sera-elevado\/","og_site_name":"Pastoral Universit\u00e1ria UniSALESIANO","article_published_time":"2022-10-25T13:43:19+00:00","og_image":[{"width":700,"height":400,"url":"https:\/\/unisale.com.br\/novo\/wp-content\/uploads\/2022\/10\/Ev-29.jpg","type":"image\/jpeg"}],"author":"Luiz Alexandre Marinho Lanzoni","twitter_card":"summary_large_image","twitter_misc":{"Escrito por":"Luiz Alexandre Marinho Lanzoni","Est. tempo de leitura":"2 minutos"},"schema":{"@context":"https:\/\/schema.org","@graph":[{"@type":"Article","@id":"https:\/\/unisale.com.br\/novo\/29-10-porque-quem-se-eleva-sera-humilhado-e-quem-se-humilha-sera-elevado\/#article","isPartOf":{"@id":"https:\/\/unisale.com.br\/novo\/29-10-porque-quem-se-eleva-sera-humilhado-e-quem-se-humilha-sera-elevado\/"},"author":{"name":"Luiz Alexandre Marinho Lanzoni","@id":"https:\/\/unisale.com.br\/pastoral\/#\/schema\/person\/492d3d7bfe53a8302576d39485aff2c4"},"headline":"29\/10 &#8211; Porque quem se eleva ser\u00e1 humilhado, e quem se humilha ser\u00e1 elevado.","datePublished":"2022-10-25T13:43:19+00:00","mainEntityOfPage":{"@id":"https:\/\/unisale.com.br\/novo\/29-10-porque-quem-se-eleva-sera-humilhado-e-quem-se-humilha-sera-elevado\/"},"wordCount":444,"image":{"@id":"https:\/\/unisale.com.br\/novo\/29-10-porque-quem-se-eleva-sera-humilhado-e-quem-se-humilha-sera-elevado\/#primaryimage"},"thumbnailUrl":"https:\/\/unisale.com.br\/pastoral\/wp-content\/uploads\/2022\/10\/Ev-29.jpg","articleSection":["Reflex\u00e3o do Evangelho"],"inLanguage":"pt-BR"},{"@type":"WebPage","@id":"https:\/\/unisale.com.br\/novo\/29-10-porque-quem-se-eleva-sera-humilhado-e-quem-se-humilha-sera-elevado\/","url":"https:\/\/unisale.com.br\/novo\/29-10-porque-quem-se-eleva-sera-humilhado-e-quem-se-humilha-sera-elevado\/","name":"29\/10 - Porque quem se eleva ser\u00e1 humilhado, e quem se humilha ser\u00e1 elevado. - Pastoral Universit\u00e1ria UniSALESIANO","isPartOf":{"@id":"https:\/\/unisale.com.br\/pastoral\/#website"},"primaryImageOfPage":{"@id":"https:\/\/unisale.com.br\/novo\/29-10-porque-quem-se-eleva-sera-humilhado-e-quem-se-humilha-sera-elevado\/#primaryimage"},"image":{"@id":"https:\/\/unisale.com.br\/novo\/29-10-porque-quem-se-eleva-sera-humilhado-e-quem-se-humilha-sera-elevado\/#primaryimage"},"thumbnailUrl":"https:\/\/unisale.com.br\/pastoral\/wp-content\/uploads\/2022\/10\/Ev-29.jpg","datePublished":"2022-10-25T13:43:19+00:00","author":{"@id":"https:\/\/unisale.com.br\/pastoral\/#\/schema\/person\/492d3d7bfe53a8302576d39485aff2c4"},"inLanguage":"pt-BR","potentialAction":[{"@type":"ReadAction","target":["https:\/\/unisale.com.br\/novo\/29-10-porque-quem-se-eleva-sera-humilhado-e-quem-se-humilha-sera-elevado\/"]}]},{"@type":"ImageObject","inLanguage":"pt-BR","@id":"https:\/\/unisale.com.br\/novo\/29-10-porque-quem-se-eleva-sera-humilhado-e-quem-se-humilha-sera-elevado\/#primaryimage","url":"https:\/\/unisale.com.br\/pastoral\/wp-content\/uploads\/2022\/10\/Ev-29.jpg","contentUrl":"https:\/\/unisale.com.br\/pastoral\/wp-content\/uploads\/2022\/10\/Ev-29.jpg","width":700,"height":400},{"@type":"WebSite","@id":"https:\/\/unisale.com.br\/pastoral\/#website","url":"https:\/\/unisale.com.br\/pastoral\/","name":"Pastoral Universit\u00e1ria UniSALESIANO","description":"Site da Pastoral Universit\u00e1ria do UniSALESIANO","potentialAction":[{"@type":"SearchAction","target":{"@type":"EntryPoint","urlTemplate":"https:\/\/unisale.com.br\/pastoral\/?s={search_term_string}"},"query-input":{"@type":"PropertyValueSpecification","valueRequired":true,"valueName":"search_term_string"}}],"inLanguage":"pt-BR"},{"@type":"Person","@id":"https:\/\/unisale.com.br\/pastoral\/#\/schema\/person\/492d3d7bfe53a8302576d39485aff2c4","name":"Luiz Alexandre Marinho Lanzoni","url":"https:\/\/unisale.com.br\/pastoral\/author\/luiz\/"}]}},"_links":{"self":[{"href":"https:\/\/unisale.com.br\/pastoral\/wp-json\/wp\/v2\/posts\/5618","targetHints":{"allow":["GET"]}}],"collection":[{"href":"https:\/\/unisale.com.br\/pastoral\/wp-json\/wp\/v2\/posts"}],"about":[{"href":"https:\/\/unisale.com.br\/pastoral\/wp-json\/wp\/v2\/types\/post"}],"author":[{"embeddable":true,"href":"https:\/\/unisale.com.br\/pastoral\/wp-json\/wp\/v2\/users\/6"}],"replies":[{"embeddable":true,"href":"https:\/\/unisale.com.br\/pastoral\/wp-json\/wp\/v2\/comments?post=5618"}],"version-history":[{"count":0,"href":"https:\/\/unisale.com.br\/pastoral\/wp-json\/wp\/v2\/posts\/5618\/revisions"}],"wp:featuredmedia":[{"embeddable":true,"href":"https:\/\/unisale.com.br\/pastoral\/wp-json\/wp\/v2\/media\/5619"}],"wp:attachment":[{"href":"https:\/\/unisale.com.br\/pastoral\/wp-json\/wp\/v2\/media?parent=5618"}],"wp:term":[{"taxonomy":"category","embeddable":true,"href":"https:\/\/unisale.com.br\/pastoral\/wp-json\/wp\/v2\/categories?post=5618"},{"taxonomy":"post_tag","embeddable":true,"href":"https:\/\/unisale.com.br\/pastoral\/wp-json\/wp\/v2\/tags?post=5618"}],"curies":[{"name":"wp","href":"https:\/\/api.w.org\/{rel}","templated":true}]}}