{"id":5685,"date":"2022-11-03T11:28:34","date_gmt":"2022-11-03T11:28:34","guid":{"rendered":"https:\/\/unisale.com.br\/pastoral\/?p=5685"},"modified":"2022-11-03T11:28:34","modified_gmt":"2022-11-03T11:28:34","slug":"festa-de-nossa-senhora-aparecida-e-das-criancas-reune-mais-de-500-pessoas","status":"publish","type":"post","link":"https:\/\/unisale.com.br\/pastoral\/festa-de-nossa-senhora-aparecida-e-das-criancas-reune-mais-de-500-pessoas\/","title":{"rendered":"Festa de Nossa Senhora Aparecida e das Crian\u00e7as re\u00fane mais de 500 pessoas"},"content":{"rendered":"<h3>Ao longo da tarde, as crian\u00e7as se divertiram nos brinquedos infl\u00e1veis e camas el\u00e1sticas<\/h3>\n<p>&nbsp;<\/p>\n<p>O\u00a0<strong>Orat\u00f3rio Dom Bosco<\/strong>, o\u00a0<strong>UniSALESIANO<\/strong>\u00a0e o\u00a0<strong>Col\u00e9gio Salesiano \u201cDom Luiz Lasagna\u201d<\/strong>, proporcionaram uma tarde de alegria, no dia 15 de outubro, para crian\u00e7as e familiares atendidos pelo Orat\u00f3rio, localizado na Comunidade Sagrado Cora\u00e7\u00e3o de Jesus, no bairro \u00c1gua Branca, na Par\u00f3quia S\u00e3o Francisco e Santa Clara.<\/p>\n<p>O evento, em homenagem ao\u00a0<strong>Dia das Crian\u00e7as e de Nossa Senhora Aparecida<\/strong>, contou com a participa\u00e7\u00e3o de mais de 500 pessoas, entre os atendidos, volunt\u00e1rios do Orat\u00f3rio e a comunidade acad\u00eamica do UniSALESIANO.<\/p>\n<p>A acolhida inicial foi feita por volta das 14h, pelos membros da Reitoria do UniSALESIANO, o\u00a0<strong>Diretor-Geral da Institui\u00e7\u00e3o em Ara\u00e7atuba, Pe. Erondi Tamandar\u00e9, SDB<\/strong>, o\u00a0<strong>Pr\u00f3-Reitor de Pastoral, Pe. Paulo Eduardo J\u00e1como, SDB<\/strong>, e o\u00a0<strong>Pr\u00f3-Reitor de Ensino, Pesquisa e P\u00f3s-Gradua\u00e7\u00e3o, Prof. Andr\u00e9 Ornellas<\/strong>.<\/p>\n<p>\u201cO momento de ora\u00e7\u00e3o \u00e9 importante para que possamos homenagear Nossa Senhora e pedir a ben\u00e7\u00e3o para todos n\u00f3s e tamb\u00e9m nossos lares\u201d, disse Pe. Erondi.<\/p>\n<p>Ao longo da tarde, as crian\u00e7as se divertiram nos brinquedos infl\u00e1veis e camas el\u00e1sticas, espalhadas em frente ao Orat\u00f3rio, que teve a rua impedida para o tr\u00e2nsito de ve\u00edculos.<\/p>\n<p>Membros da Pastoral Universit\u00e1ria do UniSALESIANO, coordenadores de cursos, colaboradores e acad\u00eamicos do Curso de Educa\u00e7\u00e3o F\u00edsica, se reuniram para proporcionar momentos especiais aos atendidos. Entregaram cachorro-quente, mais de mil unidades; algod\u00e3o doce; gelinho; pipoca doce e salgada; refrigerante; doce.<\/p>\n<p>Em rela\u00e7\u00e3o \u00e0s atividades, monitoraram brincadeiras, aula de jiu jitsu e partidas de futebol, com premia\u00e7\u00e3o. \u201cConseguimos fazer uma grande festa para Nossa Senhora Aparecida e para as crian\u00e7as. Al\u00e9m de poder mostrar \u00e0 nossa comunidade acad\u00eamica a import\u00e2ncia do voluntariado\u201d, disse Prof. Andr\u00e9 Ornellas.<\/p>\n<p><strong>BRINQUEDOS<\/strong><\/p>\n<p>Quem tamb\u00e9m ficou feliz com a oportunidade de participar foi a comunidade escolar do Col\u00e9gio Salesiano. Durante os meses de setembro e outubro, alunos de todas as classes doaram brinquedos, em bom estado, para serem entregues na Festa das Crian\u00e7as do Orat\u00f3rio.<\/p>\n<p>\u201cUm presente nosso para muitas crian\u00e7as merecedora. Ficamos bastante surpresos porque, neste ano, a campanha arrecadou o triplo do ano passado. Todos estiveram empenhados na miss\u00e3o de fazerem outras crian\u00e7as felizes\u201d, contou a\u00a0<strong data-wp-editing=\"1\">Diretora Pedag\u00f3gica do Col\u00e9gio, Prof\u00aa. Liliana Aparecida Cor\u00e1.<\/strong><\/p>\n<p>&nbsp;<\/p>\n<p><strong data-wp-editing=\"1\"><img decoding=\"async\" class=\"alignleft size-thumbnail wp-image-5715\" src=\"https:\/\/unisale.com.br\/pastoral\/wp-content\/uploads\/2022\/11\/WhatsApp-Image-2022-09-26-at-16.19.50-497x1024-1-150x150.jpeg\" alt=\"\" width=\"150\" height=\"150\" \/> <img decoding=\"async\" class=\"alignleft size-thumbnail wp-image-5714\" src=\"https:\/\/unisale.com.br\/pastoral\/wp-content\/uploads\/2022\/11\/WhatsApp-Image-2022-09-26-at-16.19.50-1-1024x497-1-150x150.jpeg\" alt=\"\" width=\"150\" height=\"150\" \/> <img decoding=\"async\" class=\"alignleft size-thumbnail wp-image-5713\" src=\"https:\/\/unisale.com.br\/pastoral\/wp-content\/uploads\/2022\/11\/WhatsApp-Image-2022-09-26-at-16.19.49-497x1024-1-150x150.jpeg\" alt=\"\" width=\"150\" height=\"150\" \/> <img loading=\"lazy\" decoding=\"async\" class=\"alignleft size-thumbnail wp-image-5712\" src=\"https:\/\/unisale.com.br\/pastoral\/wp-content\/uploads\/2022\/11\/IMG_8708-2048x1365-1-150x150.jpg\" alt=\"\" width=\"150\" height=\"150\" \/> <img loading=\"lazy\" decoding=\"async\" class=\"alignleft size-thumbnail wp-image-5711\" src=\"https:\/\/unisale.com.br\/pastoral\/wp-content\/uploads\/2022\/11\/IMG_8703-1024x683-1-150x150.jpg\" alt=\"\" width=\"150\" height=\"150\" \/> <img loading=\"lazy\" decoding=\"async\" class=\"alignleft size-thumbnail wp-image-5710\" src=\"https:\/\/unisale.com.br\/pastoral\/wp-content\/uploads\/2022\/11\/IMG_8694-1024x683-1-150x150.jpg\" alt=\"\" width=\"150\" height=\"150\" \/> <img loading=\"lazy\" decoding=\"async\" class=\"alignleft size-thumbnail wp-image-5709\" src=\"https:\/\/unisale.com.br\/pastoral\/wp-content\/uploads\/2022\/11\/IMG_8686-1024x683-1-150x150.jpg\" alt=\"\" width=\"150\" height=\"150\" \/> <img loading=\"lazy\" decoding=\"async\" class=\"alignleft size-thumbnail wp-image-5708\" src=\"https:\/\/unisale.com.br\/pastoral\/wp-content\/uploads\/2022\/11\/IMG_8663-1024x683-1-150x150.jpg\" alt=\"\" width=\"150\" height=\"150\" \/> <img loading=\"lazy\" decoding=\"async\" class=\"alignleft size-thumbnail wp-image-5707\" src=\"https:\/\/unisale.com.br\/pastoral\/wp-content\/uploads\/2022\/11\/IMG_8654-1024x683-1-150x150.jpg\" alt=\"\" width=\"150\" height=\"150\" \/> <img loading=\"lazy\" decoding=\"async\" class=\"alignleft size-thumbnail wp-image-5706\" src=\"https:\/\/unisale.com.br\/pastoral\/wp-content\/uploads\/2022\/11\/IMG_8642-1024x683-1-150x150.jpg\" alt=\"\" width=\"150\" height=\"150\" \/> <img loading=\"lazy\" decoding=\"async\" class=\"alignleft size-thumbnail wp-image-5705\" src=\"https:\/\/unisale.com.br\/pastoral\/wp-content\/uploads\/2022\/11\/IMG_8626-1024x683-1-150x150.jpg\" alt=\"\" width=\"150\" height=\"150\" \/> <img loading=\"lazy\" decoding=\"async\" class=\"alignleft size-thumbnail wp-image-5704\" src=\"https:\/\/unisale.com.br\/pastoral\/wp-content\/uploads\/2022\/11\/IMG_8620-1024x683-1-150x150.jpg\" alt=\"\" width=\"150\" height=\"150\" \/> <img loading=\"lazy\" decoding=\"async\" class=\"alignleft size-thumbnail wp-image-5703\" src=\"https:\/\/unisale.com.br\/pastoral\/wp-content\/uploads\/2022\/11\/IMG_8613-1024x683-1-150x150.jpg\" alt=\"\" width=\"150\" height=\"150\" \/> <img loading=\"lazy\" decoding=\"async\" class=\"alignleft size-thumbnail wp-image-5702\" src=\"https:\/\/unisale.com.br\/pastoral\/wp-content\/uploads\/2022\/11\/IMG_8606-1024x683-1-150x150.jpg\" alt=\"\" width=\"150\" height=\"150\" \/> <img loading=\"lazy\" decoding=\"async\" class=\"alignleft size-thumbnail wp-image-5701\" src=\"https:\/\/unisale.com.br\/pastoral\/wp-content\/uploads\/2022\/11\/IMG_8594-1024x683-1-150x150.jpg\" alt=\"\" width=\"150\" height=\"150\" \/> <img loading=\"lazy\" decoding=\"async\" class=\"alignleft size-thumbnail wp-image-5700\" src=\"https:\/\/unisale.com.br\/pastoral\/wp-content\/uploads\/2022\/11\/IMG_8592-1024x683-1-150x150.jpg\" alt=\"\" width=\"150\" height=\"150\" \/> <img loading=\"lazy\" decoding=\"async\" class=\"alignleft size-thumbnail wp-image-5699\" src=\"https:\/\/unisale.com.br\/pastoral\/wp-content\/uploads\/2022\/11\/IMG_8573-1024x683-1-150x150.jpg\" alt=\"\" width=\"150\" height=\"150\" \/> <img loading=\"lazy\" decoding=\"async\" class=\"alignleft size-thumbnail wp-image-5698\" src=\"https:\/\/unisale.com.br\/pastoral\/wp-content\/uploads\/2022\/11\/IMG_8558-1024x683-1-150x150.jpg\" alt=\"\" width=\"150\" height=\"150\" \/> <img loading=\"lazy\" decoding=\"async\" class=\"alignleft size-thumbnail wp-image-5697\" src=\"https:\/\/unisale.com.br\/pastoral\/wp-content\/uploads\/2022\/11\/IMG_8553-1024x683-1-150x150.jpg\" alt=\"\" width=\"150\" height=\"150\" \/> <img loading=\"lazy\" decoding=\"async\" class=\"alignleft size-thumbnail wp-image-5696\" src=\"https:\/\/unisale.com.br\/pastoral\/wp-content\/uploads\/2022\/11\/IMG_8543-1024x683-2-150x150.jpg\" alt=\"\" width=\"150\" height=\"150\" \/> <img loading=\"lazy\" decoding=\"async\" class=\"alignleft size-thumbnail wp-image-5695\" src=\"https:\/\/unisale.com.br\/pastoral\/wp-content\/uploads\/2022\/11\/IMG_8543-1024x683-1-150x150.jpg\" alt=\"\" width=\"150\" height=\"150\" \/> <img loading=\"lazy\" decoding=\"async\" class=\"alignleft size-thumbnail wp-image-5694\" src=\"https:\/\/unisale.com.br\/pastoral\/wp-content\/uploads\/2022\/11\/IMG_8538-1024x683-1-150x150.jpg\" alt=\"\" width=\"150\" height=\"150\" \/> <img loading=\"lazy\" decoding=\"async\" class=\"alignleft size-thumbnail wp-image-5693\" src=\"https:\/\/unisale.com.br\/pastoral\/wp-content\/uploads\/2022\/11\/IMG_8536-1024x683-1-150x150.jpg\" alt=\"\" width=\"150\" height=\"150\" \/> <img loading=\"lazy\" decoding=\"async\" class=\"alignleft size-thumbnail wp-image-5692\" src=\"https:\/\/unisale.com.br\/pastoral\/wp-content\/uploads\/2022\/11\/IMG_8530-1024x683-1-150x150.jpg\" alt=\"\" width=\"150\" height=\"150\" \/> <img loading=\"lazy\" decoding=\"async\" class=\"alignleft size-thumbnail wp-image-5691\" src=\"https:\/\/unisale.com.br\/pastoral\/wp-content\/uploads\/2022\/11\/IMG_8528-1024x683-1-150x150.jpg\" alt=\"\" width=\"150\" height=\"150\" \/> <img loading=\"lazy\" decoding=\"async\" class=\"alignleft size-thumbnail wp-image-5690\" src=\"https:\/\/unisale.com.br\/pastoral\/wp-content\/uploads\/2022\/11\/IMG_8523-1024x683-1-150x150.jpg\" alt=\"\" width=\"150\" height=\"150\" \/> <img loading=\"lazy\" decoding=\"async\" class=\"alignleft size-thumbnail wp-image-5689\" src=\"https:\/\/unisale.com.br\/pastoral\/wp-content\/uploads\/2022\/11\/IMG_8508-1024x683-1-150x150.jpg\" alt=\"\" width=\"150\" height=\"150\" \/> <img loading=\"lazy\" decoding=\"async\" class=\"alignleft size-thumbnail wp-image-5688\" src=\"https:\/\/unisale.com.br\/pastoral\/wp-content\/uploads\/2022\/11\/IMG_8504-1024x683-1-150x150.jpg\" alt=\"\" width=\"150\" height=\"150\" \/> <img loading=\"lazy\" decoding=\"async\" class=\"alignleft size-thumbnail wp-image-5687\" src=\"https:\/\/unisale.com.br\/pastoral\/wp-content\/uploads\/2022\/11\/IMG_8490-1024x683-1-150x150.jpg\" alt=\"\" width=\"150\" height=\"150\" \/> <img loading=\"lazy\" decoding=\"async\" class=\"alignleft size-thumbnail wp-image-5716\" src=\"https:\/\/unisale.com.br\/pastoral\/wp-content\/uploads\/2022\/11\/WhatsApp-Image-2022-09-26-at-16.21.09-576x1024-1-150x150.jpeg\" alt=\"\" width=\"150\" height=\"150\" \/><\/strong><\/p>\n","protected":false},"excerpt":{"rendered":"<p>Ao longo da tarde, as crian\u00e7as se divertiram nos brinquedos infl\u00e1veis e camas el\u00e1sticas &nbsp; O\u00a0Orat\u00f3rio Dom Bosco, o\u00a0UniSALESIANO\u00a0e o\u00a0Col\u00e9gio Salesiano \u201cDom Luiz Lasagna\u201d, proporcionaram&#8230;<\/p>\n","protected":false},"author":6,"featured_media":5686,"comment_status":"closed","ping_status":"closed","sticky":false,"template":"","format":"standard","meta":{"_acf_changed":false,"footnotes":""},"categories":[1],"tags":[],"class_list":["post-5685","post","type-post","status-publish","format-standard","has-post-thumbnail","hentry","category-uncategorized"],"acf":[],"yoast_head":"<!-- This site is optimized with the Yoast SEO plugin v27.3 - https:\/\/yoast.com\/product\/yoast-seo-wordpress\/ -->\n<title>Festa de Nossa Senhora Aparecida e das Crian\u00e7as re\u00fane mais de 500 pessoas - Pastoral Universit\u00e1ria UniSALESIANO<\/title>\n<meta name=\"robots\" content=\"index, follow, max-snippet:-1, max-image-preview:large, max-video-preview:-1\" \/>\n<link rel=\"canonical\" href=\"https:\/\/unisale.com.br\/novo\/festa-de-nossa-senhora-aparecida-e-das-criancas-reune-mais-de-500-pessoas\/\" \/>\n<meta property=\"og:locale\" content=\"pt_BR\" \/>\n<meta property=\"og:type\" content=\"article\" \/>\n<meta property=\"og:title\" content=\"Festa de Nossa Senhora Aparecida e das Crian\u00e7as re\u00fane mais de 500 pessoas - Pastoral Universit\u00e1ria UniSALESIANO\" \/>\n<meta property=\"og:description\" content=\"Ao longo da tarde, as crian\u00e7as se divertiram nos brinquedos infl\u00e1veis e camas el\u00e1sticas &nbsp; O\u00a0Orat\u00f3rio Dom Bosco, o\u00a0UniSALESIANO\u00a0e o\u00a0Col\u00e9gio Salesiano \u201cDom Luiz Lasagna\u201d, proporcionaram...\" \/>\n<meta property=\"og:url\" content=\"https:\/\/unisale.com.br\/novo\/festa-de-nossa-senhora-aparecida-e-das-criancas-reune-mais-de-500-pessoas\/\" \/>\n<meta property=\"og:site_name\" content=\"Pastoral Universit\u00e1ria UniSALESIANO\" \/>\n<meta property=\"article:published_time\" content=\"2022-11-03T11:28:34+00:00\" \/>\n<meta property=\"og:image\" content=\"https:\/\/unisale.com.br\/novo\/wp-content\/uploads\/2022\/11\/IMG_8489-768x512-1.jpg\" \/>\n\t<meta property=\"og:image:width\" content=\"768\" \/>\n\t<meta property=\"og:image:height\" content=\"512\" \/>\n\t<meta property=\"og:image:type\" content=\"image\/jpeg\" \/>\n<meta name=\"author\" content=\"Luiz Alexandre Marinho Lanzoni\" \/>\n<meta name=\"twitter:card\" content=\"summary_large_image\" \/>\n<meta name=\"twitter:label1\" content=\"Escrito por\" \/>\n\t<meta name=\"twitter:data1\" content=\"Luiz Alexandre Marinho Lanzoni\" \/>\n\t<meta name=\"twitter:label2\" content=\"Est. tempo de leitura\" \/>\n\t<meta name=\"twitter:data2\" content=\"2 minutos\" \/>\n<script type=\"application\/ld+json\" class=\"yoast-schema-graph\">{\"@context\":\"https:\\\/\\\/schema.org\",\"@graph\":[{\"@type\":\"Article\",\"@id\":\"https:\\\/\\\/unisale.com.br\\\/novo\\\/festa-de-nossa-senhora-aparecida-e-das-criancas-reune-mais-de-500-pessoas\\\/#article\",\"isPartOf\":{\"@id\":\"https:\\\/\\\/unisale.com.br\\\/novo\\\/festa-de-nossa-senhora-aparecida-e-das-criancas-reune-mais-de-500-pessoas\\\/\"},\"author\":{\"name\":\"Luiz Alexandre Marinho Lanzoni\",\"@id\":\"https:\\\/\\\/unisale.com.br\\\/pastoral\\\/#\\\/schema\\\/person\\\/492d3d7bfe53a8302576d39485aff2c4\"},\"headline\":\"Festa de Nossa Senhora Aparecida e das Crian\u00e7as re\u00fane mais de 500 pessoas\",\"datePublished\":\"2022-11-03T11:28:34+00:00\",\"mainEntityOfPage\":{\"@id\":\"https:\\\/\\\/unisale.com.br\\\/novo\\\/festa-de-nossa-senhora-aparecida-e-das-criancas-reune-mais-de-500-pessoas\\\/\"},\"wordCount\":429,\"image\":{\"@id\":\"https:\\\/\\\/unisale.com.br\\\/novo\\\/festa-de-nossa-senhora-aparecida-e-das-criancas-reune-mais-de-500-pessoas\\\/#primaryimage\"},\"thumbnailUrl\":\"https:\\\/\\\/unisale.com.br\\\/pastoral\\\/wp-content\\\/uploads\\\/2022\\\/11\\\/IMG_8489-768x512-1.jpg\",\"inLanguage\":\"pt-BR\"},{\"@type\":\"WebPage\",\"@id\":\"https:\\\/\\\/unisale.com.br\\\/novo\\\/festa-de-nossa-senhora-aparecida-e-das-criancas-reune-mais-de-500-pessoas\\\/\",\"url\":\"https:\\\/\\\/unisale.com.br\\\/novo\\\/festa-de-nossa-senhora-aparecida-e-das-criancas-reune-mais-de-500-pessoas\\\/\",\"name\":\"Festa de Nossa Senhora Aparecida e das Crian\u00e7as re\u00fane mais de 500 pessoas - Pastoral Universit\u00e1ria UniSALESIANO\",\"isPartOf\":{\"@id\":\"https:\\\/\\\/unisale.com.br\\\/pastoral\\\/#website\"},\"primaryImageOfPage\":{\"@id\":\"https:\\\/\\\/unisale.com.br\\\/novo\\\/festa-de-nossa-senhora-aparecida-e-das-criancas-reune-mais-de-500-pessoas\\\/#primaryimage\"},\"image\":{\"@id\":\"https:\\\/\\\/unisale.com.br\\\/novo\\\/festa-de-nossa-senhora-aparecida-e-das-criancas-reune-mais-de-500-pessoas\\\/#primaryimage\"},\"thumbnailUrl\":\"https:\\\/\\\/unisale.com.br\\\/pastoral\\\/wp-content\\\/uploads\\\/2022\\\/11\\\/IMG_8489-768x512-1.jpg\",\"datePublished\":\"2022-11-03T11:28:34+00:00\",\"author\":{\"@id\":\"https:\\\/\\\/unisale.com.br\\\/pastoral\\\/#\\\/schema\\\/person\\\/492d3d7bfe53a8302576d39485aff2c4\"},\"inLanguage\":\"pt-BR\",\"potentialAction\":[{\"@type\":\"ReadAction\",\"target\":[\"https:\\\/\\\/unisale.com.br\\\/novo\\\/festa-de-nossa-senhora-aparecida-e-das-criancas-reune-mais-de-500-pessoas\\\/\"]}]},{\"@type\":\"ImageObject\",\"inLanguage\":\"pt-BR\",\"@id\":\"https:\\\/\\\/unisale.com.br\\\/novo\\\/festa-de-nossa-senhora-aparecida-e-das-criancas-reune-mais-de-500-pessoas\\\/#primaryimage\",\"url\":\"https:\\\/\\\/unisale.com.br\\\/pastoral\\\/wp-content\\\/uploads\\\/2022\\\/11\\\/IMG_8489-768x512-1.jpg\",\"contentUrl\":\"https:\\\/\\\/unisale.com.br\\\/pastoral\\\/wp-content\\\/uploads\\\/2022\\\/11\\\/IMG_8489-768x512-1.jpg\",\"width\":750,\"height\":500},{\"@type\":\"WebSite\",\"@id\":\"https:\\\/\\\/unisale.com.br\\\/pastoral\\\/#website\",\"url\":\"https:\\\/\\\/unisale.com.br\\\/pastoral\\\/\",\"name\":\"Pastoral Universit\u00e1ria UniSALESIANO\",\"description\":\"Site da Pastoral Universit\u00e1ria do UniSALESIANO\",\"potentialAction\":[{\"@type\":\"SearchAction\",\"target\":{\"@type\":\"EntryPoint\",\"urlTemplate\":\"https:\\\/\\\/unisale.com.br\\\/pastoral\\\/?s={search_term_string}\"},\"query-input\":{\"@type\":\"PropertyValueSpecification\",\"valueRequired\":true,\"valueName\":\"search_term_string\"}}],\"inLanguage\":\"pt-BR\"},{\"@type\":\"Person\",\"@id\":\"https:\\\/\\\/unisale.com.br\\\/pastoral\\\/#\\\/schema\\\/person\\\/492d3d7bfe53a8302576d39485aff2c4\",\"name\":\"Luiz Alexandre Marinho Lanzoni\",\"url\":\"https:\\\/\\\/unisale.com.br\\\/pastoral\\\/author\\\/luiz\\\/\"}]}<\/script>\n<!-- \/ Yoast SEO plugin. -->","yoast_head_json":{"title":"Festa de Nossa Senhora Aparecida e das Crian\u00e7as re\u00fane mais de 500 pessoas - Pastoral Universit\u00e1ria UniSALESIANO","robots":{"index":"index","follow":"follow","max-snippet":"max-snippet:-1","max-image-preview":"max-image-preview:large","max-video-preview":"max-video-preview:-1"},"canonical":"https:\/\/unisale.com.br\/novo\/festa-de-nossa-senhora-aparecida-e-das-criancas-reune-mais-de-500-pessoas\/","og_locale":"pt_BR","og_type":"article","og_title":"Festa de Nossa Senhora Aparecida e das Crian\u00e7as re\u00fane mais de 500 pessoas - Pastoral Universit\u00e1ria UniSALESIANO","og_description":"Ao longo da tarde, as crian\u00e7as se divertiram nos brinquedos infl\u00e1veis e camas el\u00e1sticas &nbsp; O\u00a0Orat\u00f3rio Dom Bosco, o\u00a0UniSALESIANO\u00a0e o\u00a0Col\u00e9gio Salesiano \u201cDom Luiz Lasagna\u201d, proporcionaram...","og_url":"https:\/\/unisale.com.br\/novo\/festa-de-nossa-senhora-aparecida-e-das-criancas-reune-mais-de-500-pessoas\/","og_site_name":"Pastoral Universit\u00e1ria UniSALESIANO","article_published_time":"2022-11-03T11:28:34+00:00","og_image":[{"width":768,"height":512,"url":"https:\/\/unisale.com.br\/novo\/wp-content\/uploads\/2022\/11\/IMG_8489-768x512-1.jpg","type":"image\/jpeg"}],"author":"Luiz Alexandre Marinho Lanzoni","twitter_card":"summary_large_image","twitter_misc":{"Escrito por":"Luiz Alexandre Marinho Lanzoni","Est. tempo de leitura":"2 minutos"},"schema":{"@context":"https:\/\/schema.org","@graph":[{"@type":"Article","@id":"https:\/\/unisale.com.br\/novo\/festa-de-nossa-senhora-aparecida-e-das-criancas-reune-mais-de-500-pessoas\/#article","isPartOf":{"@id":"https:\/\/unisale.com.br\/novo\/festa-de-nossa-senhora-aparecida-e-das-criancas-reune-mais-de-500-pessoas\/"},"author":{"name":"Luiz Alexandre Marinho Lanzoni","@id":"https:\/\/unisale.com.br\/pastoral\/#\/schema\/person\/492d3d7bfe53a8302576d39485aff2c4"},"headline":"Festa de Nossa Senhora Aparecida e das Crian\u00e7as re\u00fane mais de 500 pessoas","datePublished":"2022-11-03T11:28:34+00:00","mainEntityOfPage":{"@id":"https:\/\/unisale.com.br\/novo\/festa-de-nossa-senhora-aparecida-e-das-criancas-reune-mais-de-500-pessoas\/"},"wordCount":429,"image":{"@id":"https:\/\/unisale.com.br\/novo\/festa-de-nossa-senhora-aparecida-e-das-criancas-reune-mais-de-500-pessoas\/#primaryimage"},"thumbnailUrl":"https:\/\/unisale.com.br\/pastoral\/wp-content\/uploads\/2022\/11\/IMG_8489-768x512-1.jpg","inLanguage":"pt-BR"},{"@type":"WebPage","@id":"https:\/\/unisale.com.br\/novo\/festa-de-nossa-senhora-aparecida-e-das-criancas-reune-mais-de-500-pessoas\/","url":"https:\/\/unisale.com.br\/novo\/festa-de-nossa-senhora-aparecida-e-das-criancas-reune-mais-de-500-pessoas\/","name":"Festa de Nossa Senhora Aparecida e das Crian\u00e7as re\u00fane mais de 500 pessoas - Pastoral Universit\u00e1ria UniSALESIANO","isPartOf":{"@id":"https:\/\/unisale.com.br\/pastoral\/#website"},"primaryImageOfPage":{"@id":"https:\/\/unisale.com.br\/novo\/festa-de-nossa-senhora-aparecida-e-das-criancas-reune-mais-de-500-pessoas\/#primaryimage"},"image":{"@id":"https:\/\/unisale.com.br\/novo\/festa-de-nossa-senhora-aparecida-e-das-criancas-reune-mais-de-500-pessoas\/#primaryimage"},"thumbnailUrl":"https:\/\/unisale.com.br\/pastoral\/wp-content\/uploads\/2022\/11\/IMG_8489-768x512-1.jpg","datePublished":"2022-11-03T11:28:34+00:00","author":{"@id":"https:\/\/unisale.com.br\/pastoral\/#\/schema\/person\/492d3d7bfe53a8302576d39485aff2c4"},"inLanguage":"pt-BR","potentialAction":[{"@type":"ReadAction","target":["https:\/\/unisale.com.br\/novo\/festa-de-nossa-senhora-aparecida-e-das-criancas-reune-mais-de-500-pessoas\/"]}]},{"@type":"ImageObject","inLanguage":"pt-BR","@id":"https:\/\/unisale.com.br\/novo\/festa-de-nossa-senhora-aparecida-e-das-criancas-reune-mais-de-500-pessoas\/#primaryimage","url":"https:\/\/unisale.com.br\/pastoral\/wp-content\/uploads\/2022\/11\/IMG_8489-768x512-1.jpg","contentUrl":"https:\/\/unisale.com.br\/pastoral\/wp-content\/uploads\/2022\/11\/IMG_8489-768x512-1.jpg","width":750,"height":500},{"@type":"WebSite","@id":"https:\/\/unisale.com.br\/pastoral\/#website","url":"https:\/\/unisale.com.br\/pastoral\/","name":"Pastoral Universit\u00e1ria UniSALESIANO","description":"Site da Pastoral Universit\u00e1ria do UniSALESIANO","potentialAction":[{"@type":"SearchAction","target":{"@type":"EntryPoint","urlTemplate":"https:\/\/unisale.com.br\/pastoral\/?s={search_term_string}"},"query-input":{"@type":"PropertyValueSpecification","valueRequired":true,"valueName":"search_term_string"}}],"inLanguage":"pt-BR"},{"@type":"Person","@id":"https:\/\/unisale.com.br\/pastoral\/#\/schema\/person\/492d3d7bfe53a8302576d39485aff2c4","name":"Luiz Alexandre Marinho Lanzoni","url":"https:\/\/unisale.com.br\/pastoral\/author\/luiz\/"}]}},"_links":{"self":[{"href":"https:\/\/unisale.com.br\/pastoral\/wp-json\/wp\/v2\/posts\/5685","targetHints":{"allow":["GET"]}}],"collection":[{"href":"https:\/\/unisale.com.br\/pastoral\/wp-json\/wp\/v2\/posts"}],"about":[{"href":"https:\/\/unisale.com.br\/pastoral\/wp-json\/wp\/v2\/types\/post"}],"author":[{"embeddable":true,"href":"https:\/\/unisale.com.br\/pastoral\/wp-json\/wp\/v2\/users\/6"}],"replies":[{"embeddable":true,"href":"https:\/\/unisale.com.br\/pastoral\/wp-json\/wp\/v2\/comments?post=5685"}],"version-history":[{"count":0,"href":"https:\/\/unisale.com.br\/pastoral\/wp-json\/wp\/v2\/posts\/5685\/revisions"}],"wp:featuredmedia":[{"embeddable":true,"href":"https:\/\/unisale.com.br\/pastoral\/wp-json\/wp\/v2\/media\/5686"}],"wp:attachment":[{"href":"https:\/\/unisale.com.br\/pastoral\/wp-json\/wp\/v2\/media?parent=5685"}],"wp:term":[{"taxonomy":"category","embeddable":true,"href":"https:\/\/unisale.com.br\/pastoral\/wp-json\/wp\/v2\/categories?post=5685"},{"taxonomy":"post_tag","embeddable":true,"href":"https:\/\/unisale.com.br\/pastoral\/wp-json\/wp\/v2\/tags?post=5685"}],"curies":[{"name":"wp","href":"https:\/\/api.w.org\/{rel}","templated":true}]}}