{"id":5816,"date":"2022-11-04T11:11:09","date_gmt":"2022-11-04T11:11:09","guid":{"rendered":"https:\/\/unisale.com.br\/pastoral\/?p=5816"},"modified":"2022-11-04T11:11:09","modified_gmt":"2022-11-04T11:11:09","slug":"09-11-o-zelo-por-tua-casa-me-consumira-2","status":"publish","type":"post","link":"https:\/\/unisale.com.br\/pastoral\/09-11-o-zelo-por-tua-casa-me-consumira-2\/","title":{"rendered":"09\/11 &#8211; O zelo por tua casa me consumir\u00e1."},"content":{"rendered":"<p>Quarta-feira, 09 de novembro de 2022.<\/p>\n<p>&nbsp;<\/p>\n<p>Evangelho (Jo 2,13-22)<\/p>\n<p>&nbsp;<\/p>\n<p><strong>\u201cO zelo por tua casa me consumir\u00e1\u201d<\/strong><\/p>\n<p>&nbsp;<\/p>\n<p><sup>13<\/sup>Estava pr\u00f3xima a P\u00e1scoa dos judeus e Jesus subiu a Jerusal\u00e9m. <sup>14<\/sup>No Templo, encontrou os vendedores de bois, ovelhas e pombas e os cambistas que estavam a\u00ed sentados. <sup>15<\/sup>Fez ent\u00e3o um chicote de cordas e expulsou todos do Templo, junto com as ovelhas e os bois; espalhou as moedas e derrubou as mesas dos cambistas. <sup>16<\/sup>E disse aos que vendiam pombas: \u201cTirai isto daqui! N\u00e3o fa\u00e7ais da casa de meu Pai uma casa de com\u00e9rcio!\u201d <sup>17<\/sup>Seus disc\u00edpulos lembraram-se, mais tarde, que a Escritura diz: \u201cO zelo por tua casa me consumir\u00e1\u201d. <sup>18<\/sup>Ent\u00e3o os judeus perguntaram a Jesus: \u201cQue sinal nos mostras para agir assim?\u201d <sup>19<\/sup>Ele respondeu: \u201cDestru\u00ed este Templo, e em tr\u00eas dias o levantarei\u201d. <sup>20<\/sup>Os judeus disseram: \u201cQuarenta e seis anos foram precisos para a constru\u00e7\u00e3o deste santu\u00e1rio e tu o levantar\u00e1s em tr\u00eas dias?\u201d <sup>21<\/sup>Mas Jesus estava falando do Templo do seu corpo. <sup>22<\/sup>Quando Jesus ressuscitou, os disc\u00edpulos lembraram-se do que ele tinha dito e acreditaram na Escritura e na palavra dele.<\/p>\n<p>&nbsp;<\/p>\n<p><strong>Reflex\u00e3o<\/strong><\/p>\n<p>&nbsp;<\/p>\n<p>No dia em que celebramos a dedica\u00e7\u00e3o da Bas\u00edlica do Latr\u00e3o, o Evangelho nos apresenta a cena em que Jesus expulsa os vendedores do Templo. Esta cena n\u00e3o necessitaria de ulteriores coment\u00e1rios, pois ela \u00e9 bastante clara. O que Jesus disse, revelando o \u00f3bvio, \u00f3bvio n\u00e3o \u00e9. Deus pode se tornar somente o pretexto de um com\u00e9rcio do qual as coisas materiais s\u00e3o somente o sintoma de algo mais superficial. O mais dram\u00e1tico \u00e9 ver esta l\u00f3gica comercial levada a um n\u00edvel mais profundo de rela\u00e7\u00e3o com Deus. Se pode de fato comprar ou vender o amor? Se o amor n\u00e3o \u00e9 gratuito, agora n\u00e3o \u00e9 amor. Mas a l\u00f3gica comercial n\u00e3o \u00e9 somente aprofundar naquilo no qual jamais se deve aprofundar, mas \u00e9 tamb\u00e9m querer controlar Deus, o Sagrado, a religi\u00e3o com um sistema pag\u00e3o de ofertas e sacrif\u00edcios. Cada um de n\u00f3s corre o risco e criticar os outros ou o sistema n\u00e3o nos salva de um profundo exame de consci\u00eancia que cada um de n\u00f3s deve fazer. De fato, o Evangelho que lemos \u00e9 sempre endere\u00e7ado a mim que leio e n\u00e3o ao meu vizinho. Mas Jesus nos diz que o verdadeiro Templo n\u00e3o \u00e9 aquele feito de pedra, mas Ele mesmo. O Evangelho de hoje nos diz que n\u00e3o \u00e9 o templo de pedra que nos faz crist\u00e3os, mas \u00e9 Cristo, que \u00e9 maior do que cada templo de pedra espalhado pelo mundo.<\/p>\n<p>&nbsp;<\/p>\n<p><strong>Pe. Paulo Eduardo J\u00e1como, SDB.<\/strong><\/p>\n","protected":false},"excerpt":{"rendered":"<p>Quarta-feira, 09 de novembro de 2022. &nbsp; Evangelho (Jo 2,13-22) &nbsp; \u201cO zelo por tua casa me consumir\u00e1\u201d &nbsp; 13Estava pr\u00f3xima a P\u00e1scoa dos judeus&#8230;<\/p>\n","protected":false},"author":6,"featured_media":5813,"comment_status":"closed","ping_status":"closed","sticky":false,"template":"","format":"standard","meta":{"_acf_changed":false,"footnotes":""},"categories":[13],"tags":[],"class_list":["post-5816","post","type-post","status-publish","format-standard","has-post-thumbnail","hentry","category-reflexaodoevagelho"],"acf":[],"yoast_head":"<!-- This site is optimized with the Yoast SEO plugin v27.3 - https:\/\/yoast.com\/product\/yoast-seo-wordpress\/ -->\n<title>09\/11 - O zelo por tua casa me consumir\u00e1. - Pastoral Universit\u00e1ria UniSALESIANO<\/title>\n<meta name=\"robots\" content=\"index, follow, max-snippet:-1, max-image-preview:large, max-video-preview:-1\" \/>\n<link rel=\"canonical\" href=\"https:\/\/unisale.com.br\/novo\/09-11-o-zelo-por-tua-casa-me-consumira-2\/\" \/>\n<meta property=\"og:locale\" content=\"pt_BR\" \/>\n<meta property=\"og:type\" content=\"article\" \/>\n<meta property=\"og:title\" content=\"09\/11 - O zelo por tua casa me consumir\u00e1. - Pastoral Universit\u00e1ria UniSALESIANO\" \/>\n<meta property=\"og:description\" content=\"Quarta-feira, 09 de novembro de 2022. &nbsp; Evangelho (Jo 2,13-22) &nbsp; \u201cO zelo por tua casa me consumir\u00e1\u201d &nbsp; 13Estava pr\u00f3xima a P\u00e1scoa dos judeus...\" \/>\n<meta property=\"og:url\" content=\"https:\/\/unisale.com.br\/novo\/09-11-o-zelo-por-tua-casa-me-consumira-2\/\" \/>\n<meta property=\"og:site_name\" content=\"Pastoral Universit\u00e1ria UniSALESIANO\" \/>\n<meta property=\"article:published_time\" content=\"2022-11-04T11:11:09+00:00\" \/>\n<meta property=\"og:image\" content=\"https:\/\/unisale.com.br\/novo\/wp-content\/uploads\/2022\/11\/Ev-09.jpg\" \/>\n\t<meta property=\"og:image:width\" content=\"800\" \/>\n\t<meta property=\"og:image:height\" content=\"450\" \/>\n\t<meta property=\"og:image:type\" content=\"image\/jpeg\" \/>\n<meta name=\"author\" content=\"Luiz Alexandre Marinho Lanzoni\" \/>\n<meta name=\"twitter:card\" content=\"summary_large_image\" \/>\n<meta name=\"twitter:label1\" content=\"Escrito por\" \/>\n\t<meta name=\"twitter:data1\" content=\"Luiz Alexandre Marinho Lanzoni\" \/>\n\t<meta name=\"twitter:label2\" content=\"Est. tempo de leitura\" \/>\n\t<meta name=\"twitter:data2\" content=\"2 minutos\" \/>\n<script type=\"application\/ld+json\" class=\"yoast-schema-graph\">{\"@context\":\"https:\\\/\\\/schema.org\",\"@graph\":[{\"@type\":\"Article\",\"@id\":\"https:\\\/\\\/unisale.com.br\\\/novo\\\/09-11-o-zelo-por-tua-casa-me-consumira-2\\\/#article\",\"isPartOf\":{\"@id\":\"https:\\\/\\\/unisale.com.br\\\/novo\\\/09-11-o-zelo-por-tua-casa-me-consumira-2\\\/\"},\"author\":{\"name\":\"Luiz Alexandre Marinho Lanzoni\",\"@id\":\"https:\\\/\\\/unisale.com.br\\\/pastoral\\\/#\\\/schema\\\/person\\\/492d3d7bfe53a8302576d39485aff2c4\"},\"headline\":\"09\\\/11 &#8211; O zelo por tua casa me consumir\u00e1.\",\"datePublished\":\"2022-11-04T11:11:09+00:00\",\"mainEntityOfPage\":{\"@id\":\"https:\\\/\\\/unisale.com.br\\\/novo\\\/09-11-o-zelo-por-tua-casa-me-consumira-2\\\/\"},\"wordCount\":469,\"image\":{\"@id\":\"https:\\\/\\\/unisale.com.br\\\/novo\\\/09-11-o-zelo-por-tua-casa-me-consumira-2\\\/#primaryimage\"},\"thumbnailUrl\":\"https:\\\/\\\/unisale.com.br\\\/pastoral\\\/wp-content\\\/uploads\\\/2022\\\/11\\\/Ev-09.jpg\",\"articleSection\":[\"Reflex\u00e3o do Evangelho\"],\"inLanguage\":\"pt-BR\"},{\"@type\":\"WebPage\",\"@id\":\"https:\\\/\\\/unisale.com.br\\\/novo\\\/09-11-o-zelo-por-tua-casa-me-consumira-2\\\/\",\"url\":\"https:\\\/\\\/unisale.com.br\\\/novo\\\/09-11-o-zelo-por-tua-casa-me-consumira-2\\\/\",\"name\":\"09\\\/11 - O zelo por tua casa me consumir\u00e1. - Pastoral Universit\u00e1ria UniSALESIANO\",\"isPartOf\":{\"@id\":\"https:\\\/\\\/unisale.com.br\\\/pastoral\\\/#website\"},\"primaryImageOfPage\":{\"@id\":\"https:\\\/\\\/unisale.com.br\\\/novo\\\/09-11-o-zelo-por-tua-casa-me-consumira-2\\\/#primaryimage\"},\"image\":{\"@id\":\"https:\\\/\\\/unisale.com.br\\\/novo\\\/09-11-o-zelo-por-tua-casa-me-consumira-2\\\/#primaryimage\"},\"thumbnailUrl\":\"https:\\\/\\\/unisale.com.br\\\/pastoral\\\/wp-content\\\/uploads\\\/2022\\\/11\\\/Ev-09.jpg\",\"datePublished\":\"2022-11-04T11:11:09+00:00\",\"author\":{\"@id\":\"https:\\\/\\\/unisale.com.br\\\/pastoral\\\/#\\\/schema\\\/person\\\/492d3d7bfe53a8302576d39485aff2c4\"},\"inLanguage\":\"pt-BR\",\"potentialAction\":[{\"@type\":\"ReadAction\",\"target\":[\"https:\\\/\\\/unisale.com.br\\\/novo\\\/09-11-o-zelo-por-tua-casa-me-consumira-2\\\/\"]}]},{\"@type\":\"ImageObject\",\"inLanguage\":\"pt-BR\",\"@id\":\"https:\\\/\\\/unisale.com.br\\\/novo\\\/09-11-o-zelo-por-tua-casa-me-consumira-2\\\/#primaryimage\",\"url\":\"https:\\\/\\\/unisale.com.br\\\/pastoral\\\/wp-content\\\/uploads\\\/2022\\\/11\\\/Ev-09.jpg\",\"contentUrl\":\"https:\\\/\\\/unisale.com.br\\\/pastoral\\\/wp-content\\\/uploads\\\/2022\\\/11\\\/Ev-09.jpg\",\"width\":800,\"height\":450},{\"@type\":\"WebSite\",\"@id\":\"https:\\\/\\\/unisale.com.br\\\/pastoral\\\/#website\",\"url\":\"https:\\\/\\\/unisale.com.br\\\/pastoral\\\/\",\"name\":\"Pastoral Universit\u00e1ria UniSALESIANO\",\"description\":\"Site da Pastoral Universit\u00e1ria do UniSALESIANO\",\"potentialAction\":[{\"@type\":\"SearchAction\",\"target\":{\"@type\":\"EntryPoint\",\"urlTemplate\":\"https:\\\/\\\/unisale.com.br\\\/pastoral\\\/?s={search_term_string}\"},\"query-input\":{\"@type\":\"PropertyValueSpecification\",\"valueRequired\":true,\"valueName\":\"search_term_string\"}}],\"inLanguage\":\"pt-BR\"},{\"@type\":\"Person\",\"@id\":\"https:\\\/\\\/unisale.com.br\\\/pastoral\\\/#\\\/schema\\\/person\\\/492d3d7bfe53a8302576d39485aff2c4\",\"name\":\"Luiz Alexandre Marinho Lanzoni\",\"url\":\"https:\\\/\\\/unisale.com.br\\\/pastoral\\\/author\\\/luiz\\\/\"}]}<\/script>\n<!-- \/ Yoast SEO plugin. -->","yoast_head_json":{"title":"09\/11 - O zelo por tua casa me consumir\u00e1. - Pastoral Universit\u00e1ria UniSALESIANO","robots":{"index":"index","follow":"follow","max-snippet":"max-snippet:-1","max-image-preview":"max-image-preview:large","max-video-preview":"max-video-preview:-1"},"canonical":"https:\/\/unisale.com.br\/novo\/09-11-o-zelo-por-tua-casa-me-consumira-2\/","og_locale":"pt_BR","og_type":"article","og_title":"09\/11 - O zelo por tua casa me consumir\u00e1. - Pastoral Universit\u00e1ria UniSALESIANO","og_description":"Quarta-feira, 09 de novembro de 2022. &nbsp; Evangelho (Jo 2,13-22) &nbsp; \u201cO zelo por tua casa me consumir\u00e1\u201d &nbsp; 13Estava pr\u00f3xima a P\u00e1scoa dos judeus...","og_url":"https:\/\/unisale.com.br\/novo\/09-11-o-zelo-por-tua-casa-me-consumira-2\/","og_site_name":"Pastoral Universit\u00e1ria UniSALESIANO","article_published_time":"2022-11-04T11:11:09+00:00","og_image":[{"width":800,"height":450,"url":"https:\/\/unisale.com.br\/novo\/wp-content\/uploads\/2022\/11\/Ev-09.jpg","type":"image\/jpeg"}],"author":"Luiz Alexandre Marinho Lanzoni","twitter_card":"summary_large_image","twitter_misc":{"Escrito por":"Luiz Alexandre Marinho Lanzoni","Est. tempo de leitura":"2 minutos"},"schema":{"@context":"https:\/\/schema.org","@graph":[{"@type":"Article","@id":"https:\/\/unisale.com.br\/novo\/09-11-o-zelo-por-tua-casa-me-consumira-2\/#article","isPartOf":{"@id":"https:\/\/unisale.com.br\/novo\/09-11-o-zelo-por-tua-casa-me-consumira-2\/"},"author":{"name":"Luiz Alexandre Marinho Lanzoni","@id":"https:\/\/unisale.com.br\/pastoral\/#\/schema\/person\/492d3d7bfe53a8302576d39485aff2c4"},"headline":"09\/11 &#8211; O zelo por tua casa me consumir\u00e1.","datePublished":"2022-11-04T11:11:09+00:00","mainEntityOfPage":{"@id":"https:\/\/unisale.com.br\/novo\/09-11-o-zelo-por-tua-casa-me-consumira-2\/"},"wordCount":469,"image":{"@id":"https:\/\/unisale.com.br\/novo\/09-11-o-zelo-por-tua-casa-me-consumira-2\/#primaryimage"},"thumbnailUrl":"https:\/\/unisale.com.br\/pastoral\/wp-content\/uploads\/2022\/11\/Ev-09.jpg","articleSection":["Reflex\u00e3o do Evangelho"],"inLanguage":"pt-BR"},{"@type":"WebPage","@id":"https:\/\/unisale.com.br\/novo\/09-11-o-zelo-por-tua-casa-me-consumira-2\/","url":"https:\/\/unisale.com.br\/novo\/09-11-o-zelo-por-tua-casa-me-consumira-2\/","name":"09\/11 - O zelo por tua casa me consumir\u00e1. - Pastoral Universit\u00e1ria UniSALESIANO","isPartOf":{"@id":"https:\/\/unisale.com.br\/pastoral\/#website"},"primaryImageOfPage":{"@id":"https:\/\/unisale.com.br\/novo\/09-11-o-zelo-por-tua-casa-me-consumira-2\/#primaryimage"},"image":{"@id":"https:\/\/unisale.com.br\/novo\/09-11-o-zelo-por-tua-casa-me-consumira-2\/#primaryimage"},"thumbnailUrl":"https:\/\/unisale.com.br\/pastoral\/wp-content\/uploads\/2022\/11\/Ev-09.jpg","datePublished":"2022-11-04T11:11:09+00:00","author":{"@id":"https:\/\/unisale.com.br\/pastoral\/#\/schema\/person\/492d3d7bfe53a8302576d39485aff2c4"},"inLanguage":"pt-BR","potentialAction":[{"@type":"ReadAction","target":["https:\/\/unisale.com.br\/novo\/09-11-o-zelo-por-tua-casa-me-consumira-2\/"]}]},{"@type":"ImageObject","inLanguage":"pt-BR","@id":"https:\/\/unisale.com.br\/novo\/09-11-o-zelo-por-tua-casa-me-consumira-2\/#primaryimage","url":"https:\/\/unisale.com.br\/pastoral\/wp-content\/uploads\/2022\/11\/Ev-09.jpg","contentUrl":"https:\/\/unisale.com.br\/pastoral\/wp-content\/uploads\/2022\/11\/Ev-09.jpg","width":800,"height":450},{"@type":"WebSite","@id":"https:\/\/unisale.com.br\/pastoral\/#website","url":"https:\/\/unisale.com.br\/pastoral\/","name":"Pastoral Universit\u00e1ria UniSALESIANO","description":"Site da Pastoral Universit\u00e1ria do UniSALESIANO","potentialAction":[{"@type":"SearchAction","target":{"@type":"EntryPoint","urlTemplate":"https:\/\/unisale.com.br\/pastoral\/?s={search_term_string}"},"query-input":{"@type":"PropertyValueSpecification","valueRequired":true,"valueName":"search_term_string"}}],"inLanguage":"pt-BR"},{"@type":"Person","@id":"https:\/\/unisale.com.br\/pastoral\/#\/schema\/person\/492d3d7bfe53a8302576d39485aff2c4","name":"Luiz Alexandre Marinho Lanzoni","url":"https:\/\/unisale.com.br\/pastoral\/author\/luiz\/"}]}},"_links":{"self":[{"href":"https:\/\/unisale.com.br\/pastoral\/wp-json\/wp\/v2\/posts\/5816","targetHints":{"allow":["GET"]}}],"collection":[{"href":"https:\/\/unisale.com.br\/pastoral\/wp-json\/wp\/v2\/posts"}],"about":[{"href":"https:\/\/unisale.com.br\/pastoral\/wp-json\/wp\/v2\/types\/post"}],"author":[{"embeddable":true,"href":"https:\/\/unisale.com.br\/pastoral\/wp-json\/wp\/v2\/users\/6"}],"replies":[{"embeddable":true,"href":"https:\/\/unisale.com.br\/pastoral\/wp-json\/wp\/v2\/comments?post=5816"}],"version-history":[{"count":0,"href":"https:\/\/unisale.com.br\/pastoral\/wp-json\/wp\/v2\/posts\/5816\/revisions"}],"wp:featuredmedia":[{"embeddable":true,"href":"https:\/\/unisale.com.br\/pastoral\/wp-json\/wp\/v2\/media\/5813"}],"wp:attachment":[{"href":"https:\/\/unisale.com.br\/pastoral\/wp-json\/wp\/v2\/media?parent=5816"}],"wp:term":[{"taxonomy":"category","embeddable":true,"href":"https:\/\/unisale.com.br\/pastoral\/wp-json\/wp\/v2\/categories?post=5816"},{"taxonomy":"post_tag","embeddable":true,"href":"https:\/\/unisale.com.br\/pastoral\/wp-json\/wp\/v2\/tags?post=5816"}],"curies":[{"name":"wp","href":"https:\/\/api.w.org\/{rel}","templated":true}]}}