{"id":5889,"date":"2022-11-16T16:33:45","date_gmt":"2022-11-16T16:33:45","guid":{"rendered":"https:\/\/unisale.com.br\/pastoral\/?p=5889"},"modified":"2022-11-16T16:33:45","modified_gmt":"2022-11-16T16:33:45","slug":"25-11-o-ceu-e-a-terra-passarao-mas-as-minhas-palavras-nao-hao-de-passar","status":"publish","type":"post","link":"https:\/\/unisale.com.br\/pastoral\/25-11-o-ceu-e-a-terra-passarao-mas-as-minhas-palavras-nao-hao-de-passar\/","title":{"rendered":"25\/11 &#8211; O c\u00e9u e a terra passar\u00e3o, mas as minhas palavras n\u00e3o h\u00e3o de passar."},"content":{"rendered":"<p>Sexta-feira, 25 de novembro de 2022.<\/p>\n<p>&nbsp;<\/p>\n<p>Evangelho (Lc 21,29-33)<\/p>\n<p>&nbsp;<\/p>\n<p><strong>\u201cO c\u00e9u e a terra passar\u00e3o, mas as minhas palavras n\u00e3o h\u00e3o de passar\u201d<\/strong><\/p>\n<p>&nbsp;<\/p>\n<p>Naquele tempo, <sup>29<\/sup>Jesus contou-lhes uma par\u00e1bola: \u201cOlhai a figueira e todas as \u00e1rvores. <sup>30<\/sup>Quando vedes que elas est\u00e3o dando brotos, logo sabeis que o ver\u00e3o est\u00e1 perto. <sup>31<\/sup>V\u00f3s tamb\u00e9m, quando virdes acontecer essas coisas, ficai sabendo que o Reino de Deus est\u00e1 perto. <sup>32<\/sup>Em verdade, eu vos digo: tudo isso vai acontecer antes que passe esta gera\u00e7\u00e3o. <sup>33<\/sup>O c\u00e9u e a terra passar\u00e3o, mas as minhas palavras n\u00e3o h\u00e3o de passar.<\/p>\n<p>&nbsp;<\/p>\n<p><strong>Reflex\u00e3o<\/strong><\/p>\n<p>&nbsp;<\/p>\n<p>Jesus fala dos muitos sinais, par\u00e1bolas. Para o crist\u00e3o a leitura correta para estes sinais n\u00e3o se baseia na nossa forma de pensar, mas na forma de pensar de Deus, ou seja, n\u00f3s precisamos ter a capacidade de ver as coisas assim como Deus as v\u00ea. O Evangelho nos convida a ver os sinais na nossa hist\u00f3ria. Mas isso n\u00e3o \u00e9 e nunca foi f\u00e1cil. Por isso que \u00e9 necess\u00e1rio o crist\u00e3o se exercitar na arte do discernimento, pois muitas vezes n\u00f3s lemos a nossa vida de maneira emotiva, sentimental ou intelectual, sem jamais chegar a um verdadeiro significado. O segredo \u00e9 a familiaridade com o Evangelho, em geral com a Palavra de Deus. Ela nos introduz num novo olhar sobres as coisas. Quanto mais vivemos uma rela\u00e7\u00e3o profunda com Deus, e mais somo imersos no seu modo de olhar as coisas. Quanto mais O amamos e mais sentiremos as coisas como Ele, veremos como Ele, viveremos como Ele. \u00c9 muito pouco buscar sinais e confirma\u00e7\u00f5es, a gra\u00e7a a pedir \u00e9 saber l\u00ea-los. Sem uma justa chave de leitura as experi\u00eancias decisivas da vida, bonitas ou feias, s\u00e3o desperdi\u00e7adas. Ao inv\u00e9s, uma dor ou alegria quando s\u00e3o lidas de maneira correta, nos fornecem uma leitura s\u00e1bia de n\u00f3s mesmos e do significado de nossa vida. Certamente permanece sempre um pouco de mist\u00e9rio, mas este nos impulsiona somente a querer entrar mais intensamente nas coisas. Jesus nos fala do fim n\u00e3o par anos amedrontar, mas para fazer nascer dentro de n\u00f3s a saudade do fim. Sem o discernimento corremos o risco de deixar que os sinais da nossa vida sejam lidos a partir das nossas feridas, dos nossos medos, das nossas expectativas, havendo da nossa vida e da hist\u00f3ria uma vis\u00e3o distorcida.<\/p>\n<p>&nbsp;<\/p>\n<p><strong>Pe. Paulo Eduardo J\u00e1como, SDB.<\/strong><\/p>\n","protected":false},"excerpt":{"rendered":"<p>Sexta-feira, 25 de novembro de 2022. &nbsp; Evangelho (Lc 21,29-33) &nbsp; \u201cO c\u00e9u e a terra passar\u00e3o, mas as minhas palavras n\u00e3o h\u00e3o de passar\u201d&#8230;<\/p>\n","protected":false},"author":6,"featured_media":5878,"comment_status":"closed","ping_status":"closed","sticky":false,"template":"","format":"standard","meta":{"_acf_changed":false,"footnotes":""},"categories":[13],"tags":[],"class_list":["post-5889","post","type-post","status-publish","format-standard","has-post-thumbnail","hentry","category-reflexaodoevagelho"],"acf":[],"yoast_head":"<!-- This site is optimized with the Yoast SEO plugin v27.3 - https:\/\/yoast.com\/product\/yoast-seo-wordpress\/ -->\n<title>25\/11 - O c\u00e9u e a terra passar\u00e3o, mas as minhas palavras n\u00e3o h\u00e3o de passar. - Pastoral Universit\u00e1ria UniSALESIANO<\/title>\n<meta name=\"robots\" content=\"index, follow, max-snippet:-1, max-image-preview:large, max-video-preview:-1\" \/>\n<link rel=\"canonical\" href=\"https:\/\/unisale.com.br\/novo\/25-11-o-ceu-e-a-terra-passarao-mas-as-minhas-palavras-nao-hao-de-passar\/\" \/>\n<meta property=\"og:locale\" content=\"pt_BR\" \/>\n<meta property=\"og:type\" content=\"article\" \/>\n<meta property=\"og:title\" content=\"25\/11 - O c\u00e9u e a terra passar\u00e3o, mas as minhas palavras n\u00e3o h\u00e3o de passar. - Pastoral Universit\u00e1ria UniSALESIANO\" \/>\n<meta property=\"og:description\" content=\"Sexta-feira, 25 de novembro de 2022. &nbsp; Evangelho (Lc 21,29-33) &nbsp; \u201cO c\u00e9u e a terra passar\u00e3o, mas as minhas palavras n\u00e3o h\u00e3o de passar\u201d...\" \/>\n<meta property=\"og:url\" content=\"https:\/\/unisale.com.br\/novo\/25-11-o-ceu-e-a-terra-passarao-mas-as-minhas-palavras-nao-hao-de-passar\/\" \/>\n<meta property=\"og:site_name\" content=\"Pastoral Universit\u00e1ria UniSALESIANO\" \/>\n<meta property=\"article:published_time\" content=\"2022-11-16T16:33:45+00:00\" \/>\n<meta property=\"og:image\" content=\"https:\/\/unisale.com.br\/novo\/wp-content\/uploads\/2022\/11\/Ev-25.png\" \/>\n\t<meta property=\"og:image:width\" content=\"300\" \/>\n\t<meta property=\"og:image:height\" content=\"201\" \/>\n\t<meta property=\"og:image:type\" content=\"image\/png\" \/>\n<meta name=\"author\" content=\"Luiz Alexandre Marinho Lanzoni\" \/>\n<meta name=\"twitter:card\" content=\"summary_large_image\" \/>\n<meta name=\"twitter:label1\" content=\"Escrito por\" \/>\n\t<meta name=\"twitter:data1\" content=\"Luiz Alexandre Marinho Lanzoni\" \/>\n\t<meta name=\"twitter:label2\" content=\"Est. tempo de leitura\" \/>\n\t<meta name=\"twitter:data2\" content=\"2 minutos\" \/>\n<script type=\"application\/ld+json\" class=\"yoast-schema-graph\">{\"@context\":\"https:\\\/\\\/schema.org\",\"@graph\":[{\"@type\":\"Article\",\"@id\":\"https:\\\/\\\/unisale.com.br\\\/novo\\\/25-11-o-ceu-e-a-terra-passarao-mas-as-minhas-palavras-nao-hao-de-passar\\\/#article\",\"isPartOf\":{\"@id\":\"https:\\\/\\\/unisale.com.br\\\/novo\\\/25-11-o-ceu-e-a-terra-passarao-mas-as-minhas-palavras-nao-hao-de-passar\\\/\"},\"author\":{\"name\":\"Luiz Alexandre Marinho Lanzoni\",\"@id\":\"https:\\\/\\\/unisale.com.br\\\/pastoral\\\/#\\\/schema\\\/person\\\/492d3d7bfe53a8302576d39485aff2c4\"},\"headline\":\"25\\\/11 &#8211; O c\u00e9u e a terra passar\u00e3o, mas as minhas palavras n\u00e3o h\u00e3o de passar.\",\"datePublished\":\"2022-11-16T16:33:45+00:00\",\"mainEntityOfPage\":{\"@id\":\"https:\\\/\\\/unisale.com.br\\\/novo\\\/25-11-o-ceu-e-a-terra-passarao-mas-as-minhas-palavras-nao-hao-de-passar\\\/\"},\"wordCount\":451,\"image\":{\"@id\":\"https:\\\/\\\/unisale.com.br\\\/novo\\\/25-11-o-ceu-e-a-terra-passarao-mas-as-minhas-palavras-nao-hao-de-passar\\\/#primaryimage\"},\"thumbnailUrl\":\"https:\\\/\\\/unisale.com.br\\\/pastoral\\\/wp-content\\\/uploads\\\/2022\\\/11\\\/Ev-25.png\",\"articleSection\":[\"Reflex\u00e3o do Evangelho\"],\"inLanguage\":\"pt-BR\"},{\"@type\":\"WebPage\",\"@id\":\"https:\\\/\\\/unisale.com.br\\\/novo\\\/25-11-o-ceu-e-a-terra-passarao-mas-as-minhas-palavras-nao-hao-de-passar\\\/\",\"url\":\"https:\\\/\\\/unisale.com.br\\\/novo\\\/25-11-o-ceu-e-a-terra-passarao-mas-as-minhas-palavras-nao-hao-de-passar\\\/\",\"name\":\"25\\\/11 - O c\u00e9u e a terra passar\u00e3o, mas as minhas palavras n\u00e3o h\u00e3o de passar. - Pastoral Universit\u00e1ria UniSALESIANO\",\"isPartOf\":{\"@id\":\"https:\\\/\\\/unisale.com.br\\\/pastoral\\\/#website\"},\"primaryImageOfPage\":{\"@id\":\"https:\\\/\\\/unisale.com.br\\\/novo\\\/25-11-o-ceu-e-a-terra-passarao-mas-as-minhas-palavras-nao-hao-de-passar\\\/#primaryimage\"},\"image\":{\"@id\":\"https:\\\/\\\/unisale.com.br\\\/novo\\\/25-11-o-ceu-e-a-terra-passarao-mas-as-minhas-palavras-nao-hao-de-passar\\\/#primaryimage\"},\"thumbnailUrl\":\"https:\\\/\\\/unisale.com.br\\\/pastoral\\\/wp-content\\\/uploads\\\/2022\\\/11\\\/Ev-25.png\",\"datePublished\":\"2022-11-16T16:33:45+00:00\",\"author\":{\"@id\":\"https:\\\/\\\/unisale.com.br\\\/pastoral\\\/#\\\/schema\\\/person\\\/492d3d7bfe53a8302576d39485aff2c4\"},\"inLanguage\":\"pt-BR\",\"potentialAction\":[{\"@type\":\"ReadAction\",\"target\":[\"https:\\\/\\\/unisale.com.br\\\/novo\\\/25-11-o-ceu-e-a-terra-passarao-mas-as-minhas-palavras-nao-hao-de-passar\\\/\"]}]},{\"@type\":\"ImageObject\",\"inLanguage\":\"pt-BR\",\"@id\":\"https:\\\/\\\/unisale.com.br\\\/novo\\\/25-11-o-ceu-e-a-terra-passarao-mas-as-minhas-palavras-nao-hao-de-passar\\\/#primaryimage\",\"url\":\"https:\\\/\\\/unisale.com.br\\\/pastoral\\\/wp-content\\\/uploads\\\/2022\\\/11\\\/Ev-25.png\",\"contentUrl\":\"https:\\\/\\\/unisale.com.br\\\/pastoral\\\/wp-content\\\/uploads\\\/2022\\\/11\\\/Ev-25.png\",\"width\":300,\"height\":201},{\"@type\":\"WebSite\",\"@id\":\"https:\\\/\\\/unisale.com.br\\\/pastoral\\\/#website\",\"url\":\"https:\\\/\\\/unisale.com.br\\\/pastoral\\\/\",\"name\":\"Pastoral Universit\u00e1ria UniSALESIANO\",\"description\":\"Site da Pastoral Universit\u00e1ria do UniSALESIANO\",\"potentialAction\":[{\"@type\":\"SearchAction\",\"target\":{\"@type\":\"EntryPoint\",\"urlTemplate\":\"https:\\\/\\\/unisale.com.br\\\/pastoral\\\/?s={search_term_string}\"},\"query-input\":{\"@type\":\"PropertyValueSpecification\",\"valueRequired\":true,\"valueName\":\"search_term_string\"}}],\"inLanguage\":\"pt-BR\"},{\"@type\":\"Person\",\"@id\":\"https:\\\/\\\/unisale.com.br\\\/pastoral\\\/#\\\/schema\\\/person\\\/492d3d7bfe53a8302576d39485aff2c4\",\"name\":\"Luiz Alexandre Marinho Lanzoni\",\"url\":\"https:\\\/\\\/unisale.com.br\\\/pastoral\\\/author\\\/luiz\\\/\"}]}<\/script>\n<!-- \/ Yoast SEO plugin. -->","yoast_head_json":{"title":"25\/11 - O c\u00e9u e a terra passar\u00e3o, mas as minhas palavras n\u00e3o h\u00e3o de passar. - Pastoral Universit\u00e1ria UniSALESIANO","robots":{"index":"index","follow":"follow","max-snippet":"max-snippet:-1","max-image-preview":"max-image-preview:large","max-video-preview":"max-video-preview:-1"},"canonical":"https:\/\/unisale.com.br\/novo\/25-11-o-ceu-e-a-terra-passarao-mas-as-minhas-palavras-nao-hao-de-passar\/","og_locale":"pt_BR","og_type":"article","og_title":"25\/11 - O c\u00e9u e a terra passar\u00e3o, mas as minhas palavras n\u00e3o h\u00e3o de passar. - Pastoral Universit\u00e1ria UniSALESIANO","og_description":"Sexta-feira, 25 de novembro de 2022. &nbsp; Evangelho (Lc 21,29-33) &nbsp; \u201cO c\u00e9u e a terra passar\u00e3o, mas as minhas palavras n\u00e3o h\u00e3o de passar\u201d...","og_url":"https:\/\/unisale.com.br\/novo\/25-11-o-ceu-e-a-terra-passarao-mas-as-minhas-palavras-nao-hao-de-passar\/","og_site_name":"Pastoral Universit\u00e1ria UniSALESIANO","article_published_time":"2022-11-16T16:33:45+00:00","og_image":[{"width":300,"height":201,"url":"https:\/\/unisale.com.br\/novo\/wp-content\/uploads\/2022\/11\/Ev-25.png","type":"image\/png"}],"author":"Luiz Alexandre Marinho Lanzoni","twitter_card":"summary_large_image","twitter_misc":{"Escrito por":"Luiz Alexandre Marinho Lanzoni","Est. tempo de leitura":"2 minutos"},"schema":{"@context":"https:\/\/schema.org","@graph":[{"@type":"Article","@id":"https:\/\/unisale.com.br\/novo\/25-11-o-ceu-e-a-terra-passarao-mas-as-minhas-palavras-nao-hao-de-passar\/#article","isPartOf":{"@id":"https:\/\/unisale.com.br\/novo\/25-11-o-ceu-e-a-terra-passarao-mas-as-minhas-palavras-nao-hao-de-passar\/"},"author":{"name":"Luiz Alexandre Marinho Lanzoni","@id":"https:\/\/unisale.com.br\/pastoral\/#\/schema\/person\/492d3d7bfe53a8302576d39485aff2c4"},"headline":"25\/11 &#8211; O c\u00e9u e a terra passar\u00e3o, mas as minhas palavras n\u00e3o h\u00e3o de passar.","datePublished":"2022-11-16T16:33:45+00:00","mainEntityOfPage":{"@id":"https:\/\/unisale.com.br\/novo\/25-11-o-ceu-e-a-terra-passarao-mas-as-minhas-palavras-nao-hao-de-passar\/"},"wordCount":451,"image":{"@id":"https:\/\/unisale.com.br\/novo\/25-11-o-ceu-e-a-terra-passarao-mas-as-minhas-palavras-nao-hao-de-passar\/#primaryimage"},"thumbnailUrl":"https:\/\/unisale.com.br\/pastoral\/wp-content\/uploads\/2022\/11\/Ev-25.png","articleSection":["Reflex\u00e3o do Evangelho"],"inLanguage":"pt-BR"},{"@type":"WebPage","@id":"https:\/\/unisale.com.br\/novo\/25-11-o-ceu-e-a-terra-passarao-mas-as-minhas-palavras-nao-hao-de-passar\/","url":"https:\/\/unisale.com.br\/novo\/25-11-o-ceu-e-a-terra-passarao-mas-as-minhas-palavras-nao-hao-de-passar\/","name":"25\/11 - O c\u00e9u e a terra passar\u00e3o, mas as minhas palavras n\u00e3o h\u00e3o de passar. - Pastoral Universit\u00e1ria UniSALESIANO","isPartOf":{"@id":"https:\/\/unisale.com.br\/pastoral\/#website"},"primaryImageOfPage":{"@id":"https:\/\/unisale.com.br\/novo\/25-11-o-ceu-e-a-terra-passarao-mas-as-minhas-palavras-nao-hao-de-passar\/#primaryimage"},"image":{"@id":"https:\/\/unisale.com.br\/novo\/25-11-o-ceu-e-a-terra-passarao-mas-as-minhas-palavras-nao-hao-de-passar\/#primaryimage"},"thumbnailUrl":"https:\/\/unisale.com.br\/pastoral\/wp-content\/uploads\/2022\/11\/Ev-25.png","datePublished":"2022-11-16T16:33:45+00:00","author":{"@id":"https:\/\/unisale.com.br\/pastoral\/#\/schema\/person\/492d3d7bfe53a8302576d39485aff2c4"},"inLanguage":"pt-BR","potentialAction":[{"@type":"ReadAction","target":["https:\/\/unisale.com.br\/novo\/25-11-o-ceu-e-a-terra-passarao-mas-as-minhas-palavras-nao-hao-de-passar\/"]}]},{"@type":"ImageObject","inLanguage":"pt-BR","@id":"https:\/\/unisale.com.br\/novo\/25-11-o-ceu-e-a-terra-passarao-mas-as-minhas-palavras-nao-hao-de-passar\/#primaryimage","url":"https:\/\/unisale.com.br\/pastoral\/wp-content\/uploads\/2022\/11\/Ev-25.png","contentUrl":"https:\/\/unisale.com.br\/pastoral\/wp-content\/uploads\/2022\/11\/Ev-25.png","width":300,"height":201},{"@type":"WebSite","@id":"https:\/\/unisale.com.br\/pastoral\/#website","url":"https:\/\/unisale.com.br\/pastoral\/","name":"Pastoral Universit\u00e1ria UniSALESIANO","description":"Site da Pastoral Universit\u00e1ria do UniSALESIANO","potentialAction":[{"@type":"SearchAction","target":{"@type":"EntryPoint","urlTemplate":"https:\/\/unisale.com.br\/pastoral\/?s={search_term_string}"},"query-input":{"@type":"PropertyValueSpecification","valueRequired":true,"valueName":"search_term_string"}}],"inLanguage":"pt-BR"},{"@type":"Person","@id":"https:\/\/unisale.com.br\/pastoral\/#\/schema\/person\/492d3d7bfe53a8302576d39485aff2c4","name":"Luiz Alexandre Marinho Lanzoni","url":"https:\/\/unisale.com.br\/pastoral\/author\/luiz\/"}]}},"_links":{"self":[{"href":"https:\/\/unisale.com.br\/pastoral\/wp-json\/wp\/v2\/posts\/5889","targetHints":{"allow":["GET"]}}],"collection":[{"href":"https:\/\/unisale.com.br\/pastoral\/wp-json\/wp\/v2\/posts"}],"about":[{"href":"https:\/\/unisale.com.br\/pastoral\/wp-json\/wp\/v2\/types\/post"}],"author":[{"embeddable":true,"href":"https:\/\/unisale.com.br\/pastoral\/wp-json\/wp\/v2\/users\/6"}],"replies":[{"embeddable":true,"href":"https:\/\/unisale.com.br\/pastoral\/wp-json\/wp\/v2\/comments?post=5889"}],"version-history":[{"count":0,"href":"https:\/\/unisale.com.br\/pastoral\/wp-json\/wp\/v2\/posts\/5889\/revisions"}],"wp:featuredmedia":[{"embeddable":true,"href":"https:\/\/unisale.com.br\/pastoral\/wp-json\/wp\/v2\/media\/5878"}],"wp:attachment":[{"href":"https:\/\/unisale.com.br\/pastoral\/wp-json\/wp\/v2\/media?parent=5889"}],"wp:term":[{"taxonomy":"category","embeddable":true,"href":"https:\/\/unisale.com.br\/pastoral\/wp-json\/wp\/v2\/categories?post=5889"},{"taxonomy":"post_tag","embeddable":true,"href":"https:\/\/unisale.com.br\/pastoral\/wp-json\/wp\/v2\/tags?post=5889"}],"curies":[{"name":"wp","href":"https:\/\/api.w.org\/{rel}","templated":true}]}}