{"id":5898,"date":"2022-11-21T11:04:16","date_gmt":"2022-11-21T11:04:16","guid":{"rendered":"https:\/\/unisale.com.br\/pastoral\/?p=5898"},"modified":"2022-11-21T11:04:16","modified_gmt":"2022-11-21T11:04:16","slug":"27-11-portanto-ficai-atentos-porque-nao-sabeis-em-que-dia-vira-o-senhor","status":"publish","type":"post","link":"https:\/\/unisale.com.br\/pastoral\/27-11-portanto-ficai-atentos-porque-nao-sabeis-em-que-dia-vira-o-senhor\/","title":{"rendered":"27\/11 &#8211; Portanto, ficai atentos, porque n\u00e3o sabeis em que dia vir\u00e1 o Senhor."},"content":{"rendered":"<p>Domingo, 27 de novembro de 2022.<\/p>\n<p>&nbsp;<\/p>\n<p>Evangelho (Mt 24,37-44)<\/p>\n<p>&nbsp;<\/p>\n<p><strong>\u201cPortanto, ficai atentos, porque n\u00e3o sabeis em que dia vir\u00e1 o Senhor.\u201d<\/strong><\/p>\n<p>&nbsp;<\/p>\n<p>Naquele tempo, Jesus disse aos seus disc\u00edpulos: <sup>37<\/sup>\u201cA vinda do Filho do Homem ser\u00e1 como no tempo de No\u00e9. <sup>38<\/sup>Pois nos dias, antes do dil\u00favio, todos comiam e bebiam, casavam-se e davam-se em casamento, at\u00e9 o dia em que No\u00e9 entrou na arca. <sup>39<\/sup>E eles nada perceberam, at\u00e9 que veio o dil\u00favio e arrastou a todos. Assim acontecer\u00e1 tamb\u00e9m na vinda do Filho do Homem. <sup>40<\/sup>Dois homens estar\u00e3o trabalhando no campo: um ser\u00e1 levado e o outro ser\u00e1 deixado. <sup>41<\/sup>Duas mulheres estar\u00e3o moendo no moinho: uma ser\u00e1 levada e a outra ser\u00e1 deixada. <sup>42<\/sup>Portanto, ficai atentos, porque n\u00e3o sabeis em que dia vir\u00e1 o Senhor. <sup>43<\/sup>Compreendei bem isto: se o dono da casa soubesse a que horas viria o ladr\u00e3o, certamente vigiaria e n\u00e3o deixaria que a sua casa fosse arrombada. <sup>44<\/sup>Por isso, tamb\u00e9m v\u00f3s ficai preparados! Porque, na hora em que menos pensais, o Filho do Homem vir\u00e1\u201d.<\/p>\n<p>&nbsp;<\/p>\n<p><strong>Reflex\u00e3o<\/strong><\/p>\n<p>&nbsp;<\/p>\n<p>Iniciamos o Advento. Nos encontramos com Maria e com Jos\u00e9 na estrada para Bel\u00e9m. Mas Bel\u00e9m \u00e9 somente uma recorda\u00e7\u00e3o? N\u00e3o mesmo. A vida caminha, um ano n\u00e3o passa na vida da gente inutilmente. Cada vez estamos mais pr\u00f3ximos do nosso encontro com Cristo e todos temos novas responsabilidades. Por que agora nos remetemos a uma viagem para Bel\u00e9m? Justamente porque estamos distantes de Bel\u00e9m enquanto ainda somos displicentes com nossa vida crist\u00e3. O nosso mal \u00e9 justamente este: ainda n\u00e3o acolhemos Jesus no nosso cora\u00e7\u00e3o, n\u00e3o somos ainda completamente crist\u00e3os. Se pud\u00e9ssemos entender esta verdade. Se humildemente aceit\u00e1ssemos as li\u00e7\u00f5es dos anos que passam e que continuamente nos remetem a crermos mais nEle. Sentir\u00edamos imediatamente o mist\u00e9rio do Advento dentro de n\u00f3s, brilharia a estrela da esperan\u00e7a e sentir\u00edamos mais pr\u00f3ximos de n\u00f3s Maria e Jos\u00e9. Mas o que \u00e9 esta coisa a mais que Cristo espera de n\u00f3s? Antes de tudo, a convers\u00e3o \u00e0 esperan\u00e7a. A f\u00e9 em Deus nos permite de ler em profundidade o sentido da hist\u00f3ria humana: assim como o frio do inverno nos prepara para a primavera, assim como a dor de hoje nos prepara uma vida nova, uma ressurrei\u00e7\u00e3o do mundo. Jesus nos pede que estejamos vigilantes para caminharmos na estrada certa. O Advento \u00e9 o tempo prop\u00edcio para procurarmos a raiz do mal dentro de n\u00f3s para podermos ser curados por Cristo. Precisamos recuperar em n\u00f3s o valor do sacrif\u00edcio. O sacrif\u00edcio \u00e9 o caminho da nossa liberdade, \u00e9 a condi\u00e7\u00e3o para viver a vida como dom de si. O Advento \u00e9 ainda o tempo para reencontrarmos a estrada da caridade: \u00e9 o tempo para nos aproximarmos ainda mais de Cristo.<\/p>\n<p><strong>Pe. Paulo Eduardo J\u00e1como, SDB.<\/strong><\/p>\n","protected":false},"excerpt":{"rendered":"<p>Domingo, 27 de novembro de 2022. &nbsp; Evangelho (Mt 24,37-44) &nbsp; \u201cPortanto, ficai atentos, porque n\u00e3o sabeis em que dia vir\u00e1 o Senhor.\u201d &nbsp; Naquele&#8230;<\/p>\n","protected":false},"author":6,"featured_media":5899,"comment_status":"closed","ping_status":"closed","sticky":false,"template":"","format":"standard","meta":{"_acf_changed":false,"footnotes":""},"categories":[13],"tags":[],"class_list":["post-5898","post","type-post","status-publish","format-standard","has-post-thumbnail","hentry","category-reflexaodoevagelho"],"acf":[],"yoast_head":"<!-- This site is optimized with the Yoast SEO plugin v27.3 - https:\/\/yoast.com\/product\/yoast-seo-wordpress\/ -->\n<title>27\/11 - Portanto, ficai atentos, porque n\u00e3o sabeis em que dia vir\u00e1 o Senhor. - Pastoral Universit\u00e1ria UniSALESIANO<\/title>\n<meta name=\"robots\" content=\"index, follow, max-snippet:-1, max-image-preview:large, max-video-preview:-1\" \/>\n<link rel=\"canonical\" href=\"https:\/\/unisale.com.br\/novo\/27-11-portanto-ficai-atentos-porque-nao-sabeis-em-que-dia-vira-o-senhor\/\" \/>\n<meta property=\"og:locale\" content=\"pt_BR\" \/>\n<meta property=\"og:type\" content=\"article\" \/>\n<meta property=\"og:title\" content=\"27\/11 - Portanto, ficai atentos, porque n\u00e3o sabeis em que dia vir\u00e1 o Senhor. - Pastoral Universit\u00e1ria UniSALESIANO\" \/>\n<meta property=\"og:description\" content=\"Domingo, 27 de novembro de 2022. &nbsp; Evangelho (Mt 24,37-44) &nbsp; \u201cPortanto, ficai atentos, porque n\u00e3o sabeis em que dia vir\u00e1 o Senhor.\u201d &nbsp; Naquele...\" \/>\n<meta property=\"og:url\" content=\"https:\/\/unisale.com.br\/novo\/27-11-portanto-ficai-atentos-porque-nao-sabeis-em-que-dia-vira-o-senhor\/\" \/>\n<meta property=\"og:site_name\" content=\"Pastoral Universit\u00e1ria UniSALESIANO\" \/>\n<meta property=\"article:published_time\" content=\"2022-11-21T11:04:16+00:00\" \/>\n<meta property=\"og:image\" content=\"https:\/\/unisale.com.br\/novo\/wp-content\/uploads\/2022\/11\/Ev-27.jpg\" \/>\n\t<meta property=\"og:image:width\" content=\"770\" \/>\n\t<meta property=\"og:image:height\" content=\"400\" \/>\n\t<meta property=\"og:image:type\" content=\"image\/jpeg\" \/>\n<meta name=\"author\" content=\"Luiz Alexandre Marinho Lanzoni\" \/>\n<meta name=\"twitter:card\" content=\"summary_large_image\" \/>\n<meta name=\"twitter:label1\" content=\"Escrito por\" \/>\n\t<meta name=\"twitter:data1\" content=\"Luiz Alexandre Marinho Lanzoni\" \/>\n\t<meta name=\"twitter:label2\" content=\"Est. tempo de leitura\" \/>\n\t<meta name=\"twitter:data2\" content=\"2 minutos\" \/>\n<script type=\"application\/ld+json\" class=\"yoast-schema-graph\">{\"@context\":\"https:\\\/\\\/schema.org\",\"@graph\":[{\"@type\":\"Article\",\"@id\":\"https:\\\/\\\/unisale.com.br\\\/novo\\\/27-11-portanto-ficai-atentos-porque-nao-sabeis-em-que-dia-vira-o-senhor\\\/#article\",\"isPartOf\":{\"@id\":\"https:\\\/\\\/unisale.com.br\\\/novo\\\/27-11-portanto-ficai-atentos-porque-nao-sabeis-em-que-dia-vira-o-senhor\\\/\"},\"author\":{\"name\":\"Luiz Alexandre Marinho Lanzoni\",\"@id\":\"https:\\\/\\\/unisale.com.br\\\/pastoral\\\/#\\\/schema\\\/person\\\/492d3d7bfe53a8302576d39485aff2c4\"},\"headline\":\"27\\\/11 &#8211; Portanto, ficai atentos, porque n\u00e3o sabeis em que dia vir\u00e1 o Senhor.\",\"datePublished\":\"2022-11-21T11:04:16+00:00\",\"mainEntityOfPage\":{\"@id\":\"https:\\\/\\\/unisale.com.br\\\/novo\\\/27-11-portanto-ficai-atentos-porque-nao-sabeis-em-que-dia-vira-o-senhor\\\/\"},\"wordCount\":510,\"image\":{\"@id\":\"https:\\\/\\\/unisale.com.br\\\/novo\\\/27-11-portanto-ficai-atentos-porque-nao-sabeis-em-que-dia-vira-o-senhor\\\/#primaryimage\"},\"thumbnailUrl\":\"https:\\\/\\\/unisale.com.br\\\/pastoral\\\/wp-content\\\/uploads\\\/2022\\\/11\\\/Ev-27.jpg\",\"articleSection\":[\"Reflex\u00e3o do Evangelho\"],\"inLanguage\":\"pt-BR\"},{\"@type\":\"WebPage\",\"@id\":\"https:\\\/\\\/unisale.com.br\\\/novo\\\/27-11-portanto-ficai-atentos-porque-nao-sabeis-em-que-dia-vira-o-senhor\\\/\",\"url\":\"https:\\\/\\\/unisale.com.br\\\/novo\\\/27-11-portanto-ficai-atentos-porque-nao-sabeis-em-que-dia-vira-o-senhor\\\/\",\"name\":\"27\\\/11 - Portanto, ficai atentos, porque n\u00e3o sabeis em que dia vir\u00e1 o Senhor. - Pastoral Universit\u00e1ria UniSALESIANO\",\"isPartOf\":{\"@id\":\"https:\\\/\\\/unisale.com.br\\\/pastoral\\\/#website\"},\"primaryImageOfPage\":{\"@id\":\"https:\\\/\\\/unisale.com.br\\\/novo\\\/27-11-portanto-ficai-atentos-porque-nao-sabeis-em-que-dia-vira-o-senhor\\\/#primaryimage\"},\"image\":{\"@id\":\"https:\\\/\\\/unisale.com.br\\\/novo\\\/27-11-portanto-ficai-atentos-porque-nao-sabeis-em-que-dia-vira-o-senhor\\\/#primaryimage\"},\"thumbnailUrl\":\"https:\\\/\\\/unisale.com.br\\\/pastoral\\\/wp-content\\\/uploads\\\/2022\\\/11\\\/Ev-27.jpg\",\"datePublished\":\"2022-11-21T11:04:16+00:00\",\"author\":{\"@id\":\"https:\\\/\\\/unisale.com.br\\\/pastoral\\\/#\\\/schema\\\/person\\\/492d3d7bfe53a8302576d39485aff2c4\"},\"inLanguage\":\"pt-BR\",\"potentialAction\":[{\"@type\":\"ReadAction\",\"target\":[\"https:\\\/\\\/unisale.com.br\\\/novo\\\/27-11-portanto-ficai-atentos-porque-nao-sabeis-em-que-dia-vira-o-senhor\\\/\"]}]},{\"@type\":\"ImageObject\",\"inLanguage\":\"pt-BR\",\"@id\":\"https:\\\/\\\/unisale.com.br\\\/novo\\\/27-11-portanto-ficai-atentos-porque-nao-sabeis-em-que-dia-vira-o-senhor\\\/#primaryimage\",\"url\":\"https:\\\/\\\/unisale.com.br\\\/pastoral\\\/wp-content\\\/uploads\\\/2022\\\/11\\\/Ev-27.jpg\",\"contentUrl\":\"https:\\\/\\\/unisale.com.br\\\/pastoral\\\/wp-content\\\/uploads\\\/2022\\\/11\\\/Ev-27.jpg\",\"width\":770,\"height\":400},{\"@type\":\"WebSite\",\"@id\":\"https:\\\/\\\/unisale.com.br\\\/pastoral\\\/#website\",\"url\":\"https:\\\/\\\/unisale.com.br\\\/pastoral\\\/\",\"name\":\"Pastoral Universit\u00e1ria UniSALESIANO\",\"description\":\"Site da Pastoral Universit\u00e1ria do UniSALESIANO\",\"potentialAction\":[{\"@type\":\"SearchAction\",\"target\":{\"@type\":\"EntryPoint\",\"urlTemplate\":\"https:\\\/\\\/unisale.com.br\\\/pastoral\\\/?s={search_term_string}\"},\"query-input\":{\"@type\":\"PropertyValueSpecification\",\"valueRequired\":true,\"valueName\":\"search_term_string\"}}],\"inLanguage\":\"pt-BR\"},{\"@type\":\"Person\",\"@id\":\"https:\\\/\\\/unisale.com.br\\\/pastoral\\\/#\\\/schema\\\/person\\\/492d3d7bfe53a8302576d39485aff2c4\",\"name\":\"Luiz Alexandre Marinho Lanzoni\",\"url\":\"https:\\\/\\\/unisale.com.br\\\/pastoral\\\/author\\\/luiz\\\/\"}]}<\/script>\n<!-- \/ Yoast SEO plugin. -->","yoast_head_json":{"title":"27\/11 - Portanto, ficai atentos, porque n\u00e3o sabeis em que dia vir\u00e1 o Senhor. - Pastoral Universit\u00e1ria UniSALESIANO","robots":{"index":"index","follow":"follow","max-snippet":"max-snippet:-1","max-image-preview":"max-image-preview:large","max-video-preview":"max-video-preview:-1"},"canonical":"https:\/\/unisale.com.br\/novo\/27-11-portanto-ficai-atentos-porque-nao-sabeis-em-que-dia-vira-o-senhor\/","og_locale":"pt_BR","og_type":"article","og_title":"27\/11 - Portanto, ficai atentos, porque n\u00e3o sabeis em que dia vir\u00e1 o Senhor. - Pastoral Universit\u00e1ria UniSALESIANO","og_description":"Domingo, 27 de novembro de 2022. &nbsp; Evangelho (Mt 24,37-44) &nbsp; \u201cPortanto, ficai atentos, porque n\u00e3o sabeis em que dia vir\u00e1 o Senhor.\u201d &nbsp; Naquele...","og_url":"https:\/\/unisale.com.br\/novo\/27-11-portanto-ficai-atentos-porque-nao-sabeis-em-que-dia-vira-o-senhor\/","og_site_name":"Pastoral Universit\u00e1ria UniSALESIANO","article_published_time":"2022-11-21T11:04:16+00:00","og_image":[{"width":770,"height":400,"url":"https:\/\/unisale.com.br\/novo\/wp-content\/uploads\/2022\/11\/Ev-27.jpg","type":"image\/jpeg"}],"author":"Luiz Alexandre Marinho Lanzoni","twitter_card":"summary_large_image","twitter_misc":{"Escrito por":"Luiz Alexandre Marinho Lanzoni","Est. tempo de leitura":"2 minutos"},"schema":{"@context":"https:\/\/schema.org","@graph":[{"@type":"Article","@id":"https:\/\/unisale.com.br\/novo\/27-11-portanto-ficai-atentos-porque-nao-sabeis-em-que-dia-vira-o-senhor\/#article","isPartOf":{"@id":"https:\/\/unisale.com.br\/novo\/27-11-portanto-ficai-atentos-porque-nao-sabeis-em-que-dia-vira-o-senhor\/"},"author":{"name":"Luiz Alexandre Marinho Lanzoni","@id":"https:\/\/unisale.com.br\/pastoral\/#\/schema\/person\/492d3d7bfe53a8302576d39485aff2c4"},"headline":"27\/11 &#8211; Portanto, ficai atentos, porque n\u00e3o sabeis em que dia vir\u00e1 o Senhor.","datePublished":"2022-11-21T11:04:16+00:00","mainEntityOfPage":{"@id":"https:\/\/unisale.com.br\/novo\/27-11-portanto-ficai-atentos-porque-nao-sabeis-em-que-dia-vira-o-senhor\/"},"wordCount":510,"image":{"@id":"https:\/\/unisale.com.br\/novo\/27-11-portanto-ficai-atentos-porque-nao-sabeis-em-que-dia-vira-o-senhor\/#primaryimage"},"thumbnailUrl":"https:\/\/unisale.com.br\/pastoral\/wp-content\/uploads\/2022\/11\/Ev-27.jpg","articleSection":["Reflex\u00e3o do Evangelho"],"inLanguage":"pt-BR"},{"@type":"WebPage","@id":"https:\/\/unisale.com.br\/novo\/27-11-portanto-ficai-atentos-porque-nao-sabeis-em-que-dia-vira-o-senhor\/","url":"https:\/\/unisale.com.br\/novo\/27-11-portanto-ficai-atentos-porque-nao-sabeis-em-que-dia-vira-o-senhor\/","name":"27\/11 - Portanto, ficai atentos, porque n\u00e3o sabeis em que dia vir\u00e1 o Senhor. - Pastoral Universit\u00e1ria UniSALESIANO","isPartOf":{"@id":"https:\/\/unisale.com.br\/pastoral\/#website"},"primaryImageOfPage":{"@id":"https:\/\/unisale.com.br\/novo\/27-11-portanto-ficai-atentos-porque-nao-sabeis-em-que-dia-vira-o-senhor\/#primaryimage"},"image":{"@id":"https:\/\/unisale.com.br\/novo\/27-11-portanto-ficai-atentos-porque-nao-sabeis-em-que-dia-vira-o-senhor\/#primaryimage"},"thumbnailUrl":"https:\/\/unisale.com.br\/pastoral\/wp-content\/uploads\/2022\/11\/Ev-27.jpg","datePublished":"2022-11-21T11:04:16+00:00","author":{"@id":"https:\/\/unisale.com.br\/pastoral\/#\/schema\/person\/492d3d7bfe53a8302576d39485aff2c4"},"inLanguage":"pt-BR","potentialAction":[{"@type":"ReadAction","target":["https:\/\/unisale.com.br\/novo\/27-11-portanto-ficai-atentos-porque-nao-sabeis-em-que-dia-vira-o-senhor\/"]}]},{"@type":"ImageObject","inLanguage":"pt-BR","@id":"https:\/\/unisale.com.br\/novo\/27-11-portanto-ficai-atentos-porque-nao-sabeis-em-que-dia-vira-o-senhor\/#primaryimage","url":"https:\/\/unisale.com.br\/pastoral\/wp-content\/uploads\/2022\/11\/Ev-27.jpg","contentUrl":"https:\/\/unisale.com.br\/pastoral\/wp-content\/uploads\/2022\/11\/Ev-27.jpg","width":770,"height":400},{"@type":"WebSite","@id":"https:\/\/unisale.com.br\/pastoral\/#website","url":"https:\/\/unisale.com.br\/pastoral\/","name":"Pastoral Universit\u00e1ria UniSALESIANO","description":"Site da Pastoral Universit\u00e1ria do UniSALESIANO","potentialAction":[{"@type":"SearchAction","target":{"@type":"EntryPoint","urlTemplate":"https:\/\/unisale.com.br\/pastoral\/?s={search_term_string}"},"query-input":{"@type":"PropertyValueSpecification","valueRequired":true,"valueName":"search_term_string"}}],"inLanguage":"pt-BR"},{"@type":"Person","@id":"https:\/\/unisale.com.br\/pastoral\/#\/schema\/person\/492d3d7bfe53a8302576d39485aff2c4","name":"Luiz Alexandre Marinho Lanzoni","url":"https:\/\/unisale.com.br\/pastoral\/author\/luiz\/"}]}},"_links":{"self":[{"href":"https:\/\/unisale.com.br\/pastoral\/wp-json\/wp\/v2\/posts\/5898","targetHints":{"allow":["GET"]}}],"collection":[{"href":"https:\/\/unisale.com.br\/pastoral\/wp-json\/wp\/v2\/posts"}],"about":[{"href":"https:\/\/unisale.com.br\/pastoral\/wp-json\/wp\/v2\/types\/post"}],"author":[{"embeddable":true,"href":"https:\/\/unisale.com.br\/pastoral\/wp-json\/wp\/v2\/users\/6"}],"replies":[{"embeddable":true,"href":"https:\/\/unisale.com.br\/pastoral\/wp-json\/wp\/v2\/comments?post=5898"}],"version-history":[{"count":0,"href":"https:\/\/unisale.com.br\/pastoral\/wp-json\/wp\/v2\/posts\/5898\/revisions"}],"wp:featuredmedia":[{"embeddable":true,"href":"https:\/\/unisale.com.br\/pastoral\/wp-json\/wp\/v2\/media\/5899"}],"wp:attachment":[{"href":"https:\/\/unisale.com.br\/pastoral\/wp-json\/wp\/v2\/media?parent=5898"}],"wp:term":[{"taxonomy":"category","embeddable":true,"href":"https:\/\/unisale.com.br\/pastoral\/wp-json\/wp\/v2\/categories?post=5898"},{"taxonomy":"post_tag","embeddable":true,"href":"https:\/\/unisale.com.br\/pastoral\/wp-json\/wp\/v2\/tags?post=5898"}],"curies":[{"name":"wp","href":"https:\/\/api.w.org\/{rel}","templated":true}]}}