{"id":5904,"date":"2022-11-21T11:05:41","date_gmt":"2022-11-21T11:05:41","guid":{"rendered":"https:\/\/unisale.com.br\/pastoral\/?p=5904"},"modified":"2022-11-21T11:05:41","modified_gmt":"2022-11-21T11:05:41","slug":"28-11-senhor-eu-nao-sou-digno-de-que-entres-na-minha-casa","status":"publish","type":"post","link":"https:\/\/unisale.com.br\/pastoral\/28-11-senhor-eu-nao-sou-digno-de-que-entres-na-minha-casa\/","title":{"rendered":"28\/11 &#8211; Senhor, eu n\u00e3o sou digno de que entres na minha casa&#8230;"},"content":{"rendered":"<p>Segunda-feira, 28 de novembro de 2022.<\/p>\n<p>&nbsp;<\/p>\n<p>Evangelho (Mt 8,5-11)<\/p>\n<p>&nbsp;<\/p>\n<p><strong>\u201cSenhor, eu n\u00e3o sou digno de que entres na minha casa&#8230;\u201d<\/strong><\/p>\n<p><strong>\u00a0<\/strong><\/p>\n<p>Naquele tempo, <sup>5<\/sup>quando Jesus entrou em Carfanaum, um oficial romano aproximou-se dele, suplicando: <sup>6<\/sup>\u201cSenhor, o meu empregado est\u00e1 de cama, l\u00e1 em casa, sofrendo terrivelmente com uma paralisia\u201d. <sup>7<\/sup>Jesus respondeu: \u201cVou cur\u00e1-lo\u201d. <sup>8<\/sup>O oficial disse: \u201cSenhor, eu n\u00e3o sou digno de que entres em minha casa. Dize uma s\u00f3 palavra e o meu empregado ficar\u00e1 curado. <sup>9<\/sup>Pois eu tamb\u00e9m sou subordinado e tenho soldados sob minhas ordens. E digo a um: \u2018Vai!, e ele vai; e a outro: \u2018Vem!, e ele vem; e digo a meu escravo: \u2018Faze isto!, e ele o faz\u201d. <sup>10<\/sup>Quando ouviu isso, Jesus ficou admirado, e disse aos que o seguiam: \u201cEm verdade, vos digo: nunca encontrei em Israel algu\u00e9m que tivesse tanta f\u00e9. <sup>11<\/sup>Eu vos digo: muitos vir\u00e3o do Oriente e do Ocidente, e se sentar\u00e3o \u00e0 mesa no Reino dos C\u00e9us, junto com Abra\u00e3o, Isaac e Jac\u00f3\u201d.<\/p>\n<p><strong>\u00a0<\/strong><\/p>\n<p><strong>Reflex\u00e3o<\/strong><\/p>\n<p>&nbsp;<\/p>\n<p>Um centuri\u00e3o romano, um estrangeiro, se aproxima de Jesus e pede a cura para seu estimado servo. A admira\u00e7\u00e3o de Jesus pelo centuri\u00e3o n\u00e3o se limita a um \u201cmaravilhar-se\u201d, mas ele tocou o cora\u00e7\u00e3o de Jesus. O centuri\u00e3o, com o seu gesto de s\u00faplica em favor do seu servo, ensina a Jesus a gram\u00e1tica e a s\u00edntese da extrema compaix\u00e3o. Jesus \u00e9 interpelado pela palavra suplicante de um estrangeiro, inimigo ainda por cima, ao qual o Senhor d\u00e1 o Seu dom. Para o Senhor come\u00e7a o longo caminho da cura e da aten\u00e7\u00e3o em dire\u00e7\u00e3o de quem sofre e precisa ser consolado. O olhar do Senhor repousa sobre todo sofredor com uma benevol\u00eancia t\u00e3o profunda capaz de colocar em p\u00e9 a esperan\u00e7a tamb\u00e9m quando o horizonte da vida pode parecer imposs\u00edvel.<\/p>\n<p>O di\u00e1logo entre o centuri\u00e3o e Jesus se passa na intimidade da f\u00e9, onde as dist\u00e2ncias j\u00e1 n\u00e3o contam: <em>\u201cSenhor, eu n\u00e3o sou digno de que entres na minha casa. Dize uma s\u00f3 palavra e o meu empregado ficar\u00e1 curado\u201d<\/em>. E pelo dom da compaix\u00e3o de Jesus, o servo \u00e9 curado. E temos ainda neste epis\u00f3dio do evangelho, a cura da sogra de Pedro. Nela, a palavra \u00e9 superada, Jesus \u201cv\u00ea\u201d, \u201ctoca\u201d; a mulher levanta-se e serve. O tema do servi\u00e7o \u00e9 importante: o centuri\u00e3o \u00e9 um subalterno e tem por sua vez subalternos; a sogra de Pedro, desperta para uma nova vida, coloca-se imediatamente a servir. \u00c9 bom lembrar que a declara\u00e7\u00e3o do centuri\u00e3o n\u00f3s a repetimos quanto recebemos a Eucaristia. Express\u00e3o que vai direto ao essencial e que \u00e9 express\u00e3o de f\u00e9 elogiada por Jesus. Express\u00e3o que \u00e9 sinal de abandono confiante do cora\u00e7\u00e3o.<\/p>\n<p>&nbsp;<\/p>\n<p><strong>\u00a0Pe. Paulo Eduardo J\u00e1como, SDB.<\/strong><\/p>\n","protected":false},"excerpt":{"rendered":"<p>Segunda-feira, 28 de novembro de 2022. &nbsp; Evangelho (Mt 8,5-11) &nbsp; \u201cSenhor, eu n\u00e3o sou digno de que entres na minha casa&#8230;\u201d \u00a0 Naquele tempo,&#8230;<\/p>\n","protected":false},"author":6,"featured_media":5900,"comment_status":"closed","ping_status":"closed","sticky":false,"template":"","format":"standard","meta":{"_acf_changed":false,"footnotes":""},"categories":[13],"tags":[],"class_list":["post-5904","post","type-post","status-publish","format-standard","has-post-thumbnail","hentry","category-reflexaodoevagelho"],"acf":[],"yoast_head":"<!-- This site is optimized with the Yoast SEO plugin v27.3 - https:\/\/yoast.com\/product\/yoast-seo-wordpress\/ -->\n<title>28\/11 - Senhor, eu n\u00e3o sou digno de que entres na minha casa... - Pastoral Universit\u00e1ria UniSALESIANO<\/title>\n<meta name=\"robots\" content=\"index, follow, max-snippet:-1, max-image-preview:large, max-video-preview:-1\" \/>\n<link rel=\"canonical\" href=\"https:\/\/unisale.com.br\/novo\/28-11-senhor-eu-nao-sou-digno-de-que-entres-na-minha-casa\/\" \/>\n<meta property=\"og:locale\" content=\"pt_BR\" \/>\n<meta property=\"og:type\" content=\"article\" \/>\n<meta property=\"og:title\" content=\"28\/11 - Senhor, eu n\u00e3o sou digno de que entres na minha casa... - Pastoral Universit\u00e1ria UniSALESIANO\" \/>\n<meta property=\"og:description\" content=\"Segunda-feira, 28 de novembro de 2022. &nbsp; Evangelho (Mt 8,5-11) &nbsp; \u201cSenhor, eu n\u00e3o sou digno de que entres na minha casa&#8230;\u201d \u00a0 Naquele tempo,...\" \/>\n<meta property=\"og:url\" content=\"https:\/\/unisale.com.br\/novo\/28-11-senhor-eu-nao-sou-digno-de-que-entres-na-minha-casa\/\" \/>\n<meta property=\"og:site_name\" content=\"Pastoral Universit\u00e1ria UniSALESIANO\" \/>\n<meta property=\"article:published_time\" content=\"2022-11-21T11:05:41+00:00\" \/>\n<meta property=\"og:image\" content=\"https:\/\/unisale.com.br\/novo\/wp-content\/uploads\/2022\/11\/Ev-28.jpeg\" \/>\n\t<meta property=\"og:image:width\" content=\"711\" \/>\n\t<meta property=\"og:image:height\" content=\"400\" \/>\n\t<meta property=\"og:image:type\" content=\"image\/jpeg\" \/>\n<meta name=\"author\" content=\"Luiz Alexandre Marinho Lanzoni\" \/>\n<meta name=\"twitter:card\" content=\"summary_large_image\" \/>\n<meta name=\"twitter:label1\" content=\"Escrito por\" \/>\n\t<meta name=\"twitter:data1\" content=\"Luiz Alexandre Marinho Lanzoni\" \/>\n\t<meta name=\"twitter:label2\" content=\"Est. tempo de leitura\" \/>\n\t<meta name=\"twitter:data2\" content=\"2 minutos\" \/>\n<script type=\"application\/ld+json\" class=\"yoast-schema-graph\">{\"@context\":\"https:\\\/\\\/schema.org\",\"@graph\":[{\"@type\":\"Article\",\"@id\":\"https:\\\/\\\/unisale.com.br\\\/novo\\\/28-11-senhor-eu-nao-sou-digno-de-que-entres-na-minha-casa\\\/#article\",\"isPartOf\":{\"@id\":\"https:\\\/\\\/unisale.com.br\\\/novo\\\/28-11-senhor-eu-nao-sou-digno-de-que-entres-na-minha-casa\\\/\"},\"author\":{\"name\":\"Luiz Alexandre Marinho Lanzoni\",\"@id\":\"https:\\\/\\\/unisale.com.br\\\/pastoral\\\/#\\\/schema\\\/person\\\/492d3d7bfe53a8302576d39485aff2c4\"},\"headline\":\"28\\\/11 &#8211; Senhor, eu n\u00e3o sou digno de que entres na minha casa&#8230;\",\"datePublished\":\"2022-11-21T11:05:41+00:00\",\"mainEntityOfPage\":{\"@id\":\"https:\\\/\\\/unisale.com.br\\\/novo\\\/28-11-senhor-eu-nao-sou-digno-de-que-entres-na-minha-casa\\\/\"},\"wordCount\":497,\"image\":{\"@id\":\"https:\\\/\\\/unisale.com.br\\\/novo\\\/28-11-senhor-eu-nao-sou-digno-de-que-entres-na-minha-casa\\\/#primaryimage\"},\"thumbnailUrl\":\"https:\\\/\\\/unisale.com.br\\\/pastoral\\\/wp-content\\\/uploads\\\/2022\\\/11\\\/Ev-28.jpeg\",\"articleSection\":[\"Reflex\u00e3o do Evangelho\"],\"inLanguage\":\"pt-BR\"},{\"@type\":\"WebPage\",\"@id\":\"https:\\\/\\\/unisale.com.br\\\/novo\\\/28-11-senhor-eu-nao-sou-digno-de-que-entres-na-minha-casa\\\/\",\"url\":\"https:\\\/\\\/unisale.com.br\\\/novo\\\/28-11-senhor-eu-nao-sou-digno-de-que-entres-na-minha-casa\\\/\",\"name\":\"28\\\/11 - Senhor, eu n\u00e3o sou digno de que entres na minha casa... - Pastoral Universit\u00e1ria UniSALESIANO\",\"isPartOf\":{\"@id\":\"https:\\\/\\\/unisale.com.br\\\/pastoral\\\/#website\"},\"primaryImageOfPage\":{\"@id\":\"https:\\\/\\\/unisale.com.br\\\/novo\\\/28-11-senhor-eu-nao-sou-digno-de-que-entres-na-minha-casa\\\/#primaryimage\"},\"image\":{\"@id\":\"https:\\\/\\\/unisale.com.br\\\/novo\\\/28-11-senhor-eu-nao-sou-digno-de-que-entres-na-minha-casa\\\/#primaryimage\"},\"thumbnailUrl\":\"https:\\\/\\\/unisale.com.br\\\/pastoral\\\/wp-content\\\/uploads\\\/2022\\\/11\\\/Ev-28.jpeg\",\"datePublished\":\"2022-11-21T11:05:41+00:00\",\"author\":{\"@id\":\"https:\\\/\\\/unisale.com.br\\\/pastoral\\\/#\\\/schema\\\/person\\\/492d3d7bfe53a8302576d39485aff2c4\"},\"inLanguage\":\"pt-BR\",\"potentialAction\":[{\"@type\":\"ReadAction\",\"target\":[\"https:\\\/\\\/unisale.com.br\\\/novo\\\/28-11-senhor-eu-nao-sou-digno-de-que-entres-na-minha-casa\\\/\"]}]},{\"@type\":\"ImageObject\",\"inLanguage\":\"pt-BR\",\"@id\":\"https:\\\/\\\/unisale.com.br\\\/novo\\\/28-11-senhor-eu-nao-sou-digno-de-que-entres-na-minha-casa\\\/#primaryimage\",\"url\":\"https:\\\/\\\/unisale.com.br\\\/pastoral\\\/wp-content\\\/uploads\\\/2022\\\/11\\\/Ev-28.jpeg\",\"contentUrl\":\"https:\\\/\\\/unisale.com.br\\\/pastoral\\\/wp-content\\\/uploads\\\/2022\\\/11\\\/Ev-28.jpeg\",\"width\":711,\"height\":400},{\"@type\":\"WebSite\",\"@id\":\"https:\\\/\\\/unisale.com.br\\\/pastoral\\\/#website\",\"url\":\"https:\\\/\\\/unisale.com.br\\\/pastoral\\\/\",\"name\":\"Pastoral Universit\u00e1ria UniSALESIANO\",\"description\":\"Site da Pastoral Universit\u00e1ria do UniSALESIANO\",\"potentialAction\":[{\"@type\":\"SearchAction\",\"target\":{\"@type\":\"EntryPoint\",\"urlTemplate\":\"https:\\\/\\\/unisale.com.br\\\/pastoral\\\/?s={search_term_string}\"},\"query-input\":{\"@type\":\"PropertyValueSpecification\",\"valueRequired\":true,\"valueName\":\"search_term_string\"}}],\"inLanguage\":\"pt-BR\"},{\"@type\":\"Person\",\"@id\":\"https:\\\/\\\/unisale.com.br\\\/pastoral\\\/#\\\/schema\\\/person\\\/492d3d7bfe53a8302576d39485aff2c4\",\"name\":\"Luiz Alexandre Marinho Lanzoni\",\"url\":\"https:\\\/\\\/unisale.com.br\\\/pastoral\\\/author\\\/luiz\\\/\"}]}<\/script>\n<!-- \/ Yoast SEO plugin. -->","yoast_head_json":{"title":"28\/11 - Senhor, eu n\u00e3o sou digno de que entres na minha casa... - Pastoral Universit\u00e1ria UniSALESIANO","robots":{"index":"index","follow":"follow","max-snippet":"max-snippet:-1","max-image-preview":"max-image-preview:large","max-video-preview":"max-video-preview:-1"},"canonical":"https:\/\/unisale.com.br\/novo\/28-11-senhor-eu-nao-sou-digno-de-que-entres-na-minha-casa\/","og_locale":"pt_BR","og_type":"article","og_title":"28\/11 - Senhor, eu n\u00e3o sou digno de que entres na minha casa... - Pastoral Universit\u00e1ria UniSALESIANO","og_description":"Segunda-feira, 28 de novembro de 2022. &nbsp; Evangelho (Mt 8,5-11) &nbsp; \u201cSenhor, eu n\u00e3o sou digno de que entres na minha casa&#8230;\u201d \u00a0 Naquele tempo,...","og_url":"https:\/\/unisale.com.br\/novo\/28-11-senhor-eu-nao-sou-digno-de-que-entres-na-minha-casa\/","og_site_name":"Pastoral Universit\u00e1ria UniSALESIANO","article_published_time":"2022-11-21T11:05:41+00:00","og_image":[{"width":711,"height":400,"url":"https:\/\/unisale.com.br\/novo\/wp-content\/uploads\/2022\/11\/Ev-28.jpeg","type":"image\/jpeg"}],"author":"Luiz Alexandre Marinho Lanzoni","twitter_card":"summary_large_image","twitter_misc":{"Escrito por":"Luiz Alexandre Marinho Lanzoni","Est. tempo de leitura":"2 minutos"},"schema":{"@context":"https:\/\/schema.org","@graph":[{"@type":"Article","@id":"https:\/\/unisale.com.br\/novo\/28-11-senhor-eu-nao-sou-digno-de-que-entres-na-minha-casa\/#article","isPartOf":{"@id":"https:\/\/unisale.com.br\/novo\/28-11-senhor-eu-nao-sou-digno-de-que-entres-na-minha-casa\/"},"author":{"name":"Luiz Alexandre Marinho Lanzoni","@id":"https:\/\/unisale.com.br\/pastoral\/#\/schema\/person\/492d3d7bfe53a8302576d39485aff2c4"},"headline":"28\/11 &#8211; Senhor, eu n\u00e3o sou digno de que entres na minha casa&#8230;","datePublished":"2022-11-21T11:05:41+00:00","mainEntityOfPage":{"@id":"https:\/\/unisale.com.br\/novo\/28-11-senhor-eu-nao-sou-digno-de-que-entres-na-minha-casa\/"},"wordCount":497,"image":{"@id":"https:\/\/unisale.com.br\/novo\/28-11-senhor-eu-nao-sou-digno-de-que-entres-na-minha-casa\/#primaryimage"},"thumbnailUrl":"https:\/\/unisale.com.br\/pastoral\/wp-content\/uploads\/2022\/11\/Ev-28.jpeg","articleSection":["Reflex\u00e3o do Evangelho"],"inLanguage":"pt-BR"},{"@type":"WebPage","@id":"https:\/\/unisale.com.br\/novo\/28-11-senhor-eu-nao-sou-digno-de-que-entres-na-minha-casa\/","url":"https:\/\/unisale.com.br\/novo\/28-11-senhor-eu-nao-sou-digno-de-que-entres-na-minha-casa\/","name":"28\/11 - Senhor, eu n\u00e3o sou digno de que entres na minha casa... - Pastoral Universit\u00e1ria UniSALESIANO","isPartOf":{"@id":"https:\/\/unisale.com.br\/pastoral\/#website"},"primaryImageOfPage":{"@id":"https:\/\/unisale.com.br\/novo\/28-11-senhor-eu-nao-sou-digno-de-que-entres-na-minha-casa\/#primaryimage"},"image":{"@id":"https:\/\/unisale.com.br\/novo\/28-11-senhor-eu-nao-sou-digno-de-que-entres-na-minha-casa\/#primaryimage"},"thumbnailUrl":"https:\/\/unisale.com.br\/pastoral\/wp-content\/uploads\/2022\/11\/Ev-28.jpeg","datePublished":"2022-11-21T11:05:41+00:00","author":{"@id":"https:\/\/unisale.com.br\/pastoral\/#\/schema\/person\/492d3d7bfe53a8302576d39485aff2c4"},"inLanguage":"pt-BR","potentialAction":[{"@type":"ReadAction","target":["https:\/\/unisale.com.br\/novo\/28-11-senhor-eu-nao-sou-digno-de-que-entres-na-minha-casa\/"]}]},{"@type":"ImageObject","inLanguage":"pt-BR","@id":"https:\/\/unisale.com.br\/novo\/28-11-senhor-eu-nao-sou-digno-de-que-entres-na-minha-casa\/#primaryimage","url":"https:\/\/unisale.com.br\/pastoral\/wp-content\/uploads\/2022\/11\/Ev-28.jpeg","contentUrl":"https:\/\/unisale.com.br\/pastoral\/wp-content\/uploads\/2022\/11\/Ev-28.jpeg","width":711,"height":400},{"@type":"WebSite","@id":"https:\/\/unisale.com.br\/pastoral\/#website","url":"https:\/\/unisale.com.br\/pastoral\/","name":"Pastoral Universit\u00e1ria UniSALESIANO","description":"Site da Pastoral Universit\u00e1ria do UniSALESIANO","potentialAction":[{"@type":"SearchAction","target":{"@type":"EntryPoint","urlTemplate":"https:\/\/unisale.com.br\/pastoral\/?s={search_term_string}"},"query-input":{"@type":"PropertyValueSpecification","valueRequired":true,"valueName":"search_term_string"}}],"inLanguage":"pt-BR"},{"@type":"Person","@id":"https:\/\/unisale.com.br\/pastoral\/#\/schema\/person\/492d3d7bfe53a8302576d39485aff2c4","name":"Luiz Alexandre Marinho Lanzoni","url":"https:\/\/unisale.com.br\/pastoral\/author\/luiz\/"}]}},"_links":{"self":[{"href":"https:\/\/unisale.com.br\/pastoral\/wp-json\/wp\/v2\/posts\/5904","targetHints":{"allow":["GET"]}}],"collection":[{"href":"https:\/\/unisale.com.br\/pastoral\/wp-json\/wp\/v2\/posts"}],"about":[{"href":"https:\/\/unisale.com.br\/pastoral\/wp-json\/wp\/v2\/types\/post"}],"author":[{"embeddable":true,"href":"https:\/\/unisale.com.br\/pastoral\/wp-json\/wp\/v2\/users\/6"}],"replies":[{"embeddable":true,"href":"https:\/\/unisale.com.br\/pastoral\/wp-json\/wp\/v2\/comments?post=5904"}],"version-history":[{"count":0,"href":"https:\/\/unisale.com.br\/pastoral\/wp-json\/wp\/v2\/posts\/5904\/revisions"}],"wp:featuredmedia":[{"embeddable":true,"href":"https:\/\/unisale.com.br\/pastoral\/wp-json\/wp\/v2\/media\/5900"}],"wp:attachment":[{"href":"https:\/\/unisale.com.br\/pastoral\/wp-json\/wp\/v2\/media?parent=5904"}],"wp:term":[{"taxonomy":"category","embeddable":true,"href":"https:\/\/unisale.com.br\/pastoral\/wp-json\/wp\/v2\/categories?post=5904"},{"taxonomy":"post_tag","embeddable":true,"href":"https:\/\/unisale.com.br\/pastoral\/wp-json\/wp\/v2\/tags?post=5904"}],"curies":[{"name":"wp","href":"https:\/\/api.w.org\/{rel}","templated":true}]}}