{"id":5932,"date":"2022-12-08T11:25:11","date_gmt":"2022-12-08T11:25:11","guid":{"rendered":"https:\/\/unisale.com.br\/pastoral\/?p=5932"},"modified":"2022-12-08T11:25:32","modified_gmt":"2022-12-08T11:25:32","slug":"06-12-o-pai-que-esta-nos-ceus-nao-deseja-que-se-perca-nenhum-desses-pequeninos","status":"publish","type":"post","link":"https:\/\/unisale.com.br\/pastoral\/06-12-o-pai-que-esta-nos-ceus-nao-deseja-que-se-perca-nenhum-desses-pequeninos\/","title":{"rendered":"06\/12 &#8211; &#8230; o Pai que est\u00e1 nos c\u00e9us n\u00e3o deseja que se perca nenhum desses pequeninos."},"content":{"rendered":"<p>Ter\u00e7a-feira, 06 de dezembro de 2022.<\/p>\n<p>&nbsp;<\/p>\n<p>Evangelho (Mt 18,12-14)<\/p>\n<p>&nbsp;<\/p>\n<p><strong>\u201c&#8230; o Pai que est\u00e1 nos c\u00e9us n\u00e3o deseja que se perca nenhum desses pequeninos\u201d<\/strong><\/p>\n<p>&nbsp;<\/p>\n<p>Naquele tempo disse Jesus a seus disc\u00edpulos: <sup>12<\/sup>Que vos parece? Se um homem tem cem ovelhas, e uma delas se perde, n\u00e3o deixa ele as noventa e nove nas montanhas, para procurar aquela que se perdeu? <sup>13<\/sup>Em verdade vos digo, se ele a encontrar, ficar\u00e1 mais feliz com ela, do que com as noventa e nove que n\u00e3o se perderam. <sup>14<\/sup>Do mesmo modo, o Pai que est\u00e1 nos c\u00e9us n\u00e3o deseja que se perca nenhum desses pequeninos.<\/p>\n<p>&nbsp;<\/p>\n<p><strong>Reflex\u00e3o<\/strong><\/p>\n<p>&nbsp;<\/p>\n<p>Neste breve texto do Evangelho de hoje, Jesus retoma a imagem do pastor e das ovelhas, mas desta vez a reflex\u00e3o nos orienta para o tempo que estamos vivendo, o tempo do Advento que anuncia a chegada do Reino que acontece na pessoa do pr\u00f3prio Jesus. E para entrar no tema, Jesus chama a aten\u00e7\u00e3o dos disc\u00edpulos fazendo-lhes um questionamento: \u201cQue vos parece?\u201d. E logo em seguida lhes conta a par\u00e1bola. Numa vis\u00e3o calculista, poder\u00edamos dizer que \u00e9 muito arriscado abandonar a maior parte para ir atr\u00e1s de um s\u00f3 elemento, jogando ainda com a possibilidade de encontrar ou n\u00e3o o que estava perdido. Mas \u00e9 a generosidade que conta. Uma generosidade disposta a arriscar tudo para que nenhum se perca. Deus n\u00e3o tem outro desejo se n\u00e3o de salvar-nos e restituir-nos uma vida plena, no entanto, a sua \u00fanica e \u00faltima dificuldade n\u00e3o \u00e9 outra, se n\u00e3o, a nossa obstinada incapacidade de deixar-se encontrar, sobretudo onde n\u00e3o queremos ser encontrados: na nossa pequenez e fraqueza. O que nos parece? Neste tempo de Advento conseguir\u00e1 o pastor nos conduzir docemente em dire\u00e7\u00e3o a Bel\u00e9m? Saberemos conceder a Deus a grande alegria de comparecer desarmados diante da mansid\u00e3o do olhar de Deus?<\/p>\n<p>&nbsp;<\/p>\n<p><strong>Pe. Paulo Eduardo J\u00e1como, SDB.<\/strong><\/p>\n","protected":false},"excerpt":{"rendered":"<p>Ter\u00e7a-feira, 06 de dezembro de 2022. &nbsp; Evangelho (Mt 18,12-14) &nbsp; \u201c&#8230; o Pai que est\u00e1 nos c\u00e9us n\u00e3o deseja que se perca nenhum desses&#8230;<\/p>\n","protected":false},"author":6,"featured_media":5934,"comment_status":"closed","ping_status":"closed","sticky":false,"template":"","format":"standard","meta":{"_acf_changed":false,"footnotes":""},"categories":[13],"tags":[],"class_list":["post-5932","post","type-post","status-publish","format-standard","has-post-thumbnail","hentry","category-reflexaodoevagelho"],"acf":[],"yoast_head":"<!-- This site is optimized with the Yoast SEO plugin v27.3 - https:\/\/yoast.com\/product\/yoast-seo-wordpress\/ -->\n<title>06\/12 - ... o Pai que est\u00e1 nos c\u00e9us n\u00e3o deseja que se perca nenhum desses pequeninos. - Pastoral Universit\u00e1ria UniSALESIANO<\/title>\n<meta name=\"robots\" content=\"index, follow, max-snippet:-1, max-image-preview:large, max-video-preview:-1\" \/>\n<link rel=\"canonical\" href=\"https:\/\/unisale.com.br\/novo\/06-12-o-pai-que-esta-nos-ceus-nao-deseja-que-se-perca-nenhum-desses-pequeninos\/\" \/>\n<meta property=\"og:locale\" content=\"pt_BR\" \/>\n<meta property=\"og:type\" content=\"article\" \/>\n<meta property=\"og:title\" content=\"06\/12 - ... o Pai que est\u00e1 nos c\u00e9us n\u00e3o deseja que se perca nenhum desses pequeninos. - Pastoral Universit\u00e1ria UniSALESIANO\" \/>\n<meta property=\"og:description\" content=\"Ter\u00e7a-feira, 06 de dezembro de 2022. &nbsp; Evangelho (Mt 18,12-14) &nbsp; \u201c&#8230; o Pai que est\u00e1 nos c\u00e9us n\u00e3o deseja que se perca nenhum desses...\" \/>\n<meta property=\"og:url\" content=\"https:\/\/unisale.com.br\/novo\/06-12-o-pai-que-esta-nos-ceus-nao-deseja-que-se-perca-nenhum-desses-pequeninos\/\" \/>\n<meta property=\"og:site_name\" content=\"Pastoral Universit\u00e1ria UniSALESIANO\" \/>\n<meta property=\"article:published_time\" content=\"2022-12-08T11:25:11+00:00\" \/>\n<meta property=\"article:modified_time\" content=\"2022-12-08T11:25:32+00:00\" \/>\n<meta property=\"og:image\" content=\"https:\/\/unisale.com.br\/novo\/wp-content\/uploads\/2022\/12\/Ev-6.jpg\" \/>\n\t<meta property=\"og:image:width\" content=\"800\" \/>\n\t<meta property=\"og:image:height\" content=\"533\" \/>\n\t<meta property=\"og:image:type\" content=\"image\/jpeg\" \/>\n<meta name=\"author\" content=\"Luiz Alexandre Marinho Lanzoni\" \/>\n<meta name=\"twitter:card\" content=\"summary_large_image\" \/>\n<meta name=\"twitter:label1\" content=\"Escrito por\" \/>\n\t<meta name=\"twitter:data1\" content=\"Luiz Alexandre Marinho Lanzoni\" \/>\n\t<meta name=\"twitter:label2\" content=\"Est. tempo de leitura\" \/>\n\t<meta name=\"twitter:data2\" content=\"2 minutos\" \/>\n<script type=\"application\/ld+json\" class=\"yoast-schema-graph\">{\"@context\":\"https:\\\/\\\/schema.org\",\"@graph\":[{\"@type\":\"Article\",\"@id\":\"https:\\\/\\\/unisale.com.br\\\/novo\\\/06-12-o-pai-que-esta-nos-ceus-nao-deseja-que-se-perca-nenhum-desses-pequeninos\\\/#article\",\"isPartOf\":{\"@id\":\"https:\\\/\\\/unisale.com.br\\\/novo\\\/06-12-o-pai-que-esta-nos-ceus-nao-deseja-que-se-perca-nenhum-desses-pequeninos\\\/\"},\"author\":{\"name\":\"Luiz Alexandre Marinho Lanzoni\",\"@id\":\"https:\\\/\\\/unisale.com.br\\\/pastoral\\\/#\\\/schema\\\/person\\\/492d3d7bfe53a8302576d39485aff2c4\"},\"headline\":\"06\\\/12 &#8211; &#8230; o Pai que est\u00e1 nos c\u00e9us n\u00e3o deseja que se perca nenhum desses pequeninos.\",\"datePublished\":\"2022-12-08T11:25:11+00:00\",\"dateModified\":\"2022-12-08T11:25:32+00:00\",\"mainEntityOfPage\":{\"@id\":\"https:\\\/\\\/unisale.com.br\\\/novo\\\/06-12-o-pai-que-esta-nos-ceus-nao-deseja-que-se-perca-nenhum-desses-pequeninos\\\/\"},\"wordCount\":352,\"image\":{\"@id\":\"https:\\\/\\\/unisale.com.br\\\/novo\\\/06-12-o-pai-que-esta-nos-ceus-nao-deseja-que-se-perca-nenhum-desses-pequeninos\\\/#primaryimage\"},\"thumbnailUrl\":\"https:\\\/\\\/unisale.com.br\\\/pastoral\\\/wp-content\\\/uploads\\\/2022\\\/12\\\/Ev-6.jpg\",\"articleSection\":[\"Reflex\u00e3o do Evangelho\"],\"inLanguage\":\"pt-BR\"},{\"@type\":\"WebPage\",\"@id\":\"https:\\\/\\\/unisale.com.br\\\/novo\\\/06-12-o-pai-que-esta-nos-ceus-nao-deseja-que-se-perca-nenhum-desses-pequeninos\\\/\",\"url\":\"https:\\\/\\\/unisale.com.br\\\/novo\\\/06-12-o-pai-que-esta-nos-ceus-nao-deseja-que-se-perca-nenhum-desses-pequeninos\\\/\",\"name\":\"06\\\/12 - ... o Pai que est\u00e1 nos c\u00e9us n\u00e3o deseja que se perca nenhum desses pequeninos. - Pastoral Universit\u00e1ria UniSALESIANO\",\"isPartOf\":{\"@id\":\"https:\\\/\\\/unisale.com.br\\\/pastoral\\\/#website\"},\"primaryImageOfPage\":{\"@id\":\"https:\\\/\\\/unisale.com.br\\\/novo\\\/06-12-o-pai-que-esta-nos-ceus-nao-deseja-que-se-perca-nenhum-desses-pequeninos\\\/#primaryimage\"},\"image\":{\"@id\":\"https:\\\/\\\/unisale.com.br\\\/novo\\\/06-12-o-pai-que-esta-nos-ceus-nao-deseja-que-se-perca-nenhum-desses-pequeninos\\\/#primaryimage\"},\"thumbnailUrl\":\"https:\\\/\\\/unisale.com.br\\\/pastoral\\\/wp-content\\\/uploads\\\/2022\\\/12\\\/Ev-6.jpg\",\"datePublished\":\"2022-12-08T11:25:11+00:00\",\"dateModified\":\"2022-12-08T11:25:32+00:00\",\"author\":{\"@id\":\"https:\\\/\\\/unisale.com.br\\\/pastoral\\\/#\\\/schema\\\/person\\\/492d3d7bfe53a8302576d39485aff2c4\"},\"inLanguage\":\"pt-BR\",\"potentialAction\":[{\"@type\":\"ReadAction\",\"target\":[\"https:\\\/\\\/unisale.com.br\\\/novo\\\/06-12-o-pai-que-esta-nos-ceus-nao-deseja-que-se-perca-nenhum-desses-pequeninos\\\/\"]}]},{\"@type\":\"ImageObject\",\"inLanguage\":\"pt-BR\",\"@id\":\"https:\\\/\\\/unisale.com.br\\\/novo\\\/06-12-o-pai-que-esta-nos-ceus-nao-deseja-que-se-perca-nenhum-desses-pequeninos\\\/#primaryimage\",\"url\":\"https:\\\/\\\/unisale.com.br\\\/pastoral\\\/wp-content\\\/uploads\\\/2022\\\/12\\\/Ev-6.jpg\",\"contentUrl\":\"https:\\\/\\\/unisale.com.br\\\/pastoral\\\/wp-content\\\/uploads\\\/2022\\\/12\\\/Ev-6.jpg\",\"width\":750,\"height\":500},{\"@type\":\"WebSite\",\"@id\":\"https:\\\/\\\/unisale.com.br\\\/pastoral\\\/#website\",\"url\":\"https:\\\/\\\/unisale.com.br\\\/pastoral\\\/\",\"name\":\"Pastoral Universit\u00e1ria UniSALESIANO\",\"description\":\"Site da Pastoral Universit\u00e1ria do UniSALESIANO\",\"potentialAction\":[{\"@type\":\"SearchAction\",\"target\":{\"@type\":\"EntryPoint\",\"urlTemplate\":\"https:\\\/\\\/unisale.com.br\\\/pastoral\\\/?s={search_term_string}\"},\"query-input\":{\"@type\":\"PropertyValueSpecification\",\"valueRequired\":true,\"valueName\":\"search_term_string\"}}],\"inLanguage\":\"pt-BR\"},{\"@type\":\"Person\",\"@id\":\"https:\\\/\\\/unisale.com.br\\\/pastoral\\\/#\\\/schema\\\/person\\\/492d3d7bfe53a8302576d39485aff2c4\",\"name\":\"Luiz Alexandre Marinho Lanzoni\",\"url\":\"https:\\\/\\\/unisale.com.br\\\/pastoral\\\/author\\\/luiz\\\/\"}]}<\/script>\n<!-- \/ Yoast SEO plugin. -->","yoast_head_json":{"title":"06\/12 - ... o Pai que est\u00e1 nos c\u00e9us n\u00e3o deseja que se perca nenhum desses pequeninos. - Pastoral Universit\u00e1ria UniSALESIANO","robots":{"index":"index","follow":"follow","max-snippet":"max-snippet:-1","max-image-preview":"max-image-preview:large","max-video-preview":"max-video-preview:-1"},"canonical":"https:\/\/unisale.com.br\/novo\/06-12-o-pai-que-esta-nos-ceus-nao-deseja-que-se-perca-nenhum-desses-pequeninos\/","og_locale":"pt_BR","og_type":"article","og_title":"06\/12 - ... o Pai que est\u00e1 nos c\u00e9us n\u00e3o deseja que se perca nenhum desses pequeninos. - Pastoral Universit\u00e1ria UniSALESIANO","og_description":"Ter\u00e7a-feira, 06 de dezembro de 2022. &nbsp; Evangelho (Mt 18,12-14) &nbsp; \u201c&#8230; o Pai que est\u00e1 nos c\u00e9us n\u00e3o deseja que se perca nenhum desses...","og_url":"https:\/\/unisale.com.br\/novo\/06-12-o-pai-que-esta-nos-ceus-nao-deseja-que-se-perca-nenhum-desses-pequeninos\/","og_site_name":"Pastoral Universit\u00e1ria UniSALESIANO","article_published_time":"2022-12-08T11:25:11+00:00","article_modified_time":"2022-12-08T11:25:32+00:00","og_image":[{"width":800,"height":533,"url":"https:\/\/unisale.com.br\/novo\/wp-content\/uploads\/2022\/12\/Ev-6.jpg","type":"image\/jpeg"}],"author":"Luiz Alexandre Marinho Lanzoni","twitter_card":"summary_large_image","twitter_misc":{"Escrito por":"Luiz Alexandre Marinho Lanzoni","Est. tempo de leitura":"2 minutos"},"schema":{"@context":"https:\/\/schema.org","@graph":[{"@type":"Article","@id":"https:\/\/unisale.com.br\/novo\/06-12-o-pai-que-esta-nos-ceus-nao-deseja-que-se-perca-nenhum-desses-pequeninos\/#article","isPartOf":{"@id":"https:\/\/unisale.com.br\/novo\/06-12-o-pai-que-esta-nos-ceus-nao-deseja-que-se-perca-nenhum-desses-pequeninos\/"},"author":{"name":"Luiz Alexandre Marinho Lanzoni","@id":"https:\/\/unisale.com.br\/pastoral\/#\/schema\/person\/492d3d7bfe53a8302576d39485aff2c4"},"headline":"06\/12 &#8211; &#8230; o Pai que est\u00e1 nos c\u00e9us n\u00e3o deseja que se perca nenhum desses pequeninos.","datePublished":"2022-12-08T11:25:11+00:00","dateModified":"2022-12-08T11:25:32+00:00","mainEntityOfPage":{"@id":"https:\/\/unisale.com.br\/novo\/06-12-o-pai-que-esta-nos-ceus-nao-deseja-que-se-perca-nenhum-desses-pequeninos\/"},"wordCount":352,"image":{"@id":"https:\/\/unisale.com.br\/novo\/06-12-o-pai-que-esta-nos-ceus-nao-deseja-que-se-perca-nenhum-desses-pequeninos\/#primaryimage"},"thumbnailUrl":"https:\/\/unisale.com.br\/pastoral\/wp-content\/uploads\/2022\/12\/Ev-6.jpg","articleSection":["Reflex\u00e3o do Evangelho"],"inLanguage":"pt-BR"},{"@type":"WebPage","@id":"https:\/\/unisale.com.br\/novo\/06-12-o-pai-que-esta-nos-ceus-nao-deseja-que-se-perca-nenhum-desses-pequeninos\/","url":"https:\/\/unisale.com.br\/novo\/06-12-o-pai-que-esta-nos-ceus-nao-deseja-que-se-perca-nenhum-desses-pequeninos\/","name":"06\/12 - ... o Pai que est\u00e1 nos c\u00e9us n\u00e3o deseja que se perca nenhum desses pequeninos. - Pastoral Universit\u00e1ria UniSALESIANO","isPartOf":{"@id":"https:\/\/unisale.com.br\/pastoral\/#website"},"primaryImageOfPage":{"@id":"https:\/\/unisale.com.br\/novo\/06-12-o-pai-que-esta-nos-ceus-nao-deseja-que-se-perca-nenhum-desses-pequeninos\/#primaryimage"},"image":{"@id":"https:\/\/unisale.com.br\/novo\/06-12-o-pai-que-esta-nos-ceus-nao-deseja-que-se-perca-nenhum-desses-pequeninos\/#primaryimage"},"thumbnailUrl":"https:\/\/unisale.com.br\/pastoral\/wp-content\/uploads\/2022\/12\/Ev-6.jpg","datePublished":"2022-12-08T11:25:11+00:00","dateModified":"2022-12-08T11:25:32+00:00","author":{"@id":"https:\/\/unisale.com.br\/pastoral\/#\/schema\/person\/492d3d7bfe53a8302576d39485aff2c4"},"inLanguage":"pt-BR","potentialAction":[{"@type":"ReadAction","target":["https:\/\/unisale.com.br\/novo\/06-12-o-pai-que-esta-nos-ceus-nao-deseja-que-se-perca-nenhum-desses-pequeninos\/"]}]},{"@type":"ImageObject","inLanguage":"pt-BR","@id":"https:\/\/unisale.com.br\/novo\/06-12-o-pai-que-esta-nos-ceus-nao-deseja-que-se-perca-nenhum-desses-pequeninos\/#primaryimage","url":"https:\/\/unisale.com.br\/pastoral\/wp-content\/uploads\/2022\/12\/Ev-6.jpg","contentUrl":"https:\/\/unisale.com.br\/pastoral\/wp-content\/uploads\/2022\/12\/Ev-6.jpg","width":750,"height":500},{"@type":"WebSite","@id":"https:\/\/unisale.com.br\/pastoral\/#website","url":"https:\/\/unisale.com.br\/pastoral\/","name":"Pastoral Universit\u00e1ria UniSALESIANO","description":"Site da Pastoral Universit\u00e1ria do UniSALESIANO","potentialAction":[{"@type":"SearchAction","target":{"@type":"EntryPoint","urlTemplate":"https:\/\/unisale.com.br\/pastoral\/?s={search_term_string}"},"query-input":{"@type":"PropertyValueSpecification","valueRequired":true,"valueName":"search_term_string"}}],"inLanguage":"pt-BR"},{"@type":"Person","@id":"https:\/\/unisale.com.br\/pastoral\/#\/schema\/person\/492d3d7bfe53a8302576d39485aff2c4","name":"Luiz Alexandre Marinho Lanzoni","url":"https:\/\/unisale.com.br\/pastoral\/author\/luiz\/"}]}},"_links":{"self":[{"href":"https:\/\/unisale.com.br\/pastoral\/wp-json\/wp\/v2\/posts\/5932","targetHints":{"allow":["GET"]}}],"collection":[{"href":"https:\/\/unisale.com.br\/pastoral\/wp-json\/wp\/v2\/posts"}],"about":[{"href":"https:\/\/unisale.com.br\/pastoral\/wp-json\/wp\/v2\/types\/post"}],"author":[{"embeddable":true,"href":"https:\/\/unisale.com.br\/pastoral\/wp-json\/wp\/v2\/users\/6"}],"replies":[{"embeddable":true,"href":"https:\/\/unisale.com.br\/pastoral\/wp-json\/wp\/v2\/comments?post=5932"}],"version-history":[{"count":0,"href":"https:\/\/unisale.com.br\/pastoral\/wp-json\/wp\/v2\/posts\/5932\/revisions"}],"wp:featuredmedia":[{"embeddable":true,"href":"https:\/\/unisale.com.br\/pastoral\/wp-json\/wp\/v2\/media\/5934"}],"wp:attachment":[{"href":"https:\/\/unisale.com.br\/pastoral\/wp-json\/wp\/v2\/media?parent=5932"}],"wp:term":[{"taxonomy":"category","embeddable":true,"href":"https:\/\/unisale.com.br\/pastoral\/wp-json\/wp\/v2\/categories?post=5932"},{"taxonomy":"post_tag","embeddable":true,"href":"https:\/\/unisale.com.br\/pastoral\/wp-json\/wp\/v2\/tags?post=5932"}],"curies":[{"name":"wp","href":"https:\/\/api.w.org\/{rel}","templated":true}]}}