{"id":5964,"date":"2022-12-08T11:58:35","date_gmt":"2022-12-08T11:58:35","guid":{"rendered":"https:\/\/unisale.com.br\/pastoral\/?p=5964"},"modified":"2022-12-08T11:58:35","modified_gmt":"2022-12-08T11:58:35","slug":"14-12-e-feliz-e-aquele-que-nao-se-escandaliza-por-causa-de-mim","status":"publish","type":"post","link":"https:\/\/unisale.com.br\/pastoral\/14-12-e-feliz-e-aquele-que-nao-se-escandaliza-por-causa-de-mim\/","title":{"rendered":"14\/12 &#8211; E feliz \u00e9 aquele que n\u00e3o se escandaliza por causa de mim."},"content":{"rendered":"<p>Quarta-feira, 14 de dezembro de 2022.<\/p>\n<p>&nbsp;<\/p>\n<p>Evangelho (Lc 7,19-23)<\/p>\n<p>&nbsp;<\/p>\n<p><strong>\u201cE feliz \u00e9 aquele que n\u00e3o se escandaliza por causa de mim\u201d<\/strong><\/p>\n<p>&nbsp;<\/p>\n<p>Naquele tempo, Jo\u00e3o convocou dois de seus disc\u00edpulos, e mandou-os perguntar ao Senhor: \u00c9s tu aquele que h\u00e1 de vir, ou devemos esperar outro?\u201d <sup>20<\/sup>Eles foram ter com Jesus, e disseram: \u201cJo\u00e3o Batista nos mandou a ti para perguntar: \u2018\u00c9s tu aquele que h\u00e1 de vir, ou devemos esperar outro?\u2019\u201d <sup>21<\/sup>Nessa mesma hora, Jesus curou de doen\u00e7as, enfermidades e esp\u00edritos malignos a muitas pessoas, e fez muitos cegos recuperarem a vista. <sup>22<\/sup>Ent\u00e3o, Jesus lhes respondeu: \u201cIde contar a Jo\u00e3o o que vistes e ouvistes: os cegos recuperam a vista, os paral\u00edticos andam, os leprosos s\u00e3o purificados, os surdos ouvem, os mortos ressuscitam, e a boa nova \u00e9 anunciada aos pobres. <sup>23<\/sup>\u00c9 feliz aquele que n\u00e3o se escandaliza por causa de mim!\u201d<\/p>\n<p>&nbsp;<\/p>\n<p><strong>Reflex\u00e3o<\/strong><\/p>\n<p>&nbsp;<\/p>\n<p>\u201c<sup>20<\/sup>Eles foram ter com Jesus, e disseram: \u201cJo\u00e3o Batista nos mandou a ti para perguntar: \u2018\u00c9s tu aquele que h\u00e1 de vir, ou devemos esperar outro?\u2019\u201d <sup>21<\/sup>Nessa mesma hora, Jesus curou de doen\u00e7as, enfermidades e esp\u00edritos malignos a muitas pessoas, e fez muitos cegos recuperarem a vista\u201d. \u00c9 bom sermos introduzidos na Novena de Natal com este epis\u00f3dio da crise de Jo\u00e3o Batista. Ele que foi elogiado por Jesus como o maior entre todos os homens; ele que \u00e9 Elias que todos estavam esperando; ele que afrontou a prepot\u00eancia de Herodes e pregou sem medo ou vergonha, agora se encontra com a d\u00favida atroz que talvez Jesus n\u00e3o fosse o Messias. Cada homem vive certas crises, tamb\u00e9m os melhores (talvez sobretudo estes). S\u00f3 atrav\u00e9s deste tipo de crise seremos purificados de nossas expectativas, do nosso imagin\u00e1rio muito humano, muito m\u00edope. E Jesus responde a esta crise, a este questionamento, n\u00e3o com as palavras, n\u00e3o atrav\u00e9s de um di\u00e1logo convincente, mas com fatos: \u201c<sup>21<\/sup>Nessa mesma hora, Jesus curou de doen\u00e7as, enfermidades e esp\u00edritos malignos a muitas pessoas, e fez muitos cegos recuperarem a vista. <sup>22<\/sup>Ent\u00e3o, Jesus lhes respondeu: \u201cIde contar a Jo\u00e3o o que vistes e ouvistes: os cegos recuperam a vista, os paral\u00edticos andam, os leprosos s\u00e3o purificados, os surdos ouvem, os mortos ressuscitam, e a boa nova \u00e9 anunciada aos pobres. <sup>23<\/sup>\u00c9 feliz aquele que n\u00e3o se escandaliza por causa de mim!\u201d. A certas crises, a certos questionamentos n\u00e3o se responde analisando demais com os racioc\u00ednios, mas abrindo os olhos sobre aquilo que o Senhor faz concretamente. Muitas coisas que nos fazem mal, e nos pesam no cora\u00e7\u00e3o vem de pensamentos que s\u00e3o assim logicamente impiedosos de n\u00e3o deixar sa\u00eddas. No entanto, Deus sabe contradizer com os fatos certas l\u00f3gicas mort\u00edferas. Muitas vezes uma leitura superficial da nossa vida nos convence de termos errado em tudo, de n\u00e3o valermos nada, de havermos tomado uma paulada, de termos perdido tempo, mas bastaria ir ao fundo das coisas e dos acontecimentos para percebermos que Deus est\u00e1 dizendo outra coisa. Para reconhecermos Jesus precisamos ser inteligentes, precisamos saber ler e ver \u2018dentro\u2019.<\/p>\n<p>&nbsp;<\/p>\n<p><strong>Pe. Pulo Eduardo J\u00e1como, SDB.<\/strong><\/p>\n","protected":false},"excerpt":{"rendered":"<p>Quarta-feira, 14 de dezembro de 2022. &nbsp; Evangelho (Lc 7,19-23) &nbsp; \u201cE feliz \u00e9 aquele que n\u00e3o se escandaliza por causa de mim\u201d &nbsp; Naquele&#8230;<\/p>\n","protected":false},"author":6,"featured_media":5966,"comment_status":"closed","ping_status":"closed","sticky":false,"template":"","format":"standard","meta":{"_acf_changed":false,"footnotes":""},"categories":[13],"tags":[],"class_list":["post-5964","post","type-post","status-publish","format-standard","has-post-thumbnail","hentry","category-reflexaodoevagelho"],"acf":[],"yoast_head":"<!-- This site is optimized with the Yoast SEO plugin v27.3 - https:\/\/yoast.com\/product\/yoast-seo-wordpress\/ -->\n<title>14\/12 - E feliz \u00e9 aquele que n\u00e3o se escandaliza por causa de mim. - Pastoral Universit\u00e1ria UniSALESIANO<\/title>\n<meta name=\"robots\" content=\"index, follow, max-snippet:-1, max-image-preview:large, max-video-preview:-1\" \/>\n<link rel=\"canonical\" href=\"https:\/\/unisale.com.br\/novo\/14-12-e-feliz-e-aquele-que-nao-se-escandaliza-por-causa-de-mim\/\" \/>\n<meta property=\"og:locale\" content=\"pt_BR\" \/>\n<meta property=\"og:type\" content=\"article\" \/>\n<meta property=\"og:title\" content=\"14\/12 - E feliz \u00e9 aquele que n\u00e3o se escandaliza por causa de mim. - Pastoral Universit\u00e1ria UniSALESIANO\" \/>\n<meta property=\"og:description\" content=\"Quarta-feira, 14 de dezembro de 2022. &nbsp; Evangelho (Lc 7,19-23) &nbsp; \u201cE feliz \u00e9 aquele que n\u00e3o se escandaliza por causa de mim\u201d &nbsp; Naquele...\" \/>\n<meta property=\"og:url\" content=\"https:\/\/unisale.com.br\/novo\/14-12-e-feliz-e-aquele-que-nao-se-escandaliza-por-causa-de-mim\/\" \/>\n<meta property=\"og:site_name\" content=\"Pastoral Universit\u00e1ria UniSALESIANO\" \/>\n<meta property=\"article:published_time\" content=\"2022-12-08T11:58:35+00:00\" \/>\n<meta property=\"og:image\" content=\"https:\/\/unisale.com.br\/novo\/wp-content\/uploads\/2022\/12\/ev-14.jpg\" \/>\n\t<meta property=\"og:image:width\" content=\"600\" \/>\n\t<meta property=\"og:image:height\" content=\"321\" \/>\n\t<meta property=\"og:image:type\" content=\"image\/jpeg\" \/>\n<meta name=\"author\" content=\"Luiz Alexandre Marinho Lanzoni\" \/>\n<meta name=\"twitter:card\" content=\"summary_large_image\" \/>\n<meta name=\"twitter:label1\" content=\"Escrito por\" \/>\n\t<meta name=\"twitter:data1\" content=\"Luiz Alexandre Marinho Lanzoni\" \/>\n\t<meta name=\"twitter:label2\" content=\"Est. tempo de leitura\" \/>\n\t<meta name=\"twitter:data2\" content=\"3 minutos\" \/>\n<script type=\"application\/ld+json\" class=\"yoast-schema-graph\">{\"@context\":\"https:\\\/\\\/schema.org\",\"@graph\":[{\"@type\":\"Article\",\"@id\":\"https:\\\/\\\/unisale.com.br\\\/novo\\\/14-12-e-feliz-e-aquele-que-nao-se-escandaliza-por-causa-de-mim\\\/#article\",\"isPartOf\":{\"@id\":\"https:\\\/\\\/unisale.com.br\\\/novo\\\/14-12-e-feliz-e-aquele-que-nao-se-escandaliza-por-causa-de-mim\\\/\"},\"author\":{\"name\":\"Luiz Alexandre Marinho Lanzoni\",\"@id\":\"https:\\\/\\\/unisale.com.br\\\/pastoral\\\/#\\\/schema\\\/person\\\/492d3d7bfe53a8302576d39485aff2c4\"},\"headline\":\"14\\\/12 &#8211; E feliz \u00e9 aquele que n\u00e3o se escandaliza por causa de mim.\",\"datePublished\":\"2022-12-08T11:58:35+00:00\",\"mainEntityOfPage\":{\"@id\":\"https:\\\/\\\/unisale.com.br\\\/novo\\\/14-12-e-feliz-e-aquele-que-nao-se-escandaliza-por-causa-de-mim\\\/\"},\"wordCount\":553,\"image\":{\"@id\":\"https:\\\/\\\/unisale.com.br\\\/novo\\\/14-12-e-feliz-e-aquele-que-nao-se-escandaliza-por-causa-de-mim\\\/#primaryimage\"},\"thumbnailUrl\":\"https:\\\/\\\/unisale.com.br\\\/pastoral\\\/wp-content\\\/uploads\\\/2022\\\/12\\\/ev-14.jpg\",\"articleSection\":[\"Reflex\u00e3o do Evangelho\"],\"inLanguage\":\"pt-BR\"},{\"@type\":\"WebPage\",\"@id\":\"https:\\\/\\\/unisale.com.br\\\/novo\\\/14-12-e-feliz-e-aquele-que-nao-se-escandaliza-por-causa-de-mim\\\/\",\"url\":\"https:\\\/\\\/unisale.com.br\\\/novo\\\/14-12-e-feliz-e-aquele-que-nao-se-escandaliza-por-causa-de-mim\\\/\",\"name\":\"14\\\/12 - E feliz \u00e9 aquele que n\u00e3o se escandaliza por causa de mim. - Pastoral Universit\u00e1ria UniSALESIANO\",\"isPartOf\":{\"@id\":\"https:\\\/\\\/unisale.com.br\\\/pastoral\\\/#website\"},\"primaryImageOfPage\":{\"@id\":\"https:\\\/\\\/unisale.com.br\\\/novo\\\/14-12-e-feliz-e-aquele-que-nao-se-escandaliza-por-causa-de-mim\\\/#primaryimage\"},\"image\":{\"@id\":\"https:\\\/\\\/unisale.com.br\\\/novo\\\/14-12-e-feliz-e-aquele-que-nao-se-escandaliza-por-causa-de-mim\\\/#primaryimage\"},\"thumbnailUrl\":\"https:\\\/\\\/unisale.com.br\\\/pastoral\\\/wp-content\\\/uploads\\\/2022\\\/12\\\/ev-14.jpg\",\"datePublished\":\"2022-12-08T11:58:35+00:00\",\"author\":{\"@id\":\"https:\\\/\\\/unisale.com.br\\\/pastoral\\\/#\\\/schema\\\/person\\\/492d3d7bfe53a8302576d39485aff2c4\"},\"inLanguage\":\"pt-BR\",\"potentialAction\":[{\"@type\":\"ReadAction\",\"target\":[\"https:\\\/\\\/unisale.com.br\\\/novo\\\/14-12-e-feliz-e-aquele-que-nao-se-escandaliza-por-causa-de-mim\\\/\"]}]},{\"@type\":\"ImageObject\",\"inLanguage\":\"pt-BR\",\"@id\":\"https:\\\/\\\/unisale.com.br\\\/novo\\\/14-12-e-feliz-e-aquele-que-nao-se-escandaliza-por-causa-de-mim\\\/#primaryimage\",\"url\":\"https:\\\/\\\/unisale.com.br\\\/pastoral\\\/wp-content\\\/uploads\\\/2022\\\/12\\\/ev-14.jpg\",\"contentUrl\":\"https:\\\/\\\/unisale.com.br\\\/pastoral\\\/wp-content\\\/uploads\\\/2022\\\/12\\\/ev-14.jpg\",\"width\":600,\"height\":321},{\"@type\":\"WebSite\",\"@id\":\"https:\\\/\\\/unisale.com.br\\\/pastoral\\\/#website\",\"url\":\"https:\\\/\\\/unisale.com.br\\\/pastoral\\\/\",\"name\":\"Pastoral Universit\u00e1ria UniSALESIANO\",\"description\":\"Site da Pastoral Universit\u00e1ria do UniSALESIANO\",\"potentialAction\":[{\"@type\":\"SearchAction\",\"target\":{\"@type\":\"EntryPoint\",\"urlTemplate\":\"https:\\\/\\\/unisale.com.br\\\/pastoral\\\/?s={search_term_string}\"},\"query-input\":{\"@type\":\"PropertyValueSpecification\",\"valueRequired\":true,\"valueName\":\"search_term_string\"}}],\"inLanguage\":\"pt-BR\"},{\"@type\":\"Person\",\"@id\":\"https:\\\/\\\/unisale.com.br\\\/pastoral\\\/#\\\/schema\\\/person\\\/492d3d7bfe53a8302576d39485aff2c4\",\"name\":\"Luiz Alexandre Marinho Lanzoni\",\"url\":\"https:\\\/\\\/unisale.com.br\\\/pastoral\\\/author\\\/luiz\\\/\"}]}<\/script>\n<!-- \/ Yoast SEO plugin. -->","yoast_head_json":{"title":"14\/12 - E feliz \u00e9 aquele que n\u00e3o se escandaliza por causa de mim. - Pastoral Universit\u00e1ria UniSALESIANO","robots":{"index":"index","follow":"follow","max-snippet":"max-snippet:-1","max-image-preview":"max-image-preview:large","max-video-preview":"max-video-preview:-1"},"canonical":"https:\/\/unisale.com.br\/novo\/14-12-e-feliz-e-aquele-que-nao-se-escandaliza-por-causa-de-mim\/","og_locale":"pt_BR","og_type":"article","og_title":"14\/12 - E feliz \u00e9 aquele que n\u00e3o se escandaliza por causa de mim. - Pastoral Universit\u00e1ria UniSALESIANO","og_description":"Quarta-feira, 14 de dezembro de 2022. &nbsp; Evangelho (Lc 7,19-23) &nbsp; \u201cE feliz \u00e9 aquele que n\u00e3o se escandaliza por causa de mim\u201d &nbsp; Naquele...","og_url":"https:\/\/unisale.com.br\/novo\/14-12-e-feliz-e-aquele-que-nao-se-escandaliza-por-causa-de-mim\/","og_site_name":"Pastoral Universit\u00e1ria UniSALESIANO","article_published_time":"2022-12-08T11:58:35+00:00","og_image":[{"width":600,"height":321,"url":"https:\/\/unisale.com.br\/novo\/wp-content\/uploads\/2022\/12\/ev-14.jpg","type":"image\/jpeg"}],"author":"Luiz Alexandre Marinho Lanzoni","twitter_card":"summary_large_image","twitter_misc":{"Escrito por":"Luiz Alexandre Marinho Lanzoni","Est. tempo de leitura":"3 minutos"},"schema":{"@context":"https:\/\/schema.org","@graph":[{"@type":"Article","@id":"https:\/\/unisale.com.br\/novo\/14-12-e-feliz-e-aquele-que-nao-se-escandaliza-por-causa-de-mim\/#article","isPartOf":{"@id":"https:\/\/unisale.com.br\/novo\/14-12-e-feliz-e-aquele-que-nao-se-escandaliza-por-causa-de-mim\/"},"author":{"name":"Luiz Alexandre Marinho Lanzoni","@id":"https:\/\/unisale.com.br\/pastoral\/#\/schema\/person\/492d3d7bfe53a8302576d39485aff2c4"},"headline":"14\/12 &#8211; E feliz \u00e9 aquele que n\u00e3o se escandaliza por causa de mim.","datePublished":"2022-12-08T11:58:35+00:00","mainEntityOfPage":{"@id":"https:\/\/unisale.com.br\/novo\/14-12-e-feliz-e-aquele-que-nao-se-escandaliza-por-causa-de-mim\/"},"wordCount":553,"image":{"@id":"https:\/\/unisale.com.br\/novo\/14-12-e-feliz-e-aquele-que-nao-se-escandaliza-por-causa-de-mim\/#primaryimage"},"thumbnailUrl":"https:\/\/unisale.com.br\/pastoral\/wp-content\/uploads\/2022\/12\/ev-14.jpg","articleSection":["Reflex\u00e3o do Evangelho"],"inLanguage":"pt-BR"},{"@type":"WebPage","@id":"https:\/\/unisale.com.br\/novo\/14-12-e-feliz-e-aquele-que-nao-se-escandaliza-por-causa-de-mim\/","url":"https:\/\/unisale.com.br\/novo\/14-12-e-feliz-e-aquele-que-nao-se-escandaliza-por-causa-de-mim\/","name":"14\/12 - E feliz \u00e9 aquele que n\u00e3o se escandaliza por causa de mim. - Pastoral Universit\u00e1ria UniSALESIANO","isPartOf":{"@id":"https:\/\/unisale.com.br\/pastoral\/#website"},"primaryImageOfPage":{"@id":"https:\/\/unisale.com.br\/novo\/14-12-e-feliz-e-aquele-que-nao-se-escandaliza-por-causa-de-mim\/#primaryimage"},"image":{"@id":"https:\/\/unisale.com.br\/novo\/14-12-e-feliz-e-aquele-que-nao-se-escandaliza-por-causa-de-mim\/#primaryimage"},"thumbnailUrl":"https:\/\/unisale.com.br\/pastoral\/wp-content\/uploads\/2022\/12\/ev-14.jpg","datePublished":"2022-12-08T11:58:35+00:00","author":{"@id":"https:\/\/unisale.com.br\/pastoral\/#\/schema\/person\/492d3d7bfe53a8302576d39485aff2c4"},"inLanguage":"pt-BR","potentialAction":[{"@type":"ReadAction","target":["https:\/\/unisale.com.br\/novo\/14-12-e-feliz-e-aquele-que-nao-se-escandaliza-por-causa-de-mim\/"]}]},{"@type":"ImageObject","inLanguage":"pt-BR","@id":"https:\/\/unisale.com.br\/novo\/14-12-e-feliz-e-aquele-que-nao-se-escandaliza-por-causa-de-mim\/#primaryimage","url":"https:\/\/unisale.com.br\/pastoral\/wp-content\/uploads\/2022\/12\/ev-14.jpg","contentUrl":"https:\/\/unisale.com.br\/pastoral\/wp-content\/uploads\/2022\/12\/ev-14.jpg","width":600,"height":321},{"@type":"WebSite","@id":"https:\/\/unisale.com.br\/pastoral\/#website","url":"https:\/\/unisale.com.br\/pastoral\/","name":"Pastoral Universit\u00e1ria UniSALESIANO","description":"Site da Pastoral Universit\u00e1ria do UniSALESIANO","potentialAction":[{"@type":"SearchAction","target":{"@type":"EntryPoint","urlTemplate":"https:\/\/unisale.com.br\/pastoral\/?s={search_term_string}"},"query-input":{"@type":"PropertyValueSpecification","valueRequired":true,"valueName":"search_term_string"}}],"inLanguage":"pt-BR"},{"@type":"Person","@id":"https:\/\/unisale.com.br\/pastoral\/#\/schema\/person\/492d3d7bfe53a8302576d39485aff2c4","name":"Luiz Alexandre Marinho Lanzoni","url":"https:\/\/unisale.com.br\/pastoral\/author\/luiz\/"}]}},"_links":{"self":[{"href":"https:\/\/unisale.com.br\/pastoral\/wp-json\/wp\/v2\/posts\/5964","targetHints":{"allow":["GET"]}}],"collection":[{"href":"https:\/\/unisale.com.br\/pastoral\/wp-json\/wp\/v2\/posts"}],"about":[{"href":"https:\/\/unisale.com.br\/pastoral\/wp-json\/wp\/v2\/types\/post"}],"author":[{"embeddable":true,"href":"https:\/\/unisale.com.br\/pastoral\/wp-json\/wp\/v2\/users\/6"}],"replies":[{"embeddable":true,"href":"https:\/\/unisale.com.br\/pastoral\/wp-json\/wp\/v2\/comments?post=5964"}],"version-history":[{"count":0,"href":"https:\/\/unisale.com.br\/pastoral\/wp-json\/wp\/v2\/posts\/5964\/revisions"}],"wp:featuredmedia":[{"embeddable":true,"href":"https:\/\/unisale.com.br\/pastoral\/wp-json\/wp\/v2\/media\/5966"}],"wp:attachment":[{"href":"https:\/\/unisale.com.br\/pastoral\/wp-json\/wp\/v2\/media?parent=5964"}],"wp:term":[{"taxonomy":"category","embeddable":true,"href":"https:\/\/unisale.com.br\/pastoral\/wp-json\/wp\/v2\/categories?post=5964"},{"taxonomy":"post_tag","embeddable":true,"href":"https:\/\/unisale.com.br\/pastoral\/wp-json\/wp\/v2\/tags?post=5964"}],"curies":[{"name":"wp","href":"https:\/\/api.w.org\/{rel}","templated":true}]}}