{"id":5989,"date":"2022-12-12T12:15:55","date_gmt":"2022-12-12T12:15:55","guid":{"rendered":"https:\/\/unisale.com.br\/pastoral\/?p=5989"},"modified":"2022-12-12T12:15:55","modified_gmt":"2022-12-12T12:15:55","slug":"18-12-jose-filho-de-davi-nao-tenhas-medo-de-receber-maria-como-tua-esposa-porque-ela-concebeu-pela-acao-do-espirito-santo-2","status":"publish","type":"post","link":"https:\/\/unisale.com.br\/pastoral\/18-12-jose-filho-de-davi-nao-tenhas-medo-de-receber-maria-como-tua-esposa-porque-ela-concebeu-pela-acao-do-espirito-santo-2\/","title":{"rendered":"18\/12 &#8211; Jos\u00e9, filho de Davi, n\u00e3o tenhas medo de receber Maria como tua esposa, porque ela concebeu pela a\u00e7\u00e3o do Esp\u00edrito Santo."},"content":{"rendered":"<p>Domingo, 18 de dezembro de 2022. IV Domingo Advento A<\/p>\n<p>&nbsp;<\/p>\n<p>Evangelho (Mt 1,18-24)<\/p>\n<p>&nbsp;<\/p>\n<p><strong>\u201cJos\u00e9, filho de Davi, n\u00e3o tenhas medo de receber Maria como tua esposa, porque ela concebeu pela a\u00e7\u00e3o do Esp\u00edrito Santo\u201d<\/strong><\/p>\n<p>&nbsp;<\/p>\n<p><sup>18<\/sup>A origem de Jesus Cristo foi assim: Maria, sua m\u00e3e, estava prometida em casamento a Jos\u00e9, e, antes de viverem juntos, ela ficou gr\u00e1vida pela a\u00e7\u00e3o do Esp\u00edrito Santo. <sup>19<\/sup>Jos\u00e9, seu marido, era justo e, n\u00e3o querendo denunci\u00e1-la, resolveu abandonar Maria, em segredo. <sup>20<\/sup>Enquanto Jos\u00e9 pensava nisso, eis que o anjo do Senhor apareceu-lhe, em sonho, e lhe disse: \u201cJos\u00e9, Filho de Davi, n\u00e3o tenhas medo de receber Maria como tua esposa, porque ela concebeu pela a\u00e7\u00e3o do Esp\u00edrito Santo. <sup>21<\/sup>Ela dar\u00e1 \u00e0 luz um filho, e tu lhe dar\u00e1s o nome de Jesus, pois ele vai salvar o seu povo dos seus pecados\u201d. <sup>22<\/sup>Tudo isso aconteceu para se cumprir o que o Senhor havia dito pelo profeta: <sup>23<\/sup>\u201cEis que a virgem conceber\u00e1 e dar\u00e1 \u00e0 luz um filho. Ele ser\u00e1 chamado pelo nome de Emanuel, que significa: Deus est\u00e1 conosco\u201d. <sup>24<\/sup>Quando acordou, Jos\u00e9 fez conforme o anjo do Senhor havia mandado, e aceitou sua esposa.<\/p>\n<p>&nbsp;<\/p>\n<p><strong>Reflex\u00e3o<\/strong><\/p>\n<p>&nbsp;<\/p>\n<p>O evangelista Mateus na parte inicial onde trata da inf\u00e2ncia de Jesus, d\u00e1 um acento especial a figura de S. Jos\u00e9. N\u00e3o \u00e9 para menos, afinal, esta figura do pai adotivo de Jesus \u00e9 cativante e sabemos que o seu papel foi fundamental. Sua miss\u00e3o n\u00e3o foi f\u00e1cil como parece, composta por uma hist\u00f3ria dif\u00edcil e complicada. Deve ter sido dif\u00edcil para este homem aceitar estar diante da gravidez da jovem que amava, vendo cair por terra cada um de seus projetos. O amargo de sentir-se tra\u00eddo na confian\u00e7a estava em sua alma. N\u00e3o obstante isso, continuava a preocupar-se com Maria, n\u00e3o queria que a matassem. Jos\u00e9 \u00e9 mesmo um homem justo. Mas para ser santo n\u00e3o basta ser justo, preciso superar a justi\u00e7a, precisa entrar no territ\u00f3rio mais exigente da confian\u00e7a em Deus e n\u00e3o no simples bom senso ou no bom cora\u00e7\u00e3o. \u00c9 um sonho que altera cada coisa. Se a Maria \u00e9 reservado o encontro com o anjo, a Jos\u00e9 somente a normal experi\u00eancia de um sonho. Como podemos confiar num sonho? No entanto, Jos\u00e9 confia. Sabe a diferen\u00e7a que existe entre uma coisa que parece verdadeira, e uma que sente ser mesmo verdadeira. No fundo do cora\u00e7\u00e3o quando uma coisa \u00e9 verdadeira n\u00f3s sabemos, e importa pouco se \u00e9 um sonho ou um encontro. O que conta \u00e9 seguir o que sabe ser verdadeiro tamb\u00e9m se te conduz por estradas e caminhos que n\u00e3o conhecemos e que n\u00e3o t\u00ednhamos previsto. Jos\u00e9 faz assim. Toma a responsabilidade do que lhe aconteceu e come\u00e7a a seguir aquilo que sente ser verdadeiro, n\u00e3o obstante tudo e todos. Neste epis\u00f3dio se encontra todo o cristianismo que acreditamos: acordar e tomar a responsabilidade do que est\u00e1 acontecendo, belo ou feio que seja. E isto porque n\u00e3o se pode n\u00e3o escutar aquilo que no fundo sabemos que \u00e9 verdadeiro.<\/p>\n<p>&nbsp;<\/p>\n<p><strong>Pe. Paulo Eduardo J\u00e1como, SDB.<\/strong><\/p>\n","protected":false},"excerpt":{"rendered":"<p>Domingo, 18 de dezembro de 2022. IV Domingo Advento A &nbsp; Evangelho (Mt 1,18-24) &nbsp; \u201cJos\u00e9, filho de Davi, n\u00e3o tenhas medo de receber Maria&#8230;<\/p>\n","protected":false},"author":6,"featured_media":5982,"comment_status":"closed","ping_status":"closed","sticky":false,"template":"","format":"standard","meta":{"_acf_changed":false,"footnotes":""},"categories":[13],"tags":[],"class_list":["post-5989","post","type-post","status-publish","format-standard","has-post-thumbnail","hentry","category-reflexaodoevagelho"],"acf":[],"yoast_head":"<!-- This site is optimized with the Yoast SEO plugin v27.3 - https:\/\/yoast.com\/product\/yoast-seo-wordpress\/ -->\n<title>18\/12 - Jos\u00e9, filho de Davi, n\u00e3o tenhas medo de receber Maria como tua esposa, porque ela concebeu pela a\u00e7\u00e3o do Esp\u00edrito Santo. - Pastoral Universit\u00e1ria UniSALESIANO<\/title>\n<meta name=\"robots\" content=\"index, follow, max-snippet:-1, max-image-preview:large, max-video-preview:-1\" \/>\n<link rel=\"canonical\" href=\"https:\/\/unisale.com.br\/novo\/18-12-jose-filho-de-davi-nao-tenhas-medo-de-receber-maria-como-tua-esposa-porque-ela-concebeu-pela-acao-do-espirito-santo-2\/\" \/>\n<meta property=\"og:locale\" content=\"pt_BR\" \/>\n<meta property=\"og:type\" content=\"article\" \/>\n<meta property=\"og:title\" content=\"18\/12 - Jos\u00e9, filho de Davi, n\u00e3o tenhas medo de receber Maria como tua esposa, porque ela concebeu pela a\u00e7\u00e3o do Esp\u00edrito Santo. - Pastoral Universit\u00e1ria UniSALESIANO\" \/>\n<meta property=\"og:description\" content=\"Domingo, 18 de dezembro de 2022. IV Domingo Advento A &nbsp; Evangelho (Mt 1,18-24) &nbsp; \u201cJos\u00e9, filho de Davi, n\u00e3o tenhas medo de receber Maria...\" \/>\n<meta property=\"og:url\" content=\"https:\/\/unisale.com.br\/novo\/18-12-jose-filho-de-davi-nao-tenhas-medo-de-receber-maria-como-tua-esposa-porque-ela-concebeu-pela-acao-do-espirito-santo-2\/\" \/>\n<meta property=\"og:site_name\" content=\"Pastoral Universit\u00e1ria UniSALESIANO\" \/>\n<meta property=\"article:published_time\" content=\"2022-12-12T12:15:55+00:00\" \/>\n<meta property=\"og:image\" content=\"https:\/\/unisale.com.br\/novo\/wp-content\/uploads\/2022\/12\/Ev-18.jpg\" \/>\n\t<meta property=\"og:image:width\" content=\"1280\" \/>\n\t<meta property=\"og:image:height\" content=\"720\" \/>\n\t<meta property=\"og:image:type\" content=\"image\/jpeg\" \/>\n<meta name=\"author\" content=\"Luiz Alexandre Marinho Lanzoni\" \/>\n<meta name=\"twitter:card\" content=\"summary_large_image\" \/>\n<meta name=\"twitter:label1\" content=\"Escrito por\" \/>\n\t<meta name=\"twitter:data1\" content=\"Luiz Alexandre Marinho Lanzoni\" \/>\n\t<meta name=\"twitter:label2\" content=\"Est. tempo de leitura\" \/>\n\t<meta name=\"twitter:data2\" content=\"3 minutos\" \/>\n<script type=\"application\/ld+json\" class=\"yoast-schema-graph\">{\"@context\":\"https:\\\/\\\/schema.org\",\"@graph\":[{\"@type\":\"Article\",\"@id\":\"https:\\\/\\\/unisale.com.br\\\/novo\\\/18-12-jose-filho-de-davi-nao-tenhas-medo-de-receber-maria-como-tua-esposa-porque-ela-concebeu-pela-acao-do-espirito-santo-2\\\/#article\",\"isPartOf\":{\"@id\":\"https:\\\/\\\/unisale.com.br\\\/novo\\\/18-12-jose-filho-de-davi-nao-tenhas-medo-de-receber-maria-como-tua-esposa-porque-ela-concebeu-pela-acao-do-espirito-santo-2\\\/\"},\"author\":{\"name\":\"Luiz Alexandre Marinho Lanzoni\",\"@id\":\"https:\\\/\\\/unisale.com.br\\\/pastoral\\\/#\\\/schema\\\/person\\\/492d3d7bfe53a8302576d39485aff2c4\"},\"headline\":\"18\\\/12 &#8211; Jos\u00e9, filho de Davi, n\u00e3o tenhas medo de receber Maria como tua esposa, porque ela concebeu pela a\u00e7\u00e3o do Esp\u00edrito Santo.\",\"datePublished\":\"2022-12-12T12:15:55+00:00\",\"mainEntityOfPage\":{\"@id\":\"https:\\\/\\\/unisale.com.br\\\/novo\\\/18-12-jose-filho-de-davi-nao-tenhas-medo-de-receber-maria-como-tua-esposa-porque-ela-concebeu-pela-acao-do-espirito-santo-2\\\/\"},\"wordCount\":567,\"image\":{\"@id\":\"https:\\\/\\\/unisale.com.br\\\/novo\\\/18-12-jose-filho-de-davi-nao-tenhas-medo-de-receber-maria-como-tua-esposa-porque-ela-concebeu-pela-acao-do-espirito-santo-2\\\/#primaryimage\"},\"thumbnailUrl\":\"https:\\\/\\\/unisale.com.br\\\/pastoral\\\/wp-content\\\/uploads\\\/2022\\\/12\\\/Ev-18.jpg\",\"articleSection\":[\"Reflex\u00e3o do Evangelho\"],\"inLanguage\":\"pt-BR\"},{\"@type\":\"WebPage\",\"@id\":\"https:\\\/\\\/unisale.com.br\\\/novo\\\/18-12-jose-filho-de-davi-nao-tenhas-medo-de-receber-maria-como-tua-esposa-porque-ela-concebeu-pela-acao-do-espirito-santo-2\\\/\",\"url\":\"https:\\\/\\\/unisale.com.br\\\/novo\\\/18-12-jose-filho-de-davi-nao-tenhas-medo-de-receber-maria-como-tua-esposa-porque-ela-concebeu-pela-acao-do-espirito-santo-2\\\/\",\"name\":\"18\\\/12 - Jos\u00e9, filho de Davi, n\u00e3o tenhas medo de receber Maria como tua esposa, porque ela concebeu pela a\u00e7\u00e3o do Esp\u00edrito Santo. - Pastoral Universit\u00e1ria UniSALESIANO\",\"isPartOf\":{\"@id\":\"https:\\\/\\\/unisale.com.br\\\/pastoral\\\/#website\"},\"primaryImageOfPage\":{\"@id\":\"https:\\\/\\\/unisale.com.br\\\/novo\\\/18-12-jose-filho-de-davi-nao-tenhas-medo-de-receber-maria-como-tua-esposa-porque-ela-concebeu-pela-acao-do-espirito-santo-2\\\/#primaryimage\"},\"image\":{\"@id\":\"https:\\\/\\\/unisale.com.br\\\/novo\\\/18-12-jose-filho-de-davi-nao-tenhas-medo-de-receber-maria-como-tua-esposa-porque-ela-concebeu-pela-acao-do-espirito-santo-2\\\/#primaryimage\"},\"thumbnailUrl\":\"https:\\\/\\\/unisale.com.br\\\/pastoral\\\/wp-content\\\/uploads\\\/2022\\\/12\\\/Ev-18.jpg\",\"datePublished\":\"2022-12-12T12:15:55+00:00\",\"author\":{\"@id\":\"https:\\\/\\\/unisale.com.br\\\/pastoral\\\/#\\\/schema\\\/person\\\/492d3d7bfe53a8302576d39485aff2c4\"},\"inLanguage\":\"pt-BR\",\"potentialAction\":[{\"@type\":\"ReadAction\",\"target\":[\"https:\\\/\\\/unisale.com.br\\\/novo\\\/18-12-jose-filho-de-davi-nao-tenhas-medo-de-receber-maria-como-tua-esposa-porque-ela-concebeu-pela-acao-do-espirito-santo-2\\\/\"]}]},{\"@type\":\"ImageObject\",\"inLanguage\":\"pt-BR\",\"@id\":\"https:\\\/\\\/unisale.com.br\\\/novo\\\/18-12-jose-filho-de-davi-nao-tenhas-medo-de-receber-maria-como-tua-esposa-porque-ela-concebeu-pela-acao-do-espirito-santo-2\\\/#primaryimage\",\"url\":\"https:\\\/\\\/unisale.com.br\\\/pastoral\\\/wp-content\\\/uploads\\\/2022\\\/12\\\/Ev-18.jpg\",\"contentUrl\":\"https:\\\/\\\/unisale.com.br\\\/pastoral\\\/wp-content\\\/uploads\\\/2022\\\/12\\\/Ev-18.jpg\",\"width\":1280,\"height\":720},{\"@type\":\"WebSite\",\"@id\":\"https:\\\/\\\/unisale.com.br\\\/pastoral\\\/#website\",\"url\":\"https:\\\/\\\/unisale.com.br\\\/pastoral\\\/\",\"name\":\"Pastoral Universit\u00e1ria UniSALESIANO\",\"description\":\"Site da Pastoral Universit\u00e1ria do UniSALESIANO\",\"potentialAction\":[{\"@type\":\"SearchAction\",\"target\":{\"@type\":\"EntryPoint\",\"urlTemplate\":\"https:\\\/\\\/unisale.com.br\\\/pastoral\\\/?s={search_term_string}\"},\"query-input\":{\"@type\":\"PropertyValueSpecification\",\"valueRequired\":true,\"valueName\":\"search_term_string\"}}],\"inLanguage\":\"pt-BR\"},{\"@type\":\"Person\",\"@id\":\"https:\\\/\\\/unisale.com.br\\\/pastoral\\\/#\\\/schema\\\/person\\\/492d3d7bfe53a8302576d39485aff2c4\",\"name\":\"Luiz Alexandre Marinho Lanzoni\",\"url\":\"https:\\\/\\\/unisale.com.br\\\/pastoral\\\/author\\\/luiz\\\/\"}]}<\/script>\n<!-- \/ Yoast SEO plugin. -->","yoast_head_json":{"title":"18\/12 - Jos\u00e9, filho de Davi, n\u00e3o tenhas medo de receber Maria como tua esposa, porque ela concebeu pela a\u00e7\u00e3o do Esp\u00edrito Santo. - Pastoral Universit\u00e1ria UniSALESIANO","robots":{"index":"index","follow":"follow","max-snippet":"max-snippet:-1","max-image-preview":"max-image-preview:large","max-video-preview":"max-video-preview:-1"},"canonical":"https:\/\/unisale.com.br\/novo\/18-12-jose-filho-de-davi-nao-tenhas-medo-de-receber-maria-como-tua-esposa-porque-ela-concebeu-pela-acao-do-espirito-santo-2\/","og_locale":"pt_BR","og_type":"article","og_title":"18\/12 - Jos\u00e9, filho de Davi, n\u00e3o tenhas medo de receber Maria como tua esposa, porque ela concebeu pela a\u00e7\u00e3o do Esp\u00edrito Santo. - Pastoral Universit\u00e1ria UniSALESIANO","og_description":"Domingo, 18 de dezembro de 2022. IV Domingo Advento A &nbsp; Evangelho (Mt 1,18-24) &nbsp; \u201cJos\u00e9, filho de Davi, n\u00e3o tenhas medo de receber Maria...","og_url":"https:\/\/unisale.com.br\/novo\/18-12-jose-filho-de-davi-nao-tenhas-medo-de-receber-maria-como-tua-esposa-porque-ela-concebeu-pela-acao-do-espirito-santo-2\/","og_site_name":"Pastoral Universit\u00e1ria UniSALESIANO","article_published_time":"2022-12-12T12:15:55+00:00","og_image":[{"width":1280,"height":720,"url":"https:\/\/unisale.com.br\/novo\/wp-content\/uploads\/2022\/12\/Ev-18.jpg","type":"image\/jpeg"}],"author":"Luiz Alexandre Marinho Lanzoni","twitter_card":"summary_large_image","twitter_misc":{"Escrito por":"Luiz Alexandre Marinho Lanzoni","Est. tempo de leitura":"3 minutos"},"schema":{"@context":"https:\/\/schema.org","@graph":[{"@type":"Article","@id":"https:\/\/unisale.com.br\/novo\/18-12-jose-filho-de-davi-nao-tenhas-medo-de-receber-maria-como-tua-esposa-porque-ela-concebeu-pela-acao-do-espirito-santo-2\/#article","isPartOf":{"@id":"https:\/\/unisale.com.br\/novo\/18-12-jose-filho-de-davi-nao-tenhas-medo-de-receber-maria-como-tua-esposa-porque-ela-concebeu-pela-acao-do-espirito-santo-2\/"},"author":{"name":"Luiz Alexandre Marinho Lanzoni","@id":"https:\/\/unisale.com.br\/pastoral\/#\/schema\/person\/492d3d7bfe53a8302576d39485aff2c4"},"headline":"18\/12 &#8211; Jos\u00e9, filho de Davi, n\u00e3o tenhas medo de receber Maria como tua esposa, porque ela concebeu pela a\u00e7\u00e3o do Esp\u00edrito Santo.","datePublished":"2022-12-12T12:15:55+00:00","mainEntityOfPage":{"@id":"https:\/\/unisale.com.br\/novo\/18-12-jose-filho-de-davi-nao-tenhas-medo-de-receber-maria-como-tua-esposa-porque-ela-concebeu-pela-acao-do-espirito-santo-2\/"},"wordCount":567,"image":{"@id":"https:\/\/unisale.com.br\/novo\/18-12-jose-filho-de-davi-nao-tenhas-medo-de-receber-maria-como-tua-esposa-porque-ela-concebeu-pela-acao-do-espirito-santo-2\/#primaryimage"},"thumbnailUrl":"https:\/\/unisale.com.br\/pastoral\/wp-content\/uploads\/2022\/12\/Ev-18.jpg","articleSection":["Reflex\u00e3o do Evangelho"],"inLanguage":"pt-BR"},{"@type":"WebPage","@id":"https:\/\/unisale.com.br\/novo\/18-12-jose-filho-de-davi-nao-tenhas-medo-de-receber-maria-como-tua-esposa-porque-ela-concebeu-pela-acao-do-espirito-santo-2\/","url":"https:\/\/unisale.com.br\/novo\/18-12-jose-filho-de-davi-nao-tenhas-medo-de-receber-maria-como-tua-esposa-porque-ela-concebeu-pela-acao-do-espirito-santo-2\/","name":"18\/12 - Jos\u00e9, filho de Davi, n\u00e3o tenhas medo de receber Maria como tua esposa, porque ela concebeu pela a\u00e7\u00e3o do Esp\u00edrito Santo. - Pastoral Universit\u00e1ria UniSALESIANO","isPartOf":{"@id":"https:\/\/unisale.com.br\/pastoral\/#website"},"primaryImageOfPage":{"@id":"https:\/\/unisale.com.br\/novo\/18-12-jose-filho-de-davi-nao-tenhas-medo-de-receber-maria-como-tua-esposa-porque-ela-concebeu-pela-acao-do-espirito-santo-2\/#primaryimage"},"image":{"@id":"https:\/\/unisale.com.br\/novo\/18-12-jose-filho-de-davi-nao-tenhas-medo-de-receber-maria-como-tua-esposa-porque-ela-concebeu-pela-acao-do-espirito-santo-2\/#primaryimage"},"thumbnailUrl":"https:\/\/unisale.com.br\/pastoral\/wp-content\/uploads\/2022\/12\/Ev-18.jpg","datePublished":"2022-12-12T12:15:55+00:00","author":{"@id":"https:\/\/unisale.com.br\/pastoral\/#\/schema\/person\/492d3d7bfe53a8302576d39485aff2c4"},"inLanguage":"pt-BR","potentialAction":[{"@type":"ReadAction","target":["https:\/\/unisale.com.br\/novo\/18-12-jose-filho-de-davi-nao-tenhas-medo-de-receber-maria-como-tua-esposa-porque-ela-concebeu-pela-acao-do-espirito-santo-2\/"]}]},{"@type":"ImageObject","inLanguage":"pt-BR","@id":"https:\/\/unisale.com.br\/novo\/18-12-jose-filho-de-davi-nao-tenhas-medo-de-receber-maria-como-tua-esposa-porque-ela-concebeu-pela-acao-do-espirito-santo-2\/#primaryimage","url":"https:\/\/unisale.com.br\/pastoral\/wp-content\/uploads\/2022\/12\/Ev-18.jpg","contentUrl":"https:\/\/unisale.com.br\/pastoral\/wp-content\/uploads\/2022\/12\/Ev-18.jpg","width":1280,"height":720},{"@type":"WebSite","@id":"https:\/\/unisale.com.br\/pastoral\/#website","url":"https:\/\/unisale.com.br\/pastoral\/","name":"Pastoral Universit\u00e1ria UniSALESIANO","description":"Site da Pastoral Universit\u00e1ria do UniSALESIANO","potentialAction":[{"@type":"SearchAction","target":{"@type":"EntryPoint","urlTemplate":"https:\/\/unisale.com.br\/pastoral\/?s={search_term_string}"},"query-input":{"@type":"PropertyValueSpecification","valueRequired":true,"valueName":"search_term_string"}}],"inLanguage":"pt-BR"},{"@type":"Person","@id":"https:\/\/unisale.com.br\/pastoral\/#\/schema\/person\/492d3d7bfe53a8302576d39485aff2c4","name":"Luiz Alexandre Marinho Lanzoni","url":"https:\/\/unisale.com.br\/pastoral\/author\/luiz\/"}]}},"_links":{"self":[{"href":"https:\/\/unisale.com.br\/pastoral\/wp-json\/wp\/v2\/posts\/5989","targetHints":{"allow":["GET"]}}],"collection":[{"href":"https:\/\/unisale.com.br\/pastoral\/wp-json\/wp\/v2\/posts"}],"about":[{"href":"https:\/\/unisale.com.br\/pastoral\/wp-json\/wp\/v2\/types\/post"}],"author":[{"embeddable":true,"href":"https:\/\/unisale.com.br\/pastoral\/wp-json\/wp\/v2\/users\/6"}],"replies":[{"embeddable":true,"href":"https:\/\/unisale.com.br\/pastoral\/wp-json\/wp\/v2\/comments?post=5989"}],"version-history":[{"count":0,"href":"https:\/\/unisale.com.br\/pastoral\/wp-json\/wp\/v2\/posts\/5989\/revisions"}],"wp:featuredmedia":[{"embeddable":true,"href":"https:\/\/unisale.com.br\/pastoral\/wp-json\/wp\/v2\/media\/5982"}],"wp:attachment":[{"href":"https:\/\/unisale.com.br\/pastoral\/wp-json\/wp\/v2\/media?parent=5989"}],"wp:term":[{"taxonomy":"category","embeddable":true,"href":"https:\/\/unisale.com.br\/pastoral\/wp-json\/wp\/v2\/categories?post=5989"},{"taxonomy":"post_tag","embeddable":true,"href":"https:\/\/unisale.com.br\/pastoral\/wp-json\/wp\/v2\/tags?post=5989"}],"curies":[{"name":"wp","href":"https:\/\/api.w.org\/{rel}","templated":true}]}}