{"id":6014,"date":"2022-12-19T20:02:24","date_gmt":"2022-12-19T20:02:24","guid":{"rendered":"https:\/\/unisale.com.br\/pastoral\/?p=6014"},"modified":"2022-12-19T20:02:24","modified_gmt":"2022-12-19T20:02:24","slug":"22-12-a-minha-alma-engrandece-o-senhor-2","status":"publish","type":"post","link":"https:\/\/unisale.com.br\/pastoral\/22-12-a-minha-alma-engrandece-o-senhor-2\/","title":{"rendered":"22\/12 &#8211; A minha alma engrandece o Senhor&#8230;"},"content":{"rendered":"<p>Quinta-feira, 22 de dezembro de 2022.<\/p>\n<p>&nbsp;<\/p>\n<p>Evangelho (Lc 1,46-56)<\/p>\n<p>&nbsp;<\/p>\n<p><strong>\u201cA minha alma engrandece o Senhor&#8230;\u201d<\/strong><\/p>\n<p><strong>\u00a0<\/strong><\/p>\n<p>Naquele tempo, <sup>46<\/sup>Maria disse: \u201cA minha alma engrandece o Senhor, <sup>47<\/sup>e o meu esp\u00edrito se alegra em Deus, meu Salvador, <sup>48<\/sup>porque olhou para a humildade de sua serva. Doravante todas as gera\u00e7\u00f5es me chamar\u00e3o bem-aventurada, <sup>49<\/sup>porque o Todo-poderoso fez grandes coisas em meu favor. O seu nome \u00e9 santo, <sup>50<\/sup>e sua miseric\u00f3rdia se estende, de gera\u00e7\u00e3o em gera\u00e7\u00e3o, a todos os que o temem. <sup>51<\/sup>Ele mostrou a for\u00e7a de seu bra\u00e7o: dispersou os soberbos de cora\u00e7\u00e3o. <sup>52<\/sup>Derrubou do trono os poderosos e elevou os humildes. <sup>53<\/sup>Encheu de bens os famintos, e despediu os ricos de m\u00e3os vazias. <sup>54<\/sup>Socorreu Israel, seu servo, lembrando-se de sua miseric\u00f3rdia, <sup>55<\/sup>conforme prometera aos nossos pais, em favor de Abra\u00e3o e de sua descend\u00eancia, para sempre\u201d. <sup>56<\/sup>Maria ficou tr\u00eas meses com Isabel; depois voltou para casa.<\/p>\n<p>&nbsp;<\/p>\n<p><strong>Reflex\u00e3o<\/strong><\/p>\n<p>&nbsp;<\/p>\n<p>Que belo canto este pronunciado por Maria e que nos \u00e9 apresentado no Evangelho de hoje. E n\u00e3o importa que estas mesmas palavras tenham sido pronunciadas por outras mulheres presentes no Antigo Testamento e que tamb\u00e9m foram agraciadas por Deus, na boca de Maria elas ganham um novo significado. Deus confunde a l\u00f3gica do mundo e aquilo que diante do mundo vale alguma coisa, pode ser que diante d\u2019Ele n\u00e3o tenha nenhum valor, e ao contr\u00e1rio, aquilo que para o mundo n\u00e3o tem nenhum valor, diante d\u2019Ele pode ser que tenha muito valor. Maria canta esta maneira como Deus confunde o mundo. Ela d\u00e1 voz a todos os oprimidos da hist\u00f3ria, a todos os pequenos, \u00e0queles que vivem a injusti\u00e7a do p\u00e3o, da pobreza, das contradi\u00e7\u00f5es da vida. Maria anuncia a revolu\u00e7\u00e3o maior que \u00e9 saber que n\u00e3o estamos sob um olhar indiferente de Deus, como se n\u00e3o se importasse conosco. N\u00f3s somos de grande import\u00e2ncia para Deus. Deus, em Jesus, n\u00e3o permanece somente olhando. Ele toma como s\u00e9ria a \u201cnossa pequenez\u201d e a eleva a uma predile\u00e7\u00e3o. Somos filhos do Emanuel, do \u201cDeus conosco\u201d, do Deu que se fez presente na hist\u00f3ria enviando o Seu Filho. Maria, o seu segredo est\u00e1 na humildade. N\u00e3o existe ningu\u00e9m mais humilde do que Ela, porque humildade \u00e9 saber que somos totalmente de Algu\u00e9m sem a soberba de pensar que podemos ser alguma coisa sem Deus. Humilde \u00e9 quem sabe que para estar de p\u00e9 precisa ter a terra sob os p\u00e9s, enquanto que os soberbos s\u00e3o aqueles que pensam de n\u00e3o haver necessidade de nada e justamente por isso, ao inv\u00e9s de caminharem, trope\u00e7am. Humilde \u00e9 quem escuta para entender, o soberbo, ao inv\u00e9s, \u00e9 quem pensa se bastar a si mesmo e assim escuta somente a si mesmo aumentando a pr\u00f3pria confus\u00e3o.<\/p>\n<p><strong>Pe. Paulo Eduardo J\u00e1como, SDB.<\/strong><\/p>\n","protected":false},"excerpt":{"rendered":"<p>Quinta-feira, 22 de dezembro de 2022. &nbsp; Evangelho (Lc 1,46-56) &nbsp; \u201cA minha alma engrandece o Senhor&#8230;\u201d \u00a0 Naquele tempo, 46Maria disse: \u201cA minha alma&#8230;<\/p>\n","protected":false},"author":6,"featured_media":6011,"comment_status":"closed","ping_status":"closed","sticky":false,"template":"","format":"standard","meta":{"_acf_changed":false,"footnotes":""},"categories":[13],"tags":[],"class_list":["post-6014","post","type-post","status-publish","format-standard","has-post-thumbnail","hentry","category-reflexaodoevagelho"],"acf":[],"yoast_head":"<!-- This site is optimized with the Yoast SEO plugin v27.3 - https:\/\/yoast.com\/product\/yoast-seo-wordpress\/ -->\n<title>22\/12 - A minha alma engrandece o Senhor... - Pastoral Universit\u00e1ria UniSALESIANO<\/title>\n<meta name=\"robots\" content=\"index, follow, max-snippet:-1, max-image-preview:large, max-video-preview:-1\" \/>\n<link rel=\"canonical\" href=\"https:\/\/unisale.com.br\/novo\/22-12-a-minha-alma-engrandece-o-senhor-2\/\" \/>\n<meta property=\"og:locale\" content=\"pt_BR\" \/>\n<meta property=\"og:type\" content=\"article\" \/>\n<meta property=\"og:title\" content=\"22\/12 - A minha alma engrandece o Senhor... - Pastoral Universit\u00e1ria UniSALESIANO\" \/>\n<meta property=\"og:description\" content=\"Quinta-feira, 22 de dezembro de 2022. &nbsp; Evangelho (Lc 1,46-56) &nbsp; \u201cA minha alma engrandece o Senhor&#8230;\u201d \u00a0 Naquele tempo, 46Maria disse: \u201cA minha alma...\" \/>\n<meta property=\"og:url\" content=\"https:\/\/unisale.com.br\/novo\/22-12-a-minha-alma-engrandece-o-senhor-2\/\" \/>\n<meta property=\"og:site_name\" content=\"Pastoral Universit\u00e1ria UniSALESIANO\" \/>\n<meta property=\"article:published_time\" content=\"2022-12-19T20:02:24+00:00\" \/>\n<meta property=\"og:image\" content=\"https:\/\/unisale.com.br\/novo\/wp-content\/uploads\/2022\/12\/Ev-22.jpg\" \/>\n\t<meta property=\"og:image:width\" content=\"930\" \/>\n\t<meta property=\"og:image:height\" content=\"620\" \/>\n\t<meta property=\"og:image:type\" content=\"image\/jpeg\" \/>\n<meta name=\"author\" content=\"Luiz Alexandre Marinho Lanzoni\" \/>\n<meta name=\"twitter:card\" content=\"summary_large_image\" \/>\n<meta name=\"twitter:label1\" content=\"Escrito por\" \/>\n\t<meta name=\"twitter:data1\" content=\"Luiz Alexandre Marinho Lanzoni\" \/>\n\t<meta name=\"twitter:label2\" content=\"Est. tempo de leitura\" \/>\n\t<meta name=\"twitter:data2\" content=\"2 minutos\" \/>\n<script type=\"application\/ld+json\" class=\"yoast-schema-graph\">{\"@context\":\"https:\\\/\\\/schema.org\",\"@graph\":[{\"@type\":\"Article\",\"@id\":\"https:\\\/\\\/unisale.com.br\\\/novo\\\/22-12-a-minha-alma-engrandece-o-senhor-2\\\/#article\",\"isPartOf\":{\"@id\":\"https:\\\/\\\/unisale.com.br\\\/novo\\\/22-12-a-minha-alma-engrandece-o-senhor-2\\\/\"},\"author\":{\"name\":\"Luiz Alexandre Marinho Lanzoni\",\"@id\":\"https:\\\/\\\/unisale.com.br\\\/pastoral\\\/#\\\/schema\\\/person\\\/492d3d7bfe53a8302576d39485aff2c4\"},\"headline\":\"22\\\/12 &#8211; A minha alma engrandece o Senhor&#8230;\",\"datePublished\":\"2022-12-19T20:02:24+00:00\",\"mainEntityOfPage\":{\"@id\":\"https:\\\/\\\/unisale.com.br\\\/novo\\\/22-12-a-minha-alma-engrandece-o-senhor-2\\\/\"},\"wordCount\":502,\"image\":{\"@id\":\"https:\\\/\\\/unisale.com.br\\\/novo\\\/22-12-a-minha-alma-engrandece-o-senhor-2\\\/#primaryimage\"},\"thumbnailUrl\":\"https:\\\/\\\/unisale.com.br\\\/pastoral\\\/wp-content\\\/uploads\\\/2022\\\/12\\\/Ev-22.jpg\",\"articleSection\":[\"Reflex\u00e3o do Evangelho\"],\"inLanguage\":\"pt-BR\"},{\"@type\":\"WebPage\",\"@id\":\"https:\\\/\\\/unisale.com.br\\\/novo\\\/22-12-a-minha-alma-engrandece-o-senhor-2\\\/\",\"url\":\"https:\\\/\\\/unisale.com.br\\\/novo\\\/22-12-a-minha-alma-engrandece-o-senhor-2\\\/\",\"name\":\"22\\\/12 - A minha alma engrandece o Senhor... - Pastoral Universit\u00e1ria UniSALESIANO\",\"isPartOf\":{\"@id\":\"https:\\\/\\\/unisale.com.br\\\/pastoral\\\/#website\"},\"primaryImageOfPage\":{\"@id\":\"https:\\\/\\\/unisale.com.br\\\/novo\\\/22-12-a-minha-alma-engrandece-o-senhor-2\\\/#primaryimage\"},\"image\":{\"@id\":\"https:\\\/\\\/unisale.com.br\\\/novo\\\/22-12-a-minha-alma-engrandece-o-senhor-2\\\/#primaryimage\"},\"thumbnailUrl\":\"https:\\\/\\\/unisale.com.br\\\/pastoral\\\/wp-content\\\/uploads\\\/2022\\\/12\\\/Ev-22.jpg\",\"datePublished\":\"2022-12-19T20:02:24+00:00\",\"author\":{\"@id\":\"https:\\\/\\\/unisale.com.br\\\/pastoral\\\/#\\\/schema\\\/person\\\/492d3d7bfe53a8302576d39485aff2c4\"},\"inLanguage\":\"pt-BR\",\"potentialAction\":[{\"@type\":\"ReadAction\",\"target\":[\"https:\\\/\\\/unisale.com.br\\\/novo\\\/22-12-a-minha-alma-engrandece-o-senhor-2\\\/\"]}]},{\"@type\":\"ImageObject\",\"inLanguage\":\"pt-BR\",\"@id\":\"https:\\\/\\\/unisale.com.br\\\/novo\\\/22-12-a-minha-alma-engrandece-o-senhor-2\\\/#primaryimage\",\"url\":\"https:\\\/\\\/unisale.com.br\\\/pastoral\\\/wp-content\\\/uploads\\\/2022\\\/12\\\/Ev-22.jpg\",\"contentUrl\":\"https:\\\/\\\/unisale.com.br\\\/pastoral\\\/wp-content\\\/uploads\\\/2022\\\/12\\\/Ev-22.jpg\",\"width\":750,\"height\":500},{\"@type\":\"WebSite\",\"@id\":\"https:\\\/\\\/unisale.com.br\\\/pastoral\\\/#website\",\"url\":\"https:\\\/\\\/unisale.com.br\\\/pastoral\\\/\",\"name\":\"Pastoral Universit\u00e1ria UniSALESIANO\",\"description\":\"Site da Pastoral Universit\u00e1ria do UniSALESIANO\",\"potentialAction\":[{\"@type\":\"SearchAction\",\"target\":{\"@type\":\"EntryPoint\",\"urlTemplate\":\"https:\\\/\\\/unisale.com.br\\\/pastoral\\\/?s={search_term_string}\"},\"query-input\":{\"@type\":\"PropertyValueSpecification\",\"valueRequired\":true,\"valueName\":\"search_term_string\"}}],\"inLanguage\":\"pt-BR\"},{\"@type\":\"Person\",\"@id\":\"https:\\\/\\\/unisale.com.br\\\/pastoral\\\/#\\\/schema\\\/person\\\/492d3d7bfe53a8302576d39485aff2c4\",\"name\":\"Luiz Alexandre Marinho Lanzoni\",\"url\":\"https:\\\/\\\/unisale.com.br\\\/pastoral\\\/author\\\/luiz\\\/\"}]}<\/script>\n<!-- \/ Yoast SEO plugin. -->","yoast_head_json":{"title":"22\/12 - A minha alma engrandece o Senhor... - Pastoral Universit\u00e1ria UniSALESIANO","robots":{"index":"index","follow":"follow","max-snippet":"max-snippet:-1","max-image-preview":"max-image-preview:large","max-video-preview":"max-video-preview:-1"},"canonical":"https:\/\/unisale.com.br\/novo\/22-12-a-minha-alma-engrandece-o-senhor-2\/","og_locale":"pt_BR","og_type":"article","og_title":"22\/12 - A minha alma engrandece o Senhor... - Pastoral Universit\u00e1ria UniSALESIANO","og_description":"Quinta-feira, 22 de dezembro de 2022. &nbsp; Evangelho (Lc 1,46-56) &nbsp; \u201cA minha alma engrandece o Senhor&#8230;\u201d \u00a0 Naquele tempo, 46Maria disse: \u201cA minha alma...","og_url":"https:\/\/unisale.com.br\/novo\/22-12-a-minha-alma-engrandece-o-senhor-2\/","og_site_name":"Pastoral Universit\u00e1ria UniSALESIANO","article_published_time":"2022-12-19T20:02:24+00:00","og_image":[{"width":930,"height":620,"url":"https:\/\/unisale.com.br\/novo\/wp-content\/uploads\/2022\/12\/Ev-22.jpg","type":"image\/jpeg"}],"author":"Luiz Alexandre Marinho Lanzoni","twitter_card":"summary_large_image","twitter_misc":{"Escrito por":"Luiz Alexandre Marinho Lanzoni","Est. tempo de leitura":"2 minutos"},"schema":{"@context":"https:\/\/schema.org","@graph":[{"@type":"Article","@id":"https:\/\/unisale.com.br\/novo\/22-12-a-minha-alma-engrandece-o-senhor-2\/#article","isPartOf":{"@id":"https:\/\/unisale.com.br\/novo\/22-12-a-minha-alma-engrandece-o-senhor-2\/"},"author":{"name":"Luiz Alexandre Marinho Lanzoni","@id":"https:\/\/unisale.com.br\/pastoral\/#\/schema\/person\/492d3d7bfe53a8302576d39485aff2c4"},"headline":"22\/12 &#8211; A minha alma engrandece o Senhor&#8230;","datePublished":"2022-12-19T20:02:24+00:00","mainEntityOfPage":{"@id":"https:\/\/unisale.com.br\/novo\/22-12-a-minha-alma-engrandece-o-senhor-2\/"},"wordCount":502,"image":{"@id":"https:\/\/unisale.com.br\/novo\/22-12-a-minha-alma-engrandece-o-senhor-2\/#primaryimage"},"thumbnailUrl":"https:\/\/unisale.com.br\/pastoral\/wp-content\/uploads\/2022\/12\/Ev-22.jpg","articleSection":["Reflex\u00e3o do Evangelho"],"inLanguage":"pt-BR"},{"@type":"WebPage","@id":"https:\/\/unisale.com.br\/novo\/22-12-a-minha-alma-engrandece-o-senhor-2\/","url":"https:\/\/unisale.com.br\/novo\/22-12-a-minha-alma-engrandece-o-senhor-2\/","name":"22\/12 - A minha alma engrandece o Senhor... - Pastoral Universit\u00e1ria UniSALESIANO","isPartOf":{"@id":"https:\/\/unisale.com.br\/pastoral\/#website"},"primaryImageOfPage":{"@id":"https:\/\/unisale.com.br\/novo\/22-12-a-minha-alma-engrandece-o-senhor-2\/#primaryimage"},"image":{"@id":"https:\/\/unisale.com.br\/novo\/22-12-a-minha-alma-engrandece-o-senhor-2\/#primaryimage"},"thumbnailUrl":"https:\/\/unisale.com.br\/pastoral\/wp-content\/uploads\/2022\/12\/Ev-22.jpg","datePublished":"2022-12-19T20:02:24+00:00","author":{"@id":"https:\/\/unisale.com.br\/pastoral\/#\/schema\/person\/492d3d7bfe53a8302576d39485aff2c4"},"inLanguage":"pt-BR","potentialAction":[{"@type":"ReadAction","target":["https:\/\/unisale.com.br\/novo\/22-12-a-minha-alma-engrandece-o-senhor-2\/"]}]},{"@type":"ImageObject","inLanguage":"pt-BR","@id":"https:\/\/unisale.com.br\/novo\/22-12-a-minha-alma-engrandece-o-senhor-2\/#primaryimage","url":"https:\/\/unisale.com.br\/pastoral\/wp-content\/uploads\/2022\/12\/Ev-22.jpg","contentUrl":"https:\/\/unisale.com.br\/pastoral\/wp-content\/uploads\/2022\/12\/Ev-22.jpg","width":750,"height":500},{"@type":"WebSite","@id":"https:\/\/unisale.com.br\/pastoral\/#website","url":"https:\/\/unisale.com.br\/pastoral\/","name":"Pastoral Universit\u00e1ria UniSALESIANO","description":"Site da Pastoral Universit\u00e1ria do UniSALESIANO","potentialAction":[{"@type":"SearchAction","target":{"@type":"EntryPoint","urlTemplate":"https:\/\/unisale.com.br\/pastoral\/?s={search_term_string}"},"query-input":{"@type":"PropertyValueSpecification","valueRequired":true,"valueName":"search_term_string"}}],"inLanguage":"pt-BR"},{"@type":"Person","@id":"https:\/\/unisale.com.br\/pastoral\/#\/schema\/person\/492d3d7bfe53a8302576d39485aff2c4","name":"Luiz Alexandre Marinho Lanzoni","url":"https:\/\/unisale.com.br\/pastoral\/author\/luiz\/"}]}},"_links":{"self":[{"href":"https:\/\/unisale.com.br\/pastoral\/wp-json\/wp\/v2\/posts\/6014","targetHints":{"allow":["GET"]}}],"collection":[{"href":"https:\/\/unisale.com.br\/pastoral\/wp-json\/wp\/v2\/posts"}],"about":[{"href":"https:\/\/unisale.com.br\/pastoral\/wp-json\/wp\/v2\/types\/post"}],"author":[{"embeddable":true,"href":"https:\/\/unisale.com.br\/pastoral\/wp-json\/wp\/v2\/users\/6"}],"replies":[{"embeddable":true,"href":"https:\/\/unisale.com.br\/pastoral\/wp-json\/wp\/v2\/comments?post=6014"}],"version-history":[{"count":0,"href":"https:\/\/unisale.com.br\/pastoral\/wp-json\/wp\/v2\/posts\/6014\/revisions"}],"wp:featuredmedia":[{"embeddable":true,"href":"https:\/\/unisale.com.br\/pastoral\/wp-json\/wp\/v2\/media\/6011"}],"wp:attachment":[{"href":"https:\/\/unisale.com.br\/pastoral\/wp-json\/wp\/v2\/media?parent=6014"}],"wp:term":[{"taxonomy":"category","embeddable":true,"href":"https:\/\/unisale.com.br\/pastoral\/wp-json\/wp\/v2\/categories?post=6014"},{"taxonomy":"post_tag","embeddable":true,"href":"https:\/\/unisale.com.br\/pastoral\/wp-json\/wp\/v2\/tags?post=6014"}],"curies":[{"name":"wp","href":"https:\/\/api.w.org\/{rel}","templated":true}]}}