{"id":6020,"date":"2022-12-19T20:09:30","date_gmt":"2022-12-19T20:09:30","guid":{"rendered":"https:\/\/unisale.com.br\/pastoral\/?p=6020"},"modified":"2022-12-19T20:09:30","modified_gmt":"2022-12-19T20:09:30","slug":"25-12-e-a-palavra-era-deus-2","status":"publish","type":"post","link":"https:\/\/unisale.com.br\/pastoral\/25-12-e-a-palavra-era-deus-2\/","title":{"rendered":"25\/12 &#8211; &#8230; e a Palavra era Deus."},"content":{"rendered":"<p>Domingo, 25 de dezembro de 2022. \u2013 Natal<\/p>\n<p>&nbsp;<\/p>\n<p>Evangelho (Jo 1,1-18)<\/p>\n<p>&nbsp;<\/p>\n<p><strong>\u201c&#8230; e a Palavra era Deus\u201d<\/strong><\/p>\n<p>&nbsp;<\/p>\n<p><sup>1<\/sup>No princ\u00edpio era a Palavra, e a Palavra estava com Deus; e a Palavra era Deus. <sup>2<\/sup>No princ\u00edpio estava ela com Deus. <sup>3<\/sup>Tudo foi feito por ela, e sem ela nada se fez de tudo que foi feito. <sup>4<\/sup>Nela estava a vida, e a vida era a luz dos homens. <sup>5<\/sup>E a luz brilha nas trevas, e as trevas n\u00e3o conseguiram domin\u00e1-la. <sup>6<\/sup>Surgiu um homem enviado por Deus; seu nome era Jo\u00e3o. <sup>7<\/sup>Ele veio como testemunha, para dar testemunho da luz, para que todos chegassem \u00e0 f\u00e9 por meio dele. <sup>8<\/sup>Ele n\u00e3o era a luz, mas veio para dar testemunho da luz: <sup>9<\/sup>daquele que era a luz de verdade, que, vindo ao mundo, ilumina todo ser humano. <sup>10<\/sup>A Palavra estava no mundo \u2014 e o mundo foi feito por meio dela \u2014 mas o mundo n\u00e3o quis conhec\u00ea-la. <sup>11<\/sup>Veio para o que era seu, e os seus n\u00e3o a acolheram. <sup>12<\/sup>Mas, a todos que a receberam, deu-lhes capacidade de se tornarem filhos de Deus, isto \u00e9, aos que acreditam em seu nome, <sup>13<\/sup>pois estes n\u00e3o nasceram do sangue nem da vontade da carne nem da vontade do var\u00e3o, mas de Deus mesmo. <sup>14<\/sup>E a Palavra se fez carne e habitou entre n\u00f3s. E n\u00f3s contemplamos a sua gl\u00f3ria, gl\u00f3ria que recebe do Pai como Filho unig\u00eanito, cheio de gra\u00e7a e de verdade. <sup>15<\/sup>Dele, Jo\u00e3o d\u00e1 testemunho, clamando: \u201cEste \u00e9 aquele de quem eu disse: O que vem depois de mim passou \u00e0 minha frente, porque ele existia antes de mim\u201d. <sup>16<\/sup>De sua plenitude todos n\u00f3s recebemos gra\u00e7a por gra\u00e7a. <sup>17<\/sup>Pois por meio de Mois\u00e9s foi dada a Lei, mas a gra\u00e7a e a verdade nos chegaram atrav\u00e9s de Jesus Cristo. <sup>18<\/sup>A Deus, ningu\u00e9m jamais viu. Mas o Unig\u00eanito de Deus, que est\u00e1 na intimidade do Pai, ele no-lo deu a conhecer.<\/p>\n<p>&nbsp;<\/p>\n<p><strong>Reflex\u00e3o<\/strong><\/p>\n<p>&nbsp;<\/p>\n<p>Jesus \u00e9 a Palavra, Ele \u00e9 o revelador. Ele \u00e9 o Verbo que se torna a narra\u00e7\u00e3o de Deus, porque \u00e9 Palavra que reflete o Pai. Palavra que se torna carne, hist\u00f3ria e futuro do homem. Jesus pode falar de Deus ao homem e do homem a Deus. \u00c9 a Palavra que se torna vis\u00edvel. \u00c9 a Palavra que n\u00e3o s\u00f3 ouve, mas tamb\u00e9m v\u00ea. \u00c9 a Palavra que entra na hist\u00f3ria e faz parte dela. \u00c9 a Palavra de Deus que se comunica ao homem mediante uma profunda partilha de experi\u00eancias. Jesus \u00e9 Deus entre n\u00f3s. Quando Jo\u00e3o afirma: \u201ca Palavra se fez homem\u201d, ele quer nos dizer que Deus n\u00e3o est\u00e1 apenas conosco, mas que Se tornou um de n\u00f3s. Ele engloba a plenitude da humanidade, incluindo a fragilidade, a fadiga, a derrota, a dor e a morte. Para nos revelar o rosto de Deus, Ele compartilha as nossas experi\u00eancias. Ele tornou vis\u00edvel o Deus invis\u00edvel. Natal \u00e9 isso, Deus j\u00e1 n\u00e3o est\u00e1 escondido, mas Se revelou dentro da nossa humanidade concreta e dentro da hist\u00f3ria. Jesus nascendo nos revelou o rosto de um Pai que \u00e9 amor, miseric\u00f3rdia, perd\u00e3o, aten\u00e7\u00e3o por todos os desafortunados. O homem se faz constantemente uma pergunta: \u2018Quem \u00e9 Deus?\u2019. Se queremos saber quem \u00e9 Deus temos que olhar para Jesus, para a Sua vida, para as Suas palavras e suas op\u00e7\u00f5es. Jesus \u00e9 o caminho que conduz \u00e0 vida.<\/p>\n<p><strong>Pe. Paulo Eduardo J\u00e1como, SDB.<\/strong><\/p>\n","protected":false},"excerpt":{"rendered":"<p>Domingo, 25 de dezembro de 2022. \u2013 Natal &nbsp; Evangelho (Jo 1,1-18) &nbsp; \u201c&#8230; e a Palavra era Deus\u201d &nbsp; 1No princ\u00edpio era a Palavra,&#8230;<\/p>\n","protected":false},"author":6,"featured_media":6009,"comment_status":"closed","ping_status":"closed","sticky":false,"template":"","format":"standard","meta":{"_acf_changed":false,"footnotes":""},"categories":[13],"tags":[],"class_list":["post-6020","post","type-post","status-publish","format-standard","has-post-thumbnail","hentry","category-reflexaodoevagelho"],"acf":[],"yoast_head":"<!-- This site is optimized with the Yoast SEO plugin v27.3 - https:\/\/yoast.com\/product\/yoast-seo-wordpress\/ -->\n<title>25\/12 - ... e a Palavra era Deus. - Pastoral Universit\u00e1ria UniSALESIANO<\/title>\n<meta name=\"robots\" content=\"index, follow, max-snippet:-1, max-image-preview:large, max-video-preview:-1\" \/>\n<link rel=\"canonical\" href=\"https:\/\/unisale.com.br\/novo\/25-12-e-a-palavra-era-deus-2\/\" \/>\n<meta property=\"og:locale\" content=\"pt_BR\" \/>\n<meta property=\"og:type\" content=\"article\" \/>\n<meta property=\"og:title\" content=\"25\/12 - ... e a Palavra era Deus. - Pastoral Universit\u00e1ria UniSALESIANO\" \/>\n<meta property=\"og:description\" content=\"Domingo, 25 de dezembro de 2022. \u2013 Natal &nbsp; Evangelho (Jo 1,1-18) &nbsp; \u201c&#8230; e a Palavra era Deus\u201d &nbsp; 1No princ\u00edpio era a Palavra,...\" \/>\n<meta property=\"og:url\" content=\"https:\/\/unisale.com.br\/novo\/25-12-e-a-palavra-era-deus-2\/\" \/>\n<meta property=\"og:site_name\" content=\"Pastoral Universit\u00e1ria UniSALESIANO\" \/>\n<meta property=\"article:published_time\" content=\"2022-12-19T20:09:30+00:00\" \/>\n<meta property=\"og:image\" content=\"https:\/\/unisale.com.br\/novo\/wp-content\/uploads\/2022\/12\/Ev-25.jpg\" \/>\n\t<meta property=\"og:image:width\" content=\"1200\" \/>\n\t<meta property=\"og:image:height\" content=\"801\" \/>\n\t<meta property=\"og:image:type\" content=\"image\/jpeg\" \/>\n<meta name=\"author\" content=\"Luiz Alexandre Marinho Lanzoni\" \/>\n<meta name=\"twitter:card\" content=\"summary_large_image\" \/>\n<meta name=\"twitter:label1\" content=\"Escrito por\" \/>\n\t<meta name=\"twitter:data1\" content=\"Luiz Alexandre Marinho Lanzoni\" \/>\n\t<meta name=\"twitter:label2\" content=\"Est. tempo de leitura\" \/>\n\t<meta name=\"twitter:data2\" content=\"3 minutos\" \/>\n<script type=\"application\/ld+json\" class=\"yoast-schema-graph\">{\"@context\":\"https:\\\/\\\/schema.org\",\"@graph\":[{\"@type\":\"Article\",\"@id\":\"https:\\\/\\\/unisale.com.br\\\/novo\\\/25-12-e-a-palavra-era-deus-2\\\/#article\",\"isPartOf\":{\"@id\":\"https:\\\/\\\/unisale.com.br\\\/novo\\\/25-12-e-a-palavra-era-deus-2\\\/\"},\"author\":{\"name\":\"Luiz Alexandre Marinho Lanzoni\",\"@id\":\"https:\\\/\\\/unisale.com.br\\\/pastoral\\\/#\\\/schema\\\/person\\\/492d3d7bfe53a8302576d39485aff2c4\"},\"headline\":\"25\\\/12 &#8211; &#8230; e a Palavra era Deus.\",\"datePublished\":\"2022-12-19T20:09:30+00:00\",\"mainEntityOfPage\":{\"@id\":\"https:\\\/\\\/unisale.com.br\\\/novo\\\/25-12-e-a-palavra-era-deus-2\\\/\"},\"wordCount\":595,\"image\":{\"@id\":\"https:\\\/\\\/unisale.com.br\\\/novo\\\/25-12-e-a-palavra-era-deus-2\\\/#primaryimage\"},\"thumbnailUrl\":\"https:\\\/\\\/unisale.com.br\\\/pastoral\\\/wp-content\\\/uploads\\\/2022\\\/12\\\/Ev-25.jpg\",\"articleSection\":[\"Reflex\u00e3o do Evangelho\"],\"inLanguage\":\"pt-BR\"},{\"@type\":\"WebPage\",\"@id\":\"https:\\\/\\\/unisale.com.br\\\/novo\\\/25-12-e-a-palavra-era-deus-2\\\/\",\"url\":\"https:\\\/\\\/unisale.com.br\\\/novo\\\/25-12-e-a-palavra-era-deus-2\\\/\",\"name\":\"25\\\/12 - ... e a Palavra era Deus. - Pastoral Universit\u00e1ria UniSALESIANO\",\"isPartOf\":{\"@id\":\"https:\\\/\\\/unisale.com.br\\\/pastoral\\\/#website\"},\"primaryImageOfPage\":{\"@id\":\"https:\\\/\\\/unisale.com.br\\\/novo\\\/25-12-e-a-palavra-era-deus-2\\\/#primaryimage\"},\"image\":{\"@id\":\"https:\\\/\\\/unisale.com.br\\\/novo\\\/25-12-e-a-palavra-era-deus-2\\\/#primaryimage\"},\"thumbnailUrl\":\"https:\\\/\\\/unisale.com.br\\\/pastoral\\\/wp-content\\\/uploads\\\/2022\\\/12\\\/Ev-25.jpg\",\"datePublished\":\"2022-12-19T20:09:30+00:00\",\"author\":{\"@id\":\"https:\\\/\\\/unisale.com.br\\\/pastoral\\\/#\\\/schema\\\/person\\\/492d3d7bfe53a8302576d39485aff2c4\"},\"inLanguage\":\"pt-BR\",\"potentialAction\":[{\"@type\":\"ReadAction\",\"target\":[\"https:\\\/\\\/unisale.com.br\\\/novo\\\/25-12-e-a-palavra-era-deus-2\\\/\"]}]},{\"@type\":\"ImageObject\",\"inLanguage\":\"pt-BR\",\"@id\":\"https:\\\/\\\/unisale.com.br\\\/novo\\\/25-12-e-a-palavra-era-deus-2\\\/#primaryimage\",\"url\":\"https:\\\/\\\/unisale.com.br\\\/pastoral\\\/wp-content\\\/uploads\\\/2022\\\/12\\\/Ev-25.jpg\",\"contentUrl\":\"https:\\\/\\\/unisale.com.br\\\/pastoral\\\/wp-content\\\/uploads\\\/2022\\\/12\\\/Ev-25.jpg\",\"width\":749,\"height\":500},{\"@type\":\"WebSite\",\"@id\":\"https:\\\/\\\/unisale.com.br\\\/pastoral\\\/#website\",\"url\":\"https:\\\/\\\/unisale.com.br\\\/pastoral\\\/\",\"name\":\"Pastoral Universit\u00e1ria UniSALESIANO\",\"description\":\"Site da Pastoral Universit\u00e1ria do UniSALESIANO\",\"potentialAction\":[{\"@type\":\"SearchAction\",\"target\":{\"@type\":\"EntryPoint\",\"urlTemplate\":\"https:\\\/\\\/unisale.com.br\\\/pastoral\\\/?s={search_term_string}\"},\"query-input\":{\"@type\":\"PropertyValueSpecification\",\"valueRequired\":true,\"valueName\":\"search_term_string\"}}],\"inLanguage\":\"pt-BR\"},{\"@type\":\"Person\",\"@id\":\"https:\\\/\\\/unisale.com.br\\\/pastoral\\\/#\\\/schema\\\/person\\\/492d3d7bfe53a8302576d39485aff2c4\",\"name\":\"Luiz Alexandre Marinho Lanzoni\",\"url\":\"https:\\\/\\\/unisale.com.br\\\/pastoral\\\/author\\\/luiz\\\/\"}]}<\/script>\n<!-- \/ Yoast SEO plugin. -->","yoast_head_json":{"title":"25\/12 - ... e a Palavra era Deus. - Pastoral Universit\u00e1ria UniSALESIANO","robots":{"index":"index","follow":"follow","max-snippet":"max-snippet:-1","max-image-preview":"max-image-preview:large","max-video-preview":"max-video-preview:-1"},"canonical":"https:\/\/unisale.com.br\/novo\/25-12-e-a-palavra-era-deus-2\/","og_locale":"pt_BR","og_type":"article","og_title":"25\/12 - ... e a Palavra era Deus. - Pastoral Universit\u00e1ria UniSALESIANO","og_description":"Domingo, 25 de dezembro de 2022. \u2013 Natal &nbsp; Evangelho (Jo 1,1-18) &nbsp; \u201c&#8230; e a Palavra era Deus\u201d &nbsp; 1No princ\u00edpio era a Palavra,...","og_url":"https:\/\/unisale.com.br\/novo\/25-12-e-a-palavra-era-deus-2\/","og_site_name":"Pastoral Universit\u00e1ria UniSALESIANO","article_published_time":"2022-12-19T20:09:30+00:00","og_image":[{"width":1200,"height":801,"url":"https:\/\/unisale.com.br\/novo\/wp-content\/uploads\/2022\/12\/Ev-25.jpg","type":"image\/jpeg"}],"author":"Luiz Alexandre Marinho Lanzoni","twitter_card":"summary_large_image","twitter_misc":{"Escrito por":"Luiz Alexandre Marinho Lanzoni","Est. tempo de leitura":"3 minutos"},"schema":{"@context":"https:\/\/schema.org","@graph":[{"@type":"Article","@id":"https:\/\/unisale.com.br\/novo\/25-12-e-a-palavra-era-deus-2\/#article","isPartOf":{"@id":"https:\/\/unisale.com.br\/novo\/25-12-e-a-palavra-era-deus-2\/"},"author":{"name":"Luiz Alexandre Marinho Lanzoni","@id":"https:\/\/unisale.com.br\/pastoral\/#\/schema\/person\/492d3d7bfe53a8302576d39485aff2c4"},"headline":"25\/12 &#8211; &#8230; e a Palavra era Deus.","datePublished":"2022-12-19T20:09:30+00:00","mainEntityOfPage":{"@id":"https:\/\/unisale.com.br\/novo\/25-12-e-a-palavra-era-deus-2\/"},"wordCount":595,"image":{"@id":"https:\/\/unisale.com.br\/novo\/25-12-e-a-palavra-era-deus-2\/#primaryimage"},"thumbnailUrl":"https:\/\/unisale.com.br\/pastoral\/wp-content\/uploads\/2022\/12\/Ev-25.jpg","articleSection":["Reflex\u00e3o do Evangelho"],"inLanguage":"pt-BR"},{"@type":"WebPage","@id":"https:\/\/unisale.com.br\/novo\/25-12-e-a-palavra-era-deus-2\/","url":"https:\/\/unisale.com.br\/novo\/25-12-e-a-palavra-era-deus-2\/","name":"25\/12 - ... e a Palavra era Deus. - Pastoral Universit\u00e1ria UniSALESIANO","isPartOf":{"@id":"https:\/\/unisale.com.br\/pastoral\/#website"},"primaryImageOfPage":{"@id":"https:\/\/unisale.com.br\/novo\/25-12-e-a-palavra-era-deus-2\/#primaryimage"},"image":{"@id":"https:\/\/unisale.com.br\/novo\/25-12-e-a-palavra-era-deus-2\/#primaryimage"},"thumbnailUrl":"https:\/\/unisale.com.br\/pastoral\/wp-content\/uploads\/2022\/12\/Ev-25.jpg","datePublished":"2022-12-19T20:09:30+00:00","author":{"@id":"https:\/\/unisale.com.br\/pastoral\/#\/schema\/person\/492d3d7bfe53a8302576d39485aff2c4"},"inLanguage":"pt-BR","potentialAction":[{"@type":"ReadAction","target":["https:\/\/unisale.com.br\/novo\/25-12-e-a-palavra-era-deus-2\/"]}]},{"@type":"ImageObject","inLanguage":"pt-BR","@id":"https:\/\/unisale.com.br\/novo\/25-12-e-a-palavra-era-deus-2\/#primaryimage","url":"https:\/\/unisale.com.br\/pastoral\/wp-content\/uploads\/2022\/12\/Ev-25.jpg","contentUrl":"https:\/\/unisale.com.br\/pastoral\/wp-content\/uploads\/2022\/12\/Ev-25.jpg","width":749,"height":500},{"@type":"WebSite","@id":"https:\/\/unisale.com.br\/pastoral\/#website","url":"https:\/\/unisale.com.br\/pastoral\/","name":"Pastoral Universit\u00e1ria UniSALESIANO","description":"Site da Pastoral Universit\u00e1ria do UniSALESIANO","potentialAction":[{"@type":"SearchAction","target":{"@type":"EntryPoint","urlTemplate":"https:\/\/unisale.com.br\/pastoral\/?s={search_term_string}"},"query-input":{"@type":"PropertyValueSpecification","valueRequired":true,"valueName":"search_term_string"}}],"inLanguage":"pt-BR"},{"@type":"Person","@id":"https:\/\/unisale.com.br\/pastoral\/#\/schema\/person\/492d3d7bfe53a8302576d39485aff2c4","name":"Luiz Alexandre Marinho Lanzoni","url":"https:\/\/unisale.com.br\/pastoral\/author\/luiz\/"}]}},"_links":{"self":[{"href":"https:\/\/unisale.com.br\/pastoral\/wp-json\/wp\/v2\/posts\/6020","targetHints":{"allow":["GET"]}}],"collection":[{"href":"https:\/\/unisale.com.br\/pastoral\/wp-json\/wp\/v2\/posts"}],"about":[{"href":"https:\/\/unisale.com.br\/pastoral\/wp-json\/wp\/v2\/types\/post"}],"author":[{"embeddable":true,"href":"https:\/\/unisale.com.br\/pastoral\/wp-json\/wp\/v2\/users\/6"}],"replies":[{"embeddable":true,"href":"https:\/\/unisale.com.br\/pastoral\/wp-json\/wp\/v2\/comments?post=6020"}],"version-history":[{"count":0,"href":"https:\/\/unisale.com.br\/pastoral\/wp-json\/wp\/v2\/posts\/6020\/revisions"}],"wp:featuredmedia":[{"embeddable":true,"href":"https:\/\/unisale.com.br\/pastoral\/wp-json\/wp\/v2\/media\/6009"}],"wp:attachment":[{"href":"https:\/\/unisale.com.br\/pastoral\/wp-json\/wp\/v2\/media?parent=6020"}],"wp:term":[{"taxonomy":"category","embeddable":true,"href":"https:\/\/unisale.com.br\/pastoral\/wp-json\/wp\/v2\/categories?post=6020"},{"taxonomy":"post_tag","embeddable":true,"href":"https:\/\/unisale.com.br\/pastoral\/wp-json\/wp\/v2\/tags?post=6020"}],"curies":[{"name":"wp","href":"https:\/\/api.w.org\/{rel}","templated":true}]}}