{"id":6028,"date":"2022-12-21T11:22:25","date_gmt":"2022-12-21T11:22:25","guid":{"rendered":"https:\/\/unisale.com.br\/pastoral\/?p=6028"},"modified":"2022-12-21T11:22:25","modified_gmt":"2022-12-21T11:22:25","slug":"27-12-ele-viu-e-acreditou-2","status":"publish","type":"post","link":"https:\/\/unisale.com.br\/pastoral\/27-12-ele-viu-e-acreditou-2\/","title":{"rendered":"27\/12 &#8211; Ele viu e acreditou."},"content":{"rendered":"<p>Ter\u00e7a-feira, 27 de dezembro de 2022.<\/p>\n<p>&nbsp;<\/p>\n<p>Evangelho (Jo 20,2-8)<\/p>\n<p>&nbsp;<\/p>\n<p><strong>\u201cEle viu e acreditou\u201d<\/strong><\/p>\n<p>&nbsp;<\/p>\n<p>No primeiro dia da semana, <sup>2<\/sup>Maria Madalena saiu correndo e foi encontrar Sim\u00e3o Pedro e o outro disc\u00edpulo, aquele que Jesus amava, e lhes disse: \u201cTiraram o Senhor do t\u00famulo, e n\u00e3o sabemos onde o colocaram\u201d. <sup>3<\/sup>Sa\u00edram, ent\u00e3o, Pedro e o outro disc\u00edpulo e foram ao t\u00famulo. <sup>4<\/sup>Os dois corriam juntos, mas o outro disc\u00edpulo correu mais depressa que Pedro e chegou primeiro ao t\u00famulo. <sup>5<\/sup>Olhando para dentro, viu as faixas de linho no ch\u00e3o, mas n\u00e3o entrou. <sup>6<\/sup>Chegou tamb\u00e9m Sim\u00e3o Pedro, que vinha correndo atr\u00e1s, e entrou no t\u00famulo. Viu as faixas de linho deitadas no ch\u00e3o <sup>7<\/sup>e o pano que tinha estado sobre a cabe\u00e7a de Jesus, n\u00e3o posto com as faixas, mas enrolado num lugar \u00e0 parte. <sup>8<\/sup>Ent\u00e3o entrou tamb\u00e9m o outro disc\u00edpulo, que tinha chegado primeiro ao t\u00famulo. Ele viu e acreditou.<\/p>\n<p>&nbsp;<\/p>\n<p><strong>Reflex\u00e3o<\/strong><\/p>\n<p>&nbsp;<\/p>\n<p>Hoje celebramos S\u00e3o Jo\u00e3o Ap\u00f3stolo e Evangelista. O ap\u00f3stolo de personalidade \u00fanica. O ap\u00f3stolo com os ap\u00f3stolos, o mais pr\u00f3ximo do Senhor, o evangelista que escreveu sobre o amor. O seu Evangelho \u00e9 \u00fanico pela profundidade da contempla\u00e7\u00e3o que nos permite de experimentar a interioridade do Senhor e a sua rela\u00e7\u00e3o com o Pai. Ap\u00f3stolo de uma vida longa e fecunda. Jo\u00e3o \u00e9 aquele que deitou sua cabe\u00e7a no peito de Jesus durante a \u00faltima Ceia, \u00e9 ele que n\u00f3s identificamos como o disc\u00edpulo \u201cque Jesus amava\u201d. Na oitava do Natal, a festa de S\u00e3o Jo\u00e3o \u00e9 um convite a acolher o Verbo na manjedoura do nosso cora\u00e7\u00e3o e de nos colocarmos, como e com Maria, a escutar as batidas do seu cora\u00e7\u00e3o quase buscando harmonizar o nosso cora\u00e7\u00e3o com o dele. S\u00e3o as palavras do Pr\u00f3logo que nos recordam como e quanto a encarna\u00e7\u00e3o do Verbo mudou radicalmente o nosso modo de imaginar e de experimentar a nossa experi\u00eancia de Deus. Por isso somos chamados a ser capazes de tocar todos os sentidos da nossa estrutural perspectiva da vida. A paz e a alegria que os anjos anunciaram aos pastores na noite luminosa de Bel\u00e9m se tornaram para o Evangelista Jo\u00e3o esta possibilidade de viver em \u201ccomunh\u00e3o\u201d com a mesma vida divina. A comunh\u00e3o parece gerar a intui\u00e7\u00e3o de Jo\u00e3o, que se exprime na sua juventude interior que n\u00e3o \u00e9 somente uma quest\u00e3o de anos, mas uma disponibilidade e curiosidade no confronto da vida que o torna sempre mais veloz no ir al\u00e9m das apar\u00eancias e confiar nas intui\u00e7\u00f5es do cora\u00e7\u00e3o. No Verbo feito carne, Deus fala e escuta, e a palavra \u00e9 o modo para tornar acess\u00edvel a intimidade. Podemos e, por muitos aspectos, devemos acolher todos os dias o realismo da encarna\u00e7\u00e3o, que se concretiza atrav\u00e9s de uma cascata de verbos dos quais a Liturgia da Palavra de hoje parece nos mergulhar: ouvir, ver, contemplar, tocar, testemunhar, anunciar, estar em comunh\u00e3o, correr, sair juntos, crer.<\/p>\n<p><strong>Pe. Paulo Eduardo J\u00e1como, SDB.<\/strong><\/p>\n","protected":false},"excerpt":{"rendered":"<p>Ter\u00e7a-feira, 27 de dezembro de 2022. &nbsp; Evangelho (Jo 20,2-8) &nbsp; \u201cEle viu e acreditou\u201d &nbsp; No primeiro dia da semana, 2Maria Madalena saiu correndo&#8230;<\/p>\n","protected":false},"author":6,"featured_media":6029,"comment_status":"closed","ping_status":"closed","sticky":false,"template":"","format":"standard","meta":{"_acf_changed":false,"footnotes":""},"categories":[13],"tags":[],"class_list":["post-6028","post","type-post","status-publish","format-standard","has-post-thumbnail","hentry","category-reflexaodoevagelho"],"acf":[],"yoast_head":"<!-- This site is optimized with the Yoast SEO plugin v27.3 - https:\/\/yoast.com\/product\/yoast-seo-wordpress\/ -->\n<title>27\/12 - Ele viu e acreditou. - Pastoral Universit\u00e1ria UniSALESIANO<\/title>\n<meta name=\"robots\" content=\"index, follow, max-snippet:-1, max-image-preview:large, max-video-preview:-1\" \/>\n<link rel=\"canonical\" href=\"https:\/\/unisale.com.br\/novo\/27-12-ele-viu-e-acreditou-2\/\" \/>\n<meta property=\"og:locale\" content=\"pt_BR\" \/>\n<meta property=\"og:type\" content=\"article\" \/>\n<meta property=\"og:title\" content=\"27\/12 - Ele viu e acreditou. - Pastoral Universit\u00e1ria UniSALESIANO\" \/>\n<meta property=\"og:description\" content=\"Ter\u00e7a-feira, 27 de dezembro de 2022. &nbsp; Evangelho (Jo 20,2-8) &nbsp; \u201cEle viu e acreditou\u201d &nbsp; No primeiro dia da semana, 2Maria Madalena saiu correndo...\" \/>\n<meta property=\"og:url\" content=\"https:\/\/unisale.com.br\/novo\/27-12-ele-viu-e-acreditou-2\/\" \/>\n<meta property=\"og:site_name\" content=\"Pastoral Universit\u00e1ria UniSALESIANO\" \/>\n<meta property=\"article:published_time\" content=\"2022-12-21T11:22:25+00:00\" \/>\n<meta property=\"og:image\" content=\"https:\/\/unisale.com.br\/novo\/wp-content\/uploads\/2022\/12\/Ev-27.jpg\" \/>\n\t<meta property=\"og:image:width\" content=\"614\" \/>\n\t<meta property=\"og:image:height\" content=\"373\" \/>\n\t<meta property=\"og:image:type\" content=\"image\/jpeg\" \/>\n<meta name=\"author\" content=\"Luiz Alexandre Marinho Lanzoni\" \/>\n<meta name=\"twitter:card\" content=\"summary_large_image\" \/>\n<meta name=\"twitter:label1\" content=\"Escrito por\" \/>\n\t<meta name=\"twitter:data1\" content=\"Luiz Alexandre Marinho Lanzoni\" \/>\n\t<meta name=\"twitter:label2\" content=\"Est. tempo de leitura\" \/>\n\t<meta name=\"twitter:data2\" content=\"3 minutos\" \/>\n<script type=\"application\/ld+json\" class=\"yoast-schema-graph\">{\"@context\":\"https:\\\/\\\/schema.org\",\"@graph\":[{\"@type\":\"Article\",\"@id\":\"https:\\\/\\\/unisale.com.br\\\/novo\\\/27-12-ele-viu-e-acreditou-2\\\/#article\",\"isPartOf\":{\"@id\":\"https:\\\/\\\/unisale.com.br\\\/novo\\\/27-12-ele-viu-e-acreditou-2\\\/\"},\"author\":{\"name\":\"Luiz Alexandre Marinho Lanzoni\",\"@id\":\"https:\\\/\\\/unisale.com.br\\\/pastoral\\\/#\\\/schema\\\/person\\\/492d3d7bfe53a8302576d39485aff2c4\"},\"headline\":\"27\\\/12 &#8211; Ele viu e acreditou.\",\"datePublished\":\"2022-12-21T11:22:25+00:00\",\"mainEntityOfPage\":{\"@id\":\"https:\\\/\\\/unisale.com.br\\\/novo\\\/27-12-ele-viu-e-acreditou-2\\\/\"},\"wordCount\":549,\"image\":{\"@id\":\"https:\\\/\\\/unisale.com.br\\\/novo\\\/27-12-ele-viu-e-acreditou-2\\\/#primaryimage\"},\"thumbnailUrl\":\"https:\\\/\\\/unisale.com.br\\\/pastoral\\\/wp-content\\\/uploads\\\/2022\\\/12\\\/Ev-27.jpg\",\"articleSection\":[\"Reflex\u00e3o do Evangelho\"],\"inLanguage\":\"pt-BR\"},{\"@type\":\"WebPage\",\"@id\":\"https:\\\/\\\/unisale.com.br\\\/novo\\\/27-12-ele-viu-e-acreditou-2\\\/\",\"url\":\"https:\\\/\\\/unisale.com.br\\\/novo\\\/27-12-ele-viu-e-acreditou-2\\\/\",\"name\":\"27\\\/12 - Ele viu e acreditou. - Pastoral Universit\u00e1ria UniSALESIANO\",\"isPartOf\":{\"@id\":\"https:\\\/\\\/unisale.com.br\\\/pastoral\\\/#website\"},\"primaryImageOfPage\":{\"@id\":\"https:\\\/\\\/unisale.com.br\\\/novo\\\/27-12-ele-viu-e-acreditou-2\\\/#primaryimage\"},\"image\":{\"@id\":\"https:\\\/\\\/unisale.com.br\\\/novo\\\/27-12-ele-viu-e-acreditou-2\\\/#primaryimage\"},\"thumbnailUrl\":\"https:\\\/\\\/unisale.com.br\\\/pastoral\\\/wp-content\\\/uploads\\\/2022\\\/12\\\/Ev-27.jpg\",\"datePublished\":\"2022-12-21T11:22:25+00:00\",\"author\":{\"@id\":\"https:\\\/\\\/unisale.com.br\\\/pastoral\\\/#\\\/schema\\\/person\\\/492d3d7bfe53a8302576d39485aff2c4\"},\"inLanguage\":\"pt-BR\",\"potentialAction\":[{\"@type\":\"ReadAction\",\"target\":[\"https:\\\/\\\/unisale.com.br\\\/novo\\\/27-12-ele-viu-e-acreditou-2\\\/\"]}]},{\"@type\":\"ImageObject\",\"inLanguage\":\"pt-BR\",\"@id\":\"https:\\\/\\\/unisale.com.br\\\/novo\\\/27-12-ele-viu-e-acreditou-2\\\/#primaryimage\",\"url\":\"https:\\\/\\\/unisale.com.br\\\/pastoral\\\/wp-content\\\/uploads\\\/2022\\\/12\\\/Ev-27.jpg\",\"contentUrl\":\"https:\\\/\\\/unisale.com.br\\\/pastoral\\\/wp-content\\\/uploads\\\/2022\\\/12\\\/Ev-27.jpg\",\"width\":614,\"height\":373},{\"@type\":\"WebSite\",\"@id\":\"https:\\\/\\\/unisale.com.br\\\/pastoral\\\/#website\",\"url\":\"https:\\\/\\\/unisale.com.br\\\/pastoral\\\/\",\"name\":\"Pastoral Universit\u00e1ria UniSALESIANO\",\"description\":\"Site da Pastoral Universit\u00e1ria do UniSALESIANO\",\"potentialAction\":[{\"@type\":\"SearchAction\",\"target\":{\"@type\":\"EntryPoint\",\"urlTemplate\":\"https:\\\/\\\/unisale.com.br\\\/pastoral\\\/?s={search_term_string}\"},\"query-input\":{\"@type\":\"PropertyValueSpecification\",\"valueRequired\":true,\"valueName\":\"search_term_string\"}}],\"inLanguage\":\"pt-BR\"},{\"@type\":\"Person\",\"@id\":\"https:\\\/\\\/unisale.com.br\\\/pastoral\\\/#\\\/schema\\\/person\\\/492d3d7bfe53a8302576d39485aff2c4\",\"name\":\"Luiz Alexandre Marinho Lanzoni\",\"url\":\"https:\\\/\\\/unisale.com.br\\\/pastoral\\\/author\\\/luiz\\\/\"}]}<\/script>\n<!-- \/ Yoast SEO plugin. -->","yoast_head_json":{"title":"27\/12 - Ele viu e acreditou. - Pastoral Universit\u00e1ria UniSALESIANO","robots":{"index":"index","follow":"follow","max-snippet":"max-snippet:-1","max-image-preview":"max-image-preview:large","max-video-preview":"max-video-preview:-1"},"canonical":"https:\/\/unisale.com.br\/novo\/27-12-ele-viu-e-acreditou-2\/","og_locale":"pt_BR","og_type":"article","og_title":"27\/12 - Ele viu e acreditou. - Pastoral Universit\u00e1ria UniSALESIANO","og_description":"Ter\u00e7a-feira, 27 de dezembro de 2022. &nbsp; Evangelho (Jo 20,2-8) &nbsp; \u201cEle viu e acreditou\u201d &nbsp; No primeiro dia da semana, 2Maria Madalena saiu correndo...","og_url":"https:\/\/unisale.com.br\/novo\/27-12-ele-viu-e-acreditou-2\/","og_site_name":"Pastoral Universit\u00e1ria UniSALESIANO","article_published_time":"2022-12-21T11:22:25+00:00","og_image":[{"width":614,"height":373,"url":"https:\/\/unisale.com.br\/novo\/wp-content\/uploads\/2022\/12\/Ev-27.jpg","type":"image\/jpeg"}],"author":"Luiz Alexandre Marinho Lanzoni","twitter_card":"summary_large_image","twitter_misc":{"Escrito por":"Luiz Alexandre Marinho Lanzoni","Est. tempo de leitura":"3 minutos"},"schema":{"@context":"https:\/\/schema.org","@graph":[{"@type":"Article","@id":"https:\/\/unisale.com.br\/novo\/27-12-ele-viu-e-acreditou-2\/#article","isPartOf":{"@id":"https:\/\/unisale.com.br\/novo\/27-12-ele-viu-e-acreditou-2\/"},"author":{"name":"Luiz Alexandre Marinho Lanzoni","@id":"https:\/\/unisale.com.br\/pastoral\/#\/schema\/person\/492d3d7bfe53a8302576d39485aff2c4"},"headline":"27\/12 &#8211; Ele viu e acreditou.","datePublished":"2022-12-21T11:22:25+00:00","mainEntityOfPage":{"@id":"https:\/\/unisale.com.br\/novo\/27-12-ele-viu-e-acreditou-2\/"},"wordCount":549,"image":{"@id":"https:\/\/unisale.com.br\/novo\/27-12-ele-viu-e-acreditou-2\/#primaryimage"},"thumbnailUrl":"https:\/\/unisale.com.br\/pastoral\/wp-content\/uploads\/2022\/12\/Ev-27.jpg","articleSection":["Reflex\u00e3o do Evangelho"],"inLanguage":"pt-BR"},{"@type":"WebPage","@id":"https:\/\/unisale.com.br\/novo\/27-12-ele-viu-e-acreditou-2\/","url":"https:\/\/unisale.com.br\/novo\/27-12-ele-viu-e-acreditou-2\/","name":"27\/12 - Ele viu e acreditou. - Pastoral Universit\u00e1ria UniSALESIANO","isPartOf":{"@id":"https:\/\/unisale.com.br\/pastoral\/#website"},"primaryImageOfPage":{"@id":"https:\/\/unisale.com.br\/novo\/27-12-ele-viu-e-acreditou-2\/#primaryimage"},"image":{"@id":"https:\/\/unisale.com.br\/novo\/27-12-ele-viu-e-acreditou-2\/#primaryimage"},"thumbnailUrl":"https:\/\/unisale.com.br\/pastoral\/wp-content\/uploads\/2022\/12\/Ev-27.jpg","datePublished":"2022-12-21T11:22:25+00:00","author":{"@id":"https:\/\/unisale.com.br\/pastoral\/#\/schema\/person\/492d3d7bfe53a8302576d39485aff2c4"},"inLanguage":"pt-BR","potentialAction":[{"@type":"ReadAction","target":["https:\/\/unisale.com.br\/novo\/27-12-ele-viu-e-acreditou-2\/"]}]},{"@type":"ImageObject","inLanguage":"pt-BR","@id":"https:\/\/unisale.com.br\/novo\/27-12-ele-viu-e-acreditou-2\/#primaryimage","url":"https:\/\/unisale.com.br\/pastoral\/wp-content\/uploads\/2022\/12\/Ev-27.jpg","contentUrl":"https:\/\/unisale.com.br\/pastoral\/wp-content\/uploads\/2022\/12\/Ev-27.jpg","width":614,"height":373},{"@type":"WebSite","@id":"https:\/\/unisale.com.br\/pastoral\/#website","url":"https:\/\/unisale.com.br\/pastoral\/","name":"Pastoral Universit\u00e1ria UniSALESIANO","description":"Site da Pastoral Universit\u00e1ria do UniSALESIANO","potentialAction":[{"@type":"SearchAction","target":{"@type":"EntryPoint","urlTemplate":"https:\/\/unisale.com.br\/pastoral\/?s={search_term_string}"},"query-input":{"@type":"PropertyValueSpecification","valueRequired":true,"valueName":"search_term_string"}}],"inLanguage":"pt-BR"},{"@type":"Person","@id":"https:\/\/unisale.com.br\/pastoral\/#\/schema\/person\/492d3d7bfe53a8302576d39485aff2c4","name":"Luiz Alexandre Marinho Lanzoni","url":"https:\/\/unisale.com.br\/pastoral\/author\/luiz\/"}]}},"_links":{"self":[{"href":"https:\/\/unisale.com.br\/pastoral\/wp-json\/wp\/v2\/posts\/6028","targetHints":{"allow":["GET"]}}],"collection":[{"href":"https:\/\/unisale.com.br\/pastoral\/wp-json\/wp\/v2\/posts"}],"about":[{"href":"https:\/\/unisale.com.br\/pastoral\/wp-json\/wp\/v2\/types\/post"}],"author":[{"embeddable":true,"href":"https:\/\/unisale.com.br\/pastoral\/wp-json\/wp\/v2\/users\/6"}],"replies":[{"embeddable":true,"href":"https:\/\/unisale.com.br\/pastoral\/wp-json\/wp\/v2\/comments?post=6028"}],"version-history":[{"count":0,"href":"https:\/\/unisale.com.br\/pastoral\/wp-json\/wp\/v2\/posts\/6028\/revisions"}],"wp:featuredmedia":[{"embeddable":true,"href":"https:\/\/unisale.com.br\/pastoral\/wp-json\/wp\/v2\/media\/6029"}],"wp:attachment":[{"href":"https:\/\/unisale.com.br\/pastoral\/wp-json\/wp\/v2\/media?parent=6028"}],"wp:term":[{"taxonomy":"category","embeddable":true,"href":"https:\/\/unisale.com.br\/pastoral\/wp-json\/wp\/v2\/categories?post=6028"},{"taxonomy":"post_tag","embeddable":true,"href":"https:\/\/unisale.com.br\/pastoral\/wp-json\/wp\/v2\/tags?post=6028"}],"curies":[{"name":"wp","href":"https:\/\/api.w.org\/{rel}","templated":true}]}}