{"id":6037,"date":"2022-12-21T11:34:00","date_gmt":"2022-12-21T11:34:00","guid":{"rendered":"https:\/\/unisale.com.br\/pastoral\/?p=6037"},"modified":"2022-12-21T11:34:00","modified_gmt":"2022-12-21T11:34:00","slug":"30-12-levanta-te-pega-o-menino-e-sua-mae-e-foge-para-o-egito-fica-la-ate-que-eu-te-avise","status":"publish","type":"post","link":"https:\/\/unisale.com.br\/pastoral\/30-12-levanta-te-pega-o-menino-e-sua-mae-e-foge-para-o-egito-fica-la-ate-que-eu-te-avise\/","title":{"rendered":"30\/12 &#8211; Levanta-te, pega o menino e sua m\u00e3e e foge para o Egito! Fica l\u00e1 at\u00e9 que eu te avise!"},"content":{"rendered":"<p>Sexta-feira, 30 de dezembro de 2022.<\/p>\n<p>&nbsp;<\/p>\n<p>Evangelho (Mt 2,13-15.19-23)<\/p>\n<p>&nbsp;<\/p>\n<p><strong>\u201cLevanta-te, pega o menino e sua m\u00e3e e foge para o Egito! Fica l\u00e1 at\u00e9 que eu te avise!\u201d<\/strong><\/p>\n<p>&nbsp;<\/p>\n<p><sup>13<\/sup>Depois que os magos partiram, o Anjo do Senhor apareceu em sonho a Jos\u00e9 e lhe disse: \u201cLevanta-te, pega o menino e sua m\u00e3e e foge para o Egito! Fica l\u00e1 at\u00e9 que eu te avise! Porque Herodes vai procurar o menino para mat\u00e1-lo\u201d. <sup>14<\/sup>Jos\u00e9 levantou-se de noite, pegou o menino e sua m\u00e3e, e partiu para o Egito. <sup>15<\/sup>Ali ficou at\u00e9 a morte de Herodes, para se cumprir o que o Senhor havia dito pelo profeta: \u201cDo Egito chamei o meu Filho\u201d. <sup>19<\/sup>Quando Herodes morreu, o anjo do Senhor apareceu em sonho a Jos\u00e9, no Egito, <sup>20<\/sup>e lhe disse: \u201cLevanta-te, pega o menino e sua m\u00e3e, e volta para a terra de Israel; pois aqueles que procuravam matar o menino j\u00e1 est\u00e3o mortos\u201d. <sup>21<\/sup>Jos\u00e9 levantou-se, pegou o menino e sua m\u00e3e, e entrou na terra de Israel. <sup>22<\/sup>Mas, quando soube que Arquelau reinava na Judeia, no lugar de seu pai Herodes, teve medo de ir para l\u00e1. Por isso, depois de receber um aviso em sonho, Jos\u00e9 retirou-se para a regi\u00e3o da Galileia, <sup>23<\/sup>e foi morar numa cidade chamada Nazar\u00e9. Isso aconteceu para se cumprir o que foi dito pelos profetas: \u201cEle ser\u00e1 chamado Nazareno\u201d.<\/p>\n<p>&nbsp;<\/p>\n<p><strong>Reflex\u00e3o<\/strong><\/p>\n<p>&nbsp;<\/p>\n<p>Com muita certeza podemos afirmar que a Sagrada fam\u00edlia de Nazar\u00e9 \u00e9 modelo para as nossas fam\u00edlias crist\u00e3s, as pequenas igrejas dom\u00e9sticas, nas quais ao centro tem Jesus. Se falamos do momento de crise que estamos vivendo, as fam\u00edlias merecem toda a nossa aten\u00e7\u00e3o. Esta aten\u00e7\u00e3o deve ser dada n\u00e3o somente pela comunidade eclesial, mas tamb\u00e9m pela comunidade civil, pois tamb\u00e9m esta considera a fam\u00edlia como primeira c\u00e9lula da sociedade. As leituras de hoje nos preparam para darmos gra\u00e7as a Deus por nos ter dado uma fam\u00edlia na qual nascemos, crescemos e recebemos uma forma\u00e7\u00e3o humana e crist\u00e3, nos levam, portanto, a considerar a grandeza desta institui\u00e7\u00e3o primordial. A primeira leitura nos recorda os deveres em rela\u00e7\u00e3o aos nossos pais: s\u00e3o recomenda\u00e7\u00f5es muito mais urgentes nos tempos de hoje, onde muitas vezes os pais s\u00e3o esquecidos, muitas vezes tratados duramente, explorados por muitos filhos que exigem at\u00e9 serem cuidados por genitores j\u00e1 anci\u00e3os com os poucos meios de subsist\u00eancia que possuem.\u00a0 A Palavra de Deus traz amea\u00e7as duras para quem despreza, abandona, e trata mal os genitores. S\u00e3o Paulo, escrevendo aos Colossenses, exorta a buscar a paz nas fam\u00edlias mediante comportamentos equilibrados e respeitosos de uns para com os outros: marido, mulher, filhos. Tamb\u00e9m a educa\u00e7\u00e3o deve ser conduzida sem desespero, com modera\u00e7\u00e3o, sem fraqueza, por\u00e9m. O evangelho de hoje nos faz reviver a experi\u00eancia da Sagrada Fam\u00edlia. O Anjo se dirige a Jos\u00e9, como primeiro respons\u00e1vel do n\u00facleo familiar. Fugiram para o Egito e depois deixaram o Egito e voltaram para Israel. E diante do medo de permanecerem em Bel\u00e9m, novamente um aviso angelical que lhes diz de permanecerem em Nazar\u00e9. O que admirar nesta Santa Fam\u00edlia? A docilidade e a serenidade com as quais seguiram as indica\u00e7\u00f5es amargas e dolorosas recebidas. N\u00e3o s\u00e3o raros os casos nos quais muitas fam\u00edlias se encontram na mesma experi\u00eancia dolorosa da Sagrada Fam\u00edlia. \u00c9 preciso muita coragem, mas tamb\u00e9m muita confian\u00e7a em Deus. Como Ele guiou a Fam\u00edlia de Nazar\u00e9, em meio a perigos e amea\u00e7as, guiar\u00e1 tamb\u00e9m todos os n\u00facleos familiares que a Ele se confiarem. Aprendamos com Jos\u00e9 e Maria a sempre confiarmos em Deus.<\/p>\n<p><strong>Pe. Paulo Eduardo J\u00e1como, SDB.<\/strong><\/p>\n","protected":false},"excerpt":{"rendered":"<p>Sexta-feira, 30 de dezembro de 2022. &nbsp; Evangelho (Mt 2,13-15.19-23) &nbsp; \u201cLevanta-te, pega o menino e sua m\u00e3e e foge para o Egito! Fica l\u00e1&#8230;<\/p>\n","protected":false},"author":6,"featured_media":6038,"comment_status":"closed","ping_status":"closed","sticky":false,"template":"","format":"standard","meta":{"_acf_changed":false,"footnotes":""},"categories":[13],"tags":[],"class_list":["post-6037","post","type-post","status-publish","format-standard","has-post-thumbnail","hentry","category-reflexaodoevagelho"],"acf":[],"yoast_head":"<!-- This site is optimized with the Yoast SEO plugin v27.3 - https:\/\/yoast.com\/product\/yoast-seo-wordpress\/ -->\n<title>30\/12 - Levanta-te, pega o menino e sua m\u00e3e e foge para o Egito! Fica l\u00e1 at\u00e9 que eu te avise! - Pastoral Universit\u00e1ria UniSALESIANO<\/title>\n<meta name=\"robots\" content=\"index, follow, max-snippet:-1, max-image-preview:large, max-video-preview:-1\" \/>\n<link rel=\"canonical\" href=\"https:\/\/unisale.com.br\/novo\/30-12-levanta-te-pega-o-menino-e-sua-mae-e-foge-para-o-egito-fica-la-ate-que-eu-te-avise\/\" \/>\n<meta property=\"og:locale\" content=\"pt_BR\" \/>\n<meta property=\"og:type\" content=\"article\" \/>\n<meta property=\"og:title\" content=\"30\/12 - Levanta-te, pega o menino e sua m\u00e3e e foge para o Egito! Fica l\u00e1 at\u00e9 que eu te avise! - Pastoral Universit\u00e1ria UniSALESIANO\" \/>\n<meta property=\"og:description\" content=\"Sexta-feira, 30 de dezembro de 2022. &nbsp; Evangelho (Mt 2,13-15.19-23) &nbsp; \u201cLevanta-te, pega o menino e sua m\u00e3e e foge para o Egito! Fica l\u00e1...\" \/>\n<meta property=\"og:url\" content=\"https:\/\/unisale.com.br\/novo\/30-12-levanta-te-pega-o-menino-e-sua-mae-e-foge-para-o-egito-fica-la-ate-que-eu-te-avise\/\" \/>\n<meta property=\"og:site_name\" content=\"Pastoral Universit\u00e1ria UniSALESIANO\" \/>\n<meta property=\"article:published_time\" content=\"2022-12-21T11:34:00+00:00\" \/>\n<meta property=\"og:image\" content=\"https:\/\/unisale.com.br\/novo\/wp-content\/uploads\/2022\/12\/Ev-30.jpg\" \/>\n\t<meta property=\"og:image:width\" content=\"664\" \/>\n\t<meta property=\"og:image:height\" content=\"442\" \/>\n\t<meta property=\"og:image:type\" content=\"image\/jpeg\" \/>\n<meta name=\"author\" content=\"Luiz Alexandre Marinho Lanzoni\" \/>\n<meta name=\"twitter:card\" content=\"summary_large_image\" \/>\n<meta name=\"twitter:label1\" content=\"Escrito por\" \/>\n\t<meta name=\"twitter:data1\" content=\"Luiz Alexandre Marinho Lanzoni\" \/>\n\t<meta name=\"twitter:label2\" content=\"Est. tempo de leitura\" \/>\n\t<meta name=\"twitter:data2\" content=\"3 minutos\" \/>\n<script type=\"application\/ld+json\" class=\"yoast-schema-graph\">{\"@context\":\"https:\\\/\\\/schema.org\",\"@graph\":[{\"@type\":\"Article\",\"@id\":\"https:\\\/\\\/unisale.com.br\\\/novo\\\/30-12-levanta-te-pega-o-menino-e-sua-mae-e-foge-para-o-egito-fica-la-ate-que-eu-te-avise\\\/#article\",\"isPartOf\":{\"@id\":\"https:\\\/\\\/unisale.com.br\\\/novo\\\/30-12-levanta-te-pega-o-menino-e-sua-mae-e-foge-para-o-egito-fica-la-ate-que-eu-te-avise\\\/\"},\"author\":{\"name\":\"Luiz Alexandre Marinho Lanzoni\",\"@id\":\"https:\\\/\\\/unisale.com.br\\\/pastoral\\\/#\\\/schema\\\/person\\\/492d3d7bfe53a8302576d39485aff2c4\"},\"headline\":\"30\\\/12 &#8211; Levanta-te, pega o menino e sua m\u00e3e e foge para o Egito! Fica l\u00e1 at\u00e9 que eu te avise!\",\"datePublished\":\"2022-12-21T11:34:00+00:00\",\"mainEntityOfPage\":{\"@id\":\"https:\\\/\\\/unisale.com.br\\\/novo\\\/30-12-levanta-te-pega-o-menino-e-sua-mae-e-foge-para-o-egito-fica-la-ate-que-eu-te-avise\\\/\"},\"wordCount\":665,\"image\":{\"@id\":\"https:\\\/\\\/unisale.com.br\\\/novo\\\/30-12-levanta-te-pega-o-menino-e-sua-mae-e-foge-para-o-egito-fica-la-ate-que-eu-te-avise\\\/#primaryimage\"},\"thumbnailUrl\":\"https:\\\/\\\/unisale.com.br\\\/pastoral\\\/wp-content\\\/uploads\\\/2022\\\/12\\\/Ev-30.jpg\",\"articleSection\":[\"Reflex\u00e3o do Evangelho\"],\"inLanguage\":\"pt-BR\"},{\"@type\":\"WebPage\",\"@id\":\"https:\\\/\\\/unisale.com.br\\\/novo\\\/30-12-levanta-te-pega-o-menino-e-sua-mae-e-foge-para-o-egito-fica-la-ate-que-eu-te-avise\\\/\",\"url\":\"https:\\\/\\\/unisale.com.br\\\/novo\\\/30-12-levanta-te-pega-o-menino-e-sua-mae-e-foge-para-o-egito-fica-la-ate-que-eu-te-avise\\\/\",\"name\":\"30\\\/12 - Levanta-te, pega o menino e sua m\u00e3e e foge para o Egito! Fica l\u00e1 at\u00e9 que eu te avise! - Pastoral Universit\u00e1ria UniSALESIANO\",\"isPartOf\":{\"@id\":\"https:\\\/\\\/unisale.com.br\\\/pastoral\\\/#website\"},\"primaryImageOfPage\":{\"@id\":\"https:\\\/\\\/unisale.com.br\\\/novo\\\/30-12-levanta-te-pega-o-menino-e-sua-mae-e-foge-para-o-egito-fica-la-ate-que-eu-te-avise\\\/#primaryimage\"},\"image\":{\"@id\":\"https:\\\/\\\/unisale.com.br\\\/novo\\\/30-12-levanta-te-pega-o-menino-e-sua-mae-e-foge-para-o-egito-fica-la-ate-que-eu-te-avise\\\/#primaryimage\"},\"thumbnailUrl\":\"https:\\\/\\\/unisale.com.br\\\/pastoral\\\/wp-content\\\/uploads\\\/2022\\\/12\\\/Ev-30.jpg\",\"datePublished\":\"2022-12-21T11:34:00+00:00\",\"author\":{\"@id\":\"https:\\\/\\\/unisale.com.br\\\/pastoral\\\/#\\\/schema\\\/person\\\/492d3d7bfe53a8302576d39485aff2c4\"},\"inLanguage\":\"pt-BR\",\"potentialAction\":[{\"@type\":\"ReadAction\",\"target\":[\"https:\\\/\\\/unisale.com.br\\\/novo\\\/30-12-levanta-te-pega-o-menino-e-sua-mae-e-foge-para-o-egito-fica-la-ate-que-eu-te-avise\\\/\"]}]},{\"@type\":\"ImageObject\",\"inLanguage\":\"pt-BR\",\"@id\":\"https:\\\/\\\/unisale.com.br\\\/novo\\\/30-12-levanta-te-pega-o-menino-e-sua-mae-e-foge-para-o-egito-fica-la-ate-que-eu-te-avise\\\/#primaryimage\",\"url\":\"https:\\\/\\\/unisale.com.br\\\/pastoral\\\/wp-content\\\/uploads\\\/2022\\\/12\\\/Ev-30.jpg\",\"contentUrl\":\"https:\\\/\\\/unisale.com.br\\\/pastoral\\\/wp-content\\\/uploads\\\/2022\\\/12\\\/Ev-30.jpg\",\"width\":664,\"height\":442},{\"@type\":\"WebSite\",\"@id\":\"https:\\\/\\\/unisale.com.br\\\/pastoral\\\/#website\",\"url\":\"https:\\\/\\\/unisale.com.br\\\/pastoral\\\/\",\"name\":\"Pastoral Universit\u00e1ria UniSALESIANO\",\"description\":\"Site da Pastoral Universit\u00e1ria do UniSALESIANO\",\"potentialAction\":[{\"@type\":\"SearchAction\",\"target\":{\"@type\":\"EntryPoint\",\"urlTemplate\":\"https:\\\/\\\/unisale.com.br\\\/pastoral\\\/?s={search_term_string}\"},\"query-input\":{\"@type\":\"PropertyValueSpecification\",\"valueRequired\":true,\"valueName\":\"search_term_string\"}}],\"inLanguage\":\"pt-BR\"},{\"@type\":\"Person\",\"@id\":\"https:\\\/\\\/unisale.com.br\\\/pastoral\\\/#\\\/schema\\\/person\\\/492d3d7bfe53a8302576d39485aff2c4\",\"name\":\"Luiz Alexandre Marinho Lanzoni\",\"url\":\"https:\\\/\\\/unisale.com.br\\\/pastoral\\\/author\\\/luiz\\\/\"}]}<\/script>\n<!-- \/ Yoast SEO plugin. -->","yoast_head_json":{"title":"30\/12 - Levanta-te, pega o menino e sua m\u00e3e e foge para o Egito! Fica l\u00e1 at\u00e9 que eu te avise! - Pastoral Universit\u00e1ria UniSALESIANO","robots":{"index":"index","follow":"follow","max-snippet":"max-snippet:-1","max-image-preview":"max-image-preview:large","max-video-preview":"max-video-preview:-1"},"canonical":"https:\/\/unisale.com.br\/novo\/30-12-levanta-te-pega-o-menino-e-sua-mae-e-foge-para-o-egito-fica-la-ate-que-eu-te-avise\/","og_locale":"pt_BR","og_type":"article","og_title":"30\/12 - Levanta-te, pega o menino e sua m\u00e3e e foge para o Egito! Fica l\u00e1 at\u00e9 que eu te avise! - Pastoral Universit\u00e1ria UniSALESIANO","og_description":"Sexta-feira, 30 de dezembro de 2022. &nbsp; Evangelho (Mt 2,13-15.19-23) &nbsp; \u201cLevanta-te, pega o menino e sua m\u00e3e e foge para o Egito! Fica l\u00e1...","og_url":"https:\/\/unisale.com.br\/novo\/30-12-levanta-te-pega-o-menino-e-sua-mae-e-foge-para-o-egito-fica-la-ate-que-eu-te-avise\/","og_site_name":"Pastoral Universit\u00e1ria UniSALESIANO","article_published_time":"2022-12-21T11:34:00+00:00","og_image":[{"width":664,"height":442,"url":"https:\/\/unisale.com.br\/novo\/wp-content\/uploads\/2022\/12\/Ev-30.jpg","type":"image\/jpeg"}],"author":"Luiz Alexandre Marinho Lanzoni","twitter_card":"summary_large_image","twitter_misc":{"Escrito por":"Luiz Alexandre Marinho Lanzoni","Est. tempo de leitura":"3 minutos"},"schema":{"@context":"https:\/\/schema.org","@graph":[{"@type":"Article","@id":"https:\/\/unisale.com.br\/novo\/30-12-levanta-te-pega-o-menino-e-sua-mae-e-foge-para-o-egito-fica-la-ate-que-eu-te-avise\/#article","isPartOf":{"@id":"https:\/\/unisale.com.br\/novo\/30-12-levanta-te-pega-o-menino-e-sua-mae-e-foge-para-o-egito-fica-la-ate-que-eu-te-avise\/"},"author":{"name":"Luiz Alexandre Marinho Lanzoni","@id":"https:\/\/unisale.com.br\/pastoral\/#\/schema\/person\/492d3d7bfe53a8302576d39485aff2c4"},"headline":"30\/12 &#8211; Levanta-te, pega o menino e sua m\u00e3e e foge para o Egito! Fica l\u00e1 at\u00e9 que eu te avise!","datePublished":"2022-12-21T11:34:00+00:00","mainEntityOfPage":{"@id":"https:\/\/unisale.com.br\/novo\/30-12-levanta-te-pega-o-menino-e-sua-mae-e-foge-para-o-egito-fica-la-ate-que-eu-te-avise\/"},"wordCount":665,"image":{"@id":"https:\/\/unisale.com.br\/novo\/30-12-levanta-te-pega-o-menino-e-sua-mae-e-foge-para-o-egito-fica-la-ate-que-eu-te-avise\/#primaryimage"},"thumbnailUrl":"https:\/\/unisale.com.br\/pastoral\/wp-content\/uploads\/2022\/12\/Ev-30.jpg","articleSection":["Reflex\u00e3o do Evangelho"],"inLanguage":"pt-BR"},{"@type":"WebPage","@id":"https:\/\/unisale.com.br\/novo\/30-12-levanta-te-pega-o-menino-e-sua-mae-e-foge-para-o-egito-fica-la-ate-que-eu-te-avise\/","url":"https:\/\/unisale.com.br\/novo\/30-12-levanta-te-pega-o-menino-e-sua-mae-e-foge-para-o-egito-fica-la-ate-que-eu-te-avise\/","name":"30\/12 - Levanta-te, pega o menino e sua m\u00e3e e foge para o Egito! Fica l\u00e1 at\u00e9 que eu te avise! - Pastoral Universit\u00e1ria UniSALESIANO","isPartOf":{"@id":"https:\/\/unisale.com.br\/pastoral\/#website"},"primaryImageOfPage":{"@id":"https:\/\/unisale.com.br\/novo\/30-12-levanta-te-pega-o-menino-e-sua-mae-e-foge-para-o-egito-fica-la-ate-que-eu-te-avise\/#primaryimage"},"image":{"@id":"https:\/\/unisale.com.br\/novo\/30-12-levanta-te-pega-o-menino-e-sua-mae-e-foge-para-o-egito-fica-la-ate-que-eu-te-avise\/#primaryimage"},"thumbnailUrl":"https:\/\/unisale.com.br\/pastoral\/wp-content\/uploads\/2022\/12\/Ev-30.jpg","datePublished":"2022-12-21T11:34:00+00:00","author":{"@id":"https:\/\/unisale.com.br\/pastoral\/#\/schema\/person\/492d3d7bfe53a8302576d39485aff2c4"},"inLanguage":"pt-BR","potentialAction":[{"@type":"ReadAction","target":["https:\/\/unisale.com.br\/novo\/30-12-levanta-te-pega-o-menino-e-sua-mae-e-foge-para-o-egito-fica-la-ate-que-eu-te-avise\/"]}]},{"@type":"ImageObject","inLanguage":"pt-BR","@id":"https:\/\/unisale.com.br\/novo\/30-12-levanta-te-pega-o-menino-e-sua-mae-e-foge-para-o-egito-fica-la-ate-que-eu-te-avise\/#primaryimage","url":"https:\/\/unisale.com.br\/pastoral\/wp-content\/uploads\/2022\/12\/Ev-30.jpg","contentUrl":"https:\/\/unisale.com.br\/pastoral\/wp-content\/uploads\/2022\/12\/Ev-30.jpg","width":664,"height":442},{"@type":"WebSite","@id":"https:\/\/unisale.com.br\/pastoral\/#website","url":"https:\/\/unisale.com.br\/pastoral\/","name":"Pastoral Universit\u00e1ria UniSALESIANO","description":"Site da Pastoral Universit\u00e1ria do UniSALESIANO","potentialAction":[{"@type":"SearchAction","target":{"@type":"EntryPoint","urlTemplate":"https:\/\/unisale.com.br\/pastoral\/?s={search_term_string}"},"query-input":{"@type":"PropertyValueSpecification","valueRequired":true,"valueName":"search_term_string"}}],"inLanguage":"pt-BR"},{"@type":"Person","@id":"https:\/\/unisale.com.br\/pastoral\/#\/schema\/person\/492d3d7bfe53a8302576d39485aff2c4","name":"Luiz Alexandre Marinho Lanzoni","url":"https:\/\/unisale.com.br\/pastoral\/author\/luiz\/"}]}},"_links":{"self":[{"href":"https:\/\/unisale.com.br\/pastoral\/wp-json\/wp\/v2\/posts\/6037","targetHints":{"allow":["GET"]}}],"collection":[{"href":"https:\/\/unisale.com.br\/pastoral\/wp-json\/wp\/v2\/posts"}],"about":[{"href":"https:\/\/unisale.com.br\/pastoral\/wp-json\/wp\/v2\/types\/post"}],"author":[{"embeddable":true,"href":"https:\/\/unisale.com.br\/pastoral\/wp-json\/wp\/v2\/users\/6"}],"replies":[{"embeddable":true,"href":"https:\/\/unisale.com.br\/pastoral\/wp-json\/wp\/v2\/comments?post=6037"}],"version-history":[{"count":0,"href":"https:\/\/unisale.com.br\/pastoral\/wp-json\/wp\/v2\/posts\/6037\/revisions"}],"wp:featuredmedia":[{"embeddable":true,"href":"https:\/\/unisale.com.br\/pastoral\/wp-json\/wp\/v2\/media\/6038"}],"wp:attachment":[{"href":"https:\/\/unisale.com.br\/pastoral\/wp-json\/wp\/v2\/media?parent=6037"}],"wp:term":[{"taxonomy":"category","embeddable":true,"href":"https:\/\/unisale.com.br\/pastoral\/wp-json\/wp\/v2\/categories?post=6037"},{"taxonomy":"post_tag","embeddable":true,"href":"https:\/\/unisale.com.br\/pastoral\/wp-json\/wp\/v2\/tags?post=6037"}],"curies":[{"name":"wp","href":"https:\/\/api.w.org\/{rel}","templated":true}]}}