{"id":6051,"date":"2022-12-21T12:11:31","date_gmt":"2022-12-21T12:11:31","guid":{"rendered":"https:\/\/unisale.com.br\/pastoral\/?p=6051"},"modified":"2022-12-21T12:11:31","modified_gmt":"2022-12-21T12:11:31","slug":"01-01-quanto-a-maria-guardava-todos-os-fatos-e-meditava-sobre-eles-no-seu-coracao-2","status":"publish","type":"post","link":"https:\/\/unisale.com.br\/pastoral\/01-01-quanto-a-maria-guardava-todos-os-fatos-e-meditava-sobre-eles-no-seu-coracao-2\/","title":{"rendered":"01\/01 &#8211; Quanto a Maria, guardava todos os fatos e meditava sobre eles no seu cora\u00e7\u00e3o."},"content":{"rendered":"<p>Domingo, 01 de janeiro de 2023.<\/p>\n<p>&nbsp;<\/p>\n<p>Evangelho (Lc 2,16-21)<\/p>\n<p>&nbsp;<\/p>\n<p><strong>\u201cQuanto a Maria, guardava todos os fatos e meditava sobre eles no seu cora\u00e7\u00e3o\u201d<\/strong><\/p>\n<p>&nbsp;<\/p>\n<p>Naquele tempo, <sup>16<\/sup>os pastores foram \u00e0s pressas a Bel\u00e9m e encontraram Maria e Jos\u00e9, e o rec\u00e9m-nascido deitado na manjedoura. <sup>17<\/sup>Tendo-o visto, contaram o que lhes fora dito sobre o menino. <sup>18<\/sup>E todos os que ouviram os pastores ficaram maravilhados com aquilo que contavam. <sup>19<\/sup>Quanto a Maria, guardava todos esses fatos e meditava sobre eles em seu cora\u00e7\u00e3o. <sup>20<\/sup>Os pastores voltaram, glorificando e louvando a Deus por tudo que tinham visto e ouvido, conforme lhes tinha sido dito. <sup>21<\/sup>Quando se completaram os oito dias para a circuncis\u00e3o do menino, deram-lhe o nome de Jesus, como fora chamado pelo anjo antes de ser concebido.<\/p>\n<p>&nbsp;<\/p>\n<p><strong>Reflex\u00e3o<\/strong><\/p>\n<p>&nbsp;<\/p>\n<p>Toda a nossa aten\u00e7\u00e3o nestes dias est\u00e1 voltada para Jesus. Mas hoje a liturgia concentra a nossa aten\u00e7\u00e3o para Maria, M\u00e3e de Deus, a Theot\u00f3kos, aquela que \u201cdeu a luz o Rei que governa o C\u00e9u e a Terra pelos s\u00e9culos dos s\u00e9culos\u201d (Bento XVI). O Verbo que se fez homem nasceu da Virgem. Tudo o que acontece com o Menino, acontece atrav\u00e9s de Maria. O Evangelho de hoje fala da circuncis\u00e3o de Jesus e contempla Deus que deu o Seu Filho Unig\u00eanito como chefe do \u201cnovo povo\u201d por meio de Maria. Recorda o nome dado ao Messias, e ouve-o pronunciar com terna do\u00e7ura pela Sua M\u00e3e. A paz para o mundo, a paz de Cristo \u00e9 invocada, e o faz atrav\u00e9s de Maria, mediadora, cooperadora de Cristo. Come\u00e7amos um novo ano, o tempo no qual Cristo entrou por meio de Maria. A liturgia de hoje, como podemos ver, n\u00e3o celebra uma ideia abstrata, mas um Mist\u00e9rio e um acontecimento hist\u00f3rico: Jesus Cristo, Pessoa Divina, nasceu da Virgem Maria, a qual \u00e9, no sentido mais verdadeiro, Sua m\u00e3e. Maria \u00e9 virgem e m\u00e3e, duas prerrogativas que s\u00e3o proclamadas juntas e de maneira insepar\u00e1vel, elas se integram e se qualificam reciprocamente. Maria \u00e9 m\u00e3e, mas m\u00e3e virgem; Maria \u00e9 virgem, mas virgem m\u00e3e. Como M\u00e3e de Cristo, Ele tamb\u00e9m \u00e9 M\u00e3e da Igreja. Maria \u00e9 m\u00e3e espiritual de toda a humanidade, porque Jesus derramou o Seu Sangue na Cruz por todos, e a todos confiou da Cruz \u00e0 sua solicitude materna (Bento XVI). Com Maria, iniciemos este ano novo, que recebemos das m\u00e3os de Deus como um talento \u201cprecioso\u201d para fazermos frutificar, fazendo acontecer a realiza\u00e7\u00e3o do Reino de Deus.<\/p>\n<p><b>Pe. Paulo Eduardo J\u00e1como, SDB.<\/b><\/p>\n","protected":false},"excerpt":{"rendered":"<p>Domingo, 01 de janeiro de 2023. &nbsp; Evangelho (Lc 2,16-21) &nbsp; \u201cQuanto a Maria, guardava todos os fatos e meditava sobre eles no seu cora\u00e7\u00e3o\u201d&#8230;<\/p>\n","protected":false},"author":6,"featured_media":6039,"comment_status":"closed","ping_status":"closed","sticky":false,"template":"","format":"standard","meta":{"_acf_changed":false,"footnotes":""},"categories":[13],"tags":[],"class_list":["post-6051","post","type-post","status-publish","format-standard","has-post-thumbnail","hentry","category-reflexaodoevagelho"],"acf":[],"yoast_head":"<!-- This site is optimized with the Yoast SEO plugin v27.3 - https:\/\/yoast.com\/product\/yoast-seo-wordpress\/ -->\n<title>01\/01 - Quanto a Maria, guardava todos os fatos e meditava sobre eles no seu cora\u00e7\u00e3o. - Pastoral Universit\u00e1ria UniSALESIANO<\/title>\n<meta name=\"robots\" content=\"index, follow, max-snippet:-1, max-image-preview:large, max-video-preview:-1\" \/>\n<link rel=\"canonical\" href=\"https:\/\/unisale.com.br\/novo\/01-01-quanto-a-maria-guardava-todos-os-fatos-e-meditava-sobre-eles-no-seu-coracao-2\/\" \/>\n<meta property=\"og:locale\" content=\"pt_BR\" \/>\n<meta property=\"og:type\" content=\"article\" \/>\n<meta property=\"og:title\" content=\"01\/01 - Quanto a Maria, guardava todos os fatos e meditava sobre eles no seu cora\u00e7\u00e3o. - Pastoral Universit\u00e1ria UniSALESIANO\" \/>\n<meta property=\"og:description\" content=\"Domingo, 01 de janeiro de 2023. &nbsp; Evangelho (Lc 2,16-21) &nbsp; \u201cQuanto a Maria, guardava todos os fatos e meditava sobre eles no seu cora\u00e7\u00e3o\u201d...\" \/>\n<meta property=\"og:url\" content=\"https:\/\/unisale.com.br\/novo\/01-01-quanto-a-maria-guardava-todos-os-fatos-e-meditava-sobre-eles-no-seu-coracao-2\/\" \/>\n<meta property=\"og:site_name\" content=\"Pastoral Universit\u00e1ria UniSALESIANO\" \/>\n<meta property=\"article:published_time\" content=\"2022-12-21T12:11:31+00:00\" \/>\n<meta property=\"og:image\" content=\"https:\/\/unisale.com.br\/novo\/wp-content\/uploads\/2022\/12\/Ev-01.jpg\" \/>\n\t<meta property=\"og:image:width\" content=\"800\" \/>\n\t<meta property=\"og:image:height\" content=\"600\" \/>\n\t<meta property=\"og:image:type\" content=\"image\/jpeg\" \/>\n<meta name=\"author\" content=\"Luiz Alexandre Marinho Lanzoni\" \/>\n<meta name=\"twitter:card\" content=\"summary_large_image\" \/>\n<meta name=\"twitter:label1\" content=\"Escrito por\" \/>\n\t<meta name=\"twitter:data1\" content=\"Luiz Alexandre Marinho Lanzoni\" \/>\n\t<meta name=\"twitter:label2\" content=\"Est. tempo de leitura\" \/>\n\t<meta name=\"twitter:data2\" content=\"2 minutos\" \/>\n<script type=\"application\/ld+json\" class=\"yoast-schema-graph\">{\"@context\":\"https:\\\/\\\/schema.org\",\"@graph\":[{\"@type\":\"Article\",\"@id\":\"https:\\\/\\\/unisale.com.br\\\/novo\\\/01-01-quanto-a-maria-guardava-todos-os-fatos-e-meditava-sobre-eles-no-seu-coracao-2\\\/#article\",\"isPartOf\":{\"@id\":\"https:\\\/\\\/unisale.com.br\\\/novo\\\/01-01-quanto-a-maria-guardava-todos-os-fatos-e-meditava-sobre-eles-no-seu-coracao-2\\\/\"},\"author\":{\"name\":\"Luiz Alexandre Marinho Lanzoni\",\"@id\":\"https:\\\/\\\/unisale.com.br\\\/pastoral\\\/#\\\/schema\\\/person\\\/492d3d7bfe53a8302576d39485aff2c4\"},\"headline\":\"01\\\/01 &#8211; Quanto a Maria, guardava todos os fatos e meditava sobre eles no seu cora\u00e7\u00e3o.\",\"datePublished\":\"2022-12-21T12:11:31+00:00\",\"mainEntityOfPage\":{\"@id\":\"https:\\\/\\\/unisale.com.br\\\/novo\\\/01-01-quanto-a-maria-guardava-todos-os-fatos-e-meditava-sobre-eles-no-seu-coracao-2\\\/\"},\"wordCount\":459,\"image\":{\"@id\":\"https:\\\/\\\/unisale.com.br\\\/novo\\\/01-01-quanto-a-maria-guardava-todos-os-fatos-e-meditava-sobre-eles-no-seu-coracao-2\\\/#primaryimage\"},\"thumbnailUrl\":\"https:\\\/\\\/unisale.com.br\\\/pastoral\\\/wp-content\\\/uploads\\\/2022\\\/12\\\/Ev-01.jpg\",\"articleSection\":[\"Reflex\u00e3o do Evangelho\"],\"inLanguage\":\"pt-BR\"},{\"@type\":\"WebPage\",\"@id\":\"https:\\\/\\\/unisale.com.br\\\/novo\\\/01-01-quanto-a-maria-guardava-todos-os-fatos-e-meditava-sobre-eles-no-seu-coracao-2\\\/\",\"url\":\"https:\\\/\\\/unisale.com.br\\\/novo\\\/01-01-quanto-a-maria-guardava-todos-os-fatos-e-meditava-sobre-eles-no-seu-coracao-2\\\/\",\"name\":\"01\\\/01 - Quanto a Maria, guardava todos os fatos e meditava sobre eles no seu cora\u00e7\u00e3o. - Pastoral Universit\u00e1ria UniSALESIANO\",\"isPartOf\":{\"@id\":\"https:\\\/\\\/unisale.com.br\\\/pastoral\\\/#website\"},\"primaryImageOfPage\":{\"@id\":\"https:\\\/\\\/unisale.com.br\\\/novo\\\/01-01-quanto-a-maria-guardava-todos-os-fatos-e-meditava-sobre-eles-no-seu-coracao-2\\\/#primaryimage\"},\"image\":{\"@id\":\"https:\\\/\\\/unisale.com.br\\\/novo\\\/01-01-quanto-a-maria-guardava-todos-os-fatos-e-meditava-sobre-eles-no-seu-coracao-2\\\/#primaryimage\"},\"thumbnailUrl\":\"https:\\\/\\\/unisale.com.br\\\/pastoral\\\/wp-content\\\/uploads\\\/2022\\\/12\\\/Ev-01.jpg\",\"datePublished\":\"2022-12-21T12:11:31+00:00\",\"author\":{\"@id\":\"https:\\\/\\\/unisale.com.br\\\/pastoral\\\/#\\\/schema\\\/person\\\/492d3d7bfe53a8302576d39485aff2c4\"},\"inLanguage\":\"pt-BR\",\"potentialAction\":[{\"@type\":\"ReadAction\",\"target\":[\"https:\\\/\\\/unisale.com.br\\\/novo\\\/01-01-quanto-a-maria-guardava-todos-os-fatos-e-meditava-sobre-eles-no-seu-coracao-2\\\/\"]}]},{\"@type\":\"ImageObject\",\"inLanguage\":\"pt-BR\",\"@id\":\"https:\\\/\\\/unisale.com.br\\\/novo\\\/01-01-quanto-a-maria-guardava-todos-os-fatos-e-meditava-sobre-eles-no-seu-coracao-2\\\/#primaryimage\",\"url\":\"https:\\\/\\\/unisale.com.br\\\/pastoral\\\/wp-content\\\/uploads\\\/2022\\\/12\\\/Ev-01.jpg\",\"contentUrl\":\"https:\\\/\\\/unisale.com.br\\\/pastoral\\\/wp-content\\\/uploads\\\/2022\\\/12\\\/Ev-01.jpg\",\"width\":667,\"height\":500},{\"@type\":\"WebSite\",\"@id\":\"https:\\\/\\\/unisale.com.br\\\/pastoral\\\/#website\",\"url\":\"https:\\\/\\\/unisale.com.br\\\/pastoral\\\/\",\"name\":\"Pastoral Universit\u00e1ria UniSALESIANO\",\"description\":\"Site da Pastoral Universit\u00e1ria do UniSALESIANO\",\"potentialAction\":[{\"@type\":\"SearchAction\",\"target\":{\"@type\":\"EntryPoint\",\"urlTemplate\":\"https:\\\/\\\/unisale.com.br\\\/pastoral\\\/?s={search_term_string}\"},\"query-input\":{\"@type\":\"PropertyValueSpecification\",\"valueRequired\":true,\"valueName\":\"search_term_string\"}}],\"inLanguage\":\"pt-BR\"},{\"@type\":\"Person\",\"@id\":\"https:\\\/\\\/unisale.com.br\\\/pastoral\\\/#\\\/schema\\\/person\\\/492d3d7bfe53a8302576d39485aff2c4\",\"name\":\"Luiz Alexandre Marinho Lanzoni\",\"url\":\"https:\\\/\\\/unisale.com.br\\\/pastoral\\\/author\\\/luiz\\\/\"}]}<\/script>\n<!-- \/ Yoast SEO plugin. -->","yoast_head_json":{"title":"01\/01 - Quanto a Maria, guardava todos os fatos e meditava sobre eles no seu cora\u00e7\u00e3o. - Pastoral Universit\u00e1ria UniSALESIANO","robots":{"index":"index","follow":"follow","max-snippet":"max-snippet:-1","max-image-preview":"max-image-preview:large","max-video-preview":"max-video-preview:-1"},"canonical":"https:\/\/unisale.com.br\/novo\/01-01-quanto-a-maria-guardava-todos-os-fatos-e-meditava-sobre-eles-no-seu-coracao-2\/","og_locale":"pt_BR","og_type":"article","og_title":"01\/01 - Quanto a Maria, guardava todos os fatos e meditava sobre eles no seu cora\u00e7\u00e3o. - Pastoral Universit\u00e1ria UniSALESIANO","og_description":"Domingo, 01 de janeiro de 2023. &nbsp; Evangelho (Lc 2,16-21) &nbsp; \u201cQuanto a Maria, guardava todos os fatos e meditava sobre eles no seu cora\u00e7\u00e3o\u201d...","og_url":"https:\/\/unisale.com.br\/novo\/01-01-quanto-a-maria-guardava-todos-os-fatos-e-meditava-sobre-eles-no-seu-coracao-2\/","og_site_name":"Pastoral Universit\u00e1ria UniSALESIANO","article_published_time":"2022-12-21T12:11:31+00:00","og_image":[{"width":800,"height":600,"url":"https:\/\/unisale.com.br\/novo\/wp-content\/uploads\/2022\/12\/Ev-01.jpg","type":"image\/jpeg"}],"author":"Luiz Alexandre Marinho Lanzoni","twitter_card":"summary_large_image","twitter_misc":{"Escrito por":"Luiz Alexandre Marinho Lanzoni","Est. tempo de leitura":"2 minutos"},"schema":{"@context":"https:\/\/schema.org","@graph":[{"@type":"Article","@id":"https:\/\/unisale.com.br\/novo\/01-01-quanto-a-maria-guardava-todos-os-fatos-e-meditava-sobre-eles-no-seu-coracao-2\/#article","isPartOf":{"@id":"https:\/\/unisale.com.br\/novo\/01-01-quanto-a-maria-guardava-todos-os-fatos-e-meditava-sobre-eles-no-seu-coracao-2\/"},"author":{"name":"Luiz Alexandre Marinho Lanzoni","@id":"https:\/\/unisale.com.br\/pastoral\/#\/schema\/person\/492d3d7bfe53a8302576d39485aff2c4"},"headline":"01\/01 &#8211; Quanto a Maria, guardava todos os fatos e meditava sobre eles no seu cora\u00e7\u00e3o.","datePublished":"2022-12-21T12:11:31+00:00","mainEntityOfPage":{"@id":"https:\/\/unisale.com.br\/novo\/01-01-quanto-a-maria-guardava-todos-os-fatos-e-meditava-sobre-eles-no-seu-coracao-2\/"},"wordCount":459,"image":{"@id":"https:\/\/unisale.com.br\/novo\/01-01-quanto-a-maria-guardava-todos-os-fatos-e-meditava-sobre-eles-no-seu-coracao-2\/#primaryimage"},"thumbnailUrl":"https:\/\/unisale.com.br\/pastoral\/wp-content\/uploads\/2022\/12\/Ev-01.jpg","articleSection":["Reflex\u00e3o do Evangelho"],"inLanguage":"pt-BR"},{"@type":"WebPage","@id":"https:\/\/unisale.com.br\/novo\/01-01-quanto-a-maria-guardava-todos-os-fatos-e-meditava-sobre-eles-no-seu-coracao-2\/","url":"https:\/\/unisale.com.br\/novo\/01-01-quanto-a-maria-guardava-todos-os-fatos-e-meditava-sobre-eles-no-seu-coracao-2\/","name":"01\/01 - Quanto a Maria, guardava todos os fatos e meditava sobre eles no seu cora\u00e7\u00e3o. - Pastoral Universit\u00e1ria UniSALESIANO","isPartOf":{"@id":"https:\/\/unisale.com.br\/pastoral\/#website"},"primaryImageOfPage":{"@id":"https:\/\/unisale.com.br\/novo\/01-01-quanto-a-maria-guardava-todos-os-fatos-e-meditava-sobre-eles-no-seu-coracao-2\/#primaryimage"},"image":{"@id":"https:\/\/unisale.com.br\/novo\/01-01-quanto-a-maria-guardava-todos-os-fatos-e-meditava-sobre-eles-no-seu-coracao-2\/#primaryimage"},"thumbnailUrl":"https:\/\/unisale.com.br\/pastoral\/wp-content\/uploads\/2022\/12\/Ev-01.jpg","datePublished":"2022-12-21T12:11:31+00:00","author":{"@id":"https:\/\/unisale.com.br\/pastoral\/#\/schema\/person\/492d3d7bfe53a8302576d39485aff2c4"},"inLanguage":"pt-BR","potentialAction":[{"@type":"ReadAction","target":["https:\/\/unisale.com.br\/novo\/01-01-quanto-a-maria-guardava-todos-os-fatos-e-meditava-sobre-eles-no-seu-coracao-2\/"]}]},{"@type":"ImageObject","inLanguage":"pt-BR","@id":"https:\/\/unisale.com.br\/novo\/01-01-quanto-a-maria-guardava-todos-os-fatos-e-meditava-sobre-eles-no-seu-coracao-2\/#primaryimage","url":"https:\/\/unisale.com.br\/pastoral\/wp-content\/uploads\/2022\/12\/Ev-01.jpg","contentUrl":"https:\/\/unisale.com.br\/pastoral\/wp-content\/uploads\/2022\/12\/Ev-01.jpg","width":667,"height":500},{"@type":"WebSite","@id":"https:\/\/unisale.com.br\/pastoral\/#website","url":"https:\/\/unisale.com.br\/pastoral\/","name":"Pastoral Universit\u00e1ria UniSALESIANO","description":"Site da Pastoral Universit\u00e1ria do UniSALESIANO","potentialAction":[{"@type":"SearchAction","target":{"@type":"EntryPoint","urlTemplate":"https:\/\/unisale.com.br\/pastoral\/?s={search_term_string}"},"query-input":{"@type":"PropertyValueSpecification","valueRequired":true,"valueName":"search_term_string"}}],"inLanguage":"pt-BR"},{"@type":"Person","@id":"https:\/\/unisale.com.br\/pastoral\/#\/schema\/person\/492d3d7bfe53a8302576d39485aff2c4","name":"Luiz Alexandre Marinho Lanzoni","url":"https:\/\/unisale.com.br\/pastoral\/author\/luiz\/"}]}},"_links":{"self":[{"href":"https:\/\/unisale.com.br\/pastoral\/wp-json\/wp\/v2\/posts\/6051","targetHints":{"allow":["GET"]}}],"collection":[{"href":"https:\/\/unisale.com.br\/pastoral\/wp-json\/wp\/v2\/posts"}],"about":[{"href":"https:\/\/unisale.com.br\/pastoral\/wp-json\/wp\/v2\/types\/post"}],"author":[{"embeddable":true,"href":"https:\/\/unisale.com.br\/pastoral\/wp-json\/wp\/v2\/users\/6"}],"replies":[{"embeddable":true,"href":"https:\/\/unisale.com.br\/pastoral\/wp-json\/wp\/v2\/comments?post=6051"}],"version-history":[{"count":0,"href":"https:\/\/unisale.com.br\/pastoral\/wp-json\/wp\/v2\/posts\/6051\/revisions"}],"wp:featuredmedia":[{"embeddable":true,"href":"https:\/\/unisale.com.br\/pastoral\/wp-json\/wp\/v2\/media\/6039"}],"wp:attachment":[{"href":"https:\/\/unisale.com.br\/pastoral\/wp-json\/wp\/v2\/media?parent=6051"}],"wp:term":[{"taxonomy":"category","embeddable":true,"href":"https:\/\/unisale.com.br\/pastoral\/wp-json\/wp\/v2\/categories?post=6051"},{"taxonomy":"post_tag","embeddable":true,"href":"https:\/\/unisale.com.br\/pastoral\/wp-json\/wp\/v2\/tags?post=6051"}],"curies":[{"name":"wp","href":"https:\/\/api.w.org\/{rel}","templated":true}]}}