{"id":6074,"date":"2023-01-05T18:06:32","date_gmt":"2023-01-05T18:06:32","guid":{"rendered":"https:\/\/unisale.com.br\/pastoral\/?p=6074"},"modified":"2023-01-05T18:06:32","modified_gmt":"2023-01-05T18:06:32","slug":"07-01-fazei-o-que-ele-vos-disser","status":"publish","type":"post","link":"https:\/\/unisale.com.br\/pastoral\/07-01-fazei-o-que-ele-vos-disser\/","title":{"rendered":"07\/01 &#8211; Fazei o que Ele vos disser."},"content":{"rendered":"<p class=\"tm6\"><span class=\"tm7\">S\u00e1bado, 07 de janeiro de 2023.<\/span><\/p>\n<p class=\"tm6\"><span class=\"tm7\">\u00a0<\/span><\/p>\n<p class=\"tm6\"><span class=\"tm7\">Evangelho (Jo 2,1-11)<\/span><\/p>\n<p class=\"tm6\"><span class=\"tm7\">\u00a0<\/span><\/p>\n<p class=\"tm6\"><strong><span class=\"tm8\">\u201cFazei o que Ele vos disser\u201d<\/span><\/strong><\/p>\n<p class=\"tm6\"><span class=\"tm7\">\u00a0<\/span><\/p>\n<p class=\"tm6\"><span class=\"tm7\">Naquele tempo, <\/span><sup><span class=\"tm7\">1<\/span><\/sup><span class=\"tm7\">houve um casamento em Can\u00e1 da Galileia. A m\u00e3e de Jesus estava presente. <\/span><sup><span class=\"tm7\">2<\/span><\/sup><span class=\"tm7\">Tamb\u00e9m Jesus e seus disc\u00edpulos tinham sido convidados para o casamento. <\/span><sup><span class=\"tm7\">3<\/span><\/sup><span class=\"tm7\">Como o vinho veio a faltar, a m\u00e3e de Jesus lhe disse: \u201cEles n\u00e3o t\u00eam mais vinho\u201d. <\/span><sup><span class=\"tm7\">4<\/span><\/sup><span class=\"tm7\">Jesus respondeu-lhe: \u201cMulher, por que dizes isto a mim? Minha hora ainda n\u00e3o chegou\u201d. <\/span><sup><span class=\"tm7\">5<\/span><\/sup><span class=\"tm7\">Sua m\u00e3e disse aos que estavam servindo: \u201cFazei o que ele vos disser!\u201d. <\/span><sup><span class=\"tm7\">6<\/span><\/sup><span class=\"tm7\">Estavam seis talhas de pedra colocadas a\u00ed para a purifica\u00e7\u00e3o que os judeus costumam fazer. Em cada uma delas cabiam mais ou menos cem litros. <\/span><sup><span class=\"tm7\">7<\/span><\/sup><span class=\"tm7\">Jesus disse aos que estavam servindo: \u201cEnchei as talhas de \u00e1gua!\u201d. Encheram-nas at\u00e9 a boca. <\/span><sup><span class=\"tm7\">8<\/span><\/sup><span class=\"tm7\">Jesus disse: \u201cAgora tirai e levai ao mestre-sala!\u201d. E eles levaram. <\/span><sup><span class=\"tm7\">9<\/span><\/sup><span class=\"tm7\">O mestre-sala experimentou a \u00e1gua, que se tinha transformado em vinho. Ele n\u00e3o sabia de onde vinha, mas os que estavam servindo sabiam, pois eram eles que tinham tirado a \u00e1gua. <\/span><sup><span class=\"tm7\">10<\/span><\/sup><span class=\"tm7\">O mestre-sala chamou ent\u00e3o o noivo e lhe disse: \u201cTodo mundo serve primeiro o vinho melhor e, quando os convidados j\u00e1 est\u00e3o embriagados, serve o vinho menos bom. Mas tu guardaste o vinho bom at\u00e9 agora!\u201d <\/span><sup><span class=\"tm7\">11<\/span><\/sup><span class=\"tm7\">Este foi o in\u00edcio dos sinais de Jesus. Ele o realizou em Can\u00e1 da Galileia e manifestou a sua gl\u00f3ria, e seus disc\u00edpulos creram nele.<\/span><\/p>\n<p class=\"tm6\"><span class=\"tm7\">\u00a0<\/span><\/p>\n<p class=\"tm6\"><strong><span class=\"tm8\">Reflex\u00e3o<\/span><\/strong><\/p>\n<p class=\"tm6\"><span class=\"tm7\">\u00a0<\/span><\/p>\n<p class=\"tm6\"><span class=\"tm7\">O Evangelho que nos \u00e9 proposto para a nossa reflex\u00e3o de hoje \u00e9 o das Bodas de Can\u00e1. \u00c9 o epis\u00f3dio que retrata o \u201cin\u00edcio dos sinais\u201d de Jesus, e Maria foi a intercessora. Ela intercedeu para que o primeiro milagre de Jesus acontecesse e foi este sinal que suscitou a f\u00e9 dos disc\u00edpulos. Por uma intercess\u00e3o de Maria, Jesus transformou a \u00e1gua em vinho. \u201cEm Can\u00e1, ningu\u00e9m pede \u00e0 Sant\u00edssima Virgem que interceda junto de seu Filho pelos consternados esposos. \u00c9 o Cora\u00e7\u00e3o de Maria que n\u00e3o pode deixar de se compadecer dos infelizes. O seu cora\u00e7\u00e3o a impele a assumir, por inciativa pr\u00f3pria, o of\u00edcio de intercessora e a pedir ao Filho o milagre. Se a Senhora procedeu assim sem que lhe tivesse dito nada, que teria feito se lhe tivessem pedido que interviesse?\u201d (Santo Afonso Maria de Lig\u00f3rio). E o que n\u00e3o ser\u00e1 se n\u00f3s tantas vezes no dia lhe dissermos<a id=\"aGoBack\"><\/a>: \u2018Rogai por n\u00f3s\u2019? Que n\u00e3o iremos conseguir se recorrermos a Ela? \u201cMaria p\u00f5e-se de permeio entre o seu Filho e os homens na realidade das suas priva\u00e7\u00f5es e dos seus sofrimentos. Maria faz-se de Medianeira, n\u00e3o como uma estranha, mas na posi\u00e7\u00e3o de M\u00e3e, consciente de que como tal pode \u2013 ou antes, tem o direito \u2013 de tornar presentes ao Filho as necessidades dos homens (S. Jo\u00e3o Paulo II). Jesus n\u00e3o nos nega nada; e concede-nos de modo particular tudo o que lhe pedimos atrav\u00e9s de sua M\u00e3e. \u00c9 como intercessora que Maria olha pelos fr\u00e1geis. Podemos ter a certeza que o Cora\u00e7\u00e3o de Maria n\u00e3o deixa de atender os nossos rogos e apelos. E por ter certeza de que o Filho n\u00e3o vai deixar de atender um pedido de M\u00e3e, \u00e9 que n\u00f3s podemos sempre recorrer a Ela. Mas, Maria tamb\u00e9m continua dizendo a n\u00f3s, seus filhos: \u2018Fazei o que Ele vos disser\u2019.<\/span><\/p>\n<p><strong>Pe. Paulo\u00a0 Eduardo J\u00e1como, SDB.<\/strong><\/p>\n","protected":false},"excerpt":{"rendered":"<p>S\u00e1bado, 07 de janeiro de 2023. \u00a0 Evangelho (Jo 2,1-11) \u00a0 \u201cFazei o que Ele vos disser\u201d \u00a0 Naquele tempo, 1houve um casamento em Can\u00e1&#8230;<\/p>\n","protected":false},"author":6,"featured_media":6071,"comment_status":"closed","ping_status":"closed","sticky":false,"template":"","format":"standard","meta":{"_acf_changed":false,"footnotes":""},"categories":[13],"tags":[],"class_list":["post-6074","post","type-post","status-publish","format-standard","has-post-thumbnail","hentry","category-reflexaodoevagelho"],"acf":[],"yoast_head":"<!-- This site is optimized with the Yoast SEO plugin v27.3 - https:\/\/yoast.com\/product\/yoast-seo-wordpress\/ -->\n<title>07\/01 - Fazei o que Ele vos disser. - Pastoral Universit\u00e1ria UniSALESIANO<\/title>\n<meta name=\"robots\" content=\"index, follow, max-snippet:-1, max-image-preview:large, max-video-preview:-1\" \/>\n<link rel=\"canonical\" href=\"https:\/\/unisale.com.br\/novo\/07-01-fazei-o-que-ele-vos-disser\/\" \/>\n<meta property=\"og:locale\" content=\"pt_BR\" \/>\n<meta property=\"og:type\" content=\"article\" \/>\n<meta property=\"og:title\" content=\"07\/01 - Fazei o que Ele vos disser. - Pastoral Universit\u00e1ria UniSALESIANO\" \/>\n<meta property=\"og:description\" content=\"S\u00e1bado, 07 de janeiro de 2023. \u00a0 Evangelho (Jo 2,1-11) \u00a0 \u201cFazei o que Ele vos disser\u201d \u00a0 Naquele tempo, 1houve um casamento em Can\u00e1...\" \/>\n<meta property=\"og:url\" content=\"https:\/\/unisale.com.br\/novo\/07-01-fazei-o-que-ele-vos-disser\/\" \/>\n<meta property=\"og:site_name\" content=\"Pastoral Universit\u00e1ria UniSALESIANO\" \/>\n<meta property=\"article:published_time\" content=\"2023-01-05T18:06:32+00:00\" \/>\n<meta property=\"og:image\" content=\"https:\/\/unisale.com.br\/novo\/wp-content\/uploads\/2023\/01\/Ev-07.jpg\" \/>\n\t<meta property=\"og:image:width\" content=\"275\" \/>\n\t<meta property=\"og:image:height\" content=\"183\" \/>\n\t<meta property=\"og:image:type\" content=\"image\/jpeg\" \/>\n<meta name=\"author\" content=\"Luiz Alexandre Marinho Lanzoni\" \/>\n<meta name=\"twitter:card\" content=\"summary_large_image\" \/>\n<meta name=\"twitter:label1\" content=\"Escrito por\" \/>\n\t<meta name=\"twitter:data1\" content=\"Luiz Alexandre Marinho Lanzoni\" \/>\n\t<meta name=\"twitter:label2\" content=\"Est. tempo de leitura\" \/>\n\t<meta name=\"twitter:data2\" content=\"3 minutos\" \/>\n<script type=\"application\/ld+json\" class=\"yoast-schema-graph\">{\"@context\":\"https:\\\/\\\/schema.org\",\"@graph\":[{\"@type\":\"Article\",\"@id\":\"https:\\\/\\\/unisale.com.br\\\/novo\\\/07-01-fazei-o-que-ele-vos-disser\\\/#article\",\"isPartOf\":{\"@id\":\"https:\\\/\\\/unisale.com.br\\\/novo\\\/07-01-fazei-o-que-ele-vos-disser\\\/\"},\"author\":{\"name\":\"Luiz Alexandre Marinho Lanzoni\",\"@id\":\"https:\\\/\\\/unisale.com.br\\\/pastoral\\\/#\\\/schema\\\/person\\\/492d3d7bfe53a8302576d39485aff2c4\"},\"headline\":\"07\\\/01 &#8211; Fazei o que Ele vos disser.\",\"datePublished\":\"2023-01-05T18:06:32+00:00\",\"mainEntityOfPage\":{\"@id\":\"https:\\\/\\\/unisale.com.br\\\/novo\\\/07-01-fazei-o-que-ele-vos-disser\\\/\"},\"wordCount\":591,\"image\":{\"@id\":\"https:\\\/\\\/unisale.com.br\\\/novo\\\/07-01-fazei-o-que-ele-vos-disser\\\/#primaryimage\"},\"thumbnailUrl\":\"https:\\\/\\\/unisale.com.br\\\/pastoral\\\/wp-content\\\/uploads\\\/2023\\\/01\\\/Ev-07.jpg\",\"articleSection\":[\"Reflex\u00e3o do Evangelho\"],\"inLanguage\":\"pt-BR\"},{\"@type\":\"WebPage\",\"@id\":\"https:\\\/\\\/unisale.com.br\\\/novo\\\/07-01-fazei-o-que-ele-vos-disser\\\/\",\"url\":\"https:\\\/\\\/unisale.com.br\\\/novo\\\/07-01-fazei-o-que-ele-vos-disser\\\/\",\"name\":\"07\\\/01 - Fazei o que Ele vos disser. - Pastoral Universit\u00e1ria UniSALESIANO\",\"isPartOf\":{\"@id\":\"https:\\\/\\\/unisale.com.br\\\/pastoral\\\/#website\"},\"primaryImageOfPage\":{\"@id\":\"https:\\\/\\\/unisale.com.br\\\/novo\\\/07-01-fazei-o-que-ele-vos-disser\\\/#primaryimage\"},\"image\":{\"@id\":\"https:\\\/\\\/unisale.com.br\\\/novo\\\/07-01-fazei-o-que-ele-vos-disser\\\/#primaryimage\"},\"thumbnailUrl\":\"https:\\\/\\\/unisale.com.br\\\/pastoral\\\/wp-content\\\/uploads\\\/2023\\\/01\\\/Ev-07.jpg\",\"datePublished\":\"2023-01-05T18:06:32+00:00\",\"author\":{\"@id\":\"https:\\\/\\\/unisale.com.br\\\/pastoral\\\/#\\\/schema\\\/person\\\/492d3d7bfe53a8302576d39485aff2c4\"},\"inLanguage\":\"pt-BR\",\"potentialAction\":[{\"@type\":\"ReadAction\",\"target\":[\"https:\\\/\\\/unisale.com.br\\\/novo\\\/07-01-fazei-o-que-ele-vos-disser\\\/\"]}]},{\"@type\":\"ImageObject\",\"inLanguage\":\"pt-BR\",\"@id\":\"https:\\\/\\\/unisale.com.br\\\/novo\\\/07-01-fazei-o-que-ele-vos-disser\\\/#primaryimage\",\"url\":\"https:\\\/\\\/unisale.com.br\\\/pastoral\\\/wp-content\\\/uploads\\\/2023\\\/01\\\/Ev-07.jpg\",\"contentUrl\":\"https:\\\/\\\/unisale.com.br\\\/pastoral\\\/wp-content\\\/uploads\\\/2023\\\/01\\\/Ev-07.jpg\",\"width\":275,\"height\":183},{\"@type\":\"WebSite\",\"@id\":\"https:\\\/\\\/unisale.com.br\\\/pastoral\\\/#website\",\"url\":\"https:\\\/\\\/unisale.com.br\\\/pastoral\\\/\",\"name\":\"Pastoral Universit\u00e1ria UniSALESIANO\",\"description\":\"Site da Pastoral Universit\u00e1ria do UniSALESIANO\",\"potentialAction\":[{\"@type\":\"SearchAction\",\"target\":{\"@type\":\"EntryPoint\",\"urlTemplate\":\"https:\\\/\\\/unisale.com.br\\\/pastoral\\\/?s={search_term_string}\"},\"query-input\":{\"@type\":\"PropertyValueSpecification\",\"valueRequired\":true,\"valueName\":\"search_term_string\"}}],\"inLanguage\":\"pt-BR\"},{\"@type\":\"Person\",\"@id\":\"https:\\\/\\\/unisale.com.br\\\/pastoral\\\/#\\\/schema\\\/person\\\/492d3d7bfe53a8302576d39485aff2c4\",\"name\":\"Luiz Alexandre Marinho Lanzoni\",\"url\":\"https:\\\/\\\/unisale.com.br\\\/pastoral\\\/author\\\/luiz\\\/\"}]}<\/script>\n<!-- \/ Yoast SEO plugin. -->","yoast_head_json":{"title":"07\/01 - Fazei o que Ele vos disser. - Pastoral Universit\u00e1ria UniSALESIANO","robots":{"index":"index","follow":"follow","max-snippet":"max-snippet:-1","max-image-preview":"max-image-preview:large","max-video-preview":"max-video-preview:-1"},"canonical":"https:\/\/unisale.com.br\/novo\/07-01-fazei-o-que-ele-vos-disser\/","og_locale":"pt_BR","og_type":"article","og_title":"07\/01 - Fazei o que Ele vos disser. - Pastoral Universit\u00e1ria UniSALESIANO","og_description":"S\u00e1bado, 07 de janeiro de 2023. \u00a0 Evangelho (Jo 2,1-11) \u00a0 \u201cFazei o que Ele vos disser\u201d \u00a0 Naquele tempo, 1houve um casamento em Can\u00e1...","og_url":"https:\/\/unisale.com.br\/novo\/07-01-fazei-o-que-ele-vos-disser\/","og_site_name":"Pastoral Universit\u00e1ria UniSALESIANO","article_published_time":"2023-01-05T18:06:32+00:00","og_image":[{"width":275,"height":183,"url":"https:\/\/unisale.com.br\/novo\/wp-content\/uploads\/2023\/01\/Ev-07.jpg","type":"image\/jpeg"}],"author":"Luiz Alexandre Marinho Lanzoni","twitter_card":"summary_large_image","twitter_misc":{"Escrito por":"Luiz Alexandre Marinho Lanzoni","Est. tempo de leitura":"3 minutos"},"schema":{"@context":"https:\/\/schema.org","@graph":[{"@type":"Article","@id":"https:\/\/unisale.com.br\/novo\/07-01-fazei-o-que-ele-vos-disser\/#article","isPartOf":{"@id":"https:\/\/unisale.com.br\/novo\/07-01-fazei-o-que-ele-vos-disser\/"},"author":{"name":"Luiz Alexandre Marinho Lanzoni","@id":"https:\/\/unisale.com.br\/pastoral\/#\/schema\/person\/492d3d7bfe53a8302576d39485aff2c4"},"headline":"07\/01 &#8211; Fazei o que Ele vos disser.","datePublished":"2023-01-05T18:06:32+00:00","mainEntityOfPage":{"@id":"https:\/\/unisale.com.br\/novo\/07-01-fazei-o-que-ele-vos-disser\/"},"wordCount":591,"image":{"@id":"https:\/\/unisale.com.br\/novo\/07-01-fazei-o-que-ele-vos-disser\/#primaryimage"},"thumbnailUrl":"https:\/\/unisale.com.br\/pastoral\/wp-content\/uploads\/2023\/01\/Ev-07.jpg","articleSection":["Reflex\u00e3o do Evangelho"],"inLanguage":"pt-BR"},{"@type":"WebPage","@id":"https:\/\/unisale.com.br\/novo\/07-01-fazei-o-que-ele-vos-disser\/","url":"https:\/\/unisale.com.br\/novo\/07-01-fazei-o-que-ele-vos-disser\/","name":"07\/01 - Fazei o que Ele vos disser. - Pastoral Universit\u00e1ria UniSALESIANO","isPartOf":{"@id":"https:\/\/unisale.com.br\/pastoral\/#website"},"primaryImageOfPage":{"@id":"https:\/\/unisale.com.br\/novo\/07-01-fazei-o-que-ele-vos-disser\/#primaryimage"},"image":{"@id":"https:\/\/unisale.com.br\/novo\/07-01-fazei-o-que-ele-vos-disser\/#primaryimage"},"thumbnailUrl":"https:\/\/unisale.com.br\/pastoral\/wp-content\/uploads\/2023\/01\/Ev-07.jpg","datePublished":"2023-01-05T18:06:32+00:00","author":{"@id":"https:\/\/unisale.com.br\/pastoral\/#\/schema\/person\/492d3d7bfe53a8302576d39485aff2c4"},"inLanguage":"pt-BR","potentialAction":[{"@type":"ReadAction","target":["https:\/\/unisale.com.br\/novo\/07-01-fazei-o-que-ele-vos-disser\/"]}]},{"@type":"ImageObject","inLanguage":"pt-BR","@id":"https:\/\/unisale.com.br\/novo\/07-01-fazei-o-que-ele-vos-disser\/#primaryimage","url":"https:\/\/unisale.com.br\/pastoral\/wp-content\/uploads\/2023\/01\/Ev-07.jpg","contentUrl":"https:\/\/unisale.com.br\/pastoral\/wp-content\/uploads\/2023\/01\/Ev-07.jpg","width":275,"height":183},{"@type":"WebSite","@id":"https:\/\/unisale.com.br\/pastoral\/#website","url":"https:\/\/unisale.com.br\/pastoral\/","name":"Pastoral Universit\u00e1ria UniSALESIANO","description":"Site da Pastoral Universit\u00e1ria do UniSALESIANO","potentialAction":[{"@type":"SearchAction","target":{"@type":"EntryPoint","urlTemplate":"https:\/\/unisale.com.br\/pastoral\/?s={search_term_string}"},"query-input":{"@type":"PropertyValueSpecification","valueRequired":true,"valueName":"search_term_string"}}],"inLanguage":"pt-BR"},{"@type":"Person","@id":"https:\/\/unisale.com.br\/pastoral\/#\/schema\/person\/492d3d7bfe53a8302576d39485aff2c4","name":"Luiz Alexandre Marinho Lanzoni","url":"https:\/\/unisale.com.br\/pastoral\/author\/luiz\/"}]}},"_links":{"self":[{"href":"https:\/\/unisale.com.br\/pastoral\/wp-json\/wp\/v2\/posts\/6074","targetHints":{"allow":["GET"]}}],"collection":[{"href":"https:\/\/unisale.com.br\/pastoral\/wp-json\/wp\/v2\/posts"}],"about":[{"href":"https:\/\/unisale.com.br\/pastoral\/wp-json\/wp\/v2\/types\/post"}],"author":[{"embeddable":true,"href":"https:\/\/unisale.com.br\/pastoral\/wp-json\/wp\/v2\/users\/6"}],"replies":[{"embeddable":true,"href":"https:\/\/unisale.com.br\/pastoral\/wp-json\/wp\/v2\/comments?post=6074"}],"version-history":[{"count":0,"href":"https:\/\/unisale.com.br\/pastoral\/wp-json\/wp\/v2\/posts\/6074\/revisions"}],"wp:featuredmedia":[{"embeddable":true,"href":"https:\/\/unisale.com.br\/pastoral\/wp-json\/wp\/v2\/media\/6071"}],"wp:attachment":[{"href":"https:\/\/unisale.com.br\/pastoral\/wp-json\/wp\/v2\/media?parent=6074"}],"wp:term":[{"taxonomy":"category","embeddable":true,"href":"https:\/\/unisale.com.br\/pastoral\/wp-json\/wp\/v2\/categories?post=6074"},{"taxonomy":"post_tag","embeddable":true,"href":"https:\/\/unisale.com.br\/pastoral\/wp-json\/wp\/v2\/tags?post=6074"}],"curies":[{"name":"wp","href":"https:\/\/api.w.org\/{rel}","templated":true}]}}