{"id":6083,"date":"2023-01-07T13:46:06","date_gmt":"2023-01-07T13:46:06","guid":{"rendered":"https:\/\/unisale.com.br\/pastoral\/?p=6083"},"modified":"2023-01-07T13:46:06","modified_gmt":"2023-01-07T13:46:06","slug":"09-01-este-e-o-meu-filho-amado-no-qual-eu-pus-o-meu-agrado","status":"publish","type":"post","link":"https:\/\/unisale.com.br\/pastoral\/09-01-este-e-o-meu-filho-amado-no-qual-eu-pus-o-meu-agrado\/","title":{"rendered":"09\/01- Este \u00e9 o meu Filho amado, no qual eu pus o meu agrado."},"content":{"rendered":"<p class=\"tm6\"><span class=\"tm7\">Segunda-feira, 09 de janeiro de 2023.<\/span><\/p>\n<p class=\"tm6\"><span class=\"tm7\">\u00a0<\/span><\/p>\n<p class=\"tm6\"><span class=\"tm7\">Evangelho (Mt 3,13-17)<\/span><\/p>\n<p class=\"tm6\"><span class=\"tm7\">\u00a0<\/span><\/p>\n<p class=\"tm6\"><strong><span class=\"tm8\">\u201cEste \u00e9 o meu Filho amado, no qual eu pus o meu agrado\u201d<\/span><\/strong><\/p>\n<p class=\"tm6\"><span class=\"tm7\">\u00a0<\/span><\/p>\n<p class=\"tm6\"><span class=\"tm7\">Naquele tempo, <\/span><sup><span class=\"tm7\">13<\/span><\/sup><span class=\"tm7\">Jesus veio da Galileia para o rio Jord\u00e3o, a fim de se encontrar com Jo\u00e3o e ser batizado por ele. <\/span><sup><span class=\"tm7\">14<\/span><\/sup><span class=\"tm7\">Mas Jo\u00e3o protestou, dizendo: \u201cEu preciso ser batizado por ti, e tu vens a mim?\u201d <\/span><sup><span class=\"tm7\">15<\/span><\/sup><span class=\"tm7\">Jesus, por\u00e9m, respondeu-lhe: \u201cPor enquanto deixa como est\u00e1, porque n\u00f3s devemos cumprir toda a justi\u00e7a!\u201d E Jo\u00e3o concordou. <\/span><sup><span class=\"tm7\">16<\/span><\/sup><span class=\"tm7\">Depois de ser batizado, Jesus saiu logo da \u00e1gua. Ent\u00e3o o c\u00e9u se abriu e Jesus viu o Esp\u00edrito de Deus, descendo como pomba e vindo pousar sobre ele. <\/span><sup><span class=\"tm7\">17<\/span><\/sup><span class=\"tm7\">E do c\u00e9u veio uma voz que dizia: \u201cEste \u00e9 o meu Filho amado, no qual eu pus o meu agrado\u201d.<\/span><\/p>\n<p class=\"tm6\"><span class=\"tm7\">\u00a0<\/span><\/p>\n<p class=\"tm6\"><strong><span class=\"tm8\">Reflex\u00e3o<\/span><\/strong><\/p>\n<p class=\"tm6\"><span class=\"tm7\">\u00a0<\/span><\/p>\n<p class=\"tm6\"><span class=\"tm7\">O tempo do Natal se conclui com a festa do Batismo de Jesus. O Natal n\u00e3o \u00e9 somente uma doce mem\u00f3ria do amor de Deus que manifestou a sua gl\u00f3ria na fr\u00e1gil humanidade de um menino. \u00c9 tamb\u00e9m a manifesta\u00e7\u00e3o da sua obstinada e paradoxal \u201cjusti\u00e7a\u201d, capaz de restituir a plenitude da vida aos nossos percursos humanos, muitas vezes incertos e interrompidos. Jo\u00e3o o Precursor era um homem extraordin\u00e1rio, um profeta coerente, um aut\u00eantico mensageiro de Deus no meio do seu povo. O seu modo de viver revelava uma qualidade humana alt\u00edssima, um senso de justi\u00e7a, uma profunda liberdade interior. Podemos imagin\u00e1-lo como um homem capaz de falar com franqueza, que era capaz de tocar os cora\u00e7\u00f5es com palavras claras e ardentes. No entanto, este seu perfil parece vacilar justamente no momento em que Jesus vem da Galileia para fazer-se batizar por ele. Jo\u00e3o vive um momento de hesita\u00e7\u00e3o e procura impedir que Jesus se submeta a ele: \u201cEu preciso ser batizado por ti, e tu vens a mim?\u201d. A esta interrogativa de Jo\u00e3o, Jesus diz somente que \u201cpor enquanto devemos deixar como est\u00e1, porque n\u00f3s devemos cumprir toda a justi\u00e7a!\u201d. No momento do Batismo de Jesus, Jo\u00e3o entende que Deus decidiu colocar em pr\u00e1tica \u201ctoda justi\u00e7a\u201d dentro da hist\u00f3ria da humanidade atrav\u00e9s de seu Filho unig\u00eanito e \u201cfez como dever ser\u201d. Jesus mergulha na \u00e1gua e quando sai, v\u00ea o Esp\u00edrito Santo descer sobre Ele, e eis uma voz do c\u00e9u que que revela que finalmente o olhar de Deus pode pousar de uma maneira nova sobre a nossa vida: \u201cEste \u00e9 o meu Filho amado, no qual eu pus o meu agrado\u201d. O Batismo de Jesus nos revela que a Deus agrada, na sua busca de comunh\u00e3o com o homem, descer do c\u00e9u e ajoelhar-se diante da nossa humanidade, para chegar l\u00e1 onde a trag\u00e9dia do pecado nos conduziu. Na Festa de hoje, somos chamados a vislumbrar na forma de um abaixamento a mais l\u00edmpida manifesta\u00e7\u00e3o de amor em confronto a n\u00f3s, a beleza para a qual devemos converter a dureza do nosso cora\u00e7\u00e3o. Sem perder a sua dignidade, Deus se revelou solid\u00e1rio conosco l\u00e1 onde nem mesmo n\u00f3s conseguimos nos solidarizar conosco mesmos. Temos a ocasi\u00e3o de descobrir qual dom Deus te deu com o Natal de seu Filho, de modo que, neste novo ano que se abre diante de n\u00f3s, possamos renunciar o h\u00e1bito de sempre nos justificarmos, para come\u00e7ar a viver na liberdade de filhos; justificados e amados, est\u00e1veis nas rela\u00e7\u00f5es com um Deus que desejou tocar plenamente a nossa humanidade, dando-nos o que tinha de mais precioso, beneficiando e curando toda a nossa humanidade. <a id=\"aGoBack\"><\/a><\/span><\/p>\n<p class=\"Normal\"><strong>Pe. Paulo Eduardo J\u00e1como, SDB.<\/strong><\/p>\n","protected":false},"excerpt":{"rendered":"<p>Segunda-feira, 09 de janeiro de 2023. \u00a0 Evangelho (Mt 3,13-17) \u00a0 \u201cEste \u00e9 o meu Filho amado, no qual eu pus o meu agrado\u201d \u00a0&#8230;<\/p>\n","protected":false},"author":6,"featured_media":6084,"comment_status":"closed","ping_status":"closed","sticky":false,"template":"","format":"standard","meta":{"_acf_changed":false,"footnotes":""},"categories":[1],"tags":[],"class_list":["post-6083","post","type-post","status-publish","format-standard","has-post-thumbnail","hentry","category-uncategorized"],"acf":[],"yoast_head":"<!-- This site is optimized with the Yoast SEO plugin v27.3 - https:\/\/yoast.com\/product\/yoast-seo-wordpress\/ -->\n<title>09\/01- Este \u00e9 o meu Filho amado, no qual eu pus o meu agrado. - Pastoral Universit\u00e1ria UniSALESIANO<\/title>\n<meta name=\"robots\" content=\"index, follow, max-snippet:-1, max-image-preview:large, max-video-preview:-1\" \/>\n<link rel=\"canonical\" href=\"https:\/\/unisale.com.br\/novo\/09-01-este-e-o-meu-filho-amado-no-qual-eu-pus-o-meu-agrado\/\" \/>\n<meta property=\"og:locale\" content=\"pt_BR\" \/>\n<meta property=\"og:type\" content=\"article\" \/>\n<meta property=\"og:title\" content=\"09\/01- Este \u00e9 o meu Filho amado, no qual eu pus o meu agrado. - Pastoral Universit\u00e1ria UniSALESIANO\" \/>\n<meta property=\"og:description\" content=\"Segunda-feira, 09 de janeiro de 2023. \u00a0 Evangelho (Mt 3,13-17) \u00a0 \u201cEste \u00e9 o meu Filho amado, no qual eu pus o meu agrado\u201d \u00a0...\" \/>\n<meta property=\"og:url\" content=\"https:\/\/unisale.com.br\/novo\/09-01-este-e-o-meu-filho-amado-no-qual-eu-pus-o-meu-agrado\/\" \/>\n<meta property=\"og:site_name\" content=\"Pastoral Universit\u00e1ria UniSALESIANO\" \/>\n<meta property=\"article:published_time\" content=\"2023-01-07T13:46:06+00:00\" \/>\n<meta property=\"og:image\" content=\"https:\/\/unisale.com.br\/novo\/wp-content\/uploads\/2023\/01\/Ev-09.jpg\" \/>\n\t<meta property=\"og:image:width\" content=\"1280\" \/>\n\t<meta property=\"og:image:height\" content=\"720\" \/>\n\t<meta property=\"og:image:type\" content=\"image\/jpeg\" \/>\n<meta name=\"author\" content=\"Luiz Alexandre Marinho Lanzoni\" \/>\n<meta name=\"twitter:card\" content=\"summary_large_image\" \/>\n<meta name=\"twitter:label1\" content=\"Escrito por\" \/>\n\t<meta name=\"twitter:data1\" content=\"Luiz Alexandre Marinho Lanzoni\" \/>\n\t<meta name=\"twitter:label2\" content=\"Est. tempo de leitura\" \/>\n\t<meta name=\"twitter:data2\" content=\"3 minutos\" \/>\n<script type=\"application\/ld+json\" class=\"yoast-schema-graph\">{\"@context\":\"https:\\\/\\\/schema.org\",\"@graph\":[{\"@type\":\"Article\",\"@id\":\"https:\\\/\\\/unisale.com.br\\\/novo\\\/09-01-este-e-o-meu-filho-amado-no-qual-eu-pus-o-meu-agrado\\\/#article\",\"isPartOf\":{\"@id\":\"https:\\\/\\\/unisale.com.br\\\/novo\\\/09-01-este-e-o-meu-filho-amado-no-qual-eu-pus-o-meu-agrado\\\/\"},\"author\":{\"name\":\"Luiz Alexandre Marinho Lanzoni\",\"@id\":\"https:\\\/\\\/unisale.com.br\\\/pastoral\\\/#\\\/schema\\\/person\\\/492d3d7bfe53a8302576d39485aff2c4\"},\"headline\":\"09\\\/01- Este \u00e9 o meu Filho amado, no qual eu pus o meu agrado.\",\"datePublished\":\"2023-01-07T13:46:06+00:00\",\"mainEntityOfPage\":{\"@id\":\"https:\\\/\\\/unisale.com.br\\\/novo\\\/09-01-este-e-o-meu-filho-amado-no-qual-eu-pus-o-meu-agrado\\\/\"},\"wordCount\":634,\"image\":{\"@id\":\"https:\\\/\\\/unisale.com.br\\\/novo\\\/09-01-este-e-o-meu-filho-amado-no-qual-eu-pus-o-meu-agrado\\\/#primaryimage\"},\"thumbnailUrl\":\"https:\\\/\\\/unisale.com.br\\\/pastoral\\\/wp-content\\\/uploads\\\/2023\\\/01\\\/Ev-09.jpg\",\"inLanguage\":\"pt-BR\"},{\"@type\":\"WebPage\",\"@id\":\"https:\\\/\\\/unisale.com.br\\\/novo\\\/09-01-este-e-o-meu-filho-amado-no-qual-eu-pus-o-meu-agrado\\\/\",\"url\":\"https:\\\/\\\/unisale.com.br\\\/novo\\\/09-01-este-e-o-meu-filho-amado-no-qual-eu-pus-o-meu-agrado\\\/\",\"name\":\"09\\\/01- Este \u00e9 o meu Filho amado, no qual eu pus o meu agrado. - Pastoral Universit\u00e1ria UniSALESIANO\",\"isPartOf\":{\"@id\":\"https:\\\/\\\/unisale.com.br\\\/pastoral\\\/#website\"},\"primaryImageOfPage\":{\"@id\":\"https:\\\/\\\/unisale.com.br\\\/novo\\\/09-01-este-e-o-meu-filho-amado-no-qual-eu-pus-o-meu-agrado\\\/#primaryimage\"},\"image\":{\"@id\":\"https:\\\/\\\/unisale.com.br\\\/novo\\\/09-01-este-e-o-meu-filho-amado-no-qual-eu-pus-o-meu-agrado\\\/#primaryimage\"},\"thumbnailUrl\":\"https:\\\/\\\/unisale.com.br\\\/pastoral\\\/wp-content\\\/uploads\\\/2023\\\/01\\\/Ev-09.jpg\",\"datePublished\":\"2023-01-07T13:46:06+00:00\",\"author\":{\"@id\":\"https:\\\/\\\/unisale.com.br\\\/pastoral\\\/#\\\/schema\\\/person\\\/492d3d7bfe53a8302576d39485aff2c4\"},\"inLanguage\":\"pt-BR\",\"potentialAction\":[{\"@type\":\"ReadAction\",\"target\":[\"https:\\\/\\\/unisale.com.br\\\/novo\\\/09-01-este-e-o-meu-filho-amado-no-qual-eu-pus-o-meu-agrado\\\/\"]}]},{\"@type\":\"ImageObject\",\"inLanguage\":\"pt-BR\",\"@id\":\"https:\\\/\\\/unisale.com.br\\\/novo\\\/09-01-este-e-o-meu-filho-amado-no-qual-eu-pus-o-meu-agrado\\\/#primaryimage\",\"url\":\"https:\\\/\\\/unisale.com.br\\\/pastoral\\\/wp-content\\\/uploads\\\/2023\\\/01\\\/Ev-09.jpg\",\"contentUrl\":\"https:\\\/\\\/unisale.com.br\\\/pastoral\\\/wp-content\\\/uploads\\\/2023\\\/01\\\/Ev-09.jpg\",\"width\":889,\"height\":500},{\"@type\":\"WebSite\",\"@id\":\"https:\\\/\\\/unisale.com.br\\\/pastoral\\\/#website\",\"url\":\"https:\\\/\\\/unisale.com.br\\\/pastoral\\\/\",\"name\":\"Pastoral Universit\u00e1ria UniSALESIANO\",\"description\":\"Site da Pastoral Universit\u00e1ria do UniSALESIANO\",\"potentialAction\":[{\"@type\":\"SearchAction\",\"target\":{\"@type\":\"EntryPoint\",\"urlTemplate\":\"https:\\\/\\\/unisale.com.br\\\/pastoral\\\/?s={search_term_string}\"},\"query-input\":{\"@type\":\"PropertyValueSpecification\",\"valueRequired\":true,\"valueName\":\"search_term_string\"}}],\"inLanguage\":\"pt-BR\"},{\"@type\":\"Person\",\"@id\":\"https:\\\/\\\/unisale.com.br\\\/pastoral\\\/#\\\/schema\\\/person\\\/492d3d7bfe53a8302576d39485aff2c4\",\"name\":\"Luiz Alexandre Marinho Lanzoni\",\"url\":\"https:\\\/\\\/unisale.com.br\\\/pastoral\\\/author\\\/luiz\\\/\"}]}<\/script>\n<!-- \/ Yoast SEO plugin. -->","yoast_head_json":{"title":"09\/01- Este \u00e9 o meu Filho amado, no qual eu pus o meu agrado. - Pastoral Universit\u00e1ria UniSALESIANO","robots":{"index":"index","follow":"follow","max-snippet":"max-snippet:-1","max-image-preview":"max-image-preview:large","max-video-preview":"max-video-preview:-1"},"canonical":"https:\/\/unisale.com.br\/novo\/09-01-este-e-o-meu-filho-amado-no-qual-eu-pus-o-meu-agrado\/","og_locale":"pt_BR","og_type":"article","og_title":"09\/01- Este \u00e9 o meu Filho amado, no qual eu pus o meu agrado. - Pastoral Universit\u00e1ria UniSALESIANO","og_description":"Segunda-feira, 09 de janeiro de 2023. \u00a0 Evangelho (Mt 3,13-17) \u00a0 \u201cEste \u00e9 o meu Filho amado, no qual eu pus o meu agrado\u201d \u00a0...","og_url":"https:\/\/unisale.com.br\/novo\/09-01-este-e-o-meu-filho-amado-no-qual-eu-pus-o-meu-agrado\/","og_site_name":"Pastoral Universit\u00e1ria UniSALESIANO","article_published_time":"2023-01-07T13:46:06+00:00","og_image":[{"width":1280,"height":720,"url":"https:\/\/unisale.com.br\/novo\/wp-content\/uploads\/2023\/01\/Ev-09.jpg","type":"image\/jpeg"}],"author":"Luiz Alexandre Marinho Lanzoni","twitter_card":"summary_large_image","twitter_misc":{"Escrito por":"Luiz Alexandre Marinho Lanzoni","Est. tempo de leitura":"3 minutos"},"schema":{"@context":"https:\/\/schema.org","@graph":[{"@type":"Article","@id":"https:\/\/unisale.com.br\/novo\/09-01-este-e-o-meu-filho-amado-no-qual-eu-pus-o-meu-agrado\/#article","isPartOf":{"@id":"https:\/\/unisale.com.br\/novo\/09-01-este-e-o-meu-filho-amado-no-qual-eu-pus-o-meu-agrado\/"},"author":{"name":"Luiz Alexandre Marinho Lanzoni","@id":"https:\/\/unisale.com.br\/pastoral\/#\/schema\/person\/492d3d7bfe53a8302576d39485aff2c4"},"headline":"09\/01- Este \u00e9 o meu Filho amado, no qual eu pus o meu agrado.","datePublished":"2023-01-07T13:46:06+00:00","mainEntityOfPage":{"@id":"https:\/\/unisale.com.br\/novo\/09-01-este-e-o-meu-filho-amado-no-qual-eu-pus-o-meu-agrado\/"},"wordCount":634,"image":{"@id":"https:\/\/unisale.com.br\/novo\/09-01-este-e-o-meu-filho-amado-no-qual-eu-pus-o-meu-agrado\/#primaryimage"},"thumbnailUrl":"https:\/\/unisale.com.br\/pastoral\/wp-content\/uploads\/2023\/01\/Ev-09.jpg","inLanguage":"pt-BR"},{"@type":"WebPage","@id":"https:\/\/unisale.com.br\/novo\/09-01-este-e-o-meu-filho-amado-no-qual-eu-pus-o-meu-agrado\/","url":"https:\/\/unisale.com.br\/novo\/09-01-este-e-o-meu-filho-amado-no-qual-eu-pus-o-meu-agrado\/","name":"09\/01- Este \u00e9 o meu Filho amado, no qual eu pus o meu agrado. - Pastoral Universit\u00e1ria UniSALESIANO","isPartOf":{"@id":"https:\/\/unisale.com.br\/pastoral\/#website"},"primaryImageOfPage":{"@id":"https:\/\/unisale.com.br\/novo\/09-01-este-e-o-meu-filho-amado-no-qual-eu-pus-o-meu-agrado\/#primaryimage"},"image":{"@id":"https:\/\/unisale.com.br\/novo\/09-01-este-e-o-meu-filho-amado-no-qual-eu-pus-o-meu-agrado\/#primaryimage"},"thumbnailUrl":"https:\/\/unisale.com.br\/pastoral\/wp-content\/uploads\/2023\/01\/Ev-09.jpg","datePublished":"2023-01-07T13:46:06+00:00","author":{"@id":"https:\/\/unisale.com.br\/pastoral\/#\/schema\/person\/492d3d7bfe53a8302576d39485aff2c4"},"inLanguage":"pt-BR","potentialAction":[{"@type":"ReadAction","target":["https:\/\/unisale.com.br\/novo\/09-01-este-e-o-meu-filho-amado-no-qual-eu-pus-o-meu-agrado\/"]}]},{"@type":"ImageObject","inLanguage":"pt-BR","@id":"https:\/\/unisale.com.br\/novo\/09-01-este-e-o-meu-filho-amado-no-qual-eu-pus-o-meu-agrado\/#primaryimage","url":"https:\/\/unisale.com.br\/pastoral\/wp-content\/uploads\/2023\/01\/Ev-09.jpg","contentUrl":"https:\/\/unisale.com.br\/pastoral\/wp-content\/uploads\/2023\/01\/Ev-09.jpg","width":889,"height":500},{"@type":"WebSite","@id":"https:\/\/unisale.com.br\/pastoral\/#website","url":"https:\/\/unisale.com.br\/pastoral\/","name":"Pastoral Universit\u00e1ria UniSALESIANO","description":"Site da Pastoral Universit\u00e1ria do UniSALESIANO","potentialAction":[{"@type":"SearchAction","target":{"@type":"EntryPoint","urlTemplate":"https:\/\/unisale.com.br\/pastoral\/?s={search_term_string}"},"query-input":{"@type":"PropertyValueSpecification","valueRequired":true,"valueName":"search_term_string"}}],"inLanguage":"pt-BR"},{"@type":"Person","@id":"https:\/\/unisale.com.br\/pastoral\/#\/schema\/person\/492d3d7bfe53a8302576d39485aff2c4","name":"Luiz Alexandre Marinho Lanzoni","url":"https:\/\/unisale.com.br\/pastoral\/author\/luiz\/"}]}},"_links":{"self":[{"href":"https:\/\/unisale.com.br\/pastoral\/wp-json\/wp\/v2\/posts\/6083","targetHints":{"allow":["GET"]}}],"collection":[{"href":"https:\/\/unisale.com.br\/pastoral\/wp-json\/wp\/v2\/posts"}],"about":[{"href":"https:\/\/unisale.com.br\/pastoral\/wp-json\/wp\/v2\/types\/post"}],"author":[{"embeddable":true,"href":"https:\/\/unisale.com.br\/pastoral\/wp-json\/wp\/v2\/users\/6"}],"replies":[{"embeddable":true,"href":"https:\/\/unisale.com.br\/pastoral\/wp-json\/wp\/v2\/comments?post=6083"}],"version-history":[{"count":0,"href":"https:\/\/unisale.com.br\/pastoral\/wp-json\/wp\/v2\/posts\/6083\/revisions"}],"wp:featuredmedia":[{"embeddable":true,"href":"https:\/\/unisale.com.br\/pastoral\/wp-json\/wp\/v2\/media\/6084"}],"wp:attachment":[{"href":"https:\/\/unisale.com.br\/pastoral\/wp-json\/wp\/v2\/media?parent=6083"}],"wp:term":[{"taxonomy":"category","embeddable":true,"href":"https:\/\/unisale.com.br\/pastoral\/wp-json\/wp\/v2\/categories?post=6083"},{"taxonomy":"post_tag","embeddable":true,"href":"https:\/\/unisale.com.br\/pastoral\/wp-json\/wp\/v2\/tags?post=6083"}],"curies":[{"name":"wp","href":"https:\/\/api.w.org\/{rel}","templated":true}]}}