{"id":6098,"date":"2023-01-09T11:11:07","date_gmt":"2023-01-09T11:11:07","guid":{"rendered":"https:\/\/unisale.com.br\/pastoral\/?p=6098"},"modified":"2023-01-09T11:11:07","modified_gmt":"2023-01-09T11:11:07","slug":"12-01-eu-quero-fica-curado","status":"publish","type":"post","link":"https:\/\/unisale.com.br\/pastoral\/12-01-eu-quero-fica-curado\/","title":{"rendered":"12\/01 &#8211; Eu quero: fica curado!"},"content":{"rendered":"<p>Quinta-feira, 12 de janeiro de 2023.<\/p>\n<p>&nbsp;<\/p>\n<p>Evangelho (Mc 1,40-45)<\/p>\n<p>&nbsp;<\/p>\n<p><strong>\u201cEu quero: fica curado!\u201d<\/strong><\/p>\n<p>&nbsp;<\/p>\n<p>Naquele tempo, <sup>40<\/sup>um leproso chegou perto de Jesus, e de joelhos pediu: \u201cSe queres, tens o poder de curar-me\u201d. <sup>41<\/sup>Jesus, cheio de compaix\u00e3o, estendeu a m\u00e3o, tocou nele, e disse: \u201cEu quero: fica curado!\u201d <sup>42<\/sup>No mesmo instante, a lepra desapareceu, e ele ficou curado. <sup>43<\/sup>Ent\u00e3o Jesus o mandou logo embora, <sup>44<\/sup>falando com firmeza: \u201cN\u00e3o contes nada disso a ningu\u00e9m! Vai, mostra-te ao sacerdote e oferece, pela tua purifica\u00e7\u00e3o, o que Mois\u00e9s ordenou, como prova para eles!\u201d <sup>45<\/sup>Ele foi e come\u00e7ou a contar e a divulgar muito o fato. Por isso Jesus n\u00e3o podia mais entrar publicamente numa cidade: ficava fora, em lugares desertos. E de toda parte vinham procur\u00e1-lo.<\/p>\n<p>&nbsp;<\/p>\n<p><strong>Reflex\u00e3o<\/strong><\/p>\n<p>&nbsp;<\/p>\n<p>Existe uma publicidade que refulge constantemente em Jesus. \u00c9 a fama que lhe vem de seus milagres. Para Ele os milagres n\u00e3o servem para fazer sua fama, para criar uma audi\u00eancia e fazer crescer a sua popularidade. Ele realiza milagres somente porque est\u00e3o no seu cora\u00e7\u00e3o as pessoas que Ele tem diante de si. Jesus n\u00e3o deseja desfrutar de seus sofrimentos, para a Sua miss\u00e3o, para fazer um marketing evang\u00e9lico. \u00c9 por este motivo que no evangelho de Marcos sobretudo, Jesus tenta convencer as pessoas de n\u00e3o fazer muita propaganda do encontro com Ele. Acontece assim com o leproso do Evangelho de hoje: <sup>\u201c<\/sup>Ent\u00e3o Jesus o mandou logo embora, falando com firmeza: \u201cN\u00e3o contes nada disso a ningu\u00e9m! Vai, mostra-te ao sacerdote e oferece, pela tua purifica\u00e7\u00e3o, o que Mois\u00e9s ordenou, como prova para eles!\u201d. Dever\u00edamos ser obedientes a algu\u00e9m que te salvou a vida, mas se voc\u00ea est\u00e1 t\u00e3o feliz por dentro, \u00e9 praticamente imposs\u00edvel permanecer em sil\u00eancio: \u201cEle foi e come\u00e7ou a contar e a divulgar muito o fato. Por isso Jesus n\u00e3o podia mais entrar publicamente numa cidade: ficava fora, em lugares desertos. E de toda parte vinham procur\u00e1-lo\u201d. A consequ\u00eancia \u00e9 dr\u00e1stica: Jesus n\u00e3o consegue mais entrar na intimidade da casa das pessoas, mas \u00e9 obrigado a se retirar da cidade para que a multid\u00e3o n\u00e3o se fa\u00e7a mal na tentativa de aproximar-se dEle. Tantos santos tiveram esta mesma experi\u00eancia. Contra a pr\u00f3pria vontade se tornaram famosos que n\u00e3o conseguiram mais ter direito \u00e0s coisas mais simples e \u00edntimas. Quando se encontra Cristo na humanidade de algu\u00e9m \u00e9 imposs\u00edvel que isto n\u00e3o crie problemas de ordem p\u00fablica assim como o evangelho de hoje nos testemunha. Se as nossas Igrejas est\u00e3o vazias, est\u00e3o por dois motivos: ou porque Cristo nos est\u00e1 preservando de um stress semelhante, ou porque a nossa santidade tem algum problema em tornar-se vis\u00edvel.<\/p>\n<p><strong>Pe. Paulo Eduardo J\u00e1como, SDB.<\/strong><\/p>\n","protected":false},"excerpt":{"rendered":"<p>Quinta-feira, 12 de janeiro de 2023. &nbsp; Evangelho (Mc 1,40-45) &nbsp; \u201cEu quero: fica curado!\u201d &nbsp; Naquele tempo, 40um leproso chegou perto de Jesus, e&#8230;<\/p>\n","protected":false},"author":6,"featured_media":6095,"comment_status":"closed","ping_status":"closed","sticky":false,"template":"","format":"standard","meta":{"_acf_changed":false,"footnotes":""},"categories":[13],"tags":[],"class_list":["post-6098","post","type-post","status-publish","format-standard","has-post-thumbnail","hentry","category-reflexaodoevagelho"],"acf":[],"yoast_head":"<!-- This site is optimized with the Yoast SEO plugin v27.3 - https:\/\/yoast.com\/product\/yoast-seo-wordpress\/ -->\n<title>12\/01 - Eu quero: fica curado! - Pastoral Universit\u00e1ria UniSALESIANO<\/title>\n<meta name=\"robots\" content=\"index, follow, max-snippet:-1, max-image-preview:large, max-video-preview:-1\" \/>\n<link rel=\"canonical\" href=\"https:\/\/unisale.com.br\/novo\/12-01-eu-quero-fica-curado\/\" \/>\n<meta property=\"og:locale\" content=\"pt_BR\" \/>\n<meta property=\"og:type\" content=\"article\" \/>\n<meta property=\"og:title\" content=\"12\/01 - Eu quero: fica curado! - Pastoral Universit\u00e1ria UniSALESIANO\" \/>\n<meta property=\"og:description\" content=\"Quinta-feira, 12 de janeiro de 2023. &nbsp; Evangelho (Mc 1,40-45) &nbsp; \u201cEu quero: fica curado!\u201d &nbsp; Naquele tempo, 40um leproso chegou perto de Jesus, e...\" \/>\n<meta property=\"og:url\" content=\"https:\/\/unisale.com.br\/novo\/12-01-eu-quero-fica-curado\/\" \/>\n<meta property=\"og:site_name\" content=\"Pastoral Universit\u00e1ria UniSALESIANO\" \/>\n<meta property=\"article:published_time\" content=\"2023-01-09T11:11:07+00:00\" \/>\n<meta property=\"og:image\" content=\"https:\/\/unisale.com.br\/novo\/wp-content\/uploads\/2023\/01\/Ev-12.jpg\" \/>\n\t<meta property=\"og:image:width\" content=\"930\" \/>\n\t<meta property=\"og:image:height\" content=\"620\" \/>\n\t<meta property=\"og:image:type\" content=\"image\/jpeg\" \/>\n<meta name=\"author\" content=\"Luiz Alexandre Marinho Lanzoni\" \/>\n<meta name=\"twitter:card\" content=\"summary_large_image\" \/>\n<meta name=\"twitter:label1\" content=\"Escrito por\" \/>\n\t<meta name=\"twitter:data1\" content=\"Luiz Alexandre Marinho Lanzoni\" \/>\n\t<meta name=\"twitter:label2\" content=\"Est. tempo de leitura\" \/>\n\t<meta name=\"twitter:data2\" content=\"2 minutos\" \/>\n<script type=\"application\/ld+json\" class=\"yoast-schema-graph\">{\"@context\":\"https:\\\/\\\/schema.org\",\"@graph\":[{\"@type\":\"Article\",\"@id\":\"https:\\\/\\\/unisale.com.br\\\/novo\\\/12-01-eu-quero-fica-curado\\\/#article\",\"isPartOf\":{\"@id\":\"https:\\\/\\\/unisale.com.br\\\/novo\\\/12-01-eu-quero-fica-curado\\\/\"},\"author\":{\"name\":\"Luiz Alexandre Marinho Lanzoni\",\"@id\":\"https:\\\/\\\/unisale.com.br\\\/pastoral\\\/#\\\/schema\\\/person\\\/492d3d7bfe53a8302576d39485aff2c4\"},\"headline\":\"12\\\/01 &#8211; Eu quero: fica curado!\",\"datePublished\":\"2023-01-09T11:11:07+00:00\",\"mainEntityOfPage\":{\"@id\":\"https:\\\/\\\/unisale.com.br\\\/novo\\\/12-01-eu-quero-fica-curado\\\/\"},\"wordCount\":489,\"image\":{\"@id\":\"https:\\\/\\\/unisale.com.br\\\/novo\\\/12-01-eu-quero-fica-curado\\\/#primaryimage\"},\"thumbnailUrl\":\"https:\\\/\\\/unisale.com.br\\\/pastoral\\\/wp-content\\\/uploads\\\/2023\\\/01\\\/Ev-12.jpg\",\"articleSection\":[\"Reflex\u00e3o do Evangelho\"],\"inLanguage\":\"pt-BR\"},{\"@type\":\"WebPage\",\"@id\":\"https:\\\/\\\/unisale.com.br\\\/novo\\\/12-01-eu-quero-fica-curado\\\/\",\"url\":\"https:\\\/\\\/unisale.com.br\\\/novo\\\/12-01-eu-quero-fica-curado\\\/\",\"name\":\"12\\\/01 - Eu quero: fica curado! - Pastoral Universit\u00e1ria UniSALESIANO\",\"isPartOf\":{\"@id\":\"https:\\\/\\\/unisale.com.br\\\/pastoral\\\/#website\"},\"primaryImageOfPage\":{\"@id\":\"https:\\\/\\\/unisale.com.br\\\/novo\\\/12-01-eu-quero-fica-curado\\\/#primaryimage\"},\"image\":{\"@id\":\"https:\\\/\\\/unisale.com.br\\\/novo\\\/12-01-eu-quero-fica-curado\\\/#primaryimage\"},\"thumbnailUrl\":\"https:\\\/\\\/unisale.com.br\\\/pastoral\\\/wp-content\\\/uploads\\\/2023\\\/01\\\/Ev-12.jpg\",\"datePublished\":\"2023-01-09T11:11:07+00:00\",\"author\":{\"@id\":\"https:\\\/\\\/unisale.com.br\\\/pastoral\\\/#\\\/schema\\\/person\\\/492d3d7bfe53a8302576d39485aff2c4\"},\"inLanguage\":\"pt-BR\",\"potentialAction\":[{\"@type\":\"ReadAction\",\"target\":[\"https:\\\/\\\/unisale.com.br\\\/novo\\\/12-01-eu-quero-fica-curado\\\/\"]}]},{\"@type\":\"ImageObject\",\"inLanguage\":\"pt-BR\",\"@id\":\"https:\\\/\\\/unisale.com.br\\\/novo\\\/12-01-eu-quero-fica-curado\\\/#primaryimage\",\"url\":\"https:\\\/\\\/unisale.com.br\\\/pastoral\\\/wp-content\\\/uploads\\\/2023\\\/01\\\/Ev-12.jpg\",\"contentUrl\":\"https:\\\/\\\/unisale.com.br\\\/pastoral\\\/wp-content\\\/uploads\\\/2023\\\/01\\\/Ev-12.jpg\",\"width\":750,\"height\":500},{\"@type\":\"WebSite\",\"@id\":\"https:\\\/\\\/unisale.com.br\\\/pastoral\\\/#website\",\"url\":\"https:\\\/\\\/unisale.com.br\\\/pastoral\\\/\",\"name\":\"Pastoral Universit\u00e1ria UniSALESIANO\",\"description\":\"Site da Pastoral Universit\u00e1ria do UniSALESIANO\",\"potentialAction\":[{\"@type\":\"SearchAction\",\"target\":{\"@type\":\"EntryPoint\",\"urlTemplate\":\"https:\\\/\\\/unisale.com.br\\\/pastoral\\\/?s={search_term_string}\"},\"query-input\":{\"@type\":\"PropertyValueSpecification\",\"valueRequired\":true,\"valueName\":\"search_term_string\"}}],\"inLanguage\":\"pt-BR\"},{\"@type\":\"Person\",\"@id\":\"https:\\\/\\\/unisale.com.br\\\/pastoral\\\/#\\\/schema\\\/person\\\/492d3d7bfe53a8302576d39485aff2c4\",\"name\":\"Luiz Alexandre Marinho Lanzoni\",\"url\":\"https:\\\/\\\/unisale.com.br\\\/pastoral\\\/author\\\/luiz\\\/\"}]}<\/script>\n<!-- \/ Yoast SEO plugin. -->","yoast_head_json":{"title":"12\/01 - Eu quero: fica curado! - Pastoral Universit\u00e1ria UniSALESIANO","robots":{"index":"index","follow":"follow","max-snippet":"max-snippet:-1","max-image-preview":"max-image-preview:large","max-video-preview":"max-video-preview:-1"},"canonical":"https:\/\/unisale.com.br\/novo\/12-01-eu-quero-fica-curado\/","og_locale":"pt_BR","og_type":"article","og_title":"12\/01 - Eu quero: fica curado! - Pastoral Universit\u00e1ria UniSALESIANO","og_description":"Quinta-feira, 12 de janeiro de 2023. &nbsp; Evangelho (Mc 1,40-45) &nbsp; \u201cEu quero: fica curado!\u201d &nbsp; Naquele tempo, 40um leproso chegou perto de Jesus, e...","og_url":"https:\/\/unisale.com.br\/novo\/12-01-eu-quero-fica-curado\/","og_site_name":"Pastoral Universit\u00e1ria UniSALESIANO","article_published_time":"2023-01-09T11:11:07+00:00","og_image":[{"width":930,"height":620,"url":"https:\/\/unisale.com.br\/novo\/wp-content\/uploads\/2023\/01\/Ev-12.jpg","type":"image\/jpeg"}],"author":"Luiz Alexandre Marinho Lanzoni","twitter_card":"summary_large_image","twitter_misc":{"Escrito por":"Luiz Alexandre Marinho Lanzoni","Est. tempo de leitura":"2 minutos"},"schema":{"@context":"https:\/\/schema.org","@graph":[{"@type":"Article","@id":"https:\/\/unisale.com.br\/novo\/12-01-eu-quero-fica-curado\/#article","isPartOf":{"@id":"https:\/\/unisale.com.br\/novo\/12-01-eu-quero-fica-curado\/"},"author":{"name":"Luiz Alexandre Marinho Lanzoni","@id":"https:\/\/unisale.com.br\/pastoral\/#\/schema\/person\/492d3d7bfe53a8302576d39485aff2c4"},"headline":"12\/01 &#8211; Eu quero: fica curado!","datePublished":"2023-01-09T11:11:07+00:00","mainEntityOfPage":{"@id":"https:\/\/unisale.com.br\/novo\/12-01-eu-quero-fica-curado\/"},"wordCount":489,"image":{"@id":"https:\/\/unisale.com.br\/novo\/12-01-eu-quero-fica-curado\/#primaryimage"},"thumbnailUrl":"https:\/\/unisale.com.br\/pastoral\/wp-content\/uploads\/2023\/01\/Ev-12.jpg","articleSection":["Reflex\u00e3o do Evangelho"],"inLanguage":"pt-BR"},{"@type":"WebPage","@id":"https:\/\/unisale.com.br\/novo\/12-01-eu-quero-fica-curado\/","url":"https:\/\/unisale.com.br\/novo\/12-01-eu-quero-fica-curado\/","name":"12\/01 - Eu quero: fica curado! - Pastoral Universit\u00e1ria UniSALESIANO","isPartOf":{"@id":"https:\/\/unisale.com.br\/pastoral\/#website"},"primaryImageOfPage":{"@id":"https:\/\/unisale.com.br\/novo\/12-01-eu-quero-fica-curado\/#primaryimage"},"image":{"@id":"https:\/\/unisale.com.br\/novo\/12-01-eu-quero-fica-curado\/#primaryimage"},"thumbnailUrl":"https:\/\/unisale.com.br\/pastoral\/wp-content\/uploads\/2023\/01\/Ev-12.jpg","datePublished":"2023-01-09T11:11:07+00:00","author":{"@id":"https:\/\/unisale.com.br\/pastoral\/#\/schema\/person\/492d3d7bfe53a8302576d39485aff2c4"},"inLanguage":"pt-BR","potentialAction":[{"@type":"ReadAction","target":["https:\/\/unisale.com.br\/novo\/12-01-eu-quero-fica-curado\/"]}]},{"@type":"ImageObject","inLanguage":"pt-BR","@id":"https:\/\/unisale.com.br\/novo\/12-01-eu-quero-fica-curado\/#primaryimage","url":"https:\/\/unisale.com.br\/pastoral\/wp-content\/uploads\/2023\/01\/Ev-12.jpg","contentUrl":"https:\/\/unisale.com.br\/pastoral\/wp-content\/uploads\/2023\/01\/Ev-12.jpg","width":750,"height":500},{"@type":"WebSite","@id":"https:\/\/unisale.com.br\/pastoral\/#website","url":"https:\/\/unisale.com.br\/pastoral\/","name":"Pastoral Universit\u00e1ria UniSALESIANO","description":"Site da Pastoral Universit\u00e1ria do UniSALESIANO","potentialAction":[{"@type":"SearchAction","target":{"@type":"EntryPoint","urlTemplate":"https:\/\/unisale.com.br\/pastoral\/?s={search_term_string}"},"query-input":{"@type":"PropertyValueSpecification","valueRequired":true,"valueName":"search_term_string"}}],"inLanguage":"pt-BR"},{"@type":"Person","@id":"https:\/\/unisale.com.br\/pastoral\/#\/schema\/person\/492d3d7bfe53a8302576d39485aff2c4","name":"Luiz Alexandre Marinho Lanzoni","url":"https:\/\/unisale.com.br\/pastoral\/author\/luiz\/"}]}},"_links":{"self":[{"href":"https:\/\/unisale.com.br\/pastoral\/wp-json\/wp\/v2\/posts\/6098","targetHints":{"allow":["GET"]}}],"collection":[{"href":"https:\/\/unisale.com.br\/pastoral\/wp-json\/wp\/v2\/posts"}],"about":[{"href":"https:\/\/unisale.com.br\/pastoral\/wp-json\/wp\/v2\/types\/post"}],"author":[{"embeddable":true,"href":"https:\/\/unisale.com.br\/pastoral\/wp-json\/wp\/v2\/users\/6"}],"replies":[{"embeddable":true,"href":"https:\/\/unisale.com.br\/pastoral\/wp-json\/wp\/v2\/comments?post=6098"}],"version-history":[{"count":0,"href":"https:\/\/unisale.com.br\/pastoral\/wp-json\/wp\/v2\/posts\/6098\/revisions"}],"wp:featuredmedia":[{"embeddable":true,"href":"https:\/\/unisale.com.br\/pastoral\/wp-json\/wp\/v2\/media\/6095"}],"wp:attachment":[{"href":"https:\/\/unisale.com.br\/pastoral\/wp-json\/wp\/v2\/media?parent=6098"}],"wp:term":[{"taxonomy":"category","embeddable":true,"href":"https:\/\/unisale.com.br\/pastoral\/wp-json\/wp\/v2\/categories?post=6098"},{"taxonomy":"post_tag","embeddable":true,"href":"https:\/\/unisale.com.br\/pastoral\/wp-json\/wp\/v2\/tags?post=6098"}],"curies":[{"name":"wp","href":"https:\/\/api.w.org\/{rel}","templated":true}]}}