{"id":6142,"date":"2023-01-20T14:07:15","date_gmt":"2023-01-20T14:07:15","guid":{"rendered":"https:\/\/unisale.com.br\/pastoral\/?p=6142"},"modified":"2023-01-20T14:07:15","modified_gmt":"2023-01-20T14:07:15","slug":"28-01-por-que-sois-tao-medrosos-ainda-nao-tendes-fe","status":"publish","type":"post","link":"https:\/\/unisale.com.br\/pastoral\/28-01-por-que-sois-tao-medrosos-ainda-nao-tendes-fe\/","title":{"rendered":"28\/01 &#8211; Por que sois t\u00e3o medrosos? Ainda n\u00e3o tendes f\u00e9?"},"content":{"rendered":"<p>S\u00e1bado, 28 de janeiro de 2023.<\/p>\n<p>&nbsp;<\/p>\n<p>Evangelho (Mc 4,35-41)<\/p>\n<p>&nbsp;<\/p>\n<p><strong>\u201cPor que sois t\u00e3o medrosos? Ainda n\u00e3o tendes f\u00e9?\u201d<\/strong><\/p>\n<p>&nbsp;<\/p>\n<p><sup>35<\/sup>Naquele dia, ao cair da tarde, Jesus disse a seus disc\u00edpulos: \u201cVamos para a outra margem!\u201d <sup>36<\/sup>Eles despediram a multid\u00e3o e levaram Jesus consigo, assim como estava, na barca. Havia ainda outras barcas com ele. <sup>37<\/sup>Come\u00e7ou a soprar uma ventania muito forte e as ondas se lan\u00e7avam dentro da barca, de modo que a barca j\u00e1 come\u00e7ava a se encher. <sup>38<\/sup>Jesus estava na parte de tr\u00e1s, dormindo sobre um travesseiro. Os disc\u00edpulos o acordaram e disseram: \u201cMestre, estamos perecendo e tu n\u00e3o te importas?\u201d <sup>39<\/sup>Ele se levantou e ordenou ao vento e ao mar: \u201cSil\u00eancio! Cala-te!\u201d O vento cessou e houve uma grande calmaria. <sup>40<\/sup>Ent\u00e3o Jesus perguntou aos disc\u00edpulos: \u201cPor que sois t\u00e3o medrosos? Ainda n\u00e3o tendes f\u00e9?\u201d <sup>41<\/sup>Eles sentiram um grande medo e diziam uns aos outros: \u201cQuem \u00e9 este, a quem at\u00e9 o vento e o mar obedecem?\u201d<\/p>\n<p>&nbsp;<\/p>\n<p><strong>Reflex\u00e3o<\/strong><\/p>\n<p>&nbsp;<\/p>\n<p>Como pescadores de profiss\u00e3o que eram, os disc\u00edpulos certamente conheciam bem o mar e as suas \u201csurpresas\u201d. Mas o evangelho de hoje apresenta estes mesmos disc\u00edpulos com medo da morte: \u201cN\u00e3o te importa que pere\u00e7amos?\u201d O medo dos disc\u00edpulos suscita a atitude de Jesus que fala ao vento e faz grande calmaria. Mas depois Jesus suscita nos disc\u00edpulos um outro medo: a quest\u00e3o da f\u00e9. Jesus interroga-os a respeito do seu medo e da sua pouca f\u00e9. Os doze passam do medo da tempestade para o \u201ctemor\u201d perante o mist\u00e9rio de Jesus: \u201cQuem \u00e9 este homem?\u201d<\/p>\n<p>Existem aqui dois tipos de medo, e ambos pouco simp\u00e1ticos. O medo mediante o perigo da morte e o medo sobre o problema da f\u00e9. Os disc\u00edpulos tinham uma certa confian\u00e7a no Mestre, j\u00e1 que n\u00e3o hesitaram em acord\u00e1-l\u2019O, mas Jesus pretende deles uma f\u00e9 mais madura. O poder que Jesus manifestou remete misteriosamente para Deus, e Deus, com a Sua grandeza, amedronta-nos. Ser\u00e1 preciso tempo para reparar que o Filho coloca o Seu poder infinito a servi\u00e7o do Seu amor por n\u00f3s. Assim como os disc\u00edpulos que se encontrando em dificuldades pedem ajuda a Jesus, isso acontece tamb\u00e9m a n\u00f3s. Quando tudo corre bem, n\u00e3o colocamos muitas perguntas a Deus; mas quando sentimos medo, quando sofremos, ent\u00e3o aparecem as interroga\u00e7\u00f5es: porqu\u00ea o sofrimento? E porqu\u00ea \u2018eu\u2019? Se Deus \u00e9 justo e bom, porqu\u00ea me trata assim?<\/p>\n<p>Pedimos ajuda a Deus at\u00e9 propondo trocas com Ele. E a gente acha que isso \u00e9 f\u00e9. Sim \u00e9 f\u00e9, mas muito pequena e interesseira, mas \u00e9 f\u00e9. \u00c0s vezes somos atendidos e a\u00ed, gra\u00e7a atendida, promessa esquecida.<\/p>\n<p>Seja l\u00e1 como aconte\u00e7a, Jesus hoje nos pergunta por que andamos t\u00e3o preocupados? A pergunta \u00e9 intrigante por qu\u00ea detr\u00e1s dela existem outras: Quem \u00e9 o Senhor para mim? Para que serve a ora\u00e7\u00e3o? De que tipo \u00e9 a minha f\u00e9? A f\u00e9 \u00e9 acreditar num Deus que resolve todos os meus problemas?<\/p>\n<p>Mas \u00e9 sempre bom recordar que \u00e9 sobretudo nos momentos de necessidades que Deus nos estende a sua m\u00e3o, embora nem sempre como n\u00f3s esperamos. \u00c9 importante saber que Deus \u00e9 maior e mais generoso do que o nosso cora\u00e7\u00e3o, do que os nossos desejos e do que as nossas necessidades. Na nossa vida as tempestades n\u00e3o h\u00e3o de faltar, mas Jesus est\u00e1 sempre conosco, mesmo quando parece dormir. O amor de Cristo nos impele a nunca pararmos, a prosseguirmos sempre na nossa caminhada de f\u00e9 e de vida. Em qualquer situa\u00e7\u00e3o precisamos dar gra\u00e7as ao Senhor porque Ele \u00e9 bom e eterna \u00e9 a sua miseric\u00f3rdia.<\/p>\n<p>&nbsp;<\/p>\n<p><b>Pe. Paulo Eduardo J\u00e1como, SDB.<\/b><\/p>\n","protected":false},"excerpt":{"rendered":"<p>S\u00e1bado, 28 de janeiro de 2023. &nbsp; Evangelho (Mc 4,35-41) &nbsp; \u201cPor que sois t\u00e3o medrosos? Ainda n\u00e3o tendes f\u00e9?\u201d &nbsp; 35Naquele dia, ao cair&#8230;<\/p>\n","protected":false},"author":6,"featured_media":6143,"comment_status":"closed","ping_status":"closed","sticky":false,"template":"","format":"standard","meta":{"_acf_changed":false,"footnotes":""},"categories":[13],"tags":[],"class_list":["post-6142","post","type-post","status-publish","format-standard","has-post-thumbnail","hentry","category-reflexaodoevagelho"],"acf":[],"yoast_head":"<!-- This site is optimized with the Yoast SEO plugin v27.3 - https:\/\/yoast.com\/product\/yoast-seo-wordpress\/ -->\n<title>28\/01 - Por que sois t\u00e3o medrosos? Ainda n\u00e3o tendes f\u00e9? - Pastoral Universit\u00e1ria UniSALESIANO<\/title>\n<meta name=\"robots\" content=\"index, follow, max-snippet:-1, max-image-preview:large, max-video-preview:-1\" \/>\n<link rel=\"canonical\" href=\"https:\/\/unisale.com.br\/novo\/28-01-por-que-sois-tao-medrosos-ainda-nao-tendes-fe\/\" \/>\n<meta property=\"og:locale\" content=\"pt_BR\" \/>\n<meta property=\"og:type\" content=\"article\" \/>\n<meta property=\"og:title\" content=\"28\/01 - Por que sois t\u00e3o medrosos? Ainda n\u00e3o tendes f\u00e9? - Pastoral Universit\u00e1ria UniSALESIANO\" \/>\n<meta property=\"og:description\" content=\"S\u00e1bado, 28 de janeiro de 2023. &nbsp; Evangelho (Mc 4,35-41) &nbsp; \u201cPor que sois t\u00e3o medrosos? Ainda n\u00e3o tendes f\u00e9?\u201d &nbsp; 35Naquele dia, ao cair...\" \/>\n<meta property=\"og:url\" content=\"https:\/\/unisale.com.br\/novo\/28-01-por-que-sois-tao-medrosos-ainda-nao-tendes-fe\/\" \/>\n<meta property=\"og:site_name\" content=\"Pastoral Universit\u00e1ria UniSALESIANO\" \/>\n<meta property=\"article:published_time\" content=\"2023-01-20T14:07:15+00:00\" \/>\n<meta property=\"og:image\" content=\"https:\/\/unisale.com.br\/novo\/wp-content\/uploads\/2023\/01\/Ev-28.jpg\" \/>\n\t<meta property=\"og:image:width\" content=\"480\" \/>\n\t<meta property=\"og:image:height\" content=\"360\" \/>\n\t<meta property=\"og:image:type\" content=\"image\/jpeg\" \/>\n<meta name=\"author\" content=\"Luiz Alexandre Marinho Lanzoni\" \/>\n<meta name=\"twitter:card\" content=\"summary_large_image\" \/>\n<meta name=\"twitter:label1\" content=\"Escrito por\" \/>\n\t<meta name=\"twitter:data1\" content=\"Luiz Alexandre Marinho Lanzoni\" \/>\n\t<meta name=\"twitter:label2\" content=\"Est. tempo de leitura\" \/>\n\t<meta name=\"twitter:data2\" content=\"3 minutos\" \/>\n<script type=\"application\/ld+json\" class=\"yoast-schema-graph\">{\"@context\":\"https:\\\/\\\/schema.org\",\"@graph\":[{\"@type\":\"Article\",\"@id\":\"https:\\\/\\\/unisale.com.br\\\/novo\\\/28-01-por-que-sois-tao-medrosos-ainda-nao-tendes-fe\\\/#article\",\"isPartOf\":{\"@id\":\"https:\\\/\\\/unisale.com.br\\\/novo\\\/28-01-por-que-sois-tao-medrosos-ainda-nao-tendes-fe\\\/\"},\"author\":{\"name\":\"Luiz Alexandre Marinho Lanzoni\",\"@id\":\"https:\\\/\\\/unisale.com.br\\\/pastoral\\\/#\\\/schema\\\/person\\\/492d3d7bfe53a8302576d39485aff2c4\"},\"headline\":\"28\\\/01 &#8211; Por que sois t\u00e3o medrosos? Ainda n\u00e3o tendes f\u00e9?\",\"datePublished\":\"2023-01-20T14:07:15+00:00\",\"mainEntityOfPage\":{\"@id\":\"https:\\\/\\\/unisale.com.br\\\/novo\\\/28-01-por-que-sois-tao-medrosos-ainda-nao-tendes-fe\\\/\"},\"wordCount\":649,\"image\":{\"@id\":\"https:\\\/\\\/unisale.com.br\\\/novo\\\/28-01-por-que-sois-tao-medrosos-ainda-nao-tendes-fe\\\/#primaryimage\"},\"thumbnailUrl\":\"https:\\\/\\\/unisale.com.br\\\/pastoral\\\/wp-content\\\/uploads\\\/2023\\\/01\\\/Ev-28.jpg\",\"articleSection\":[\"Reflex\u00e3o do Evangelho\"],\"inLanguage\":\"pt-BR\"},{\"@type\":\"WebPage\",\"@id\":\"https:\\\/\\\/unisale.com.br\\\/novo\\\/28-01-por-que-sois-tao-medrosos-ainda-nao-tendes-fe\\\/\",\"url\":\"https:\\\/\\\/unisale.com.br\\\/novo\\\/28-01-por-que-sois-tao-medrosos-ainda-nao-tendes-fe\\\/\",\"name\":\"28\\\/01 - Por que sois t\u00e3o medrosos? Ainda n\u00e3o tendes f\u00e9? - Pastoral Universit\u00e1ria UniSALESIANO\",\"isPartOf\":{\"@id\":\"https:\\\/\\\/unisale.com.br\\\/pastoral\\\/#website\"},\"primaryImageOfPage\":{\"@id\":\"https:\\\/\\\/unisale.com.br\\\/novo\\\/28-01-por-que-sois-tao-medrosos-ainda-nao-tendes-fe\\\/#primaryimage\"},\"image\":{\"@id\":\"https:\\\/\\\/unisale.com.br\\\/novo\\\/28-01-por-que-sois-tao-medrosos-ainda-nao-tendes-fe\\\/#primaryimage\"},\"thumbnailUrl\":\"https:\\\/\\\/unisale.com.br\\\/pastoral\\\/wp-content\\\/uploads\\\/2023\\\/01\\\/Ev-28.jpg\",\"datePublished\":\"2023-01-20T14:07:15+00:00\",\"author\":{\"@id\":\"https:\\\/\\\/unisale.com.br\\\/pastoral\\\/#\\\/schema\\\/person\\\/492d3d7bfe53a8302576d39485aff2c4\"},\"inLanguage\":\"pt-BR\",\"potentialAction\":[{\"@type\":\"ReadAction\",\"target\":[\"https:\\\/\\\/unisale.com.br\\\/novo\\\/28-01-por-que-sois-tao-medrosos-ainda-nao-tendes-fe\\\/\"]}]},{\"@type\":\"ImageObject\",\"inLanguage\":\"pt-BR\",\"@id\":\"https:\\\/\\\/unisale.com.br\\\/novo\\\/28-01-por-que-sois-tao-medrosos-ainda-nao-tendes-fe\\\/#primaryimage\",\"url\":\"https:\\\/\\\/unisale.com.br\\\/pastoral\\\/wp-content\\\/uploads\\\/2023\\\/01\\\/Ev-28.jpg\",\"contentUrl\":\"https:\\\/\\\/unisale.com.br\\\/pastoral\\\/wp-content\\\/uploads\\\/2023\\\/01\\\/Ev-28.jpg\",\"width\":480,\"height\":360},{\"@type\":\"WebSite\",\"@id\":\"https:\\\/\\\/unisale.com.br\\\/pastoral\\\/#website\",\"url\":\"https:\\\/\\\/unisale.com.br\\\/pastoral\\\/\",\"name\":\"Pastoral Universit\u00e1ria UniSALESIANO\",\"description\":\"Site da Pastoral Universit\u00e1ria do UniSALESIANO\",\"potentialAction\":[{\"@type\":\"SearchAction\",\"target\":{\"@type\":\"EntryPoint\",\"urlTemplate\":\"https:\\\/\\\/unisale.com.br\\\/pastoral\\\/?s={search_term_string}\"},\"query-input\":{\"@type\":\"PropertyValueSpecification\",\"valueRequired\":true,\"valueName\":\"search_term_string\"}}],\"inLanguage\":\"pt-BR\"},{\"@type\":\"Person\",\"@id\":\"https:\\\/\\\/unisale.com.br\\\/pastoral\\\/#\\\/schema\\\/person\\\/492d3d7bfe53a8302576d39485aff2c4\",\"name\":\"Luiz Alexandre Marinho Lanzoni\",\"url\":\"https:\\\/\\\/unisale.com.br\\\/pastoral\\\/author\\\/luiz\\\/\"}]}<\/script>\n<!-- \/ Yoast SEO plugin. -->","yoast_head_json":{"title":"28\/01 - Por que sois t\u00e3o medrosos? Ainda n\u00e3o tendes f\u00e9? - Pastoral Universit\u00e1ria UniSALESIANO","robots":{"index":"index","follow":"follow","max-snippet":"max-snippet:-1","max-image-preview":"max-image-preview:large","max-video-preview":"max-video-preview:-1"},"canonical":"https:\/\/unisale.com.br\/novo\/28-01-por-que-sois-tao-medrosos-ainda-nao-tendes-fe\/","og_locale":"pt_BR","og_type":"article","og_title":"28\/01 - Por que sois t\u00e3o medrosos? Ainda n\u00e3o tendes f\u00e9? - Pastoral Universit\u00e1ria UniSALESIANO","og_description":"S\u00e1bado, 28 de janeiro de 2023. &nbsp; Evangelho (Mc 4,35-41) &nbsp; \u201cPor que sois t\u00e3o medrosos? Ainda n\u00e3o tendes f\u00e9?\u201d &nbsp; 35Naquele dia, ao cair...","og_url":"https:\/\/unisale.com.br\/novo\/28-01-por-que-sois-tao-medrosos-ainda-nao-tendes-fe\/","og_site_name":"Pastoral Universit\u00e1ria UniSALESIANO","article_published_time":"2023-01-20T14:07:15+00:00","og_image":[{"width":480,"height":360,"url":"https:\/\/unisale.com.br\/novo\/wp-content\/uploads\/2023\/01\/Ev-28.jpg","type":"image\/jpeg"}],"author":"Luiz Alexandre Marinho Lanzoni","twitter_card":"summary_large_image","twitter_misc":{"Escrito por":"Luiz Alexandre Marinho Lanzoni","Est. tempo de leitura":"3 minutos"},"schema":{"@context":"https:\/\/schema.org","@graph":[{"@type":"Article","@id":"https:\/\/unisale.com.br\/novo\/28-01-por-que-sois-tao-medrosos-ainda-nao-tendes-fe\/#article","isPartOf":{"@id":"https:\/\/unisale.com.br\/novo\/28-01-por-que-sois-tao-medrosos-ainda-nao-tendes-fe\/"},"author":{"name":"Luiz Alexandre Marinho Lanzoni","@id":"https:\/\/unisale.com.br\/pastoral\/#\/schema\/person\/492d3d7bfe53a8302576d39485aff2c4"},"headline":"28\/01 &#8211; Por que sois t\u00e3o medrosos? Ainda n\u00e3o tendes f\u00e9?","datePublished":"2023-01-20T14:07:15+00:00","mainEntityOfPage":{"@id":"https:\/\/unisale.com.br\/novo\/28-01-por-que-sois-tao-medrosos-ainda-nao-tendes-fe\/"},"wordCount":649,"image":{"@id":"https:\/\/unisale.com.br\/novo\/28-01-por-que-sois-tao-medrosos-ainda-nao-tendes-fe\/#primaryimage"},"thumbnailUrl":"https:\/\/unisale.com.br\/pastoral\/wp-content\/uploads\/2023\/01\/Ev-28.jpg","articleSection":["Reflex\u00e3o do Evangelho"],"inLanguage":"pt-BR"},{"@type":"WebPage","@id":"https:\/\/unisale.com.br\/novo\/28-01-por-que-sois-tao-medrosos-ainda-nao-tendes-fe\/","url":"https:\/\/unisale.com.br\/novo\/28-01-por-que-sois-tao-medrosos-ainda-nao-tendes-fe\/","name":"28\/01 - Por que sois t\u00e3o medrosos? Ainda n\u00e3o tendes f\u00e9? - Pastoral Universit\u00e1ria UniSALESIANO","isPartOf":{"@id":"https:\/\/unisale.com.br\/pastoral\/#website"},"primaryImageOfPage":{"@id":"https:\/\/unisale.com.br\/novo\/28-01-por-que-sois-tao-medrosos-ainda-nao-tendes-fe\/#primaryimage"},"image":{"@id":"https:\/\/unisale.com.br\/novo\/28-01-por-que-sois-tao-medrosos-ainda-nao-tendes-fe\/#primaryimage"},"thumbnailUrl":"https:\/\/unisale.com.br\/pastoral\/wp-content\/uploads\/2023\/01\/Ev-28.jpg","datePublished":"2023-01-20T14:07:15+00:00","author":{"@id":"https:\/\/unisale.com.br\/pastoral\/#\/schema\/person\/492d3d7bfe53a8302576d39485aff2c4"},"inLanguage":"pt-BR","potentialAction":[{"@type":"ReadAction","target":["https:\/\/unisale.com.br\/novo\/28-01-por-que-sois-tao-medrosos-ainda-nao-tendes-fe\/"]}]},{"@type":"ImageObject","inLanguage":"pt-BR","@id":"https:\/\/unisale.com.br\/novo\/28-01-por-que-sois-tao-medrosos-ainda-nao-tendes-fe\/#primaryimage","url":"https:\/\/unisale.com.br\/pastoral\/wp-content\/uploads\/2023\/01\/Ev-28.jpg","contentUrl":"https:\/\/unisale.com.br\/pastoral\/wp-content\/uploads\/2023\/01\/Ev-28.jpg","width":480,"height":360},{"@type":"WebSite","@id":"https:\/\/unisale.com.br\/pastoral\/#website","url":"https:\/\/unisale.com.br\/pastoral\/","name":"Pastoral Universit\u00e1ria UniSALESIANO","description":"Site da Pastoral Universit\u00e1ria do UniSALESIANO","potentialAction":[{"@type":"SearchAction","target":{"@type":"EntryPoint","urlTemplate":"https:\/\/unisale.com.br\/pastoral\/?s={search_term_string}"},"query-input":{"@type":"PropertyValueSpecification","valueRequired":true,"valueName":"search_term_string"}}],"inLanguage":"pt-BR"},{"@type":"Person","@id":"https:\/\/unisale.com.br\/pastoral\/#\/schema\/person\/492d3d7bfe53a8302576d39485aff2c4","name":"Luiz Alexandre Marinho Lanzoni","url":"https:\/\/unisale.com.br\/pastoral\/author\/luiz\/"}]}},"_links":{"self":[{"href":"https:\/\/unisale.com.br\/pastoral\/wp-json\/wp\/v2\/posts\/6142","targetHints":{"allow":["GET"]}}],"collection":[{"href":"https:\/\/unisale.com.br\/pastoral\/wp-json\/wp\/v2\/posts"}],"about":[{"href":"https:\/\/unisale.com.br\/pastoral\/wp-json\/wp\/v2\/types\/post"}],"author":[{"embeddable":true,"href":"https:\/\/unisale.com.br\/pastoral\/wp-json\/wp\/v2\/users\/6"}],"replies":[{"embeddable":true,"href":"https:\/\/unisale.com.br\/pastoral\/wp-json\/wp\/v2\/comments?post=6142"}],"version-history":[{"count":0,"href":"https:\/\/unisale.com.br\/pastoral\/wp-json\/wp\/v2\/posts\/6142\/revisions"}],"wp:featuredmedia":[{"embeddable":true,"href":"https:\/\/unisale.com.br\/pastoral\/wp-json\/wp\/v2\/media\/6143"}],"wp:attachment":[{"href":"https:\/\/unisale.com.br\/pastoral\/wp-json\/wp\/v2\/media?parent=6142"}],"wp:term":[{"taxonomy":"category","embeddable":true,"href":"https:\/\/unisale.com.br\/pastoral\/wp-json\/wp\/v2\/categories?post=6142"},{"taxonomy":"post_tag","embeddable":true,"href":"https:\/\/unisale.com.br\/pastoral\/wp-json\/wp\/v2\/tags?post=6142"}],"curies":[{"name":"wp","href":"https:\/\/api.w.org\/{rel}","templated":true}]}}