{"id":615,"date":"2020-11-27T11:15:35","date_gmt":"2020-11-27T11:15:35","guid":{"rendered":"https:\/\/unisale.com.br\/pastoral\/?p=615"},"modified":"2021-05-21T11:59:01","modified_gmt":"2021-05-21T11:59:01","slug":"novena-de-nossa-senhora-aparecida","status":"publish","type":"post","link":"https:\/\/unisale.com.br\/pastoral\/novena-de-nossa-senhora-aparecida\/","title":{"rendered":"Novena de Nossa Senhora Aparecida tem in\u00edcio no dia 3 de outubro, no formato de grava\u00e7\u00e3o"},"content":{"rendered":"<div class=\"grid-12 no-padding-bottom\">\n<h2><\/h2>\n<div class=\"space-xs\">\n<h3><span style=\"font-size: 14pt;\">Pe. Erondi explicou que a novena tem por objetivo o reencontro com Deus, consigo mesmo, com os irm\u00e3os e com a pr\u00f3pria f\u00e9<\/span><\/h3>\n<\/div>\n<\/div>\n<div class=\"grid-12 grid-lg-4 no-padding-bottom align-right relative\"><\/div>\n<div class=\"grid-12 no-padding-bottom\"><img fetchpriority=\"high\" decoding=\"async\" class=\"image-full wp-post-image\" src=\"https:\/\/unisalesiano.com.br\/aracatuba\/wp-content\/uploads\/2020\/10\/WhatsApp-Image-2020-09-30-at-10.22.09-768x768.jpeg\" sizes=\"(max-width: 768px) 100vw, 768px\" srcset=\"https:\/\/unisalesiano.com.br\/aracatuba\/wp-content\/uploads\/2020\/10\/WhatsApp-Image-2020-09-30-at-10.22.09-768x768.jpeg 768w, https:\/\/unisalesiano.com.br\/aracatuba\/wp-content\/uploads\/2020\/10\/WhatsApp-Image-2020-09-30-at-10.22.09-300x300.jpeg 300w, https:\/\/unisalesiano.com.br\/aracatuba\/wp-content\/uploads\/2020\/10\/WhatsApp-Image-2020-09-30-at-10.22.09-1024x1024.jpeg 1024w, https:\/\/unisalesiano.com.br\/aracatuba\/wp-content\/uploads\/2020\/10\/WhatsApp-Image-2020-09-30-at-10.22.09-150x150.jpeg 150w, https:\/\/unisalesiano.com.br\/aracatuba\/wp-content\/uploads\/2020\/10\/WhatsApp-Image-2020-09-30-at-10.22.09.jpeg 1080w\" alt=\"\" width=\"768\" height=\"768\" \/><\/div>\n<div><\/div>\n<div class=\"grid-12 post-content\">\n<p><span style=\"font-size: 14pt;\">A\u00a0<strong>Pastoral Universit\u00e1ria do UniSALESIANO<\/strong>\u00a0iniciar\u00e1 no dia 3 de outubro a\u00a0<strong>Novena de Nossa Senhora Aparecida<\/strong>, no formato de grava\u00e7\u00e3o. Do dia 3 ao dia 11 de outubro, ser\u00e3o disponibilizados no canal do Youtube da Pastoral os v\u00eddeos da novena que foram gravados pelo\u00a0<strong>Pr\u00f3-Reitor de Pastoral, Pe. Erondi Tamandar\u00e9<\/strong>.<\/span><\/p>\n<p><span style=\"font-size: 14pt;\">A novena pode ser acessada por meio das redes sociais da Pastoral \u2013\u00a0<a href=\"http:\/\/www.facebook.com\/pastoraluniata\">www.facebook.com\/pastoraluniata<\/a>,\u00a0<a href=\"http:\/\/www.instagram.com\/pastoraluniata\/\">www.instagram.com\/pastoraluniata\/<\/a>, ou direto no canal do Youtube \u2013\u00a0<a href=\"https:\/\/www.youtube.com\/channel\/UCNOLAGmFvz19FqxTnZFRnCA\">https:\/\/www.youtube.com\/channel\/UCNOLAGmFvz19FqxTnZFRnCA<\/a>.<\/span><\/p>\n<p><span style=\"font-size: 14pt;\">Pe. Erondi explicou que a novena tem por objetivo o reencontro com Deus, consigo mesmo, com os irm\u00e3os e com a pr\u00f3pria f\u00e9. \u201c\u00c9 um tempo de prop\u00f3sito, de esperan\u00e7a, de gra\u00e7a\u201d, completou.<\/span><\/p>\n<p><span style=\"font-size: 14pt;\">Segundo o Pr\u00f3-Reitor de Pastoral, \u00e9 a primeira vez que o UniSALESIANO promove uma novena gravada. No m\u00eas de maio, foi feita a novena de\u00a0<strong>Nossa Senhora Auxiliadora<\/strong>\u00a0no formato de posts nas redes sociais, assim como em agosto, com a novena de\u00a0<strong>S\u00e3o Jo\u00e3o Bosco<\/strong>.<\/span><\/p>\n<p><span style=\"font-size: 14pt;\">\u201cJ\u00e1 na novena de Nossa Senhora Aparecida, n\u00e3o ter\u00e1 nada escrito, os fieis v\u00e3o apenas acompanhar a grava\u00e7\u00e3o que fiz dos textos b\u00edblicos com interpreta\u00e7\u00f5es aleg\u00f3ricas sobre Virgem Maria. Lembrando que a centralidade da nossa confian\u00e7a em Nossa Senhora \u00e9 a f\u00e9 em Jesus\u201d, salientou Pe. Erondi.<\/span><\/p>\n<p><span style=\"font-size: 14pt;\"><strong>Padroeira do Brasil<\/strong><\/span><\/p>\n<p><span style=\"font-size: 14pt;\">Nossa Senhora da Concei\u00e7\u00e3o Aparecida, popularmente chamada de Nossa Senhora Aparecida, \u00e9 a padroeira do Brasil. Senhora Aparecida \u00e9 representada por uma pequena imagem de terracota de Nossa Senhora da Imaculada Concei\u00e7\u00e3o, atualmente, alojada na Catedral Bas\u00edlica de Nossa Senhora Aparecida, localizada na cidade de Aparecida, em S\u00e3o Paulo.<\/span><\/p>\n<p><span style=\"font-size: 14pt;\">Sua festa lit\u00fargica \u00e9 celebrada em 12 de outubro, um feriado nacional no Brasil desde 1980, quando o Papa Jo\u00e3o Paulo II consagrou a bas\u00edlica, que \u00e9 o quarto santu\u00e1rio mariano mais visitado do mundo, capaz de abrigar at\u00e9 30 mil fi\u00e9is.<\/span><\/p>\n<\/div>\n","protected":false},"excerpt":{"rendered":"<p>Pe. Erondi explicou que a novena tem por objetivo o reencontro com Deus, consigo mesmo, com os irm\u00e3os e com a pr\u00f3pria f\u00e9 A\u00a0Pastoral Universit\u00e1ria&#8230;<\/p>\n","protected":false},"author":1,"featured_media":0,"comment_status":"open","ping_status":"open","sticky":false,"template":"","format":"standard","meta":{"_acf_changed":false,"footnotes":""},"categories":[3],"tags":[],"class_list":["post-615","post","type-post","status-publish","format-standard","hentry","category-not"],"acf":[],"yoast_head":"<!-- This site is optimized with the Yoast SEO plugin v27.3 - https:\/\/yoast.com\/product\/yoast-seo-wordpress\/ -->\n<title>Novena de Nossa Senhora Aparecida tem in\u00edcio no dia 3 de outubro, no formato de grava\u00e7\u00e3o - Pastoral Universit\u00e1ria UniSALESIANO<\/title>\n<meta name=\"robots\" content=\"index, follow, max-snippet:-1, max-image-preview:large, max-video-preview:-1\" \/>\n<link rel=\"canonical\" href=\"https:\/\/unisale.com.br\/novo\/novena-de-nossa-senhora-aparecida\/\" \/>\n<meta property=\"og:locale\" content=\"pt_BR\" \/>\n<meta property=\"og:type\" content=\"article\" \/>\n<meta property=\"og:title\" content=\"Novena de Nossa Senhora Aparecida tem in\u00edcio no dia 3 de outubro, no formato de grava\u00e7\u00e3o - Pastoral Universit\u00e1ria UniSALESIANO\" \/>\n<meta property=\"og:description\" content=\"Pe. Erondi explicou que a novena tem por objetivo o reencontro com Deus, consigo mesmo, com os irm\u00e3os e com a pr\u00f3pria f\u00e9 A\u00a0Pastoral Universit\u00e1ria...\" \/>\n<meta property=\"og:url\" content=\"https:\/\/unisale.com.br\/novo\/novena-de-nossa-senhora-aparecida\/\" \/>\n<meta property=\"og:site_name\" content=\"Pastoral Universit\u00e1ria UniSALESIANO\" \/>\n<meta property=\"article:published_time\" content=\"2020-11-27T11:15:35+00:00\" \/>\n<meta property=\"article:modified_time\" content=\"2021-05-21T11:59:01+00:00\" \/>\n<meta property=\"og:image\" content=\"https:\/\/unisalesiano.com.br\/aracatuba\/wp-content\/uploads\/2020\/10\/WhatsApp-Image-2020-09-30-at-10.22.09-768x768.jpeg\" \/>\n<meta name=\"author\" content=\"pastoral\" \/>\n<meta name=\"twitter:card\" content=\"summary_large_image\" \/>\n<meta name=\"twitter:label1\" content=\"Escrito por\" \/>\n\t<meta name=\"twitter:data1\" content=\"pastoral\" \/>\n\t<meta name=\"twitter:label2\" content=\"Est. tempo de leitura\" \/>\n\t<meta name=\"twitter:data2\" content=\"2 minutos\" \/>\n<script type=\"application\/ld+json\" class=\"yoast-schema-graph\">{\"@context\":\"https:\\\/\\\/schema.org\",\"@graph\":[{\"@type\":\"Article\",\"@id\":\"https:\\\/\\\/unisale.com.br\\\/novo\\\/novena-de-nossa-senhora-aparecida\\\/#article\",\"isPartOf\":{\"@id\":\"https:\\\/\\\/unisale.com.br\\\/novo\\\/novena-de-nossa-senhora-aparecida\\\/\"},\"author\":{\"name\":\"pastoral\",\"@id\":\"https:\\\/\\\/unisale.com.br\\\/pastoral\\\/#\\\/schema\\\/person\\\/a16ba711a0f7dec9cb6b44563144d5a3\"},\"headline\":\"Novena de Nossa Senhora Aparecida tem in\u00edcio no dia 3 de outubro, no formato de grava\u00e7\u00e3o\",\"datePublished\":\"2020-11-27T11:15:35+00:00\",\"dateModified\":\"2021-05-21T11:59:01+00:00\",\"mainEntityOfPage\":{\"@id\":\"https:\\\/\\\/unisale.com.br\\\/novo\\\/novena-de-nossa-senhora-aparecida\\\/\"},\"wordCount\":363,\"commentCount\":5967,\"image\":{\"@id\":\"https:\\\/\\\/unisale.com.br\\\/novo\\\/novena-de-nossa-senhora-aparecida\\\/#primaryimage\"},\"thumbnailUrl\":\"https:\\\/\\\/unisalesiano.com.br\\\/aracatuba\\\/wp-content\\\/uploads\\\/2020\\\/10\\\/WhatsApp-Image-2020-09-30-at-10.22.09-768x768.jpeg\",\"articleSection\":[\"Not\u00edcias\"],\"inLanguage\":\"pt-BR\",\"potentialAction\":[{\"@type\":\"CommentAction\",\"name\":\"Comment\",\"target\":[\"https:\\\/\\\/unisale.com.br\\\/novo\\\/novena-de-nossa-senhora-aparecida\\\/#respond\"]}]},{\"@type\":\"WebPage\",\"@id\":\"https:\\\/\\\/unisale.com.br\\\/novo\\\/novena-de-nossa-senhora-aparecida\\\/\",\"url\":\"https:\\\/\\\/unisale.com.br\\\/novo\\\/novena-de-nossa-senhora-aparecida\\\/\",\"name\":\"Novena de Nossa Senhora Aparecida tem in\u00edcio no dia 3 de outubro, no formato de grava\u00e7\u00e3o - Pastoral Universit\u00e1ria UniSALESIANO\",\"isPartOf\":{\"@id\":\"https:\\\/\\\/unisale.com.br\\\/pastoral\\\/#website\"},\"primaryImageOfPage\":{\"@id\":\"https:\\\/\\\/unisale.com.br\\\/novo\\\/novena-de-nossa-senhora-aparecida\\\/#primaryimage\"},\"image\":{\"@id\":\"https:\\\/\\\/unisale.com.br\\\/novo\\\/novena-de-nossa-senhora-aparecida\\\/#primaryimage\"},\"thumbnailUrl\":\"https:\\\/\\\/unisalesiano.com.br\\\/aracatuba\\\/wp-content\\\/uploads\\\/2020\\\/10\\\/WhatsApp-Image-2020-09-30-at-10.22.09-768x768.jpeg\",\"datePublished\":\"2020-11-27T11:15:35+00:00\",\"dateModified\":\"2021-05-21T11:59:01+00:00\",\"author\":{\"@id\":\"https:\\\/\\\/unisale.com.br\\\/pastoral\\\/#\\\/schema\\\/person\\\/a16ba711a0f7dec9cb6b44563144d5a3\"},\"inLanguage\":\"pt-BR\",\"potentialAction\":[{\"@type\":\"ReadAction\",\"target\":[\"https:\\\/\\\/unisale.com.br\\\/novo\\\/novena-de-nossa-senhora-aparecida\\\/\"]}]},{\"@type\":\"ImageObject\",\"inLanguage\":\"pt-BR\",\"@id\":\"https:\\\/\\\/unisale.com.br\\\/novo\\\/novena-de-nossa-senhora-aparecida\\\/#primaryimage\",\"url\":\"https:\\\/\\\/unisalesiano.com.br\\\/aracatuba\\\/wp-content\\\/uploads\\\/2020\\\/10\\\/WhatsApp-Image-2020-09-30-at-10.22.09-768x768.jpeg\",\"contentUrl\":\"https:\\\/\\\/unisalesiano.com.br\\\/aracatuba\\\/wp-content\\\/uploads\\\/2020\\\/10\\\/WhatsApp-Image-2020-09-30-at-10.22.09-768x768.jpeg\"},{\"@type\":\"WebSite\",\"@id\":\"https:\\\/\\\/unisale.com.br\\\/pastoral\\\/#website\",\"url\":\"https:\\\/\\\/unisale.com.br\\\/pastoral\\\/\",\"name\":\"Pastoral Universit\u00e1ria UniSALESIANO\",\"description\":\"Site da Pastoral Universit\u00e1ria do UniSALESIANO\",\"potentialAction\":[{\"@type\":\"SearchAction\",\"target\":{\"@type\":\"EntryPoint\",\"urlTemplate\":\"https:\\\/\\\/unisale.com.br\\\/pastoral\\\/?s={search_term_string}\"},\"query-input\":{\"@type\":\"PropertyValueSpecification\",\"valueRequired\":true,\"valueName\":\"search_term_string\"}}],\"inLanguage\":\"pt-BR\"},{\"@type\":\"Person\",\"@id\":\"https:\\\/\\\/unisale.com.br\\\/pastoral\\\/#\\\/schema\\\/person\\\/a16ba711a0f7dec9cb6b44563144d5a3\",\"name\":\"pastoral\",\"url\":\"https:\\\/\\\/unisale.com.br\\\/pastoral\\\/author\\\/pastoral\\\/\"}]}<\/script>\n<!-- \/ Yoast SEO plugin. -->","yoast_head_json":{"title":"Novena de Nossa Senhora Aparecida tem in\u00edcio no dia 3 de outubro, no formato de grava\u00e7\u00e3o - Pastoral Universit\u00e1ria UniSALESIANO","robots":{"index":"index","follow":"follow","max-snippet":"max-snippet:-1","max-image-preview":"max-image-preview:large","max-video-preview":"max-video-preview:-1"},"canonical":"https:\/\/unisale.com.br\/novo\/novena-de-nossa-senhora-aparecida\/","og_locale":"pt_BR","og_type":"article","og_title":"Novena de Nossa Senhora Aparecida tem in\u00edcio no dia 3 de outubro, no formato de grava\u00e7\u00e3o - Pastoral Universit\u00e1ria UniSALESIANO","og_description":"Pe. Erondi explicou que a novena tem por objetivo o reencontro com Deus, consigo mesmo, com os irm\u00e3os e com a pr\u00f3pria f\u00e9 A\u00a0Pastoral Universit\u00e1ria...","og_url":"https:\/\/unisale.com.br\/novo\/novena-de-nossa-senhora-aparecida\/","og_site_name":"Pastoral Universit\u00e1ria UniSALESIANO","article_published_time":"2020-11-27T11:15:35+00:00","article_modified_time":"2021-05-21T11:59:01+00:00","og_image":[{"url":"https:\/\/unisalesiano.com.br\/aracatuba\/wp-content\/uploads\/2020\/10\/WhatsApp-Image-2020-09-30-at-10.22.09-768x768.jpeg","type":"","width":"","height":""}],"author":"pastoral","twitter_card":"summary_large_image","twitter_misc":{"Escrito por":"pastoral","Est. tempo de leitura":"2 minutos"},"schema":{"@context":"https:\/\/schema.org","@graph":[{"@type":"Article","@id":"https:\/\/unisale.com.br\/novo\/novena-de-nossa-senhora-aparecida\/#article","isPartOf":{"@id":"https:\/\/unisale.com.br\/novo\/novena-de-nossa-senhora-aparecida\/"},"author":{"name":"pastoral","@id":"https:\/\/unisale.com.br\/pastoral\/#\/schema\/person\/a16ba711a0f7dec9cb6b44563144d5a3"},"headline":"Novena de Nossa Senhora Aparecida tem in\u00edcio no dia 3 de outubro, no formato de grava\u00e7\u00e3o","datePublished":"2020-11-27T11:15:35+00:00","dateModified":"2021-05-21T11:59:01+00:00","mainEntityOfPage":{"@id":"https:\/\/unisale.com.br\/novo\/novena-de-nossa-senhora-aparecida\/"},"wordCount":363,"commentCount":5967,"image":{"@id":"https:\/\/unisale.com.br\/novo\/novena-de-nossa-senhora-aparecida\/#primaryimage"},"thumbnailUrl":"https:\/\/unisalesiano.com.br\/aracatuba\/wp-content\/uploads\/2020\/10\/WhatsApp-Image-2020-09-30-at-10.22.09-768x768.jpeg","articleSection":["Not\u00edcias"],"inLanguage":"pt-BR","potentialAction":[{"@type":"CommentAction","name":"Comment","target":["https:\/\/unisale.com.br\/novo\/novena-de-nossa-senhora-aparecida\/#respond"]}]},{"@type":"WebPage","@id":"https:\/\/unisale.com.br\/novo\/novena-de-nossa-senhora-aparecida\/","url":"https:\/\/unisale.com.br\/novo\/novena-de-nossa-senhora-aparecida\/","name":"Novena de Nossa Senhora Aparecida tem in\u00edcio no dia 3 de outubro, no formato de grava\u00e7\u00e3o - Pastoral Universit\u00e1ria UniSALESIANO","isPartOf":{"@id":"https:\/\/unisale.com.br\/pastoral\/#website"},"primaryImageOfPage":{"@id":"https:\/\/unisale.com.br\/novo\/novena-de-nossa-senhora-aparecida\/#primaryimage"},"image":{"@id":"https:\/\/unisale.com.br\/novo\/novena-de-nossa-senhora-aparecida\/#primaryimage"},"thumbnailUrl":"https:\/\/unisalesiano.com.br\/aracatuba\/wp-content\/uploads\/2020\/10\/WhatsApp-Image-2020-09-30-at-10.22.09-768x768.jpeg","datePublished":"2020-11-27T11:15:35+00:00","dateModified":"2021-05-21T11:59:01+00:00","author":{"@id":"https:\/\/unisale.com.br\/pastoral\/#\/schema\/person\/a16ba711a0f7dec9cb6b44563144d5a3"},"inLanguage":"pt-BR","potentialAction":[{"@type":"ReadAction","target":["https:\/\/unisale.com.br\/novo\/novena-de-nossa-senhora-aparecida\/"]}]},{"@type":"ImageObject","inLanguage":"pt-BR","@id":"https:\/\/unisale.com.br\/novo\/novena-de-nossa-senhora-aparecida\/#primaryimage","url":"https:\/\/unisalesiano.com.br\/aracatuba\/wp-content\/uploads\/2020\/10\/WhatsApp-Image-2020-09-30-at-10.22.09-768x768.jpeg","contentUrl":"https:\/\/unisalesiano.com.br\/aracatuba\/wp-content\/uploads\/2020\/10\/WhatsApp-Image-2020-09-30-at-10.22.09-768x768.jpeg"},{"@type":"WebSite","@id":"https:\/\/unisale.com.br\/pastoral\/#website","url":"https:\/\/unisale.com.br\/pastoral\/","name":"Pastoral Universit\u00e1ria UniSALESIANO","description":"Site da Pastoral Universit\u00e1ria do UniSALESIANO","potentialAction":[{"@type":"SearchAction","target":{"@type":"EntryPoint","urlTemplate":"https:\/\/unisale.com.br\/pastoral\/?s={search_term_string}"},"query-input":{"@type":"PropertyValueSpecification","valueRequired":true,"valueName":"search_term_string"}}],"inLanguage":"pt-BR"},{"@type":"Person","@id":"https:\/\/unisale.com.br\/pastoral\/#\/schema\/person\/a16ba711a0f7dec9cb6b44563144d5a3","name":"pastoral","url":"https:\/\/unisale.com.br\/pastoral\/author\/pastoral\/"}]}},"_links":{"self":[{"href":"https:\/\/unisale.com.br\/pastoral\/wp-json\/wp\/v2\/posts\/615","targetHints":{"allow":["GET"]}}],"collection":[{"href":"https:\/\/unisale.com.br\/pastoral\/wp-json\/wp\/v2\/posts"}],"about":[{"href":"https:\/\/unisale.com.br\/pastoral\/wp-json\/wp\/v2\/types\/post"}],"author":[{"embeddable":true,"href":"https:\/\/unisale.com.br\/pastoral\/wp-json\/wp\/v2\/users\/1"}],"replies":[{"embeddable":true,"href":"https:\/\/unisale.com.br\/pastoral\/wp-json\/wp\/v2\/comments?post=615"}],"version-history":[{"count":0,"href":"https:\/\/unisale.com.br\/pastoral\/wp-json\/wp\/v2\/posts\/615\/revisions"}],"wp:attachment":[{"href":"https:\/\/unisale.com.br\/pastoral\/wp-json\/wp\/v2\/media?parent=615"}],"wp:term":[{"taxonomy":"category","embeddable":true,"href":"https:\/\/unisale.com.br\/pastoral\/wp-json\/wp\/v2\/categories?post=615"},{"taxonomy":"post_tag","embeddable":true,"href":"https:\/\/unisale.com.br\/pastoral\/wp-json\/wp\/v2\/tags?post=615"}],"curies":[{"name":"wp","href":"https:\/\/api.w.org\/{rel}","templated":true}]}}