{"id":6154,"date":"2023-01-20T14:14:47","date_gmt":"2023-01-20T14:14:47","guid":{"rendered":"https:\/\/unisale.com.br\/pastoral\/?p=6154"},"modified":"2023-01-20T14:14:47","modified_gmt":"2023-01-20T14:14:47","slug":"31-01-menina-levanta-te","status":"publish","type":"post","link":"https:\/\/unisale.com.br\/pastoral\/31-01-menina-levanta-te\/","title":{"rendered":"31\/01 &#8211; Menina, levanta-te!"},"content":{"rendered":"<p>Segunda-feira, 31 de janeiro de 2023.<\/p>\n<p>&nbsp;<\/p>\n<p>Evangelho (Mc 5,21-43)<\/p>\n<p>&nbsp;<\/p>\n<p><strong><em>\u201cMenina, levanta-te!\u201d<\/em><\/strong><\/p>\n<p><strong>\u00a0<\/strong><\/p>\n<p>Naquele tempo, <sup>21<\/sup>Jesus atravessou de novo, numa barca, para a outra margem. Uma numerosa multid\u00e3o se reuniu junto dele, e Jesus ficou na praia. <sup>22<\/sup>Aproximou-se, ent\u00e3o, um dos chefes da sinagoga, chamado Jairo. Quando viu Jesus, caiu a seus p\u00e9s, <sup>23<\/sup>e pediu com insist\u00eancia: \u201cMinha filhinha est\u00e1 nas ultimas. Vem e p\u00f5e as m\u00e3os sobre ela, para que ela sare e viva!\u201d <sup>24<\/sup>Jesus ent\u00e3o o acompanhou. Uma numerosa multid\u00e3o o seguia e o comprimia. <sup>25<\/sup>Ora, achava-se ali uma mulher que, h\u00e1 doze anos, estava com uma hemorragia; <sup>26<\/sup>tinha sofrido nas m\u00e3os de muitos m\u00e9dicos, gastou tudo o que possu\u00eda, e, em vez de melhorar, piorava cada vez mais. <sup>27<\/sup>Tendo ouvido falar de Jesus, aproximou-se dele por detr\u00e1s, no meio da multid\u00e3o, e tocou na sua roupa. <sup>28<\/sup>Ela pensava: \u201cSe eu ao menos tocar na roupa dele, ficarei curada\u201d. <sup>29<\/sup>A hemorragia parou imediatamente, e a mulher sentiu dentro de si que estava curada da doen\u00e7a. <sup>30<\/sup>Jesus logo percebeu que uma for\u00e7a tinha sa\u00eddo dele. E, voltando-se no meio da multid\u00e3o, perguntou: \u201cQuem tocou na minha roupa?\u201d <sup>31<\/sup>Os disc\u00edpulos disseram: \u201cEst\u00e1s vendo a multid\u00e3o que te comprime e ainda perguntas: \u2018Quem me tocou?\u2019\u201d <sup>32<\/sup>Ele, por\u00e9m, olhava ao redor para ver quem havia feito aquilo. <sup>33<\/sup>A mulher, cheia de medo e tremendo, percebendo o que lhe havia acontecido, veio e caiu aos p\u00e9s de Jesus, e contou-lhe toda a verdade. <sup>34<\/sup>Ele lhe disse: \u201cFilha, a tua f\u00e9 te curou. Vai em paz e fica curada dessa doen\u00e7a\u201d. <sup>35<\/sup>Ele estava ainda falando, quando chegaram alguns da casa do chefe da sinagoga, e disseram a Jairo:\u00a0 \u201cTua filha morreu. Por que ainda incomodar o mestre?\u201d <sup>36<\/sup>Jesus ouviu a not\u00edcia e disse ao chefe da sinagoga: \u201cN\u00e3o tenhas medo. Basta ter f\u00e9!\u201d <sup>37<\/sup>E n\u00e3o deixou que ningu\u00e9m o acompanhasse, a n\u00e3o ser Pedro, Tiago e seu irm\u00e3o Jo\u00e3o. <sup>38<\/sup>Quando chegaram \u00e0 casa do chefe da sinagoga, Jesus viu a confus\u00e3o e como estavam chorando e gritando. <sup>39<\/sup>Ent\u00e3o, ele entrou e disse: \u201cPor que essa confus\u00e3o e esse choro? A crian\u00e7a n\u00e3o morreu, mas est\u00e1 dormindo\u201d. <sup>40<\/sup>Come\u00e7aram ent\u00e3o a ca\u00e7oar dele. Mas, ele mandou que todos sa\u00edssem, menos o pai e a m\u00e3e da menina, e os tr\u00eas disc\u00edpulos que o acompanhavam. Depois entraram no quarto onde estava a crian\u00e7a. <sup>41<\/sup>Jesus pegou na m\u00e3o da menina e disse: \u201cTalit\u00e1 cum\u201d \u2013 que quer dizer: \u201cMenina, levanta-te!\u201d <sup>42<\/sup>Ela levantou-se imediatamente e come\u00e7ou a andar, pois tinha doze anos. E todos ficaram admirados. <sup>43<\/sup>Ele recomendou com insist\u00eancia que ningu\u00e9m ficasse sabendo daquilo. E mandou dar de comer \u00e0 menina.<\/p>\n<p>&nbsp;<\/p>\n<p><strong>\u00a0<\/strong><\/p>\n<p><strong>Reflex\u00e3o<\/strong><\/p>\n<p><strong>\u00a0<\/strong><\/p>\n<p>O que podemos esperar todas as vezes que nos deixamos tocar pela compaix\u00e3o de Deus? A liturgia deste domingo \u00e9 a resposta. O evangelho trata do drama de duas mulheres que por motivos diversos combatem entre a vida e a morte. Primeiro, uma menina de doze anos que est\u00e1 morrendo. O pai, Jairo, prostrando-se aos p\u00e9s de Jesus suplica com insist\u00eancia que Ele v\u00e1 at\u00e9 a sua casa para impor as m\u00e3os sobre a sua filha para que ela seja salva e viva. A segunda, uma mulher que sofria de hemorragia h\u00e1 doze anos. A sua ferida oculta \u00e9 imagem de tudo aquilo que durante a vida, foge do nosso controle. Tamb\u00e9m n\u00f3s, como esta mulher, buscamos esconder os lugares onde a vida versa sangue sempre, com tentativas de solu\u00e7\u00e3o que n\u00e3o curam em profundidade os sofrimentos que nos atormentam. Esta mulher sente falar de Jesus e com um silencioso gesto se lan\u00e7a sobre Ele: <em>\u201cSe eu ao menos tocar na roupa dele, ficarei curada\u201d<\/em>. No mesmo instante a hemorragia \u00e9 curada, a morte \u00e9 interrompida e ela volta \u00e0 vida. Com imensa compaix\u00e3o Jesus revela a esta mulher que foi a \u201csua f\u00e9\u201d que a salvou: <em>\u201cV\u00e1 em paz e fica curada dessa doen\u00e7a\u201d<\/em>.<\/p>\n<p>Depois, Jesus entra na casa de Jairo e mostra a todos de que modo Deus se coloca continuamente no mist\u00e9rio da nossa dor: <em>\u201cA crian\u00e7a n\u00e3o morreu, mas est\u00e1 dormindo\u201d<\/em>. As pessoas come\u00e7aram a \u201cca\u00e7oar\u201d de Jesus. Ao Senhor n\u00e3o resta mais que criar o sil\u00eancio e o acolhimento: <em>\u201cJesus pegou a m\u00e3o da menina e disse: \u201cTalita cum\u201d \u2013 \u201cmenina, levanta-te!\u201d<\/em>.<\/p>\n<p>Neste domingo somos chamados a esperar que tamb\u00e9m a nossa hist\u00f3ria, com as suas feridas e com as suas mortes, seja, no fundo, uma obra que Deus ainda n\u00e3o concluiu. Nenhum de n\u00f3s terminou ainda de nascer, de crescer e de curar-se. Nenhum de n\u00f3s levou ainda a cumprimento o mist\u00e9rio de uma vida renascida em Cristo atrav\u00e9s do batismo. Nesta experi\u00eancia de \u201crenascimento\u201d, n\u00e3o estamos abandonados aos \u201cvai e vens\u201d do nosso destino, ou presos \u00e0s nossas invenc\u00edveis dores. Somos, ao inv\u00e9s, chamados a tocar o manto da miseric\u00f3rdia de Deus que nos faz ressuscitar tomando-nos pela m\u00e3o, assim,\u00a0 somos capazes de vencer o pecado e a morte.<\/p>\n<p><em>\u201cN\u00e3o tenhas medo. Basta ter f\u00e9\u201d<\/em>, disse Jesus a Jairo. A f\u00e9 consiste em confiar n\u2019Ele, na Sua vontade, nos seus modos de agir e nos Seus tempos, na certeza do Seu amor infinito, que levar\u00e1 a cumprimento o seu projeto, e na seguran\u00e7a de que manter\u00e1 a promessa de nos libertar de todas as l\u00e1grimas e de nos querer ao Seu lado na eternidade. \u00c9 sinal de f\u00e9 procurar Jesus para Lhe pedir a cura, mas \u00e9 sinal de maior f\u00e9 ainda entregar-nos a Ele com confian\u00e7a.<\/p>\n<p>&nbsp;<\/p>\n<p><b>Pe. Paulo Eduardo J\u00e1como, SDB.<\/b><\/p>\n","protected":false},"excerpt":{"rendered":"<p>Segunda-feira, 31 de janeiro de 2023. &nbsp; Evangelho (Mc 5,21-43) &nbsp; \u201cMenina, levanta-te!\u201d \u00a0 Naquele tempo, 21Jesus atravessou de novo, numa barca, para a outra&#8230;<\/p>\n","protected":false},"author":6,"featured_media":6151,"comment_status":"closed","ping_status":"closed","sticky":false,"template":"","format":"standard","meta":{"_acf_changed":false,"footnotes":""},"categories":[13],"tags":[],"class_list":["post-6154","post","type-post","status-publish","format-standard","has-post-thumbnail","hentry","category-reflexaodoevagelho"],"acf":[],"yoast_head":"<!-- This site is optimized with the Yoast SEO plugin v27.3 - https:\/\/yoast.com\/product\/yoast-seo-wordpress\/ -->\n<title>31\/01 - Menina, levanta-te! - Pastoral Universit\u00e1ria UniSALESIANO<\/title>\n<meta name=\"robots\" content=\"index, follow, max-snippet:-1, max-image-preview:large, max-video-preview:-1\" \/>\n<link rel=\"canonical\" href=\"https:\/\/unisale.com.br\/novo\/31-01-menina-levanta-te\/\" \/>\n<meta property=\"og:locale\" content=\"pt_BR\" \/>\n<meta property=\"og:type\" content=\"article\" \/>\n<meta property=\"og:title\" content=\"31\/01 - Menina, levanta-te! - Pastoral Universit\u00e1ria UniSALESIANO\" \/>\n<meta property=\"og:description\" content=\"Segunda-feira, 31 de janeiro de 2023. &nbsp; Evangelho (Mc 5,21-43) &nbsp; \u201cMenina, levanta-te!\u201d \u00a0 Naquele tempo, 21Jesus atravessou de novo, numa barca, para a outra...\" \/>\n<meta property=\"og:url\" content=\"https:\/\/unisale.com.br\/novo\/31-01-menina-levanta-te\/\" \/>\n<meta property=\"og:site_name\" content=\"Pastoral Universit\u00e1ria UniSALESIANO\" \/>\n<meta property=\"article:published_time\" content=\"2023-01-20T14:14:47+00:00\" \/>\n<meta property=\"og:image\" content=\"https:\/\/unisale.com.br\/novo\/wp-content\/uploads\/2023\/01\/Ev-31-1.jpg\" \/>\n\t<meta property=\"og:image:width\" content=\"465\" \/>\n\t<meta property=\"og:image:height\" content=\"329\" \/>\n\t<meta property=\"og:image:type\" content=\"image\/jpeg\" \/>\n<meta name=\"author\" content=\"Luiz Alexandre Marinho Lanzoni\" \/>\n<meta name=\"twitter:card\" content=\"summary_large_image\" \/>\n<meta name=\"twitter:label1\" content=\"Escrito por\" \/>\n\t<meta name=\"twitter:data1\" content=\"Luiz Alexandre Marinho Lanzoni\" \/>\n\t<meta name=\"twitter:label2\" content=\"Est. tempo de leitura\" \/>\n\t<meta name=\"twitter:data2\" content=\"5 minutos\" \/>\n<script type=\"application\/ld+json\" class=\"yoast-schema-graph\">{\"@context\":\"https:\\\/\\\/schema.org\",\"@graph\":[{\"@type\":\"Article\",\"@id\":\"https:\\\/\\\/unisale.com.br\\\/novo\\\/31-01-menina-levanta-te\\\/#article\",\"isPartOf\":{\"@id\":\"https:\\\/\\\/unisale.com.br\\\/novo\\\/31-01-menina-levanta-te\\\/\"},\"author\":{\"name\":\"Luiz Alexandre Marinho Lanzoni\",\"@id\":\"https:\\\/\\\/unisale.com.br\\\/pastoral\\\/#\\\/schema\\\/person\\\/492d3d7bfe53a8302576d39485aff2c4\"},\"headline\":\"31\\\/01 &#8211; Menina, levanta-te!\",\"datePublished\":\"2023-01-20T14:14:47+00:00\",\"mainEntityOfPage\":{\"@id\":\"https:\\\/\\\/unisale.com.br\\\/novo\\\/31-01-menina-levanta-te\\\/\"},\"wordCount\":981,\"image\":{\"@id\":\"https:\\\/\\\/unisale.com.br\\\/novo\\\/31-01-menina-levanta-te\\\/#primaryimage\"},\"thumbnailUrl\":\"https:\\\/\\\/unisale.com.br\\\/pastoral\\\/wp-content\\\/uploads\\\/2023\\\/01\\\/Ev-31-1.jpg\",\"articleSection\":[\"Reflex\u00e3o do Evangelho\"],\"inLanguage\":\"pt-BR\"},{\"@type\":\"WebPage\",\"@id\":\"https:\\\/\\\/unisale.com.br\\\/novo\\\/31-01-menina-levanta-te\\\/\",\"url\":\"https:\\\/\\\/unisale.com.br\\\/novo\\\/31-01-menina-levanta-te\\\/\",\"name\":\"31\\\/01 - Menina, levanta-te! - Pastoral Universit\u00e1ria UniSALESIANO\",\"isPartOf\":{\"@id\":\"https:\\\/\\\/unisale.com.br\\\/pastoral\\\/#website\"},\"primaryImageOfPage\":{\"@id\":\"https:\\\/\\\/unisale.com.br\\\/novo\\\/31-01-menina-levanta-te\\\/#primaryimage\"},\"image\":{\"@id\":\"https:\\\/\\\/unisale.com.br\\\/novo\\\/31-01-menina-levanta-te\\\/#primaryimage\"},\"thumbnailUrl\":\"https:\\\/\\\/unisale.com.br\\\/pastoral\\\/wp-content\\\/uploads\\\/2023\\\/01\\\/Ev-31-1.jpg\",\"datePublished\":\"2023-01-20T14:14:47+00:00\",\"author\":{\"@id\":\"https:\\\/\\\/unisale.com.br\\\/pastoral\\\/#\\\/schema\\\/person\\\/492d3d7bfe53a8302576d39485aff2c4\"},\"inLanguage\":\"pt-BR\",\"potentialAction\":[{\"@type\":\"ReadAction\",\"target\":[\"https:\\\/\\\/unisale.com.br\\\/novo\\\/31-01-menina-levanta-te\\\/\"]}]},{\"@type\":\"ImageObject\",\"inLanguage\":\"pt-BR\",\"@id\":\"https:\\\/\\\/unisale.com.br\\\/novo\\\/31-01-menina-levanta-te\\\/#primaryimage\",\"url\":\"https:\\\/\\\/unisale.com.br\\\/pastoral\\\/wp-content\\\/uploads\\\/2023\\\/01\\\/Ev-31-1.jpg\",\"contentUrl\":\"https:\\\/\\\/unisale.com.br\\\/pastoral\\\/wp-content\\\/uploads\\\/2023\\\/01\\\/Ev-31-1.jpg\",\"width\":465,\"height\":329},{\"@type\":\"WebSite\",\"@id\":\"https:\\\/\\\/unisale.com.br\\\/pastoral\\\/#website\",\"url\":\"https:\\\/\\\/unisale.com.br\\\/pastoral\\\/\",\"name\":\"Pastoral Universit\u00e1ria UniSALESIANO\",\"description\":\"Site da Pastoral Universit\u00e1ria do UniSALESIANO\",\"potentialAction\":[{\"@type\":\"SearchAction\",\"target\":{\"@type\":\"EntryPoint\",\"urlTemplate\":\"https:\\\/\\\/unisale.com.br\\\/pastoral\\\/?s={search_term_string}\"},\"query-input\":{\"@type\":\"PropertyValueSpecification\",\"valueRequired\":true,\"valueName\":\"search_term_string\"}}],\"inLanguage\":\"pt-BR\"},{\"@type\":\"Person\",\"@id\":\"https:\\\/\\\/unisale.com.br\\\/pastoral\\\/#\\\/schema\\\/person\\\/492d3d7bfe53a8302576d39485aff2c4\",\"name\":\"Luiz Alexandre Marinho Lanzoni\",\"url\":\"https:\\\/\\\/unisale.com.br\\\/pastoral\\\/author\\\/luiz\\\/\"}]}<\/script>\n<!-- \/ Yoast SEO plugin. -->","yoast_head_json":{"title":"31\/01 - Menina, levanta-te! - Pastoral Universit\u00e1ria UniSALESIANO","robots":{"index":"index","follow":"follow","max-snippet":"max-snippet:-1","max-image-preview":"max-image-preview:large","max-video-preview":"max-video-preview:-1"},"canonical":"https:\/\/unisale.com.br\/novo\/31-01-menina-levanta-te\/","og_locale":"pt_BR","og_type":"article","og_title":"31\/01 - Menina, levanta-te! - Pastoral Universit\u00e1ria UniSALESIANO","og_description":"Segunda-feira, 31 de janeiro de 2023. &nbsp; Evangelho (Mc 5,21-43) &nbsp; \u201cMenina, levanta-te!\u201d \u00a0 Naquele tempo, 21Jesus atravessou de novo, numa barca, para a outra...","og_url":"https:\/\/unisale.com.br\/novo\/31-01-menina-levanta-te\/","og_site_name":"Pastoral Universit\u00e1ria UniSALESIANO","article_published_time":"2023-01-20T14:14:47+00:00","og_image":[{"width":465,"height":329,"url":"https:\/\/unisale.com.br\/novo\/wp-content\/uploads\/2023\/01\/Ev-31-1.jpg","type":"image\/jpeg"}],"author":"Luiz Alexandre Marinho Lanzoni","twitter_card":"summary_large_image","twitter_misc":{"Escrito por":"Luiz Alexandre Marinho Lanzoni","Est. tempo de leitura":"5 minutos"},"schema":{"@context":"https:\/\/schema.org","@graph":[{"@type":"Article","@id":"https:\/\/unisale.com.br\/novo\/31-01-menina-levanta-te\/#article","isPartOf":{"@id":"https:\/\/unisale.com.br\/novo\/31-01-menina-levanta-te\/"},"author":{"name":"Luiz Alexandre Marinho Lanzoni","@id":"https:\/\/unisale.com.br\/pastoral\/#\/schema\/person\/492d3d7bfe53a8302576d39485aff2c4"},"headline":"31\/01 &#8211; Menina, levanta-te!","datePublished":"2023-01-20T14:14:47+00:00","mainEntityOfPage":{"@id":"https:\/\/unisale.com.br\/novo\/31-01-menina-levanta-te\/"},"wordCount":981,"image":{"@id":"https:\/\/unisale.com.br\/novo\/31-01-menina-levanta-te\/#primaryimage"},"thumbnailUrl":"https:\/\/unisale.com.br\/pastoral\/wp-content\/uploads\/2023\/01\/Ev-31-1.jpg","articleSection":["Reflex\u00e3o do Evangelho"],"inLanguage":"pt-BR"},{"@type":"WebPage","@id":"https:\/\/unisale.com.br\/novo\/31-01-menina-levanta-te\/","url":"https:\/\/unisale.com.br\/novo\/31-01-menina-levanta-te\/","name":"31\/01 - Menina, levanta-te! - Pastoral Universit\u00e1ria UniSALESIANO","isPartOf":{"@id":"https:\/\/unisale.com.br\/pastoral\/#website"},"primaryImageOfPage":{"@id":"https:\/\/unisale.com.br\/novo\/31-01-menina-levanta-te\/#primaryimage"},"image":{"@id":"https:\/\/unisale.com.br\/novo\/31-01-menina-levanta-te\/#primaryimage"},"thumbnailUrl":"https:\/\/unisale.com.br\/pastoral\/wp-content\/uploads\/2023\/01\/Ev-31-1.jpg","datePublished":"2023-01-20T14:14:47+00:00","author":{"@id":"https:\/\/unisale.com.br\/pastoral\/#\/schema\/person\/492d3d7bfe53a8302576d39485aff2c4"},"inLanguage":"pt-BR","potentialAction":[{"@type":"ReadAction","target":["https:\/\/unisale.com.br\/novo\/31-01-menina-levanta-te\/"]}]},{"@type":"ImageObject","inLanguage":"pt-BR","@id":"https:\/\/unisale.com.br\/novo\/31-01-menina-levanta-te\/#primaryimage","url":"https:\/\/unisale.com.br\/pastoral\/wp-content\/uploads\/2023\/01\/Ev-31-1.jpg","contentUrl":"https:\/\/unisale.com.br\/pastoral\/wp-content\/uploads\/2023\/01\/Ev-31-1.jpg","width":465,"height":329},{"@type":"WebSite","@id":"https:\/\/unisale.com.br\/pastoral\/#website","url":"https:\/\/unisale.com.br\/pastoral\/","name":"Pastoral Universit\u00e1ria UniSALESIANO","description":"Site da Pastoral Universit\u00e1ria do UniSALESIANO","potentialAction":[{"@type":"SearchAction","target":{"@type":"EntryPoint","urlTemplate":"https:\/\/unisale.com.br\/pastoral\/?s={search_term_string}"},"query-input":{"@type":"PropertyValueSpecification","valueRequired":true,"valueName":"search_term_string"}}],"inLanguage":"pt-BR"},{"@type":"Person","@id":"https:\/\/unisale.com.br\/pastoral\/#\/schema\/person\/492d3d7bfe53a8302576d39485aff2c4","name":"Luiz Alexandre Marinho Lanzoni","url":"https:\/\/unisale.com.br\/pastoral\/author\/luiz\/"}]}},"_links":{"self":[{"href":"https:\/\/unisale.com.br\/pastoral\/wp-json\/wp\/v2\/posts\/6154","targetHints":{"allow":["GET"]}}],"collection":[{"href":"https:\/\/unisale.com.br\/pastoral\/wp-json\/wp\/v2\/posts"}],"about":[{"href":"https:\/\/unisale.com.br\/pastoral\/wp-json\/wp\/v2\/types\/post"}],"author":[{"embeddable":true,"href":"https:\/\/unisale.com.br\/pastoral\/wp-json\/wp\/v2\/users\/6"}],"replies":[{"embeddable":true,"href":"https:\/\/unisale.com.br\/pastoral\/wp-json\/wp\/v2\/comments?post=6154"}],"version-history":[{"count":0,"href":"https:\/\/unisale.com.br\/pastoral\/wp-json\/wp\/v2\/posts\/6154\/revisions"}],"wp:featuredmedia":[{"embeddable":true,"href":"https:\/\/unisale.com.br\/pastoral\/wp-json\/wp\/v2\/media\/6151"}],"wp:attachment":[{"href":"https:\/\/unisale.com.br\/pastoral\/wp-json\/wp\/v2\/media?parent=6154"}],"wp:term":[{"taxonomy":"category","embeddable":true,"href":"https:\/\/unisale.com.br\/pastoral\/wp-json\/wp\/v2\/categories?post=6154"},{"taxonomy":"post_tag","embeddable":true,"href":"https:\/\/unisale.com.br\/pastoral\/wp-json\/wp\/v2\/tags?post=6154"}],"curies":[{"name":"wp","href":"https:\/\/api.w.org\/{rel}","templated":true}]}}