{"id":6176,"date":"2023-02-01T11:11:47","date_gmt":"2023-02-01T11:11:47","guid":{"rendered":"https:\/\/unisale.com.br\/pastoral\/?p=6176"},"modified":"2023-02-01T11:11:47","modified_gmt":"2023-02-01T11:11:47","slug":"02-02-luz-para-iluminar-as-nacoes-e-gloria-do-teu-povo-israel","status":"publish","type":"post","link":"https:\/\/unisale.com.br\/pastoral\/02-02-luz-para-iluminar-as-nacoes-e-gloria-do-teu-povo-israel\/","title":{"rendered":"02\/02 &#8211; &#8230;luz para iluminar as na\u00e7\u00f5es e gl\u00f3ria do teu povo Israel."},"content":{"rendered":"<p>Quinta-feira, 02 de fevereiro de 2023.<\/p>\n<p>&nbsp;<\/p>\n<p>Evangelho (Lc 2,22-40)<\/p>\n<p>&nbsp;<\/p>\n<p><strong>\u201c&#8230;luz para iluminar as na\u00e7\u00f5es e gl\u00f3ria do teu povo Israel\u201d<\/strong><\/p>\n<p>&nbsp;<\/p>\n<p><sup>22<\/sup>Quando se completaram os dias para a purifica\u00e7\u00e3o da m\u00e3e e do filho, conforme a lei de Mois\u00e9s, Maria e Jos\u00e9 levaram Jesus a Jerusal\u00e9m, a fim de apresent\u00e1-lo ao Senhor. <sup>23<\/sup>Conforme est\u00e1 escrito na lei do Senhor: \u201cTodo primog\u00eanito do sexo masculino deve ser consagrado ao Senhor\u201d. <sup>24<\/sup>Foram tamb\u00e9m oferecer o sacrif\u00edcio \u2014 um par de rolas ou dois pombinhos \u2014 como est\u00e1 ordenado na Lei do Senhor. <sup>25<\/sup>Em Jerusal\u00e9m, havia um homem chamado Sime\u00e3o, o qual era justo e piedoso, e esperava a consola\u00e7\u00e3o do povo de Israel. O Esp\u00edrito Santo estava com ele <sup>26<\/sup>e lhe havia anunciado que n\u00e3o morreria antes de ver o Messias que vem do Senhor. <sup>27<\/sup>Movido pelo Esp\u00edrito, Sime\u00e3o veio ao Templo. Quando os pais trouxeram o menino Jesus para cumprir o que a Lei ordenava, <sup>28<\/sup>Sime\u00e3o tomou o menino nos bra\u00e7os e bendisse a Deus: <sup>29<\/sup>\u201cAgora, Senhor, conforme a tua promessa, podes deixar teu servo partir em paz; <sup>30<\/sup>porque meus olhos viram a tua salva\u00e7\u00e3o, <sup>31<\/sup>que preparaste diante de todos os povos: <sup>32<\/sup>luz para iluminar as na\u00e7\u00f5es e gl\u00f3ria do teu povo Israel\u201d. <sup>33<\/sup>O pai e a m\u00e3e de Jesus estavam admirados com o que diziam a respeito dele. <sup>34<\/sup>Sime\u00e3o os aben\u00e7oou e disse a Maria, a m\u00e3e de Jesus: \u201cEste menino vai ser causa tanto de queda como de reerguimento para muitos em Israel. Ele ser\u00e1 um sinal de contradi\u00e7\u00e3o. <sup>35<\/sup>Assim ser\u00e3o revelados os pensamentos de muitos cora\u00e7\u00f5es. Quanto a ti, uma espada te traspassar\u00e1 a alma\u201d. <sup>36<\/sup>Havia tamb\u00e9m uma profetisa, chamada Ana, filha de Fanuel, da tribo de Aser. Era de idade muito avan\u00e7ada; quando jovem, tinha sido casada e vivera sete anos com o marido. <sup>37<\/sup>Depois ficara vi\u00fava, e agora j\u00e1 estava com oitenta e quatro anos. N\u00e3o sa\u00eda do Templo, dia e noite servindo a Deus com jejuns e ora\u00e7\u00f5es. <sup>38<\/sup>Ana chegou nesse momento e p\u00f4s-se a louvar a Deus e a falar do menino a todos os que esperavam a liberta\u00e7\u00e3o de Jerusal\u00e9m. <sup>39<\/sup>Depois de cumprirem tudo, conforme a Lei do Senhor, voltaram \u00e0 Galileia, para Nazar\u00e9, sua cidade. <sup>40<\/sup>O menino crescia e tornava-se forte, cheio de sabedoria; e a gra\u00e7a de Deus estava com ele.<\/p>\n<p>&nbsp;<\/p>\n<p><strong>Reflex\u00e3o<\/strong><\/p>\n<p>&nbsp;<\/p>\n<p>Hoje celebramos uma festa carregada de luz. \u00c9 a luz cantada pelo velho Sime\u00e3o. \u00c9 a luz de Cristo que \u00e9 reconhecido por aquilo que realmente \u00e9. Mas tem um detalhe do Evangelho que n\u00e3o podemos deixar de lado: <sup>\u201c<\/sup>Movido pelo Esp\u00edrito, Sime\u00e3o veio ao Templo. Quando os pais trouxeram o menino Jesus para cumprir o que a Lei ordenava, <sup>28<\/sup>Sime\u00e3o tomou o menino nos bra\u00e7os e bendisse a Deus\u201d. Sime\u00e3o foi \u201cmovido pelo Esp\u00edrito Santo\u201d. Como seria bom se cada um de n\u00f3s sentisse o desejo de \u201cser movido pelo Espirito\u201d. N\u00f3s agimos calculadamente, por bom senso, por emo\u00e7\u00e3o, por sensa\u00e7\u00f5es, por medo, por entusiasmo, mas tem uma maneira de agir que nasce expressamente da vida espiritual, \u00e9 o \u201cagir movido pelo Esp\u00edrito\u201d. Quem age desta maneira \u00e9 como uma vela cuja chama \u00e9 movida pelo vento. O Espirito n\u00e3o nos tira a liberdade, mas a orienta para a dire\u00e7\u00e3o certa. Isso nos faz fazer o que realmente temos que fazer, e justamente por isto faz com realizemos a vontade de Deus. Vivemos num momento hist\u00f3rico onde se tem a sensa\u00e7\u00e3o\u00a0 que para ser livre precisa fazer somente aquilo que se deseja, mas na verdade \u00e9 que quando pensamos de fazer algo porque queremos, n\u00e3o nos damos conta que a nossa vontade muitas vezes \u00e9 condicionada por muitas coisas, e pensa de ser livre, mas livre n\u00e3o \u00e9. S\u00f3 o Espirito nos coloca nas condi\u00e7\u00f5es de sermos verdadeiramente livres e de fazermos realmente alquilo que nos realiza. Se Sime\u00e3o n\u00e3o tivesse se deixado guiar pelo Espirito, n\u00e3o teria visto com os seus olhos a salva\u00e7\u00e3o. Seria muito bom se cada um de n\u00f3s se perguntasse o que nos move, e se conseguimos discernir quando \u00e9 o Espirito que nos impulsiona a dire\u00e7\u00e3o que devemos tomar.<\/p>\n<p>&nbsp;<\/p>\n<p><strong>Pe. Paulo Eduardo J\u00e1como, SDB.<\/strong><\/p>\n","protected":false},"excerpt":{"rendered":"<p>Quinta-feira, 02 de fevereiro de 2023. &nbsp; Evangelho (Lc 2,22-40) &nbsp; \u201c&#8230;luz para iluminar as na\u00e7\u00f5es e gl\u00f3ria do teu povo Israel\u201d &nbsp; 22Quando se&#8230;<\/p>\n","protected":false},"author":6,"featured_media":6180,"comment_status":"closed","ping_status":"closed","sticky":false,"template":"","format":"standard","meta":{"_acf_changed":false,"footnotes":""},"categories":[13],"tags":[],"class_list":["post-6176","post","type-post","status-publish","format-standard","has-post-thumbnail","hentry","category-reflexaodoevagelho"],"acf":[],"yoast_head":"<!-- This site is optimized with the Yoast SEO plugin v27.3 - https:\/\/yoast.com\/product\/yoast-seo-wordpress\/ -->\n<title>02\/02 - ...luz para iluminar as na\u00e7\u00f5es e gl\u00f3ria do teu povo Israel. - Pastoral Universit\u00e1ria UniSALESIANO<\/title>\n<meta name=\"robots\" content=\"index, follow, max-snippet:-1, max-image-preview:large, max-video-preview:-1\" \/>\n<link rel=\"canonical\" href=\"https:\/\/unisale.com.br\/novo\/02-02-luz-para-iluminar-as-nacoes-e-gloria-do-teu-povo-israel\/\" \/>\n<meta property=\"og:locale\" content=\"pt_BR\" \/>\n<meta property=\"og:type\" content=\"article\" \/>\n<meta property=\"og:title\" content=\"02\/02 - ...luz para iluminar as na\u00e7\u00f5es e gl\u00f3ria do teu povo Israel. - Pastoral Universit\u00e1ria UniSALESIANO\" \/>\n<meta property=\"og:description\" content=\"Quinta-feira, 02 de fevereiro de 2023. &nbsp; Evangelho (Lc 2,22-40) &nbsp; \u201c&#8230;luz para iluminar as na\u00e7\u00f5es e gl\u00f3ria do teu povo Israel\u201d &nbsp; 22Quando se...\" \/>\n<meta property=\"og:url\" content=\"https:\/\/unisale.com.br\/novo\/02-02-luz-para-iluminar-as-nacoes-e-gloria-do-teu-povo-israel\/\" \/>\n<meta property=\"og:site_name\" content=\"Pastoral Universit\u00e1ria UniSALESIANO\" \/>\n<meta property=\"article:published_time\" content=\"2023-02-01T11:11:47+00:00\" \/>\n<meta property=\"og:image\" content=\"https:\/\/unisale.com.br\/novo\/wp-content\/uploads\/2023\/02\/Ev-02.jpg\" \/>\n\t<meta property=\"og:image:width\" content=\"400\" \/>\n\t<meta property=\"og:image:height\" content=\"225\" \/>\n\t<meta property=\"og:image:type\" content=\"image\/jpeg\" \/>\n<meta name=\"author\" content=\"Luiz Alexandre Marinho Lanzoni\" \/>\n<meta name=\"twitter:card\" content=\"summary_large_image\" \/>\n<meta name=\"twitter:label1\" content=\"Escrito por\" \/>\n\t<meta name=\"twitter:data1\" content=\"Luiz Alexandre Marinho Lanzoni\" \/>\n\t<meta name=\"twitter:label2\" content=\"Est. tempo de leitura\" \/>\n\t<meta name=\"twitter:data2\" content=\"4 minutos\" \/>\n<script type=\"application\/ld+json\" class=\"yoast-schema-graph\">{\"@context\":\"https:\\\/\\\/schema.org\",\"@graph\":[{\"@type\":\"Article\",\"@id\":\"https:\\\/\\\/unisale.com.br\\\/novo\\\/02-02-luz-para-iluminar-as-nacoes-e-gloria-do-teu-povo-israel\\\/#article\",\"isPartOf\":{\"@id\":\"https:\\\/\\\/unisale.com.br\\\/novo\\\/02-02-luz-para-iluminar-as-nacoes-e-gloria-do-teu-povo-israel\\\/\"},\"author\":{\"name\":\"Luiz Alexandre Marinho Lanzoni\",\"@id\":\"https:\\\/\\\/unisale.com.br\\\/pastoral\\\/#\\\/schema\\\/person\\\/492d3d7bfe53a8302576d39485aff2c4\"},\"headline\":\"02\\\/02 &#8211; &#8230;luz para iluminar as na\u00e7\u00f5es e gl\u00f3ria do teu povo Israel.\",\"datePublished\":\"2023-02-01T11:11:47+00:00\",\"mainEntityOfPage\":{\"@id\":\"https:\\\/\\\/unisale.com.br\\\/novo\\\/02-02-luz-para-iluminar-as-nacoes-e-gloria-do-teu-povo-israel\\\/\"},\"wordCount\":752,\"image\":{\"@id\":\"https:\\\/\\\/unisale.com.br\\\/novo\\\/02-02-luz-para-iluminar-as-nacoes-e-gloria-do-teu-povo-israel\\\/#primaryimage\"},\"thumbnailUrl\":\"https:\\\/\\\/unisale.com.br\\\/pastoral\\\/wp-content\\\/uploads\\\/2023\\\/02\\\/Ev-02.jpg\",\"articleSection\":[\"Reflex\u00e3o do Evangelho\"],\"inLanguage\":\"pt-BR\"},{\"@type\":\"WebPage\",\"@id\":\"https:\\\/\\\/unisale.com.br\\\/novo\\\/02-02-luz-para-iluminar-as-nacoes-e-gloria-do-teu-povo-israel\\\/\",\"url\":\"https:\\\/\\\/unisale.com.br\\\/novo\\\/02-02-luz-para-iluminar-as-nacoes-e-gloria-do-teu-povo-israel\\\/\",\"name\":\"02\\\/02 - ...luz para iluminar as na\u00e7\u00f5es e gl\u00f3ria do teu povo Israel. - Pastoral Universit\u00e1ria UniSALESIANO\",\"isPartOf\":{\"@id\":\"https:\\\/\\\/unisale.com.br\\\/pastoral\\\/#website\"},\"primaryImageOfPage\":{\"@id\":\"https:\\\/\\\/unisale.com.br\\\/novo\\\/02-02-luz-para-iluminar-as-nacoes-e-gloria-do-teu-povo-israel\\\/#primaryimage\"},\"image\":{\"@id\":\"https:\\\/\\\/unisale.com.br\\\/novo\\\/02-02-luz-para-iluminar-as-nacoes-e-gloria-do-teu-povo-israel\\\/#primaryimage\"},\"thumbnailUrl\":\"https:\\\/\\\/unisale.com.br\\\/pastoral\\\/wp-content\\\/uploads\\\/2023\\\/02\\\/Ev-02.jpg\",\"datePublished\":\"2023-02-01T11:11:47+00:00\",\"author\":{\"@id\":\"https:\\\/\\\/unisale.com.br\\\/pastoral\\\/#\\\/schema\\\/person\\\/492d3d7bfe53a8302576d39485aff2c4\"},\"inLanguage\":\"pt-BR\",\"potentialAction\":[{\"@type\":\"ReadAction\",\"target\":[\"https:\\\/\\\/unisale.com.br\\\/novo\\\/02-02-luz-para-iluminar-as-nacoes-e-gloria-do-teu-povo-israel\\\/\"]}]},{\"@type\":\"ImageObject\",\"inLanguage\":\"pt-BR\",\"@id\":\"https:\\\/\\\/unisale.com.br\\\/novo\\\/02-02-luz-para-iluminar-as-nacoes-e-gloria-do-teu-povo-israel\\\/#primaryimage\",\"url\":\"https:\\\/\\\/unisale.com.br\\\/pastoral\\\/wp-content\\\/uploads\\\/2023\\\/02\\\/Ev-02.jpg\",\"contentUrl\":\"https:\\\/\\\/unisale.com.br\\\/pastoral\\\/wp-content\\\/uploads\\\/2023\\\/02\\\/Ev-02.jpg\",\"width\":400,\"height\":225},{\"@type\":\"WebSite\",\"@id\":\"https:\\\/\\\/unisale.com.br\\\/pastoral\\\/#website\",\"url\":\"https:\\\/\\\/unisale.com.br\\\/pastoral\\\/\",\"name\":\"Pastoral Universit\u00e1ria UniSALESIANO\",\"description\":\"Site da Pastoral Universit\u00e1ria do UniSALESIANO\",\"potentialAction\":[{\"@type\":\"SearchAction\",\"target\":{\"@type\":\"EntryPoint\",\"urlTemplate\":\"https:\\\/\\\/unisale.com.br\\\/pastoral\\\/?s={search_term_string}\"},\"query-input\":{\"@type\":\"PropertyValueSpecification\",\"valueRequired\":true,\"valueName\":\"search_term_string\"}}],\"inLanguage\":\"pt-BR\"},{\"@type\":\"Person\",\"@id\":\"https:\\\/\\\/unisale.com.br\\\/pastoral\\\/#\\\/schema\\\/person\\\/492d3d7bfe53a8302576d39485aff2c4\",\"name\":\"Luiz Alexandre Marinho Lanzoni\",\"url\":\"https:\\\/\\\/unisale.com.br\\\/pastoral\\\/author\\\/luiz\\\/\"}]}<\/script>\n<!-- \/ Yoast SEO plugin. -->","yoast_head_json":{"title":"02\/02 - ...luz para iluminar as na\u00e7\u00f5es e gl\u00f3ria do teu povo Israel. - Pastoral Universit\u00e1ria UniSALESIANO","robots":{"index":"index","follow":"follow","max-snippet":"max-snippet:-1","max-image-preview":"max-image-preview:large","max-video-preview":"max-video-preview:-1"},"canonical":"https:\/\/unisale.com.br\/novo\/02-02-luz-para-iluminar-as-nacoes-e-gloria-do-teu-povo-israel\/","og_locale":"pt_BR","og_type":"article","og_title":"02\/02 - ...luz para iluminar as na\u00e7\u00f5es e gl\u00f3ria do teu povo Israel. - Pastoral Universit\u00e1ria UniSALESIANO","og_description":"Quinta-feira, 02 de fevereiro de 2023. &nbsp; Evangelho (Lc 2,22-40) &nbsp; \u201c&#8230;luz para iluminar as na\u00e7\u00f5es e gl\u00f3ria do teu povo Israel\u201d &nbsp; 22Quando se...","og_url":"https:\/\/unisale.com.br\/novo\/02-02-luz-para-iluminar-as-nacoes-e-gloria-do-teu-povo-israel\/","og_site_name":"Pastoral Universit\u00e1ria UniSALESIANO","article_published_time":"2023-02-01T11:11:47+00:00","og_image":[{"width":400,"height":225,"url":"https:\/\/unisale.com.br\/novo\/wp-content\/uploads\/2023\/02\/Ev-02.jpg","type":"image\/jpeg"}],"author":"Luiz Alexandre Marinho Lanzoni","twitter_card":"summary_large_image","twitter_misc":{"Escrito por":"Luiz Alexandre Marinho Lanzoni","Est. tempo de leitura":"4 minutos"},"schema":{"@context":"https:\/\/schema.org","@graph":[{"@type":"Article","@id":"https:\/\/unisale.com.br\/novo\/02-02-luz-para-iluminar-as-nacoes-e-gloria-do-teu-povo-israel\/#article","isPartOf":{"@id":"https:\/\/unisale.com.br\/novo\/02-02-luz-para-iluminar-as-nacoes-e-gloria-do-teu-povo-israel\/"},"author":{"name":"Luiz Alexandre Marinho Lanzoni","@id":"https:\/\/unisale.com.br\/pastoral\/#\/schema\/person\/492d3d7bfe53a8302576d39485aff2c4"},"headline":"02\/02 &#8211; &#8230;luz para iluminar as na\u00e7\u00f5es e gl\u00f3ria do teu povo Israel.","datePublished":"2023-02-01T11:11:47+00:00","mainEntityOfPage":{"@id":"https:\/\/unisale.com.br\/novo\/02-02-luz-para-iluminar-as-nacoes-e-gloria-do-teu-povo-israel\/"},"wordCount":752,"image":{"@id":"https:\/\/unisale.com.br\/novo\/02-02-luz-para-iluminar-as-nacoes-e-gloria-do-teu-povo-israel\/#primaryimage"},"thumbnailUrl":"https:\/\/unisale.com.br\/pastoral\/wp-content\/uploads\/2023\/02\/Ev-02.jpg","articleSection":["Reflex\u00e3o do Evangelho"],"inLanguage":"pt-BR"},{"@type":"WebPage","@id":"https:\/\/unisale.com.br\/novo\/02-02-luz-para-iluminar-as-nacoes-e-gloria-do-teu-povo-israel\/","url":"https:\/\/unisale.com.br\/novo\/02-02-luz-para-iluminar-as-nacoes-e-gloria-do-teu-povo-israel\/","name":"02\/02 - ...luz para iluminar as na\u00e7\u00f5es e gl\u00f3ria do teu povo Israel. - Pastoral Universit\u00e1ria UniSALESIANO","isPartOf":{"@id":"https:\/\/unisale.com.br\/pastoral\/#website"},"primaryImageOfPage":{"@id":"https:\/\/unisale.com.br\/novo\/02-02-luz-para-iluminar-as-nacoes-e-gloria-do-teu-povo-israel\/#primaryimage"},"image":{"@id":"https:\/\/unisale.com.br\/novo\/02-02-luz-para-iluminar-as-nacoes-e-gloria-do-teu-povo-israel\/#primaryimage"},"thumbnailUrl":"https:\/\/unisale.com.br\/pastoral\/wp-content\/uploads\/2023\/02\/Ev-02.jpg","datePublished":"2023-02-01T11:11:47+00:00","author":{"@id":"https:\/\/unisale.com.br\/pastoral\/#\/schema\/person\/492d3d7bfe53a8302576d39485aff2c4"},"inLanguage":"pt-BR","potentialAction":[{"@type":"ReadAction","target":["https:\/\/unisale.com.br\/novo\/02-02-luz-para-iluminar-as-nacoes-e-gloria-do-teu-povo-israel\/"]}]},{"@type":"ImageObject","inLanguage":"pt-BR","@id":"https:\/\/unisale.com.br\/novo\/02-02-luz-para-iluminar-as-nacoes-e-gloria-do-teu-povo-israel\/#primaryimage","url":"https:\/\/unisale.com.br\/pastoral\/wp-content\/uploads\/2023\/02\/Ev-02.jpg","contentUrl":"https:\/\/unisale.com.br\/pastoral\/wp-content\/uploads\/2023\/02\/Ev-02.jpg","width":400,"height":225},{"@type":"WebSite","@id":"https:\/\/unisale.com.br\/pastoral\/#website","url":"https:\/\/unisale.com.br\/pastoral\/","name":"Pastoral Universit\u00e1ria UniSALESIANO","description":"Site da Pastoral Universit\u00e1ria do UniSALESIANO","potentialAction":[{"@type":"SearchAction","target":{"@type":"EntryPoint","urlTemplate":"https:\/\/unisale.com.br\/pastoral\/?s={search_term_string}"},"query-input":{"@type":"PropertyValueSpecification","valueRequired":true,"valueName":"search_term_string"}}],"inLanguage":"pt-BR"},{"@type":"Person","@id":"https:\/\/unisale.com.br\/pastoral\/#\/schema\/person\/492d3d7bfe53a8302576d39485aff2c4","name":"Luiz Alexandre Marinho Lanzoni","url":"https:\/\/unisale.com.br\/pastoral\/author\/luiz\/"}]}},"_links":{"self":[{"href":"https:\/\/unisale.com.br\/pastoral\/wp-json\/wp\/v2\/posts\/6176","targetHints":{"allow":["GET"]}}],"collection":[{"href":"https:\/\/unisale.com.br\/pastoral\/wp-json\/wp\/v2\/posts"}],"about":[{"href":"https:\/\/unisale.com.br\/pastoral\/wp-json\/wp\/v2\/types\/post"}],"author":[{"embeddable":true,"href":"https:\/\/unisale.com.br\/pastoral\/wp-json\/wp\/v2\/users\/6"}],"replies":[{"embeddable":true,"href":"https:\/\/unisale.com.br\/pastoral\/wp-json\/wp\/v2\/comments?post=6176"}],"version-history":[{"count":0,"href":"https:\/\/unisale.com.br\/pastoral\/wp-json\/wp\/v2\/posts\/6176\/revisions"}],"wp:featuredmedia":[{"embeddable":true,"href":"https:\/\/unisale.com.br\/pastoral\/wp-json\/wp\/v2\/media\/6180"}],"wp:attachment":[{"href":"https:\/\/unisale.com.br\/pastoral\/wp-json\/wp\/v2\/media?parent=6176"}],"wp:term":[{"taxonomy":"category","embeddable":true,"href":"https:\/\/unisale.com.br\/pastoral\/wp-json\/wp\/v2\/categories?post=6176"},{"taxonomy":"post_tag","embeddable":true,"href":"https:\/\/unisale.com.br\/pastoral\/wp-json\/wp\/v2\/tags?post=6176"}],"curies":[{"name":"wp","href":"https:\/\/api.w.org\/{rel}","templated":true}]}}