{"id":6185,"date":"2023-02-01T11:14:35","date_gmt":"2023-02-01T11:14:35","guid":{"rendered":"https:\/\/unisale.com.br\/pastoral\/?p=6185"},"modified":"2023-02-01T11:14:35","modified_gmt":"2023-02-01T11:14:35","slug":"03-02-e-um-profeta-como-um-dos-profetas","status":"publish","type":"post","link":"https:\/\/unisale.com.br\/pastoral\/03-02-e-um-profeta-como-um-dos-profetas\/","title":{"rendered":"03\/02 &#8211; \u00c9 um profeta como um dos profetas."},"content":{"rendered":"<p>Sexta-feira, 03 de fevereiro de 2023.<\/p>\n<p>&nbsp;<\/p>\n<p>Evangelho (Mc 6,14-29)<\/p>\n<p>&nbsp;<\/p>\n<p><strong>\u201c\u00c9 um profeta como um dos profetas\u201d<\/strong><\/p>\n<p>&nbsp;<\/p>\n<p>Naquele tempo, <sup>14<\/sup>o rei Herodes ouviu falar de Jesus, cujo nome se tinha tornado muito conhecido. Alguns diziam: \u201cJo\u00e3o Batista ressuscitou dos mortos. Por isso os poderes agem nesse homem\u201d. <sup>15<\/sup>Outros diziam: \u201c\u00c9 Elias\u201d. Outros ainda diziam: \u201c\u00c9 um profeta como um dos profetas\u201d. <sup>16<\/sup>Ouvindo isto, Herodes disse: \u201cEle \u00e9 Jo\u00e3o Batista. Eu mandei cortar a cabe\u00e7a dele, mas ele ressuscitou!\u201d <sup>17<\/sup>Herodes tinha mandado prender Jo\u00e3o, e coloc\u00e1-lo acorrentado na pris\u00e3o. Fez isso por causa de Herod\u00edades, mulher do seu irm\u00e3o Filipe, com quem se tinha casado. <sup>18<\/sup>Jo\u00e3o dizia a Herodes: \u201cN\u00e3o te \u00e9 permitido ficar com a mulher do teu irm\u00e3o\u201d. <sup>19<\/sup>Por isso Herod\u00edades o odiava e queria mat\u00e1-lo, mas n\u00e3o podia. <sup>20<\/sup>Com efeito, Herodes tinha medo de Jo\u00e3o, pois sabia que ele era justo e santo, e por isso o protegia. Gostava de ouvi-lo, embora ficasse embara\u00e7ado quando o escutava. <sup>21<\/sup>Finalmente, chegou o dia oportuno. Era o anivers\u00e1rio de Herodes, e ele fez um grande banquete para os grandes da corte, os oficiais e os cidad\u00e3os importantes da Galileia. <sup>22<\/sup>A filha de Herod\u00edades entrou e dan\u00e7ou, agradando a Herodes e seus convidados. Ent\u00e3o o rei disse \u00e0 mo\u00e7a: \u201cPede-me o que quiseres e eu te darei\u201d. <sup>23<\/sup>E lhe jurou dizendo: \u201cEu te darei qualquer coisa que me pedires, ainda que seja a metade do meu reino\u201d. <sup>24<\/sup>Ela saiu e perguntou \u00e0 m\u00e3e: \u201cQue vou pedir?\u201d A m\u00e3e respondeu: \u201cA cabe\u00e7a de Jo\u00e3o Batista\u201d. <sup>25<\/sup>E, voltando depressa para junto do rei, pediu: \u201cQuero que me d\u00eas agora, num prato, a cabe\u00e7a de Jo\u00e3o Batista\u201d. <sup>26<\/sup>O rei ficou muito triste, mas n\u00e3o p\u00f4de recusar. Ele tinha feito o juramento diante dos convidados. <sup>27<\/sup>Imediatamente, o rei mandou que um soldado fosse buscar a cabe\u00e7a de Jo\u00e3o. O soldado saiu, degolou-o na pris\u00e3o, <sup>28<\/sup>trouxe a cabe\u00e7a num prato e a deu \u00e0 mo\u00e7a. Ela a entregou \u00e0 sua m\u00e3e. <sup>29<\/sup>Ao saberem disso, os disc\u00edpulos de Jo\u00e3o foram l\u00e1, levaram o cad\u00e1ver e o sepultaram.<\/p>\n<p>&nbsp;<\/p>\n<p><strong>Reflex\u00e3o<\/strong><\/p>\n<p>&nbsp;<\/p>\n<p>Ao centro do evangelho de hoje est\u00e1 a consci\u00eancia suja de Herodes. A crescente fama de Jesus desperta nele o sentimento de culpa por ter mandado matar Jo\u00e3o Batista: \u201c&#8230;o rei Herodes ouviu falar de Jesus, cujo nome se tinha tornado muito conhecido. Alguns diziam: \u201cJo\u00e3o Batista ressuscitou dos mortos. Por isso os poderes agem nesse homem\u201d. Outros diziam: \u201c\u00c9 Elias\u201d. Outros ainda diziam: \u201c\u00c9 um profeta como um dos profetas\u201d. Ouvindo isto, Herodes disse: \u201cEle \u00e9 Jo\u00e3o Batista. Eu mandei cortar a cabe\u00e7a dele, mas ele ressuscitou!\u201d.\u00a0 Por mais que a gente tente escapar da nossa consci\u00eancia, ela nos perseguir\u00e1 at\u00e9 o fim, at\u00e9 que tomemos a s\u00e9rio o que ela quer nos dizer. \u00c9 o sexto sentido que existe dentro de n\u00f3s, que \u00e9 justamente a capacidade que temos de sentir a verdade das coisas. E por mais que a vida, os pecados, as circunst\u00e2ncias, os condicionamentos possam aliviar este sexto sentido que no fundo todos temos, em n\u00f3s continua a ressoar como um desconforto aquilo que n\u00e3o corresponde de fato \u00e0 Verdade. Eis porque Herodes n\u00e3o encontra paz e manifesta a t\u00edpica neurose que todos temos quando de uma parte nos sentimos atra\u00eddos pela verdade e de outra parte, vivemos contra ela: <sup>\u201c<\/sup>Herodes tinha mandado prender Jo\u00e3o, e coloc\u00e1-lo acorrentado na pris\u00e3o. Fez isso por causa de Herod\u00edades, mulher do seu irm\u00e3o Filipe, com quem se tinha casado. Jo\u00e3o dizia a Herodes: \u201cN\u00e3o te \u00e9 permitido ficar com a mulher do teu irm\u00e3o\u201d. Por isso Herod\u00edades o odiava e queria mat\u00e1-lo, mas n\u00e3o podia. Com efeito, Herodes tinha medo de Jo\u00e3o, pois sabia que ele era justo e santo, e por isso o protegia. Gostava de ouvi-lo, embora ficasse embara\u00e7ado quando o escutava\u201d. Como pode de uma parte sentir-se fascinado pela verdade e depois fazer vencer a mentira? O Evangelho de hoje nos conta isto para desmascarar o mesmo conflito que existe em n\u00f3s e para colocar-nos a postos pelo fato que temos um longo caminho, mesmo sentindo atra\u00e7\u00e3o por aquilo que \u00e9 verdadeiro, se n\u00e3o fazemos escolhas, consequentemente antes ou depois ocorrem situa\u00e7\u00f5es irrepar\u00e1veis.<\/p>\n<p><strong>Pe. Paulo Eduardo J\u00e1como, SDB.<\/strong><\/p>\n","protected":false},"excerpt":{"rendered":"<p>Sexta-feira, 03 de fevereiro de 2023. &nbsp; Evangelho (Mc 6,14-29) &nbsp; \u201c\u00c9 um profeta como um dos profetas\u201d &nbsp; Naquele tempo, 14o rei Herodes ouviu&#8230;<\/p>\n","protected":false},"author":6,"featured_media":6181,"comment_status":"closed","ping_status":"closed","sticky":false,"template":"","format":"standard","meta":{"_acf_changed":false,"footnotes":""},"categories":[13],"tags":[],"class_list":["post-6185","post","type-post","status-publish","format-standard","has-post-thumbnail","hentry","category-reflexaodoevagelho"],"acf":[],"yoast_head":"<!-- This site is optimized with the Yoast SEO plugin v27.3 - https:\/\/yoast.com\/product\/yoast-seo-wordpress\/ -->\n<title>03\/02 - \u00c9 um profeta como um dos profetas. - Pastoral Universit\u00e1ria UniSALESIANO<\/title>\n<meta name=\"robots\" content=\"index, follow, max-snippet:-1, max-image-preview:large, max-video-preview:-1\" \/>\n<link rel=\"canonical\" href=\"https:\/\/unisale.com.br\/novo\/03-02-e-um-profeta-como-um-dos-profetas\/\" \/>\n<meta property=\"og:locale\" content=\"pt_BR\" \/>\n<meta property=\"og:type\" content=\"article\" \/>\n<meta property=\"og:title\" content=\"03\/02 - \u00c9 um profeta como um dos profetas. - Pastoral Universit\u00e1ria UniSALESIANO\" \/>\n<meta property=\"og:description\" content=\"Sexta-feira, 03 de fevereiro de 2023. &nbsp; Evangelho (Mc 6,14-29) &nbsp; \u201c\u00c9 um profeta como um dos profetas\u201d &nbsp; Naquele tempo, 14o rei Herodes ouviu...\" \/>\n<meta property=\"og:url\" content=\"https:\/\/unisale.com.br\/novo\/03-02-e-um-profeta-como-um-dos-profetas\/\" \/>\n<meta property=\"og:site_name\" content=\"Pastoral Universit\u00e1ria UniSALESIANO\" \/>\n<meta property=\"article:published_time\" content=\"2023-02-01T11:14:35+00:00\" \/>\n<meta property=\"og:image\" content=\"https:\/\/unisale.com.br\/novo\/wp-content\/uploads\/2023\/02\/Ev-03.jpg\" \/>\n\t<meta property=\"og:image:width\" content=\"400\" \/>\n\t<meta property=\"og:image:height\" content=\"307\" \/>\n\t<meta property=\"og:image:type\" content=\"image\/jpeg\" \/>\n<meta name=\"author\" content=\"Luiz Alexandre Marinho Lanzoni\" \/>\n<meta name=\"twitter:card\" content=\"summary_large_image\" \/>\n<meta name=\"twitter:label1\" content=\"Escrito por\" \/>\n\t<meta name=\"twitter:data1\" content=\"Luiz Alexandre Marinho Lanzoni\" \/>\n\t<meta name=\"twitter:label2\" content=\"Est. tempo de leitura\" \/>\n\t<meta name=\"twitter:data2\" content=\"4 minutos\" \/>\n<script type=\"application\/ld+json\" class=\"yoast-schema-graph\">{\"@context\":\"https:\\\/\\\/schema.org\",\"@graph\":[{\"@type\":\"Article\",\"@id\":\"https:\\\/\\\/unisale.com.br\\\/novo\\\/03-02-e-um-profeta-como-um-dos-profetas\\\/#article\",\"isPartOf\":{\"@id\":\"https:\\\/\\\/unisale.com.br\\\/novo\\\/03-02-e-um-profeta-como-um-dos-profetas\\\/\"},\"author\":{\"name\":\"Luiz Alexandre Marinho Lanzoni\",\"@id\":\"https:\\\/\\\/unisale.com.br\\\/pastoral\\\/#\\\/schema\\\/person\\\/492d3d7bfe53a8302576d39485aff2c4\"},\"headline\":\"03\\\/02 &#8211; \u00c9 um profeta como um dos profetas.\",\"datePublished\":\"2023-02-01T11:14:35+00:00\",\"mainEntityOfPage\":{\"@id\":\"https:\\\/\\\/unisale.com.br\\\/novo\\\/03-02-e-um-profeta-como-um-dos-profetas\\\/\"},\"wordCount\":759,\"image\":{\"@id\":\"https:\\\/\\\/unisale.com.br\\\/novo\\\/03-02-e-um-profeta-como-um-dos-profetas\\\/#primaryimage\"},\"thumbnailUrl\":\"https:\\\/\\\/unisale.com.br\\\/pastoral\\\/wp-content\\\/uploads\\\/2023\\\/02\\\/Ev-03.jpg\",\"articleSection\":[\"Reflex\u00e3o do Evangelho\"],\"inLanguage\":\"pt-BR\"},{\"@type\":\"WebPage\",\"@id\":\"https:\\\/\\\/unisale.com.br\\\/novo\\\/03-02-e-um-profeta-como-um-dos-profetas\\\/\",\"url\":\"https:\\\/\\\/unisale.com.br\\\/novo\\\/03-02-e-um-profeta-como-um-dos-profetas\\\/\",\"name\":\"03\\\/02 - \u00c9 um profeta como um dos profetas. - Pastoral Universit\u00e1ria UniSALESIANO\",\"isPartOf\":{\"@id\":\"https:\\\/\\\/unisale.com.br\\\/pastoral\\\/#website\"},\"primaryImageOfPage\":{\"@id\":\"https:\\\/\\\/unisale.com.br\\\/novo\\\/03-02-e-um-profeta-como-um-dos-profetas\\\/#primaryimage\"},\"image\":{\"@id\":\"https:\\\/\\\/unisale.com.br\\\/novo\\\/03-02-e-um-profeta-como-um-dos-profetas\\\/#primaryimage\"},\"thumbnailUrl\":\"https:\\\/\\\/unisale.com.br\\\/pastoral\\\/wp-content\\\/uploads\\\/2023\\\/02\\\/Ev-03.jpg\",\"datePublished\":\"2023-02-01T11:14:35+00:00\",\"author\":{\"@id\":\"https:\\\/\\\/unisale.com.br\\\/pastoral\\\/#\\\/schema\\\/person\\\/492d3d7bfe53a8302576d39485aff2c4\"},\"inLanguage\":\"pt-BR\",\"potentialAction\":[{\"@type\":\"ReadAction\",\"target\":[\"https:\\\/\\\/unisale.com.br\\\/novo\\\/03-02-e-um-profeta-como-um-dos-profetas\\\/\"]}]},{\"@type\":\"ImageObject\",\"inLanguage\":\"pt-BR\",\"@id\":\"https:\\\/\\\/unisale.com.br\\\/novo\\\/03-02-e-um-profeta-como-um-dos-profetas\\\/#primaryimage\",\"url\":\"https:\\\/\\\/unisale.com.br\\\/pastoral\\\/wp-content\\\/uploads\\\/2023\\\/02\\\/Ev-03.jpg\",\"contentUrl\":\"https:\\\/\\\/unisale.com.br\\\/pastoral\\\/wp-content\\\/uploads\\\/2023\\\/02\\\/Ev-03.jpg\",\"width\":400,\"height\":307},{\"@type\":\"WebSite\",\"@id\":\"https:\\\/\\\/unisale.com.br\\\/pastoral\\\/#website\",\"url\":\"https:\\\/\\\/unisale.com.br\\\/pastoral\\\/\",\"name\":\"Pastoral Universit\u00e1ria UniSALESIANO\",\"description\":\"Site da Pastoral Universit\u00e1ria do UniSALESIANO\",\"potentialAction\":[{\"@type\":\"SearchAction\",\"target\":{\"@type\":\"EntryPoint\",\"urlTemplate\":\"https:\\\/\\\/unisale.com.br\\\/pastoral\\\/?s={search_term_string}\"},\"query-input\":{\"@type\":\"PropertyValueSpecification\",\"valueRequired\":true,\"valueName\":\"search_term_string\"}}],\"inLanguage\":\"pt-BR\"},{\"@type\":\"Person\",\"@id\":\"https:\\\/\\\/unisale.com.br\\\/pastoral\\\/#\\\/schema\\\/person\\\/492d3d7bfe53a8302576d39485aff2c4\",\"name\":\"Luiz Alexandre Marinho Lanzoni\",\"url\":\"https:\\\/\\\/unisale.com.br\\\/pastoral\\\/author\\\/luiz\\\/\"}]}<\/script>\n<!-- \/ Yoast SEO plugin. -->","yoast_head_json":{"title":"03\/02 - \u00c9 um profeta como um dos profetas. - Pastoral Universit\u00e1ria UniSALESIANO","robots":{"index":"index","follow":"follow","max-snippet":"max-snippet:-1","max-image-preview":"max-image-preview:large","max-video-preview":"max-video-preview:-1"},"canonical":"https:\/\/unisale.com.br\/novo\/03-02-e-um-profeta-como-um-dos-profetas\/","og_locale":"pt_BR","og_type":"article","og_title":"03\/02 - \u00c9 um profeta como um dos profetas. - Pastoral Universit\u00e1ria UniSALESIANO","og_description":"Sexta-feira, 03 de fevereiro de 2023. &nbsp; Evangelho (Mc 6,14-29) &nbsp; \u201c\u00c9 um profeta como um dos profetas\u201d &nbsp; Naquele tempo, 14o rei Herodes ouviu...","og_url":"https:\/\/unisale.com.br\/novo\/03-02-e-um-profeta-como-um-dos-profetas\/","og_site_name":"Pastoral Universit\u00e1ria UniSALESIANO","article_published_time":"2023-02-01T11:14:35+00:00","og_image":[{"width":400,"height":307,"url":"https:\/\/unisale.com.br\/novo\/wp-content\/uploads\/2023\/02\/Ev-03.jpg","type":"image\/jpeg"}],"author":"Luiz Alexandre Marinho Lanzoni","twitter_card":"summary_large_image","twitter_misc":{"Escrito por":"Luiz Alexandre Marinho Lanzoni","Est. tempo de leitura":"4 minutos"},"schema":{"@context":"https:\/\/schema.org","@graph":[{"@type":"Article","@id":"https:\/\/unisale.com.br\/novo\/03-02-e-um-profeta-como-um-dos-profetas\/#article","isPartOf":{"@id":"https:\/\/unisale.com.br\/novo\/03-02-e-um-profeta-como-um-dos-profetas\/"},"author":{"name":"Luiz Alexandre Marinho Lanzoni","@id":"https:\/\/unisale.com.br\/pastoral\/#\/schema\/person\/492d3d7bfe53a8302576d39485aff2c4"},"headline":"03\/02 &#8211; \u00c9 um profeta como um dos profetas.","datePublished":"2023-02-01T11:14:35+00:00","mainEntityOfPage":{"@id":"https:\/\/unisale.com.br\/novo\/03-02-e-um-profeta-como-um-dos-profetas\/"},"wordCount":759,"image":{"@id":"https:\/\/unisale.com.br\/novo\/03-02-e-um-profeta-como-um-dos-profetas\/#primaryimage"},"thumbnailUrl":"https:\/\/unisale.com.br\/pastoral\/wp-content\/uploads\/2023\/02\/Ev-03.jpg","articleSection":["Reflex\u00e3o do Evangelho"],"inLanguage":"pt-BR"},{"@type":"WebPage","@id":"https:\/\/unisale.com.br\/novo\/03-02-e-um-profeta-como-um-dos-profetas\/","url":"https:\/\/unisale.com.br\/novo\/03-02-e-um-profeta-como-um-dos-profetas\/","name":"03\/02 - \u00c9 um profeta como um dos profetas. - Pastoral Universit\u00e1ria UniSALESIANO","isPartOf":{"@id":"https:\/\/unisale.com.br\/pastoral\/#website"},"primaryImageOfPage":{"@id":"https:\/\/unisale.com.br\/novo\/03-02-e-um-profeta-como-um-dos-profetas\/#primaryimage"},"image":{"@id":"https:\/\/unisale.com.br\/novo\/03-02-e-um-profeta-como-um-dos-profetas\/#primaryimage"},"thumbnailUrl":"https:\/\/unisale.com.br\/pastoral\/wp-content\/uploads\/2023\/02\/Ev-03.jpg","datePublished":"2023-02-01T11:14:35+00:00","author":{"@id":"https:\/\/unisale.com.br\/pastoral\/#\/schema\/person\/492d3d7bfe53a8302576d39485aff2c4"},"inLanguage":"pt-BR","potentialAction":[{"@type":"ReadAction","target":["https:\/\/unisale.com.br\/novo\/03-02-e-um-profeta-como-um-dos-profetas\/"]}]},{"@type":"ImageObject","inLanguage":"pt-BR","@id":"https:\/\/unisale.com.br\/novo\/03-02-e-um-profeta-como-um-dos-profetas\/#primaryimage","url":"https:\/\/unisale.com.br\/pastoral\/wp-content\/uploads\/2023\/02\/Ev-03.jpg","contentUrl":"https:\/\/unisale.com.br\/pastoral\/wp-content\/uploads\/2023\/02\/Ev-03.jpg","width":400,"height":307},{"@type":"WebSite","@id":"https:\/\/unisale.com.br\/pastoral\/#website","url":"https:\/\/unisale.com.br\/pastoral\/","name":"Pastoral Universit\u00e1ria UniSALESIANO","description":"Site da Pastoral Universit\u00e1ria do UniSALESIANO","potentialAction":[{"@type":"SearchAction","target":{"@type":"EntryPoint","urlTemplate":"https:\/\/unisale.com.br\/pastoral\/?s={search_term_string}"},"query-input":{"@type":"PropertyValueSpecification","valueRequired":true,"valueName":"search_term_string"}}],"inLanguage":"pt-BR"},{"@type":"Person","@id":"https:\/\/unisale.com.br\/pastoral\/#\/schema\/person\/492d3d7bfe53a8302576d39485aff2c4","name":"Luiz Alexandre Marinho Lanzoni","url":"https:\/\/unisale.com.br\/pastoral\/author\/luiz\/"}]}},"_links":{"self":[{"href":"https:\/\/unisale.com.br\/pastoral\/wp-json\/wp\/v2\/posts\/6185","targetHints":{"allow":["GET"]}}],"collection":[{"href":"https:\/\/unisale.com.br\/pastoral\/wp-json\/wp\/v2\/posts"}],"about":[{"href":"https:\/\/unisale.com.br\/pastoral\/wp-json\/wp\/v2\/types\/post"}],"author":[{"embeddable":true,"href":"https:\/\/unisale.com.br\/pastoral\/wp-json\/wp\/v2\/users\/6"}],"replies":[{"embeddable":true,"href":"https:\/\/unisale.com.br\/pastoral\/wp-json\/wp\/v2\/comments?post=6185"}],"version-history":[{"count":0,"href":"https:\/\/unisale.com.br\/pastoral\/wp-json\/wp\/v2\/posts\/6185\/revisions"}],"wp:featuredmedia":[{"embeddable":true,"href":"https:\/\/unisale.com.br\/pastoral\/wp-json\/wp\/v2\/media\/6181"}],"wp:attachment":[{"href":"https:\/\/unisale.com.br\/pastoral\/wp-json\/wp\/v2\/media?parent=6185"}],"wp:term":[{"taxonomy":"category","embeddable":true,"href":"https:\/\/unisale.com.br\/pastoral\/wp-json\/wp\/v2\/categories?post=6185"},{"taxonomy":"post_tag","embeddable":true,"href":"https:\/\/unisale.com.br\/pastoral\/wp-json\/wp\/v2\/tags?post=6185"}],"curies":[{"name":"wp","href":"https:\/\/api.w.org\/{rel}","templated":true}]}}