{"id":619,"date":"2020-09-30T17:23:06","date_gmt":"2020-09-30T17:23:06","guid":{"rendered":"https:\/\/unisale.com.br\/pastoral\/?p=619"},"modified":"2021-05-21T11:59:34","modified_gmt":"2021-05-21T11:59:34","slug":"pastoral-universitaria-realiza-missa-em-homenagem-aos-arcanjos-miguel-rafael-e-gabriel","status":"publish","type":"post","link":"https:\/\/unisale.com.br\/pastoral\/pastoral-universitaria-realiza-missa-em-homenagem-aos-arcanjos-miguel-rafael-e-gabriel\/","title":{"rendered":"Pastoral Universit\u00e1ria realiza Missa em Homenagem aos Arcanjos Miguel, Rafael e Gabriel"},"content":{"rendered":"<h3>A celebra\u00e7\u00e3o foi transmitida ao vivo e pode ser acessada pelo canal da Pastoral Universit\u00e1ria no Youtube<\/h3>\n<h3><img fetchpriority=\"high\" decoding=\"async\" class=\"alignnone wp-image-621 size-full\" src=\"https:\/\/unisale.com.br\/pastoral\/wp-content\/uploads\/2021\/04\/missa-sao-miguel-1-e1619544452563.jpg\" alt=\"\" width=\"896\" height=\"586\" srcset=\"https:\/\/unisale.com.br\/pastoral\/wp-content\/uploads\/2021\/04\/missa-sao-miguel-1-e1619544452563.jpg 765w, https:\/\/unisale.com.br\/pastoral\/wp-content\/uploads\/2021\/04\/missa-sao-miguel-1-e1619544452563-300x196.jpg 300w, https:\/\/unisale.com.br\/pastoral\/wp-content\/uploads\/2021\/04\/missa-sao-miguel-1-e1619544452563-768x502.jpg 768w\" sizes=\"(max-width: 896px) 100vw, 896px\" \/><\/h3>\n<p><span style=\"font-size: 14pt;\">A\u00a0<strong>Pastoral Universit\u00e1ria do UniSALESIANO<\/strong>\u00a0realizou a Missa em Homenagem a S\u00e3o Miguel Arcanjo, S\u00e3o Rafael Arcanjo e S\u00e3o Gabriel Arcanjo, na tarde do dia 29 de setembro, na Capela do Centro de Conviv\u00eancia do UniSALESIANO.<\/span><\/p>\n<p><span style=\"font-size: 14pt;\">A celebra\u00e7\u00e3o foi transmitida ao vivo e pode ser acessada pelo canal da Pastoral Universit\u00e1ria no Youtube \u2013\u00a0<a href=\"https:\/\/www.youtube.com\/channel\/UCNOLAGmFvz19FqxTnZFRnCA\">https:\/\/www.youtube.com\/channel\/UCNOLAGmFvz19FqxTnZFRnCA<\/a>.<\/span><\/p>\n<p><span style=\"font-size: 14pt;\">O\u00a0<strong>Pr\u00f3-Reitor de Pastoral, Pe. Erondi Tamandar\u00e9<\/strong>, respons\u00e1vel pela celebra\u00e7\u00e3o da missa, explicou que S\u00e3o Miguel \u00e9 o Arcanjo da prote\u00e7\u00e3o e da justi\u00e7a. \u201cVale salientar que as pessoas buscam tanto por isso porque, consciente ou insconscientemente, est\u00e3o se sentindo injusti\u00e7adas e desprotegidas\u201d, disse.<\/span><\/p>\n<p><span style=\"font-size: 14pt;\">J\u00e1 S\u00e3o Rafael, segundo o padre, \u00e9 o Arcanjo do matrim\u00f4nio e da sa\u00fade, seguido de S\u00e3o Gabriel, que \u00e9 o Arcanjo da Boa Nova. \u201cVivemos na esperan\u00e7a de coisas boas para nossas vidas\u201d, completou o Pr\u00f3-Reitor de Pastoral.<\/span><\/p>\n<p><span style=\"font-size: 14pt;\"><strong>Hist\u00f3ria<\/strong><\/span><\/p>\n<p><span style=\"font-size: 14pt;\">No dia 29 de setembro, a Igreja Cat\u00f3lica celebra a festa de tr\u00eas santos arcanjos, cujos nomes foram revelados nas Sagradas Escrituras: Miguel, Gabriel e Rafael.<\/span><\/p>\n<p><span style=\"font-size: 14pt;\">Os arcanjos servem a Deus, mas tamb\u00e9m aos homens. Eles anunciam importantes miss\u00f5es aos homens, como fez o Arcanjo S\u00e3o Gabriel a Virgem Maria (cf. Lc 1, 26-38), e guardam especialmente as pessoas que desempenham importantes fun\u00e7\u00f5es para a gl\u00f3ria de Deus, como o Papa, os bispos, sacerdotes e l\u00edderes leigos.<\/span><\/p>\n","protected":false},"excerpt":{"rendered":"<p>A celebra\u00e7\u00e3o foi transmitida ao vivo e pode ser acessada pelo canal da Pastoral Universit\u00e1ria no Youtube A\u00a0Pastoral Universit\u00e1ria do UniSALESIANO\u00a0realizou a Missa em Homenagem&#8230;<\/p>\n","protected":false},"author":1,"featured_media":0,"comment_status":"open","ping_status":"open","sticky":false,"template":"","format":"standard","meta":{"_acf_changed":false,"footnotes":""},"categories":[3],"tags":[],"class_list":["post-619","post","type-post","status-publish","format-standard","hentry","category-not"],"acf":[],"yoast_head":"<!-- This site is optimized with the Yoast SEO plugin v27.3 - https:\/\/yoast.com\/product\/yoast-seo-wordpress\/ -->\n<title>Pastoral Universit\u00e1ria realiza Missa em Homenagem aos Arcanjos Miguel, Rafael e Gabriel - Pastoral Universit\u00e1ria UniSALESIANO<\/title>\n<meta name=\"robots\" content=\"index, follow, max-snippet:-1, max-image-preview:large, max-video-preview:-1\" \/>\n<link rel=\"canonical\" href=\"https:\/\/unisale.com.br\/novo\/pastoral-universitaria-realiza-missa-em-homenagem-aos-arcanjos-miguel-rafael-e-gabriel\/\" \/>\n<meta property=\"og:locale\" content=\"pt_BR\" \/>\n<meta property=\"og:type\" content=\"article\" \/>\n<meta property=\"og:title\" content=\"Pastoral Universit\u00e1ria realiza Missa em Homenagem aos Arcanjos Miguel, Rafael e Gabriel - Pastoral Universit\u00e1ria UniSALESIANO\" \/>\n<meta property=\"og:description\" content=\"A celebra\u00e7\u00e3o foi transmitida ao vivo e pode ser acessada pelo canal da Pastoral Universit\u00e1ria no Youtube A\u00a0Pastoral Universit\u00e1ria do UniSALESIANO\u00a0realizou a Missa em Homenagem...\" \/>\n<meta property=\"og:url\" content=\"https:\/\/unisale.com.br\/novo\/pastoral-universitaria-realiza-missa-em-homenagem-aos-arcanjos-miguel-rafael-e-gabriel\/\" \/>\n<meta property=\"og:site_name\" content=\"Pastoral Universit\u00e1ria UniSALESIANO\" \/>\n<meta property=\"article:published_time\" content=\"2020-09-30T17:23:06+00:00\" \/>\n<meta property=\"article:modified_time\" content=\"2021-05-21T11:59:34+00:00\" \/>\n<meta property=\"og:image\" content=\"https:\/\/unisale.com.br\/novo\/wp-content\/uploads\/2021\/04\/missa-sao-miguel-1-e1619544452563.jpg\" \/>\n<meta name=\"author\" content=\"pastoral\" \/>\n<meta name=\"twitter:card\" content=\"summary_large_image\" \/>\n<meta name=\"twitter:label1\" content=\"Escrito por\" \/>\n\t<meta name=\"twitter:data1\" content=\"pastoral\" \/>\n\t<meta name=\"twitter:label2\" content=\"Est. tempo de leitura\" \/>\n\t<meta name=\"twitter:data2\" content=\"1 minuto\" \/>\n<script type=\"application\/ld+json\" class=\"yoast-schema-graph\">{\"@context\":\"https:\\\/\\\/schema.org\",\"@graph\":[{\"@type\":\"Article\",\"@id\":\"https:\\\/\\\/unisale.com.br\\\/novo\\\/pastoral-universitaria-realiza-missa-em-homenagem-aos-arcanjos-miguel-rafael-e-gabriel\\\/#article\",\"isPartOf\":{\"@id\":\"https:\\\/\\\/unisale.com.br\\\/novo\\\/pastoral-universitaria-realiza-missa-em-homenagem-aos-arcanjos-miguel-rafael-e-gabriel\\\/\"},\"author\":{\"name\":\"pastoral\",\"@id\":\"https:\\\/\\\/unisale.com.br\\\/pastoral\\\/#\\\/schema\\\/person\\\/a16ba711a0f7dec9cb6b44563144d5a3\"},\"headline\":\"Pastoral Universit\u00e1ria realiza Missa em Homenagem aos Arcanjos Miguel, Rafael e Gabriel\",\"datePublished\":\"2020-09-30T17:23:06+00:00\",\"dateModified\":\"2021-05-21T11:59:34+00:00\",\"mainEntityOfPage\":{\"@id\":\"https:\\\/\\\/unisale.com.br\\\/novo\\\/pastoral-universitaria-realiza-missa-em-homenagem-aos-arcanjos-miguel-rafael-e-gabriel\\\/\"},\"wordCount\":277,\"commentCount\":5451,\"image\":{\"@id\":\"https:\\\/\\\/unisale.com.br\\\/novo\\\/pastoral-universitaria-realiza-missa-em-homenagem-aos-arcanjos-miguel-rafael-e-gabriel\\\/#primaryimage\"},\"thumbnailUrl\":\"https:\\\/\\\/unisale.com.br\\\/pastoral\\\/wp-content\\\/uploads\\\/2021\\\/04\\\/missa-sao-miguel-1-e1619544452563.jpg\",\"articleSection\":[\"Not\u00edcias\"],\"inLanguage\":\"pt-BR\",\"potentialAction\":[{\"@type\":\"CommentAction\",\"name\":\"Comment\",\"target\":[\"https:\\\/\\\/unisale.com.br\\\/novo\\\/pastoral-universitaria-realiza-missa-em-homenagem-aos-arcanjos-miguel-rafael-e-gabriel\\\/#respond\"]}]},{\"@type\":\"WebPage\",\"@id\":\"https:\\\/\\\/unisale.com.br\\\/novo\\\/pastoral-universitaria-realiza-missa-em-homenagem-aos-arcanjos-miguel-rafael-e-gabriel\\\/\",\"url\":\"https:\\\/\\\/unisale.com.br\\\/novo\\\/pastoral-universitaria-realiza-missa-em-homenagem-aos-arcanjos-miguel-rafael-e-gabriel\\\/\",\"name\":\"Pastoral Universit\u00e1ria realiza Missa em Homenagem aos Arcanjos Miguel, Rafael e Gabriel - Pastoral Universit\u00e1ria UniSALESIANO\",\"isPartOf\":{\"@id\":\"https:\\\/\\\/unisale.com.br\\\/pastoral\\\/#website\"},\"primaryImageOfPage\":{\"@id\":\"https:\\\/\\\/unisale.com.br\\\/novo\\\/pastoral-universitaria-realiza-missa-em-homenagem-aos-arcanjos-miguel-rafael-e-gabriel\\\/#primaryimage\"},\"image\":{\"@id\":\"https:\\\/\\\/unisale.com.br\\\/novo\\\/pastoral-universitaria-realiza-missa-em-homenagem-aos-arcanjos-miguel-rafael-e-gabriel\\\/#primaryimage\"},\"thumbnailUrl\":\"https:\\\/\\\/unisale.com.br\\\/pastoral\\\/wp-content\\\/uploads\\\/2021\\\/04\\\/missa-sao-miguel-1-e1619544452563.jpg\",\"datePublished\":\"2020-09-30T17:23:06+00:00\",\"dateModified\":\"2021-05-21T11:59:34+00:00\",\"author\":{\"@id\":\"https:\\\/\\\/unisale.com.br\\\/pastoral\\\/#\\\/schema\\\/person\\\/a16ba711a0f7dec9cb6b44563144d5a3\"},\"inLanguage\":\"pt-BR\",\"potentialAction\":[{\"@type\":\"ReadAction\",\"target\":[\"https:\\\/\\\/unisale.com.br\\\/novo\\\/pastoral-universitaria-realiza-missa-em-homenagem-aos-arcanjos-miguel-rafael-e-gabriel\\\/\"]}]},{\"@type\":\"ImageObject\",\"inLanguage\":\"pt-BR\",\"@id\":\"https:\\\/\\\/unisale.com.br\\\/novo\\\/pastoral-universitaria-realiza-missa-em-homenagem-aos-arcanjos-miguel-rafael-e-gabriel\\\/#primaryimage\",\"url\":\"https:\\\/\\\/unisale.com.br\\\/pastoral\\\/wp-content\\\/uploads\\\/2021\\\/04\\\/missa-sao-miguel-1-e1619544452563.jpg\",\"contentUrl\":\"https:\\\/\\\/unisale.com.br\\\/pastoral\\\/wp-content\\\/uploads\\\/2021\\\/04\\\/missa-sao-miguel-1-e1619544452563.jpg\",\"width\":765,\"height\":500},{\"@type\":\"WebSite\",\"@id\":\"https:\\\/\\\/unisale.com.br\\\/pastoral\\\/#website\",\"url\":\"https:\\\/\\\/unisale.com.br\\\/pastoral\\\/\",\"name\":\"Pastoral Universit\u00e1ria UniSALESIANO\",\"description\":\"Site da Pastoral Universit\u00e1ria do UniSALESIANO\",\"potentialAction\":[{\"@type\":\"SearchAction\",\"target\":{\"@type\":\"EntryPoint\",\"urlTemplate\":\"https:\\\/\\\/unisale.com.br\\\/pastoral\\\/?s={search_term_string}\"},\"query-input\":{\"@type\":\"PropertyValueSpecification\",\"valueRequired\":true,\"valueName\":\"search_term_string\"}}],\"inLanguage\":\"pt-BR\"},{\"@type\":\"Person\",\"@id\":\"https:\\\/\\\/unisale.com.br\\\/pastoral\\\/#\\\/schema\\\/person\\\/a16ba711a0f7dec9cb6b44563144d5a3\",\"name\":\"pastoral\",\"url\":\"https:\\\/\\\/unisale.com.br\\\/pastoral\\\/author\\\/pastoral\\\/\"}]}<\/script>\n<!-- \/ Yoast SEO plugin. -->","yoast_head_json":{"title":"Pastoral Universit\u00e1ria realiza Missa em Homenagem aos Arcanjos Miguel, Rafael e Gabriel - Pastoral Universit\u00e1ria UniSALESIANO","robots":{"index":"index","follow":"follow","max-snippet":"max-snippet:-1","max-image-preview":"max-image-preview:large","max-video-preview":"max-video-preview:-1"},"canonical":"https:\/\/unisale.com.br\/novo\/pastoral-universitaria-realiza-missa-em-homenagem-aos-arcanjos-miguel-rafael-e-gabriel\/","og_locale":"pt_BR","og_type":"article","og_title":"Pastoral Universit\u00e1ria realiza Missa em Homenagem aos Arcanjos Miguel, Rafael e Gabriel - Pastoral Universit\u00e1ria UniSALESIANO","og_description":"A celebra\u00e7\u00e3o foi transmitida ao vivo e pode ser acessada pelo canal da Pastoral Universit\u00e1ria no Youtube A\u00a0Pastoral Universit\u00e1ria do UniSALESIANO\u00a0realizou a Missa em Homenagem...","og_url":"https:\/\/unisale.com.br\/novo\/pastoral-universitaria-realiza-missa-em-homenagem-aos-arcanjos-miguel-rafael-e-gabriel\/","og_site_name":"Pastoral Universit\u00e1ria UniSALESIANO","article_published_time":"2020-09-30T17:23:06+00:00","article_modified_time":"2021-05-21T11:59:34+00:00","og_image":[{"url":"https:\/\/unisale.com.br\/novo\/wp-content\/uploads\/2021\/04\/missa-sao-miguel-1-e1619544452563.jpg","type":"","width":"","height":""}],"author":"pastoral","twitter_card":"summary_large_image","twitter_misc":{"Escrito por":"pastoral","Est. tempo de leitura":"1 minuto"},"schema":{"@context":"https:\/\/schema.org","@graph":[{"@type":"Article","@id":"https:\/\/unisale.com.br\/novo\/pastoral-universitaria-realiza-missa-em-homenagem-aos-arcanjos-miguel-rafael-e-gabriel\/#article","isPartOf":{"@id":"https:\/\/unisale.com.br\/novo\/pastoral-universitaria-realiza-missa-em-homenagem-aos-arcanjos-miguel-rafael-e-gabriel\/"},"author":{"name":"pastoral","@id":"https:\/\/unisale.com.br\/pastoral\/#\/schema\/person\/a16ba711a0f7dec9cb6b44563144d5a3"},"headline":"Pastoral Universit\u00e1ria realiza Missa em Homenagem aos Arcanjos Miguel, Rafael e Gabriel","datePublished":"2020-09-30T17:23:06+00:00","dateModified":"2021-05-21T11:59:34+00:00","mainEntityOfPage":{"@id":"https:\/\/unisale.com.br\/novo\/pastoral-universitaria-realiza-missa-em-homenagem-aos-arcanjos-miguel-rafael-e-gabriel\/"},"wordCount":277,"commentCount":5451,"image":{"@id":"https:\/\/unisale.com.br\/novo\/pastoral-universitaria-realiza-missa-em-homenagem-aos-arcanjos-miguel-rafael-e-gabriel\/#primaryimage"},"thumbnailUrl":"https:\/\/unisale.com.br\/pastoral\/wp-content\/uploads\/2021\/04\/missa-sao-miguel-1-e1619544452563.jpg","articleSection":["Not\u00edcias"],"inLanguage":"pt-BR","potentialAction":[{"@type":"CommentAction","name":"Comment","target":["https:\/\/unisale.com.br\/novo\/pastoral-universitaria-realiza-missa-em-homenagem-aos-arcanjos-miguel-rafael-e-gabriel\/#respond"]}]},{"@type":"WebPage","@id":"https:\/\/unisale.com.br\/novo\/pastoral-universitaria-realiza-missa-em-homenagem-aos-arcanjos-miguel-rafael-e-gabriel\/","url":"https:\/\/unisale.com.br\/novo\/pastoral-universitaria-realiza-missa-em-homenagem-aos-arcanjos-miguel-rafael-e-gabriel\/","name":"Pastoral Universit\u00e1ria realiza Missa em Homenagem aos Arcanjos Miguel, Rafael e Gabriel - Pastoral Universit\u00e1ria UniSALESIANO","isPartOf":{"@id":"https:\/\/unisale.com.br\/pastoral\/#website"},"primaryImageOfPage":{"@id":"https:\/\/unisale.com.br\/novo\/pastoral-universitaria-realiza-missa-em-homenagem-aos-arcanjos-miguel-rafael-e-gabriel\/#primaryimage"},"image":{"@id":"https:\/\/unisale.com.br\/novo\/pastoral-universitaria-realiza-missa-em-homenagem-aos-arcanjos-miguel-rafael-e-gabriel\/#primaryimage"},"thumbnailUrl":"https:\/\/unisale.com.br\/pastoral\/wp-content\/uploads\/2021\/04\/missa-sao-miguel-1-e1619544452563.jpg","datePublished":"2020-09-30T17:23:06+00:00","dateModified":"2021-05-21T11:59:34+00:00","author":{"@id":"https:\/\/unisale.com.br\/pastoral\/#\/schema\/person\/a16ba711a0f7dec9cb6b44563144d5a3"},"inLanguage":"pt-BR","potentialAction":[{"@type":"ReadAction","target":["https:\/\/unisale.com.br\/novo\/pastoral-universitaria-realiza-missa-em-homenagem-aos-arcanjos-miguel-rafael-e-gabriel\/"]}]},{"@type":"ImageObject","inLanguage":"pt-BR","@id":"https:\/\/unisale.com.br\/novo\/pastoral-universitaria-realiza-missa-em-homenagem-aos-arcanjos-miguel-rafael-e-gabriel\/#primaryimage","url":"https:\/\/unisale.com.br\/pastoral\/wp-content\/uploads\/2021\/04\/missa-sao-miguel-1-e1619544452563.jpg","contentUrl":"https:\/\/unisale.com.br\/pastoral\/wp-content\/uploads\/2021\/04\/missa-sao-miguel-1-e1619544452563.jpg","width":765,"height":500},{"@type":"WebSite","@id":"https:\/\/unisale.com.br\/pastoral\/#website","url":"https:\/\/unisale.com.br\/pastoral\/","name":"Pastoral Universit\u00e1ria UniSALESIANO","description":"Site da Pastoral Universit\u00e1ria do UniSALESIANO","potentialAction":[{"@type":"SearchAction","target":{"@type":"EntryPoint","urlTemplate":"https:\/\/unisale.com.br\/pastoral\/?s={search_term_string}"},"query-input":{"@type":"PropertyValueSpecification","valueRequired":true,"valueName":"search_term_string"}}],"inLanguage":"pt-BR"},{"@type":"Person","@id":"https:\/\/unisale.com.br\/pastoral\/#\/schema\/person\/a16ba711a0f7dec9cb6b44563144d5a3","name":"pastoral","url":"https:\/\/unisale.com.br\/pastoral\/author\/pastoral\/"}]}},"_links":{"self":[{"href":"https:\/\/unisale.com.br\/pastoral\/wp-json\/wp\/v2\/posts\/619","targetHints":{"allow":["GET"]}}],"collection":[{"href":"https:\/\/unisale.com.br\/pastoral\/wp-json\/wp\/v2\/posts"}],"about":[{"href":"https:\/\/unisale.com.br\/pastoral\/wp-json\/wp\/v2\/types\/post"}],"author":[{"embeddable":true,"href":"https:\/\/unisale.com.br\/pastoral\/wp-json\/wp\/v2\/users\/1"}],"replies":[{"embeddable":true,"href":"https:\/\/unisale.com.br\/pastoral\/wp-json\/wp\/v2\/comments?post=619"}],"version-history":[{"count":0,"href":"https:\/\/unisale.com.br\/pastoral\/wp-json\/wp\/v2\/posts\/619\/revisions"}],"wp:attachment":[{"href":"https:\/\/unisale.com.br\/pastoral\/wp-json\/wp\/v2\/media?parent=619"}],"wp:term":[{"taxonomy":"category","embeddable":true,"href":"https:\/\/unisale.com.br\/pastoral\/wp-json\/wp\/v2\/categories?post=619"},{"taxonomy":"post_tag","embeddable":true,"href":"https:\/\/unisale.com.br\/pastoral\/wp-json\/wp\/v2\/tags?post=619"}],"curies":[{"name":"wp","href":"https:\/\/api.w.org\/{rel}","templated":true}]}}