{"id":6192,"date":"2023-02-01T11:19:13","date_gmt":"2023-02-01T11:19:13","guid":{"rendered":"https:\/\/unisale.com.br\/pastoral\/?p=6192"},"modified":"2023-02-01T11:19:13","modified_gmt":"2023-02-01T11:19:13","slug":"06-02-e-todos-quantos-o-tocavam-ficavam-curados","status":"publish","type":"post","link":"https:\/\/unisale.com.br\/pastoral\/06-02-e-todos-quantos-o-tocavam-ficavam-curados\/","title":{"rendered":"06\/02 &#8211; E todos quantos o tocavam ficavam curados."},"content":{"rendered":"<p>Segunda-feira, 06 de fevereiro de 2023.<\/p>\n<p>&nbsp;<\/p>\n<p>Evangelho (Mc 6,53-56)<\/p>\n<p>&nbsp;<\/p>\n<p><strong>\u201cE todos quantos o tocavam ficavam curados.\u201d<\/strong><\/p>\n<p>&nbsp;<\/p>\n<p>Naquele tempo, <sup>53<\/sup>tendo Jesus e seus disc\u00edpulos acabado de atravessar o mar da Galileia, chegaram a Genesar\u00e9 e amarraram a barca. <sup>54<\/sup>Logo que desceram da barca, as pessoas imediatamente reconheceram Jesus. <sup>55<\/sup>Percorrendo toda aquela regi\u00e3o, levavam os doentes deitados em suas camas para o lugar onde ouviam falar que Jesus estava. <sup>56<\/sup>E, nos povoados, cidades e campos onde chegavam, colocavam os doentes nas pra\u00e7as e pediam-lhe para tocar, ao menos, a barra da sua veste. E todos quantos o tocavam ficavam curados.<\/p>\n<p>&nbsp;<\/p>\n<p><strong>Reflex\u00e3o<\/strong><\/p>\n<p>&nbsp;<\/p>\n<p>\u00c9 muito bonita a cena do evangelho de hoje. Parece que o evangelista Marcos deixou claro o que Jesus suscita na vida de quem o encontra: \u201c&#8230;tendo Jesus e seus disc\u00edpulos acabado de atravessar o mar da Galileia, chegaram a Genesar\u00e9 e amarraram a barca. Logo que desceram da barca, as pessoas imediatamente reconheceram Jesus. Percorrendo toda aquela regi\u00e3o, levavam os doentes deitados em suas camas para o lugar onde ouviam falar que Jesus estava\u201d. \u00c9 Jesus que vai ao encontro das pessoas. \u00c9 Ele que atravessa o mar para chegar \u00e0 outra margem. E isto \u00e9 o grande mist\u00e9rio da encarna\u00e7\u00e3o: ele atravessou os c\u00e9us dos c\u00e9us, para estar na nossa hist\u00f3ria, e fazer-se pr\u00f3ximo a n\u00f3s. Se fez homem, se fez menino, e colocou os p\u00e9s no concreto da nossa vida e n\u00e3o somente no imagin\u00e1rio de nossos racioc\u00ednios. E quando o reconhecemos \u00e9 inevit\u00e1vel que n\u00e3o acorramos a Ele. Por fim, tamb\u00e9m os dem\u00f4nios irresistivelmente correm-lhe ao encontro. Cada um quando reconhece algo para o qual vale a pena viver, sente a necessidade de correr-lhe em dire\u00e7\u00e3o.<\/p>\n<p>A pr\u00f3pria vida \u00e9 uma vida incompleta, doente quando n\u00e3o se encontra o sentido. \u00c9 a grande experi\u00eancia que todos fazemos, quando nos parece fatigoso fazer qualquer coisa nos dias nos quais n\u00e3o entendemos o motivo pelo qual as coisas valem a pena. Nos arrastamos como aleijados, estiramos como paral\u00edticos, esfregamos os olhos como cegos e colocamos as m\u00e3os na boca e nos ouvidos esperando que algu\u00e9m nos ajude de novo a falar, a dizer, a ouvir. Quando se encontra Cristo a vida se cura. E Cristo est\u00e1 escondido em todas as experi\u00eancias de amor que acontecem na nossa vida at\u00e9 faz\u00ea-la recome\u00e7ar. Jesus \u00e9 um fato concreto, n\u00e3o \u00e9 a intui\u00e7\u00e3o de um fato. Por isto devemos livrar-nos de todas aquelas vis\u00f5es espirituais que tem feito da nossa f\u00e9 qualquer coisa de abstrata e separada do mundo.\u00a0 \u00c9 nas coisas que nos acontecem e que encontramos que devemos reconhecer Cristo. Uma vez reconhecido acorramos a Ele sem nos determos por nada.<\/p>\n<p>&nbsp;<\/p>\n<p><b>Pe. Paulo Eduardo J\u00e1como, SDB.<\/b><\/p>\n","protected":false},"excerpt":{"rendered":"<p>Segunda-feira, 06 de fevereiro de 2023. &nbsp; Evangelho (Mc 6,53-56) &nbsp; \u201cE todos quantos o tocavam ficavam curados.\u201d &nbsp; Naquele tempo, 53tendo Jesus e seus&#8230;<\/p>\n","protected":false},"author":6,"featured_media":6177,"comment_status":"closed","ping_status":"closed","sticky":false,"template":"","format":"standard","meta":{"_acf_changed":false,"footnotes":""},"categories":[13],"tags":[],"class_list":["post-6192","post","type-post","status-publish","format-standard","has-post-thumbnail","hentry","category-reflexaodoevagelho"],"acf":[],"yoast_head":"<!-- This site is optimized with the Yoast SEO plugin v27.3 - https:\/\/yoast.com\/product\/yoast-seo-wordpress\/ -->\n<title>06\/02 - E todos quantos o tocavam ficavam curados. - Pastoral Universit\u00e1ria UniSALESIANO<\/title>\n<meta name=\"robots\" content=\"index, follow, max-snippet:-1, max-image-preview:large, max-video-preview:-1\" \/>\n<link rel=\"canonical\" href=\"https:\/\/unisale.com.br\/novo\/06-02-e-todos-quantos-o-tocavam-ficavam-curados\/\" \/>\n<meta property=\"og:locale\" content=\"pt_BR\" \/>\n<meta property=\"og:type\" content=\"article\" \/>\n<meta property=\"og:title\" content=\"06\/02 - E todos quantos o tocavam ficavam curados. - Pastoral Universit\u00e1ria UniSALESIANO\" \/>\n<meta property=\"og:description\" content=\"Segunda-feira, 06 de fevereiro de 2023. &nbsp; Evangelho (Mc 6,53-56) &nbsp; \u201cE todos quantos o tocavam ficavam curados.\u201d &nbsp; Naquele tempo, 53tendo Jesus e seus...\" \/>\n<meta property=\"og:url\" content=\"https:\/\/unisale.com.br\/novo\/06-02-e-todos-quantos-o-tocavam-ficavam-curados\/\" \/>\n<meta property=\"og:site_name\" content=\"Pastoral Universit\u00e1ria UniSALESIANO\" \/>\n<meta property=\"article:published_time\" content=\"2023-02-01T11:19:13+00:00\" \/>\n<meta property=\"og:image\" content=\"https:\/\/unisale.com.br\/novo\/wp-content\/uploads\/2023\/02\/Ev-06.jpg\" \/>\n\t<meta property=\"og:image:width\" content=\"832\" \/>\n\t<meta property=\"og:image:height\" content=\"477\" \/>\n\t<meta property=\"og:image:type\" content=\"image\/jpeg\" \/>\n<meta name=\"author\" content=\"Luiz Alexandre Marinho Lanzoni\" \/>\n<meta name=\"twitter:card\" content=\"summary_large_image\" \/>\n<meta name=\"twitter:label1\" content=\"Escrito por\" \/>\n\t<meta name=\"twitter:data1\" content=\"Luiz Alexandre Marinho Lanzoni\" \/>\n\t<meta name=\"twitter:label2\" content=\"Est. tempo de leitura\" \/>\n\t<meta name=\"twitter:data2\" content=\"2 minutos\" \/>\n<script type=\"application\/ld+json\" class=\"yoast-schema-graph\">{\"@context\":\"https:\\\/\\\/schema.org\",\"@graph\":[{\"@type\":\"Article\",\"@id\":\"https:\\\/\\\/unisale.com.br\\\/novo\\\/06-02-e-todos-quantos-o-tocavam-ficavam-curados\\\/#article\",\"isPartOf\":{\"@id\":\"https:\\\/\\\/unisale.com.br\\\/novo\\\/06-02-e-todos-quantos-o-tocavam-ficavam-curados\\\/\"},\"author\":{\"name\":\"Luiz Alexandre Marinho Lanzoni\",\"@id\":\"https:\\\/\\\/unisale.com.br\\\/pastoral\\\/#\\\/schema\\\/person\\\/492d3d7bfe53a8302576d39485aff2c4\"},\"headline\":\"06\\\/02 &#8211; E todos quantos o tocavam ficavam curados.\",\"datePublished\":\"2023-02-01T11:19:13+00:00\",\"mainEntityOfPage\":{\"@id\":\"https:\\\/\\\/unisale.com.br\\\/novo\\\/06-02-e-todos-quantos-o-tocavam-ficavam-curados\\\/\"},\"wordCount\":483,\"image\":{\"@id\":\"https:\\\/\\\/unisale.com.br\\\/novo\\\/06-02-e-todos-quantos-o-tocavam-ficavam-curados\\\/#primaryimage\"},\"thumbnailUrl\":\"https:\\\/\\\/unisale.com.br\\\/pastoral\\\/wp-content\\\/uploads\\\/2023\\\/02\\\/Ev-06.jpg\",\"articleSection\":[\"Reflex\u00e3o do Evangelho\"],\"inLanguage\":\"pt-BR\"},{\"@type\":\"WebPage\",\"@id\":\"https:\\\/\\\/unisale.com.br\\\/novo\\\/06-02-e-todos-quantos-o-tocavam-ficavam-curados\\\/\",\"url\":\"https:\\\/\\\/unisale.com.br\\\/novo\\\/06-02-e-todos-quantos-o-tocavam-ficavam-curados\\\/\",\"name\":\"06\\\/02 - E todos quantos o tocavam ficavam curados. - Pastoral Universit\u00e1ria UniSALESIANO\",\"isPartOf\":{\"@id\":\"https:\\\/\\\/unisale.com.br\\\/pastoral\\\/#website\"},\"primaryImageOfPage\":{\"@id\":\"https:\\\/\\\/unisale.com.br\\\/novo\\\/06-02-e-todos-quantos-o-tocavam-ficavam-curados\\\/#primaryimage\"},\"image\":{\"@id\":\"https:\\\/\\\/unisale.com.br\\\/novo\\\/06-02-e-todos-quantos-o-tocavam-ficavam-curados\\\/#primaryimage\"},\"thumbnailUrl\":\"https:\\\/\\\/unisale.com.br\\\/pastoral\\\/wp-content\\\/uploads\\\/2023\\\/02\\\/Ev-06.jpg\",\"datePublished\":\"2023-02-01T11:19:13+00:00\",\"author\":{\"@id\":\"https:\\\/\\\/unisale.com.br\\\/pastoral\\\/#\\\/schema\\\/person\\\/492d3d7bfe53a8302576d39485aff2c4\"},\"inLanguage\":\"pt-BR\",\"potentialAction\":[{\"@type\":\"ReadAction\",\"target\":[\"https:\\\/\\\/unisale.com.br\\\/novo\\\/06-02-e-todos-quantos-o-tocavam-ficavam-curados\\\/\"]}]},{\"@type\":\"ImageObject\",\"inLanguage\":\"pt-BR\",\"@id\":\"https:\\\/\\\/unisale.com.br\\\/novo\\\/06-02-e-todos-quantos-o-tocavam-ficavam-curados\\\/#primaryimage\",\"url\":\"https:\\\/\\\/unisale.com.br\\\/pastoral\\\/wp-content\\\/uploads\\\/2023\\\/02\\\/Ev-06.jpg\",\"contentUrl\":\"https:\\\/\\\/unisale.com.br\\\/pastoral\\\/wp-content\\\/uploads\\\/2023\\\/02\\\/Ev-06.jpg\",\"width\":832,\"height\":477},{\"@type\":\"WebSite\",\"@id\":\"https:\\\/\\\/unisale.com.br\\\/pastoral\\\/#website\",\"url\":\"https:\\\/\\\/unisale.com.br\\\/pastoral\\\/\",\"name\":\"Pastoral Universit\u00e1ria UniSALESIANO\",\"description\":\"Site da Pastoral Universit\u00e1ria do UniSALESIANO\",\"potentialAction\":[{\"@type\":\"SearchAction\",\"target\":{\"@type\":\"EntryPoint\",\"urlTemplate\":\"https:\\\/\\\/unisale.com.br\\\/pastoral\\\/?s={search_term_string}\"},\"query-input\":{\"@type\":\"PropertyValueSpecification\",\"valueRequired\":true,\"valueName\":\"search_term_string\"}}],\"inLanguage\":\"pt-BR\"},{\"@type\":\"Person\",\"@id\":\"https:\\\/\\\/unisale.com.br\\\/pastoral\\\/#\\\/schema\\\/person\\\/492d3d7bfe53a8302576d39485aff2c4\",\"name\":\"Luiz Alexandre Marinho Lanzoni\",\"url\":\"https:\\\/\\\/unisale.com.br\\\/pastoral\\\/author\\\/luiz\\\/\"}]}<\/script>\n<!-- \/ Yoast SEO plugin. -->","yoast_head_json":{"title":"06\/02 - E todos quantos o tocavam ficavam curados. - Pastoral Universit\u00e1ria UniSALESIANO","robots":{"index":"index","follow":"follow","max-snippet":"max-snippet:-1","max-image-preview":"max-image-preview:large","max-video-preview":"max-video-preview:-1"},"canonical":"https:\/\/unisale.com.br\/novo\/06-02-e-todos-quantos-o-tocavam-ficavam-curados\/","og_locale":"pt_BR","og_type":"article","og_title":"06\/02 - E todos quantos o tocavam ficavam curados. - Pastoral Universit\u00e1ria UniSALESIANO","og_description":"Segunda-feira, 06 de fevereiro de 2023. &nbsp; Evangelho (Mc 6,53-56) &nbsp; \u201cE todos quantos o tocavam ficavam curados.\u201d &nbsp; Naquele tempo, 53tendo Jesus e seus...","og_url":"https:\/\/unisale.com.br\/novo\/06-02-e-todos-quantos-o-tocavam-ficavam-curados\/","og_site_name":"Pastoral Universit\u00e1ria UniSALESIANO","article_published_time":"2023-02-01T11:19:13+00:00","og_image":[{"width":832,"height":477,"url":"https:\/\/unisale.com.br\/novo\/wp-content\/uploads\/2023\/02\/Ev-06.jpg","type":"image\/jpeg"}],"author":"Luiz Alexandre Marinho Lanzoni","twitter_card":"summary_large_image","twitter_misc":{"Escrito por":"Luiz Alexandre Marinho Lanzoni","Est. tempo de leitura":"2 minutos"},"schema":{"@context":"https:\/\/schema.org","@graph":[{"@type":"Article","@id":"https:\/\/unisale.com.br\/novo\/06-02-e-todos-quantos-o-tocavam-ficavam-curados\/#article","isPartOf":{"@id":"https:\/\/unisale.com.br\/novo\/06-02-e-todos-quantos-o-tocavam-ficavam-curados\/"},"author":{"name":"Luiz Alexandre Marinho Lanzoni","@id":"https:\/\/unisale.com.br\/pastoral\/#\/schema\/person\/492d3d7bfe53a8302576d39485aff2c4"},"headline":"06\/02 &#8211; E todos quantos o tocavam ficavam curados.","datePublished":"2023-02-01T11:19:13+00:00","mainEntityOfPage":{"@id":"https:\/\/unisale.com.br\/novo\/06-02-e-todos-quantos-o-tocavam-ficavam-curados\/"},"wordCount":483,"image":{"@id":"https:\/\/unisale.com.br\/novo\/06-02-e-todos-quantos-o-tocavam-ficavam-curados\/#primaryimage"},"thumbnailUrl":"https:\/\/unisale.com.br\/pastoral\/wp-content\/uploads\/2023\/02\/Ev-06.jpg","articleSection":["Reflex\u00e3o do Evangelho"],"inLanguage":"pt-BR"},{"@type":"WebPage","@id":"https:\/\/unisale.com.br\/novo\/06-02-e-todos-quantos-o-tocavam-ficavam-curados\/","url":"https:\/\/unisale.com.br\/novo\/06-02-e-todos-quantos-o-tocavam-ficavam-curados\/","name":"06\/02 - E todos quantos o tocavam ficavam curados. - Pastoral Universit\u00e1ria UniSALESIANO","isPartOf":{"@id":"https:\/\/unisale.com.br\/pastoral\/#website"},"primaryImageOfPage":{"@id":"https:\/\/unisale.com.br\/novo\/06-02-e-todos-quantos-o-tocavam-ficavam-curados\/#primaryimage"},"image":{"@id":"https:\/\/unisale.com.br\/novo\/06-02-e-todos-quantos-o-tocavam-ficavam-curados\/#primaryimage"},"thumbnailUrl":"https:\/\/unisale.com.br\/pastoral\/wp-content\/uploads\/2023\/02\/Ev-06.jpg","datePublished":"2023-02-01T11:19:13+00:00","author":{"@id":"https:\/\/unisale.com.br\/pastoral\/#\/schema\/person\/492d3d7bfe53a8302576d39485aff2c4"},"inLanguage":"pt-BR","potentialAction":[{"@type":"ReadAction","target":["https:\/\/unisale.com.br\/novo\/06-02-e-todos-quantos-o-tocavam-ficavam-curados\/"]}]},{"@type":"ImageObject","inLanguage":"pt-BR","@id":"https:\/\/unisale.com.br\/novo\/06-02-e-todos-quantos-o-tocavam-ficavam-curados\/#primaryimage","url":"https:\/\/unisale.com.br\/pastoral\/wp-content\/uploads\/2023\/02\/Ev-06.jpg","contentUrl":"https:\/\/unisale.com.br\/pastoral\/wp-content\/uploads\/2023\/02\/Ev-06.jpg","width":832,"height":477},{"@type":"WebSite","@id":"https:\/\/unisale.com.br\/pastoral\/#website","url":"https:\/\/unisale.com.br\/pastoral\/","name":"Pastoral Universit\u00e1ria UniSALESIANO","description":"Site da Pastoral Universit\u00e1ria do UniSALESIANO","potentialAction":[{"@type":"SearchAction","target":{"@type":"EntryPoint","urlTemplate":"https:\/\/unisale.com.br\/pastoral\/?s={search_term_string}"},"query-input":{"@type":"PropertyValueSpecification","valueRequired":true,"valueName":"search_term_string"}}],"inLanguage":"pt-BR"},{"@type":"Person","@id":"https:\/\/unisale.com.br\/pastoral\/#\/schema\/person\/492d3d7bfe53a8302576d39485aff2c4","name":"Luiz Alexandre Marinho Lanzoni","url":"https:\/\/unisale.com.br\/pastoral\/author\/luiz\/"}]}},"_links":{"self":[{"href":"https:\/\/unisale.com.br\/pastoral\/wp-json\/wp\/v2\/posts\/6192","targetHints":{"allow":["GET"]}}],"collection":[{"href":"https:\/\/unisale.com.br\/pastoral\/wp-json\/wp\/v2\/posts"}],"about":[{"href":"https:\/\/unisale.com.br\/pastoral\/wp-json\/wp\/v2\/types\/post"}],"author":[{"embeddable":true,"href":"https:\/\/unisale.com.br\/pastoral\/wp-json\/wp\/v2\/users\/6"}],"replies":[{"embeddable":true,"href":"https:\/\/unisale.com.br\/pastoral\/wp-json\/wp\/v2\/comments?post=6192"}],"version-history":[{"count":0,"href":"https:\/\/unisale.com.br\/pastoral\/wp-json\/wp\/v2\/posts\/6192\/revisions"}],"wp:featuredmedia":[{"embeddable":true,"href":"https:\/\/unisale.com.br\/pastoral\/wp-json\/wp\/v2\/media\/6177"}],"wp:attachment":[{"href":"https:\/\/unisale.com.br\/pastoral\/wp-json\/wp\/v2\/media?parent=6192"}],"wp:term":[{"taxonomy":"category","embeddable":true,"href":"https:\/\/unisale.com.br\/pastoral\/wp-json\/wp\/v2\/categories?post=6192"},{"taxonomy":"post_tag","embeddable":true,"href":"https:\/\/unisale.com.br\/pastoral\/wp-json\/wp\/v2\/tags?post=6192"}],"curies":[{"name":"wp","href":"https:\/\/api.w.org\/{rel}","templated":true}]}}