{"id":6194,"date":"2023-02-01T11:22:35","date_gmt":"2023-02-01T11:22:35","guid":{"rendered":"https:\/\/unisale.com.br\/pastoral\/?p=6194"},"modified":"2023-02-01T11:23:45","modified_gmt":"2023-02-01T11:23:45","slug":"08-02-o-que-torna-impuro-o-homem-nao-e-o-que-entra-nele-vindo-de-fora-mas-o-que-sai-do-seu-interior","status":"publish","type":"post","link":"https:\/\/unisale.com.br\/pastoral\/08-02-o-que-torna-impuro-o-homem-nao-e-o-que-entra-nele-vindo-de-fora-mas-o-que-sai-do-seu-interior\/","title":{"rendered":"07\/02 &#8211; Este povo me honra com os l\u00e1bios, mas seu cora\u00e7\u00e3o est\u00e1 longe de mim."},"content":{"rendered":"<p>Ter\u00e7a-feira, 07 de fevereiro de 2023.<\/p>\n<p>&nbsp;<\/p>\n<p>Evangelho (Mc 7,1-13)<\/p>\n<p>&nbsp;<\/p>\n<p><strong>\u201cEste povo me honra com os l\u00e1bios, mas seu cora\u00e7\u00e3o est\u00e1 longe de mim\u201d<\/strong><\/p>\n<p>&nbsp;<\/p>\n<p>Naquele tempo, <sup>1<\/sup>os fariseus e alguns mestres da Lei vieram de Jerusal\u00e9m e se reuniram em torno de Jesus. <sup>2<\/sup>Eles viam que alguns dos seus disc\u00edpulos comiam o p\u00e3o com as m\u00e3os impuras, isto \u00e9, sem as terem lavado. <sup>3<\/sup>Com efeito, os fariseus e todos os judeus s\u00f3 comem depois de lavar bem as m\u00e3os, seguindo a tradi\u00e7\u00e3o recebida dos antigos. <sup>4<\/sup>Ao voltar da pra\u00e7a, eles n\u00e3o comem sem tomar banho. E seguem muitos outros costumes que receberam por tradi\u00e7\u00e3o: a maneira certa de lavar copos, jarras e vasilhas de cobre. <sup>5<\/sup>Os fariseus e os mestres da Lei perguntaram ent\u00e3o a Jesus: \u201cPor que os teus disc\u00edpulos n\u00e3o seguem a tradi\u00e7\u00e3o dos antigos, mas comem o p\u00e3o sem lavar as m\u00e3os?\u201d <sup>6<\/sup>Jesus respondeu: \u201cBem profetizou Isa\u00edas a vosso respeito, hip\u00f3critas, como est\u00e1 escrito: \u2018Este povo me honra com os l\u00e1bios, mas seu cora\u00e7\u00e3o est\u00e1 longe de mim. <sup>7<\/sup>De nada adianta o culto que me prestam, pois as doutrinas que ensinam s\u00e3o preceitos humanos\u2019. <sup>8<\/sup>V\u00f3s abandonais o mandamento de Deus para seguir a tradi\u00e7\u00e3o dos homens\u201d. <sup>9<\/sup>E dizia-lhes: \u201cV\u00f3s sabeis muito bem como anular o mandamento de Deus, a fim de guardar as vossas tradi\u00e7\u00f5es. <sup>10<\/sup>Com efeito, Mois\u00e9s ordenou: \u2018Honra teu pai e tua m\u00e3e\u2019. E ainda: \u2018Quem amaldi\u00e7oa o pai ou a m\u00e3e deve morrer\u2019. <sup>11<\/sup>Mas v\u00f3s ensinais que \u00e9 l\u00edcito algu\u00e9m dizer a seu pai e \u00e0 sua m\u00e3e: \u2018O sustento que v\u00f3s poder\u00edeis receber de mim \u00e9 Corban, isto \u00e9, Consagrado a Deus\u2019. <sup>12<\/sup>E essa pessoa fica dispensada de ajudar seu pai ou sua m\u00e3e. <sup>13<\/sup>Assim v\u00f3s esvaziais a Palavra de Deus com a tradi\u00e7\u00e3o que v\u00f3s transmitis. E v\u00f3s fazeis muitas outras coisas como estas\u201d.<\/p>\n<p>&nbsp;<\/p>\n<p><strong>Reflex\u00e3o<\/strong><\/p>\n<p>&nbsp;<\/p>\n<p>\u00c9 importante saber que muitas prescri\u00e7\u00f5es do Antigo Testamento parecem n\u00e3o ter nenhuma liga\u00e7\u00e3o com a religi\u00e3o. Por exemplo, lavar as m\u00e3os antes de comer, parece mais algo ligado \u00e0 higiene e n\u00e3o \u00e0 religi\u00e3o. Mas precisamos entrar na mentalidade do tempo para entendermos o que realmente acontece. Primeiro \u00e9 preciso entender que a linha de separa\u00e7\u00e3o entre o religioso e o profano era bastante incerta, para os hebreus Deus era o chefe do seu povo. Tudo o que estava escrito na Lei de Mois\u00e9s era considerado religioso. Nos nossos dias isso \u00e9 bem diferente, chegamos ao oposto: religi\u00e3o \u00e9 s\u00f3 a ora\u00e7\u00e3o e a liturgia, o resto \u00e9 tudo \u201csecular\u201d. Neste sentido, \u00e9 muito mais justa a concep\u00e7\u00e3o do povo hebreu. O sentimento religioso deve penetrar tudo o que fazemos, tamb\u00e9m a menor de todas as a\u00e7\u00f5es da vida cotidiana. \u00c9 tamb\u00e9m o ideal crist\u00e3o: mas como fazer acontecer? \u201cEste povo me honra com os l\u00e1bios, mas o seu cora\u00e7\u00e3o est\u00e1 longe de mim\u201d. Para que uma a\u00e7\u00e3o nossa se torne \u201csacra\u201d n\u00e3o \u00e9 suficiente observar a forma externa e o ritual, como acontece numa cerim\u00f4nia. Por exemplo, fazer abstin\u00eancia de alimento nos dias de jejum. O jejum \u00e9 um ato religioso? Sem a recorda\u00e7\u00e3o de Deus e sem a boa inten\u00e7\u00e3o, somente a abstin\u00eancia pode tornar-se uma excelente atitude higi\u00eanica, ou uma dieta \u00fatil \u00e0 sa\u00fade. Tamb\u00e9m um ateu pode fazer este jejum. \u00c9 justamente a falta de esp\u00edrito interior na observ\u00e2ncia da lei que Jesus critica. Ao contr\u00e1rio, o crist\u00e3o deve recordar Deus em tudo o que faz, tamb\u00e9m ao comer, como nos diz S\u00e3o Paulo (1Cor 10,31). \u00c9 esta cont\u00ednua recorda\u00e7\u00e3o de Deus que torna sacro os atos profanos da vida cotidiana. Assim, o que se torna \u201ctradi\u00e7\u00e3o\u201d tamb\u00e9m corre o risco de perde o seu sentido Sacro. As a\u00e7\u00f5es podem acontecer simplesmente porque \u00e9 um \u201ch\u00e1bito\u201d fazer assim. A const\u00e2ncia nos h\u00e1bitos \u00e9 uma sustenta\u00e7\u00e3o para a moral e para a religi\u00e3o. Na Igreja a tradi\u00e7\u00e3o faz parte da ortodoxia. Mas esta mentalidade pode tornar-se um obst\u00e1culo ao Esp\u00edrito Santo e \u00e0 liberdade do Evangelho. \u00c9 sempre necess\u00e1ria a atitude da vigil\u00e2ncia para cada um de n\u00f3s. \u00c9 preciso um equil\u00edbrio e um cora\u00e7\u00e3o e mentes abertas \u00e0s novidades do Evangelho.<\/p>\n<p>&nbsp;<\/p>\n<p><strong>Pe. Paulo Eduardo J\u00e1como, SDB.<\/strong><\/p>\n","protected":false},"excerpt":{"rendered":"<p>Ter\u00e7a-feira, 07 de fevereiro de 2023. &nbsp; Evangelho (Mc 7,1-13) &nbsp; \u201cEste povo me honra com os l\u00e1bios, mas seu cora\u00e7\u00e3o est\u00e1 longe de mim\u201d&#8230;<\/p>\n","protected":false},"author":6,"featured_media":6178,"comment_status":"closed","ping_status":"closed","sticky":false,"template":"","format":"standard","meta":{"_acf_changed":false,"footnotes":""},"categories":[13],"tags":[],"class_list":["post-6194","post","type-post","status-publish","format-standard","has-post-thumbnail","hentry","category-reflexaodoevagelho"],"acf":[],"yoast_head":"<!-- This site is optimized with the Yoast SEO plugin v27.3 - https:\/\/yoast.com\/product\/yoast-seo-wordpress\/ -->\n<title>07\/02 - Este povo me honra com os l\u00e1bios, mas seu cora\u00e7\u00e3o est\u00e1 longe de mim. - Pastoral Universit\u00e1ria UniSALESIANO<\/title>\n<meta name=\"robots\" content=\"index, follow, max-snippet:-1, max-image-preview:large, max-video-preview:-1\" \/>\n<link rel=\"canonical\" href=\"https:\/\/unisale.com.br\/novo\/08-02-o-que-torna-impuro-o-homem-nao-e-o-que-entra-nele-vindo-de-fora-mas-o-que-sai-do-seu-interior\/\" \/>\n<meta property=\"og:locale\" content=\"pt_BR\" \/>\n<meta property=\"og:type\" content=\"article\" \/>\n<meta property=\"og:title\" content=\"07\/02 - Este povo me honra com os l\u00e1bios, mas seu cora\u00e7\u00e3o est\u00e1 longe de mim. - Pastoral Universit\u00e1ria UniSALESIANO\" \/>\n<meta property=\"og:description\" content=\"Ter\u00e7a-feira, 07 de fevereiro de 2023. &nbsp; Evangelho (Mc 7,1-13) &nbsp; \u201cEste povo me honra com os l\u00e1bios, mas seu cora\u00e7\u00e3o est\u00e1 longe de mim\u201d...\" \/>\n<meta property=\"og:url\" content=\"https:\/\/unisale.com.br\/novo\/08-02-o-que-torna-impuro-o-homem-nao-e-o-que-entra-nele-vindo-de-fora-mas-o-que-sai-do-seu-interior\/\" \/>\n<meta property=\"og:site_name\" content=\"Pastoral Universit\u00e1ria UniSALESIANO\" \/>\n<meta property=\"article:published_time\" content=\"2023-02-01T11:22:35+00:00\" \/>\n<meta property=\"article:modified_time\" content=\"2023-02-01T11:23:45+00:00\" \/>\n<meta property=\"og:image\" content=\"https:\/\/unisale.com.br\/novo\/wp-content\/uploads\/2023\/02\/Ev-07.jpg\" \/>\n\t<meta property=\"og:image:width\" content=\"400\" \/>\n\t<meta property=\"og:image:height\" content=\"259\" \/>\n\t<meta property=\"og:image:type\" content=\"image\/jpeg\" \/>\n<meta name=\"author\" content=\"Luiz Alexandre Marinho Lanzoni\" \/>\n<meta name=\"twitter:card\" content=\"summary_large_image\" \/>\n<meta name=\"twitter:label1\" content=\"Escrito por\" \/>\n\t<meta name=\"twitter:data1\" content=\"Luiz Alexandre Marinho Lanzoni\" \/>\n\t<meta name=\"twitter:label2\" content=\"Est. tempo de leitura\" \/>\n\t<meta name=\"twitter:data2\" content=\"4 minutos\" \/>\n<script type=\"application\/ld+json\" class=\"yoast-schema-graph\">{\"@context\":\"https:\\\/\\\/schema.org\",\"@graph\":[{\"@type\":\"Article\",\"@id\":\"https:\\\/\\\/unisale.com.br\\\/novo\\\/08-02-o-que-torna-impuro-o-homem-nao-e-o-que-entra-nele-vindo-de-fora-mas-o-que-sai-do-seu-interior\\\/#article\",\"isPartOf\":{\"@id\":\"https:\\\/\\\/unisale.com.br\\\/novo\\\/08-02-o-que-torna-impuro-o-homem-nao-e-o-que-entra-nele-vindo-de-fora-mas-o-que-sai-do-seu-interior\\\/\"},\"author\":{\"name\":\"Luiz Alexandre Marinho Lanzoni\",\"@id\":\"https:\\\/\\\/unisale.com.br\\\/pastoral\\\/#\\\/schema\\\/person\\\/492d3d7bfe53a8302576d39485aff2c4\"},\"headline\":\"07\\\/02 &#8211; Este povo me honra com os l\u00e1bios, mas seu cora\u00e7\u00e3o est\u00e1 longe de mim.\",\"datePublished\":\"2023-02-01T11:22:35+00:00\",\"dateModified\":\"2023-02-01T11:23:45+00:00\",\"mainEntityOfPage\":{\"@id\":\"https:\\\/\\\/unisale.com.br\\\/novo\\\/08-02-o-que-torna-impuro-o-homem-nao-e-o-que-entra-nele-vindo-de-fora-mas-o-que-sai-do-seu-interior\\\/\"},\"wordCount\":775,\"image\":{\"@id\":\"https:\\\/\\\/unisale.com.br\\\/novo\\\/08-02-o-que-torna-impuro-o-homem-nao-e-o-que-entra-nele-vindo-de-fora-mas-o-que-sai-do-seu-interior\\\/#primaryimage\"},\"thumbnailUrl\":\"https:\\\/\\\/unisale.com.br\\\/pastoral\\\/wp-content\\\/uploads\\\/2023\\\/02\\\/Ev-07.jpg\",\"articleSection\":[\"Reflex\u00e3o do Evangelho\"],\"inLanguage\":\"pt-BR\"},{\"@type\":\"WebPage\",\"@id\":\"https:\\\/\\\/unisale.com.br\\\/novo\\\/08-02-o-que-torna-impuro-o-homem-nao-e-o-que-entra-nele-vindo-de-fora-mas-o-que-sai-do-seu-interior\\\/\",\"url\":\"https:\\\/\\\/unisale.com.br\\\/novo\\\/08-02-o-que-torna-impuro-o-homem-nao-e-o-que-entra-nele-vindo-de-fora-mas-o-que-sai-do-seu-interior\\\/\",\"name\":\"07\\\/02 - Este povo me honra com os l\u00e1bios, mas seu cora\u00e7\u00e3o est\u00e1 longe de mim. - Pastoral Universit\u00e1ria UniSALESIANO\",\"isPartOf\":{\"@id\":\"https:\\\/\\\/unisale.com.br\\\/pastoral\\\/#website\"},\"primaryImageOfPage\":{\"@id\":\"https:\\\/\\\/unisale.com.br\\\/novo\\\/08-02-o-que-torna-impuro-o-homem-nao-e-o-que-entra-nele-vindo-de-fora-mas-o-que-sai-do-seu-interior\\\/#primaryimage\"},\"image\":{\"@id\":\"https:\\\/\\\/unisale.com.br\\\/novo\\\/08-02-o-que-torna-impuro-o-homem-nao-e-o-que-entra-nele-vindo-de-fora-mas-o-que-sai-do-seu-interior\\\/#primaryimage\"},\"thumbnailUrl\":\"https:\\\/\\\/unisale.com.br\\\/pastoral\\\/wp-content\\\/uploads\\\/2023\\\/02\\\/Ev-07.jpg\",\"datePublished\":\"2023-02-01T11:22:35+00:00\",\"dateModified\":\"2023-02-01T11:23:45+00:00\",\"author\":{\"@id\":\"https:\\\/\\\/unisale.com.br\\\/pastoral\\\/#\\\/schema\\\/person\\\/492d3d7bfe53a8302576d39485aff2c4\"},\"inLanguage\":\"pt-BR\",\"potentialAction\":[{\"@type\":\"ReadAction\",\"target\":[\"https:\\\/\\\/unisale.com.br\\\/novo\\\/08-02-o-que-torna-impuro-o-homem-nao-e-o-que-entra-nele-vindo-de-fora-mas-o-que-sai-do-seu-interior\\\/\"]}]},{\"@type\":\"ImageObject\",\"inLanguage\":\"pt-BR\",\"@id\":\"https:\\\/\\\/unisale.com.br\\\/novo\\\/08-02-o-que-torna-impuro-o-homem-nao-e-o-que-entra-nele-vindo-de-fora-mas-o-que-sai-do-seu-interior\\\/#primaryimage\",\"url\":\"https:\\\/\\\/unisale.com.br\\\/pastoral\\\/wp-content\\\/uploads\\\/2023\\\/02\\\/Ev-07.jpg\",\"contentUrl\":\"https:\\\/\\\/unisale.com.br\\\/pastoral\\\/wp-content\\\/uploads\\\/2023\\\/02\\\/Ev-07.jpg\",\"width\":400,\"height\":259},{\"@type\":\"WebSite\",\"@id\":\"https:\\\/\\\/unisale.com.br\\\/pastoral\\\/#website\",\"url\":\"https:\\\/\\\/unisale.com.br\\\/pastoral\\\/\",\"name\":\"Pastoral Universit\u00e1ria UniSALESIANO\",\"description\":\"Site da Pastoral Universit\u00e1ria do UniSALESIANO\",\"potentialAction\":[{\"@type\":\"SearchAction\",\"target\":{\"@type\":\"EntryPoint\",\"urlTemplate\":\"https:\\\/\\\/unisale.com.br\\\/pastoral\\\/?s={search_term_string}\"},\"query-input\":{\"@type\":\"PropertyValueSpecification\",\"valueRequired\":true,\"valueName\":\"search_term_string\"}}],\"inLanguage\":\"pt-BR\"},{\"@type\":\"Person\",\"@id\":\"https:\\\/\\\/unisale.com.br\\\/pastoral\\\/#\\\/schema\\\/person\\\/492d3d7bfe53a8302576d39485aff2c4\",\"name\":\"Luiz Alexandre Marinho Lanzoni\",\"url\":\"https:\\\/\\\/unisale.com.br\\\/pastoral\\\/author\\\/luiz\\\/\"}]}<\/script>\n<!-- \/ Yoast SEO plugin. -->","yoast_head_json":{"title":"07\/02 - Este povo me honra com os l\u00e1bios, mas seu cora\u00e7\u00e3o est\u00e1 longe de mim. - Pastoral Universit\u00e1ria UniSALESIANO","robots":{"index":"index","follow":"follow","max-snippet":"max-snippet:-1","max-image-preview":"max-image-preview:large","max-video-preview":"max-video-preview:-1"},"canonical":"https:\/\/unisale.com.br\/novo\/08-02-o-que-torna-impuro-o-homem-nao-e-o-que-entra-nele-vindo-de-fora-mas-o-que-sai-do-seu-interior\/","og_locale":"pt_BR","og_type":"article","og_title":"07\/02 - Este povo me honra com os l\u00e1bios, mas seu cora\u00e7\u00e3o est\u00e1 longe de mim. - Pastoral Universit\u00e1ria UniSALESIANO","og_description":"Ter\u00e7a-feira, 07 de fevereiro de 2023. &nbsp; Evangelho (Mc 7,1-13) &nbsp; \u201cEste povo me honra com os l\u00e1bios, mas seu cora\u00e7\u00e3o est\u00e1 longe de mim\u201d...","og_url":"https:\/\/unisale.com.br\/novo\/08-02-o-que-torna-impuro-o-homem-nao-e-o-que-entra-nele-vindo-de-fora-mas-o-que-sai-do-seu-interior\/","og_site_name":"Pastoral Universit\u00e1ria UniSALESIANO","article_published_time":"2023-02-01T11:22:35+00:00","article_modified_time":"2023-02-01T11:23:45+00:00","og_image":[{"width":400,"height":259,"url":"https:\/\/unisale.com.br\/novo\/wp-content\/uploads\/2023\/02\/Ev-07.jpg","type":"image\/jpeg"}],"author":"Luiz Alexandre Marinho Lanzoni","twitter_card":"summary_large_image","twitter_misc":{"Escrito por":"Luiz Alexandre Marinho Lanzoni","Est. tempo de leitura":"4 minutos"},"schema":{"@context":"https:\/\/schema.org","@graph":[{"@type":"Article","@id":"https:\/\/unisale.com.br\/novo\/08-02-o-que-torna-impuro-o-homem-nao-e-o-que-entra-nele-vindo-de-fora-mas-o-que-sai-do-seu-interior\/#article","isPartOf":{"@id":"https:\/\/unisale.com.br\/novo\/08-02-o-que-torna-impuro-o-homem-nao-e-o-que-entra-nele-vindo-de-fora-mas-o-que-sai-do-seu-interior\/"},"author":{"name":"Luiz Alexandre Marinho Lanzoni","@id":"https:\/\/unisale.com.br\/pastoral\/#\/schema\/person\/492d3d7bfe53a8302576d39485aff2c4"},"headline":"07\/02 &#8211; Este povo me honra com os l\u00e1bios, mas seu cora\u00e7\u00e3o est\u00e1 longe de mim.","datePublished":"2023-02-01T11:22:35+00:00","dateModified":"2023-02-01T11:23:45+00:00","mainEntityOfPage":{"@id":"https:\/\/unisale.com.br\/novo\/08-02-o-que-torna-impuro-o-homem-nao-e-o-que-entra-nele-vindo-de-fora-mas-o-que-sai-do-seu-interior\/"},"wordCount":775,"image":{"@id":"https:\/\/unisale.com.br\/novo\/08-02-o-que-torna-impuro-o-homem-nao-e-o-que-entra-nele-vindo-de-fora-mas-o-que-sai-do-seu-interior\/#primaryimage"},"thumbnailUrl":"https:\/\/unisale.com.br\/pastoral\/wp-content\/uploads\/2023\/02\/Ev-07.jpg","articleSection":["Reflex\u00e3o do Evangelho"],"inLanguage":"pt-BR"},{"@type":"WebPage","@id":"https:\/\/unisale.com.br\/novo\/08-02-o-que-torna-impuro-o-homem-nao-e-o-que-entra-nele-vindo-de-fora-mas-o-que-sai-do-seu-interior\/","url":"https:\/\/unisale.com.br\/novo\/08-02-o-que-torna-impuro-o-homem-nao-e-o-que-entra-nele-vindo-de-fora-mas-o-que-sai-do-seu-interior\/","name":"07\/02 - Este povo me honra com os l\u00e1bios, mas seu cora\u00e7\u00e3o est\u00e1 longe de mim. - Pastoral Universit\u00e1ria UniSALESIANO","isPartOf":{"@id":"https:\/\/unisale.com.br\/pastoral\/#website"},"primaryImageOfPage":{"@id":"https:\/\/unisale.com.br\/novo\/08-02-o-que-torna-impuro-o-homem-nao-e-o-que-entra-nele-vindo-de-fora-mas-o-que-sai-do-seu-interior\/#primaryimage"},"image":{"@id":"https:\/\/unisale.com.br\/novo\/08-02-o-que-torna-impuro-o-homem-nao-e-o-que-entra-nele-vindo-de-fora-mas-o-que-sai-do-seu-interior\/#primaryimage"},"thumbnailUrl":"https:\/\/unisale.com.br\/pastoral\/wp-content\/uploads\/2023\/02\/Ev-07.jpg","datePublished":"2023-02-01T11:22:35+00:00","dateModified":"2023-02-01T11:23:45+00:00","author":{"@id":"https:\/\/unisale.com.br\/pastoral\/#\/schema\/person\/492d3d7bfe53a8302576d39485aff2c4"},"inLanguage":"pt-BR","potentialAction":[{"@type":"ReadAction","target":["https:\/\/unisale.com.br\/novo\/08-02-o-que-torna-impuro-o-homem-nao-e-o-que-entra-nele-vindo-de-fora-mas-o-que-sai-do-seu-interior\/"]}]},{"@type":"ImageObject","inLanguage":"pt-BR","@id":"https:\/\/unisale.com.br\/novo\/08-02-o-que-torna-impuro-o-homem-nao-e-o-que-entra-nele-vindo-de-fora-mas-o-que-sai-do-seu-interior\/#primaryimage","url":"https:\/\/unisale.com.br\/pastoral\/wp-content\/uploads\/2023\/02\/Ev-07.jpg","contentUrl":"https:\/\/unisale.com.br\/pastoral\/wp-content\/uploads\/2023\/02\/Ev-07.jpg","width":400,"height":259},{"@type":"WebSite","@id":"https:\/\/unisale.com.br\/pastoral\/#website","url":"https:\/\/unisale.com.br\/pastoral\/","name":"Pastoral Universit\u00e1ria UniSALESIANO","description":"Site da Pastoral Universit\u00e1ria do UniSALESIANO","potentialAction":[{"@type":"SearchAction","target":{"@type":"EntryPoint","urlTemplate":"https:\/\/unisale.com.br\/pastoral\/?s={search_term_string}"},"query-input":{"@type":"PropertyValueSpecification","valueRequired":true,"valueName":"search_term_string"}}],"inLanguage":"pt-BR"},{"@type":"Person","@id":"https:\/\/unisale.com.br\/pastoral\/#\/schema\/person\/492d3d7bfe53a8302576d39485aff2c4","name":"Luiz Alexandre Marinho Lanzoni","url":"https:\/\/unisale.com.br\/pastoral\/author\/luiz\/"}]}},"_links":{"self":[{"href":"https:\/\/unisale.com.br\/pastoral\/wp-json\/wp\/v2\/posts\/6194","targetHints":{"allow":["GET"]}}],"collection":[{"href":"https:\/\/unisale.com.br\/pastoral\/wp-json\/wp\/v2\/posts"}],"about":[{"href":"https:\/\/unisale.com.br\/pastoral\/wp-json\/wp\/v2\/types\/post"}],"author":[{"embeddable":true,"href":"https:\/\/unisale.com.br\/pastoral\/wp-json\/wp\/v2\/users\/6"}],"replies":[{"embeddable":true,"href":"https:\/\/unisale.com.br\/pastoral\/wp-json\/wp\/v2\/comments?post=6194"}],"version-history":[{"count":0,"href":"https:\/\/unisale.com.br\/pastoral\/wp-json\/wp\/v2\/posts\/6194\/revisions"}],"wp:featuredmedia":[{"embeddable":true,"href":"https:\/\/unisale.com.br\/pastoral\/wp-json\/wp\/v2\/media\/6178"}],"wp:attachment":[{"href":"https:\/\/unisale.com.br\/pastoral\/wp-json\/wp\/v2\/media?parent=6194"}],"wp:term":[{"taxonomy":"category","embeddable":true,"href":"https:\/\/unisale.com.br\/pastoral\/wp-json\/wp\/v2\/categories?post=6194"},{"taxonomy":"post_tag","embeddable":true,"href":"https:\/\/unisale.com.br\/pastoral\/wp-json\/wp\/v2\/tags?post=6194"}],"curies":[{"name":"wp","href":"https:\/\/api.w.org\/{rel}","templated":true}]}}