{"id":6233,"date":"2023-02-10T12:42:13","date_gmt":"2023-02-10T12:42:13","guid":{"rendered":"https:\/\/unisale.com.br\/pastoral\/?p=6233"},"modified":"2023-02-10T12:42:13","modified_gmt":"2023-02-10T12:42:13","slug":"14-02-prestai-atencao-e-tomai-cuidado-com-o-fermento-dos-fariseus-e-com-o-fermento-de-herodes","status":"publish","type":"post","link":"https:\/\/unisale.com.br\/pastoral\/14-02-prestai-atencao-e-tomai-cuidado-com-o-fermento-dos-fariseus-e-com-o-fermento-de-herodes\/","title":{"rendered":"14\/02 &#8211; Prestai aten\u00e7\u00e3o e tomai cuidado com o fermento dos fariseus e com o fermento de Herodes."},"content":{"rendered":"<p>Ter\u00e7a-feira, 14 de fevereiro de 2023.<\/p>\n<p>&nbsp;<\/p>\n<p>Evangelho (Mc 8,14-21)<\/p>\n<p>&nbsp;<\/p>\n<p><strong>\u201cPrestai aten\u00e7\u00e3o e tomai cuidado com o fermento dos fariseus e com o fermento de Herodes\u201d<\/strong><\/p>\n<p>&nbsp;<\/p>\n<p>Naquele tempo, <sup>14<\/sup>os disc\u00edpulos tinham se esquecido de levar p\u00e3es. Tinham consigo na barca apenas um p\u00e3o. <sup>15<\/sup>Ent\u00e3o Jesus os advertiu: \u201cPrestai aten\u00e7\u00e3o e tomai cuidado com o fermento dos fariseus e com o fermento de Herodes\u201d. <sup>16<\/sup>Os disc\u00edpulos diziam entre si: \u201c\u00c9 porque n\u00e3o temos p\u00e3o\u201d. <sup>17<\/sup>Mas Jesus percebeu e perguntou-lhes: \u201cPor que discutis sobre a falta de p\u00e3o? Ainda n\u00e3o entendeis e nem compreendeis? V\u00f3s tendes o cora\u00e7\u00e3o endurecido? <sup>18<\/sup>Tendo olhos, n\u00e3o vedes, e tendo ouvidos, n\u00e3o ouvis? N\u00e3o vos lembrais <sup>19<\/sup>de quando reparti cinco p\u00e3es para cinco mil pessoas? Quantos cestos v\u00f3s recolhestes cheios de peda\u00e7os?\u201d Eles responderam: \u201cDoze\u201d. <sup>20<\/sup>Jesus perguntou: E quando reparti sete p\u00e3es com quatro mil pessoas, quantos cestos v\u00f3s recolhestes cheios de peda\u00e7os? Eles responderam: \u201cSete\u201d. <sup>21<\/sup>Jesus disse: \u201cE ainda n\u00e3o compreendeis?\u201d<\/p>\n<p>&nbsp;<\/p>\n<p><strong>Reflex\u00e3o<\/strong><\/p>\n<p>&nbsp;<\/p>\n<p>A fermenta\u00e7\u00e3o \u00e9 um processo natural que deteriora os alimentos e tamb\u00e9m ela \u00e9 necess\u00e1ria para a prepara\u00e7\u00e3o de outros, como por exemplo, o p\u00e3o. Tamb\u00e9m os homens podem ser tomados por um \u201cfermento que estraga a alma\u201d e podem ser atacados por micr\u00f3bios. Como isso pode acontecer? Uma pessoa pode se levantar pela manh\u00e3 todo animado, sair para trabalhar, quando chega de volta \u00e0 casa, \u00e9 recebido por uma not\u00edcia desagrad\u00e1vel, que lhe estraga o humor. Ou ainda, uma pessoa se sente em paz e alegre; encontra um amigo e se coloca a falar e este amigo sem nenhuma explica\u00e7\u00e3o come\u00e7a a ser mal educado e arrogante. Duas contrariedades que como micr\u00f3bio contaminam o humor interior; depois, tudo se torna amargo. Todos fazemos esta experi\u00eancia. Mas poucos aprendem a necessidade de \u201cproteger a sensibilidade\u201d: o que significa n\u00e3o dar muito peso ou valor \u00e0s fofocas, n\u00e3o fazer discursos in\u00fateis, evitar aquilo que perturba a paz interior. Para conservar o cora\u00e7\u00e3o em paz, n\u00e3o existe outro meio se n\u00e3o esta pr\u00e1tica asc\u00e9tica. Existem fermentos de v\u00e1rios tipos, cada um com as suas caracter\u00edsticas. Cada um de n\u00f3s se adapta \u00e0s condi\u00e7\u00f5es que vive, colocando em pr\u00e1tica uma variedade de ju\u00edzos e de preju\u00edzos, conforme o ambiente que se vive. Jesus \u00e9 atento ao fermento dos fariseus e de Herodes. Ou seja, atento \u00e0 hipocrisia, isto \u00e9, os que ostentam grande virtude e se consideram melhores do que os outros. Todos temos algo que consideramos ser melhor do que o dos outros. Basta pouco para sentir-se melhor do que os outros. N\u00e3o podemos esquecer que \u201ccom a mesma medida com que medimos os outros, n\u00f3s tamb\u00e9m seremos medidos\u201d.<\/p>\n<p><strong>Pe. Paulo Eduardo J\u00e1como, SDB.<\/strong><\/p>\n","protected":false},"excerpt":{"rendered":"<p>Ter\u00e7a-feira, 14 de fevereiro de 2023. &nbsp; Evangelho (Mc 8,14-21) &nbsp; \u201cPrestai aten\u00e7\u00e3o e tomai cuidado com o fermento dos fariseus e com o fermento&#8230;<\/p>\n","protected":false},"author":6,"featured_media":6227,"comment_status":"closed","ping_status":"closed","sticky":false,"template":"","format":"standard","meta":{"_acf_changed":false,"footnotes":""},"categories":[13],"tags":[],"class_list":["post-6233","post","type-post","status-publish","format-standard","has-post-thumbnail","hentry","category-reflexaodoevagelho"],"acf":[],"yoast_head":"<!-- This site is optimized with the Yoast SEO plugin v27.3 - https:\/\/yoast.com\/product\/yoast-seo-wordpress\/ -->\n<title>14\/02 - Prestai aten\u00e7\u00e3o e tomai cuidado com o fermento dos fariseus e com o fermento de Herodes. - Pastoral Universit\u00e1ria UniSALESIANO<\/title>\n<meta name=\"robots\" content=\"index, follow, max-snippet:-1, max-image-preview:large, max-video-preview:-1\" \/>\n<link rel=\"canonical\" href=\"https:\/\/unisale.com.br\/novo\/14-02-prestai-atencao-e-tomai-cuidado-com-o-fermento-dos-fariseus-e-com-o-fermento-de-herodes\/\" \/>\n<meta property=\"og:locale\" content=\"pt_BR\" \/>\n<meta property=\"og:type\" content=\"article\" \/>\n<meta property=\"og:title\" content=\"14\/02 - Prestai aten\u00e7\u00e3o e tomai cuidado com o fermento dos fariseus e com o fermento de Herodes. - Pastoral Universit\u00e1ria UniSALESIANO\" \/>\n<meta property=\"og:description\" content=\"Ter\u00e7a-feira, 14 de fevereiro de 2023. &nbsp; Evangelho (Mc 8,14-21) &nbsp; \u201cPrestai aten\u00e7\u00e3o e tomai cuidado com o fermento dos fariseus e com o fermento...\" \/>\n<meta property=\"og:url\" content=\"https:\/\/unisale.com.br\/novo\/14-02-prestai-atencao-e-tomai-cuidado-com-o-fermento-dos-fariseus-e-com-o-fermento-de-herodes\/\" \/>\n<meta property=\"og:site_name\" content=\"Pastoral Universit\u00e1ria UniSALESIANO\" \/>\n<meta property=\"article:published_time\" content=\"2023-02-10T12:42:13+00:00\" \/>\n<meta property=\"og:image\" content=\"https:\/\/unisale.com.br\/novo\/wp-content\/uploads\/2023\/02\/Ev-14.jpg\" \/>\n\t<meta property=\"og:image:width\" content=\"1200\" \/>\n\t<meta property=\"og:image:height\" content=\"800\" \/>\n\t<meta property=\"og:image:type\" content=\"image\/jpeg\" \/>\n<meta name=\"author\" content=\"Luiz Alexandre Marinho Lanzoni\" \/>\n<meta name=\"twitter:card\" content=\"summary_large_image\" \/>\n<meta name=\"twitter:label1\" content=\"Escrito por\" \/>\n\t<meta name=\"twitter:data1\" content=\"Luiz Alexandre Marinho Lanzoni\" \/>\n\t<meta name=\"twitter:label2\" content=\"Est. tempo de leitura\" \/>\n\t<meta name=\"twitter:data2\" content=\"2 minutos\" \/>\n<script type=\"application\/ld+json\" class=\"yoast-schema-graph\">{\"@context\":\"https:\\\/\\\/schema.org\",\"@graph\":[{\"@type\":\"Article\",\"@id\":\"https:\\\/\\\/unisale.com.br\\\/novo\\\/14-02-prestai-atencao-e-tomai-cuidado-com-o-fermento-dos-fariseus-e-com-o-fermento-de-herodes\\\/#article\",\"isPartOf\":{\"@id\":\"https:\\\/\\\/unisale.com.br\\\/novo\\\/14-02-prestai-atencao-e-tomai-cuidado-com-o-fermento-dos-fariseus-e-com-o-fermento-de-herodes\\\/\"},\"author\":{\"name\":\"Luiz Alexandre Marinho Lanzoni\",\"@id\":\"https:\\\/\\\/unisale.com.br\\\/pastoral\\\/#\\\/schema\\\/person\\\/492d3d7bfe53a8302576d39485aff2c4\"},\"headline\":\"14\\\/02 &#8211; Prestai aten\u00e7\u00e3o e tomai cuidado com o fermento dos fariseus e com o fermento de Herodes.\",\"datePublished\":\"2023-02-10T12:42:13+00:00\",\"mainEntityOfPage\":{\"@id\":\"https:\\\/\\\/unisale.com.br\\\/novo\\\/14-02-prestai-atencao-e-tomai-cuidado-com-o-fermento-dos-fariseus-e-com-o-fermento-de-herodes\\\/\"},\"wordCount\":507,\"image\":{\"@id\":\"https:\\\/\\\/unisale.com.br\\\/novo\\\/14-02-prestai-atencao-e-tomai-cuidado-com-o-fermento-dos-fariseus-e-com-o-fermento-de-herodes\\\/#primaryimage\"},\"thumbnailUrl\":\"https:\\\/\\\/unisale.com.br\\\/pastoral\\\/wp-content\\\/uploads\\\/2023\\\/02\\\/Ev-14.jpg\",\"articleSection\":[\"Reflex\u00e3o do Evangelho\"],\"inLanguage\":\"pt-BR\"},{\"@type\":\"WebPage\",\"@id\":\"https:\\\/\\\/unisale.com.br\\\/novo\\\/14-02-prestai-atencao-e-tomai-cuidado-com-o-fermento-dos-fariseus-e-com-o-fermento-de-herodes\\\/\",\"url\":\"https:\\\/\\\/unisale.com.br\\\/novo\\\/14-02-prestai-atencao-e-tomai-cuidado-com-o-fermento-dos-fariseus-e-com-o-fermento-de-herodes\\\/\",\"name\":\"14\\\/02 - Prestai aten\u00e7\u00e3o e tomai cuidado com o fermento dos fariseus e com o fermento de Herodes. - Pastoral Universit\u00e1ria UniSALESIANO\",\"isPartOf\":{\"@id\":\"https:\\\/\\\/unisale.com.br\\\/pastoral\\\/#website\"},\"primaryImageOfPage\":{\"@id\":\"https:\\\/\\\/unisale.com.br\\\/novo\\\/14-02-prestai-atencao-e-tomai-cuidado-com-o-fermento-dos-fariseus-e-com-o-fermento-de-herodes\\\/#primaryimage\"},\"image\":{\"@id\":\"https:\\\/\\\/unisale.com.br\\\/novo\\\/14-02-prestai-atencao-e-tomai-cuidado-com-o-fermento-dos-fariseus-e-com-o-fermento-de-herodes\\\/#primaryimage\"},\"thumbnailUrl\":\"https:\\\/\\\/unisale.com.br\\\/pastoral\\\/wp-content\\\/uploads\\\/2023\\\/02\\\/Ev-14.jpg\",\"datePublished\":\"2023-02-10T12:42:13+00:00\",\"author\":{\"@id\":\"https:\\\/\\\/unisale.com.br\\\/pastoral\\\/#\\\/schema\\\/person\\\/492d3d7bfe53a8302576d39485aff2c4\"},\"inLanguage\":\"pt-BR\",\"potentialAction\":[{\"@type\":\"ReadAction\",\"target\":[\"https:\\\/\\\/unisale.com.br\\\/novo\\\/14-02-prestai-atencao-e-tomai-cuidado-com-o-fermento-dos-fariseus-e-com-o-fermento-de-herodes\\\/\"]}]},{\"@type\":\"ImageObject\",\"inLanguage\":\"pt-BR\",\"@id\":\"https:\\\/\\\/unisale.com.br\\\/novo\\\/14-02-prestai-atencao-e-tomai-cuidado-com-o-fermento-dos-fariseus-e-com-o-fermento-de-herodes\\\/#primaryimage\",\"url\":\"https:\\\/\\\/unisale.com.br\\\/pastoral\\\/wp-content\\\/uploads\\\/2023\\\/02\\\/Ev-14.jpg\",\"contentUrl\":\"https:\\\/\\\/unisale.com.br\\\/pastoral\\\/wp-content\\\/uploads\\\/2023\\\/02\\\/Ev-14.jpg\",\"width\":750,\"height\":500},{\"@type\":\"WebSite\",\"@id\":\"https:\\\/\\\/unisale.com.br\\\/pastoral\\\/#website\",\"url\":\"https:\\\/\\\/unisale.com.br\\\/pastoral\\\/\",\"name\":\"Pastoral Universit\u00e1ria UniSALESIANO\",\"description\":\"Site da Pastoral Universit\u00e1ria do UniSALESIANO\",\"potentialAction\":[{\"@type\":\"SearchAction\",\"target\":{\"@type\":\"EntryPoint\",\"urlTemplate\":\"https:\\\/\\\/unisale.com.br\\\/pastoral\\\/?s={search_term_string}\"},\"query-input\":{\"@type\":\"PropertyValueSpecification\",\"valueRequired\":true,\"valueName\":\"search_term_string\"}}],\"inLanguage\":\"pt-BR\"},{\"@type\":\"Person\",\"@id\":\"https:\\\/\\\/unisale.com.br\\\/pastoral\\\/#\\\/schema\\\/person\\\/492d3d7bfe53a8302576d39485aff2c4\",\"name\":\"Luiz Alexandre Marinho Lanzoni\",\"url\":\"https:\\\/\\\/unisale.com.br\\\/pastoral\\\/author\\\/luiz\\\/\"}]}<\/script>\n<!-- \/ Yoast SEO plugin. -->","yoast_head_json":{"title":"14\/02 - Prestai aten\u00e7\u00e3o e tomai cuidado com o fermento dos fariseus e com o fermento de Herodes. - Pastoral Universit\u00e1ria UniSALESIANO","robots":{"index":"index","follow":"follow","max-snippet":"max-snippet:-1","max-image-preview":"max-image-preview:large","max-video-preview":"max-video-preview:-1"},"canonical":"https:\/\/unisale.com.br\/novo\/14-02-prestai-atencao-e-tomai-cuidado-com-o-fermento-dos-fariseus-e-com-o-fermento-de-herodes\/","og_locale":"pt_BR","og_type":"article","og_title":"14\/02 - Prestai aten\u00e7\u00e3o e tomai cuidado com o fermento dos fariseus e com o fermento de Herodes. - Pastoral Universit\u00e1ria UniSALESIANO","og_description":"Ter\u00e7a-feira, 14 de fevereiro de 2023. &nbsp; Evangelho (Mc 8,14-21) &nbsp; \u201cPrestai aten\u00e7\u00e3o e tomai cuidado com o fermento dos fariseus e com o fermento...","og_url":"https:\/\/unisale.com.br\/novo\/14-02-prestai-atencao-e-tomai-cuidado-com-o-fermento-dos-fariseus-e-com-o-fermento-de-herodes\/","og_site_name":"Pastoral Universit\u00e1ria UniSALESIANO","article_published_time":"2023-02-10T12:42:13+00:00","og_image":[{"width":1200,"height":800,"url":"https:\/\/unisale.com.br\/novo\/wp-content\/uploads\/2023\/02\/Ev-14.jpg","type":"image\/jpeg"}],"author":"Luiz Alexandre Marinho Lanzoni","twitter_card":"summary_large_image","twitter_misc":{"Escrito por":"Luiz Alexandre Marinho Lanzoni","Est. tempo de leitura":"2 minutos"},"schema":{"@context":"https:\/\/schema.org","@graph":[{"@type":"Article","@id":"https:\/\/unisale.com.br\/novo\/14-02-prestai-atencao-e-tomai-cuidado-com-o-fermento-dos-fariseus-e-com-o-fermento-de-herodes\/#article","isPartOf":{"@id":"https:\/\/unisale.com.br\/novo\/14-02-prestai-atencao-e-tomai-cuidado-com-o-fermento-dos-fariseus-e-com-o-fermento-de-herodes\/"},"author":{"name":"Luiz Alexandre Marinho Lanzoni","@id":"https:\/\/unisale.com.br\/pastoral\/#\/schema\/person\/492d3d7bfe53a8302576d39485aff2c4"},"headline":"14\/02 &#8211; Prestai aten\u00e7\u00e3o e tomai cuidado com o fermento dos fariseus e com o fermento de Herodes.","datePublished":"2023-02-10T12:42:13+00:00","mainEntityOfPage":{"@id":"https:\/\/unisale.com.br\/novo\/14-02-prestai-atencao-e-tomai-cuidado-com-o-fermento-dos-fariseus-e-com-o-fermento-de-herodes\/"},"wordCount":507,"image":{"@id":"https:\/\/unisale.com.br\/novo\/14-02-prestai-atencao-e-tomai-cuidado-com-o-fermento-dos-fariseus-e-com-o-fermento-de-herodes\/#primaryimage"},"thumbnailUrl":"https:\/\/unisale.com.br\/pastoral\/wp-content\/uploads\/2023\/02\/Ev-14.jpg","articleSection":["Reflex\u00e3o do Evangelho"],"inLanguage":"pt-BR"},{"@type":"WebPage","@id":"https:\/\/unisale.com.br\/novo\/14-02-prestai-atencao-e-tomai-cuidado-com-o-fermento-dos-fariseus-e-com-o-fermento-de-herodes\/","url":"https:\/\/unisale.com.br\/novo\/14-02-prestai-atencao-e-tomai-cuidado-com-o-fermento-dos-fariseus-e-com-o-fermento-de-herodes\/","name":"14\/02 - Prestai aten\u00e7\u00e3o e tomai cuidado com o fermento dos fariseus e com o fermento de Herodes. - Pastoral Universit\u00e1ria UniSALESIANO","isPartOf":{"@id":"https:\/\/unisale.com.br\/pastoral\/#website"},"primaryImageOfPage":{"@id":"https:\/\/unisale.com.br\/novo\/14-02-prestai-atencao-e-tomai-cuidado-com-o-fermento-dos-fariseus-e-com-o-fermento-de-herodes\/#primaryimage"},"image":{"@id":"https:\/\/unisale.com.br\/novo\/14-02-prestai-atencao-e-tomai-cuidado-com-o-fermento-dos-fariseus-e-com-o-fermento-de-herodes\/#primaryimage"},"thumbnailUrl":"https:\/\/unisale.com.br\/pastoral\/wp-content\/uploads\/2023\/02\/Ev-14.jpg","datePublished":"2023-02-10T12:42:13+00:00","author":{"@id":"https:\/\/unisale.com.br\/pastoral\/#\/schema\/person\/492d3d7bfe53a8302576d39485aff2c4"},"inLanguage":"pt-BR","potentialAction":[{"@type":"ReadAction","target":["https:\/\/unisale.com.br\/novo\/14-02-prestai-atencao-e-tomai-cuidado-com-o-fermento-dos-fariseus-e-com-o-fermento-de-herodes\/"]}]},{"@type":"ImageObject","inLanguage":"pt-BR","@id":"https:\/\/unisale.com.br\/novo\/14-02-prestai-atencao-e-tomai-cuidado-com-o-fermento-dos-fariseus-e-com-o-fermento-de-herodes\/#primaryimage","url":"https:\/\/unisale.com.br\/pastoral\/wp-content\/uploads\/2023\/02\/Ev-14.jpg","contentUrl":"https:\/\/unisale.com.br\/pastoral\/wp-content\/uploads\/2023\/02\/Ev-14.jpg","width":750,"height":500},{"@type":"WebSite","@id":"https:\/\/unisale.com.br\/pastoral\/#website","url":"https:\/\/unisale.com.br\/pastoral\/","name":"Pastoral Universit\u00e1ria UniSALESIANO","description":"Site da Pastoral Universit\u00e1ria do UniSALESIANO","potentialAction":[{"@type":"SearchAction","target":{"@type":"EntryPoint","urlTemplate":"https:\/\/unisale.com.br\/pastoral\/?s={search_term_string}"},"query-input":{"@type":"PropertyValueSpecification","valueRequired":true,"valueName":"search_term_string"}}],"inLanguage":"pt-BR"},{"@type":"Person","@id":"https:\/\/unisale.com.br\/pastoral\/#\/schema\/person\/492d3d7bfe53a8302576d39485aff2c4","name":"Luiz Alexandre Marinho Lanzoni","url":"https:\/\/unisale.com.br\/pastoral\/author\/luiz\/"}]}},"_links":{"self":[{"href":"https:\/\/unisale.com.br\/pastoral\/wp-json\/wp\/v2\/posts\/6233","targetHints":{"allow":["GET"]}}],"collection":[{"href":"https:\/\/unisale.com.br\/pastoral\/wp-json\/wp\/v2\/posts"}],"about":[{"href":"https:\/\/unisale.com.br\/pastoral\/wp-json\/wp\/v2\/types\/post"}],"author":[{"embeddable":true,"href":"https:\/\/unisale.com.br\/pastoral\/wp-json\/wp\/v2\/users\/6"}],"replies":[{"embeddable":true,"href":"https:\/\/unisale.com.br\/pastoral\/wp-json\/wp\/v2\/comments?post=6233"}],"version-history":[{"count":0,"href":"https:\/\/unisale.com.br\/pastoral\/wp-json\/wp\/v2\/posts\/6233\/revisions"}],"wp:featuredmedia":[{"embeddable":true,"href":"https:\/\/unisale.com.br\/pastoral\/wp-json\/wp\/v2\/media\/6227"}],"wp:attachment":[{"href":"https:\/\/unisale.com.br\/pastoral\/wp-json\/wp\/v2\/media?parent=6233"}],"wp:term":[{"taxonomy":"category","embeddable":true,"href":"https:\/\/unisale.com.br\/pastoral\/wp-json\/wp\/v2\/categories?post=6233"},{"taxonomy":"post_tag","embeddable":true,"href":"https:\/\/unisale.com.br\/pastoral\/wp-json\/wp\/v2\/tags?post=6233"}],"curies":[{"name":"wp","href":"https:\/\/api.w.org\/{rel}","templated":true}]}}