{"id":6261,"date":"2023-02-13T11:21:13","date_gmt":"2023-02-13T11:21:13","guid":{"rendered":"https:\/\/unisale.com.br\/pastoral\/?p=6261"},"modified":"2023-02-13T11:21:13","modified_gmt":"2023-02-13T11:21:13","slug":"21-02-se-alguem-quiser-ser-o-primeiro-que-seja-o-ultimo-de-todos-e-aquele-que-serve-a-todos","status":"publish","type":"post","link":"https:\/\/unisale.com.br\/pastoral\/21-02-se-alguem-quiser-ser-o-primeiro-que-seja-o-ultimo-de-todos-e-aquele-que-serve-a-todos\/","title":{"rendered":"21\/02 &#8211; Se algu\u00e9m quiser ser o primeiro, que seja o \u00faltimo de todos e aquele que serve a todos!"},"content":{"rendered":"<p>Ter\u00e7a-feira, 21 de fevereiro de 2023.<\/p>\n<p>&nbsp;<\/p>\n<p>Evangelho (Mc 9,30-37)<\/p>\n<p>&nbsp;<\/p>\n<p><strong>\u201cSe algu\u00e9m quiser ser o primeiro, que seja o \u00faltimo de todos e aquele que serve a todos!\u201d<\/strong><\/p>\n<p>&nbsp;<\/p>\n<p>Naquele tempo, <sup>30<\/sup>Jesus e seus disc\u00edpulos atravessavam a Galileia. Ele n\u00e3o queria que ningu\u00e9m soubesse disso, <sup>31<\/sup>pois estava ensinando a seus disc\u00edpulos. E dizia-lhes: \u201cO Filho do Homem vai ser entregue nas m\u00e3os dos homens, e eles o matar\u00e3o. Mas, tr\u00eas dias ap\u00f3s sua morte, ele ressuscitar\u00e1\u201d. <sup>32<\/sup>Os disc\u00edpulos, por\u00e9m, n\u00e3o compreendiam estas palavras e tinham medo de perguntar. <sup>33<\/sup>Eles chegaram a Cafarnaum. Estando em casa, Jesus perguntou-lhes: \u201cO que discut\u00edeis pelo caminho?\u201d <sup>34<\/sup>Eles, por\u00e9m, ficaram calados, pois pelo caminho tinham discutido quem era o maior. <sup>35<\/sup>Jesus sentou-se, chamou os doze e lhes disse: \u201cSe algu\u00e9m quiser ser o primeiro, que seja o \u00faltimo de todos e aquele que serve a todos!\u201d <sup>36<\/sup>Em seguida, pegou uma crian\u00e7a, colocou-a no meio deles e, abra\u00e7ando-a, disse: <sup>37<\/sup>\u201cQuem acolher em meu nome uma destas crian\u00e7as, \u00e9 a mim que estar\u00e1 acolhendo. E quem me acolher, est\u00e1 acolhendo, n\u00e3o a mim, mas \u00e0quele que me enviou\u201d.<\/p>\n<p>&nbsp;<\/p>\n<p><strong>Reflex\u00e3o<\/strong><\/p>\n<p>&nbsp;<\/p>\n<p>No Evangelho deste domingo, Jesus anuncia pela segunda vez aos disc\u00edpulos a sua Paix\u00e3o, Morte e Ressurrei\u00e7\u00e3o. \u00c9 evidente o contraste entre a mentalidade do Mestre em rela\u00e7\u00e3o a mentalidade dos Doze Ap\u00f3stolos, que n\u00e3o s\u00f3 rejeitam o destino do Senhor, mas discutem entre si sobre quem deve ser considerado \u2018maior\u2019. E Jesus explica-lhes com paci\u00eancia a sua l\u00f3gica, a l\u00f3gica do amor que se faz servi\u00e7o at\u00e9 a entrega de si mesmo: \u201cSe algu\u00e9m quiser ser o primeiro, h\u00e1 de ser o \u00faltimo de todos e o servo de todos\u201d. Esta \u00e9 a l\u00f3gica do Cristianismo que contrasta com o ego\u00edsmo humano. Cada pessoa \u00e9 atra\u00edda pelo amor que \u00e9 o pr\u00f3prio Deus, mas que erra no seu modo concreto de amar, e assim, do cora\u00e7\u00e3o do homem pode brotar m\u00e1s inten\u00e7\u00f5es e m\u00e1s a\u00e7\u00f5es. S\u00e3o Tiago diz: \u201cOnde h\u00e1 inveja e esp\u00edrito faccioso tamb\u00e9m h\u00e1 perturba\u00e7\u00e3o e todo g\u00eanero de obras m\u00e1s. Mas a sabedoria que vem do alto \u00e9, em primeiro lugar, pura; depois \u00e9 pac\u00edfica, indulgente, d\u00f3cil, cheia de miseric\u00f3rdia e de bons frutos, imparcial, sem hipocrisia\u201d. E o Ap\u00f3stolo conclui: \u201c\u00c9 com a paz que uma colheita de justi\u00e7a \u00e9 semeada pelos obreiros da paz\u201d. Podemos pensar no testemunho de muitos crist\u00e3os que, com humildade e no silencia, consomem a pr\u00f3pria vida ao servi\u00e7o dos outros, trabalhando com amor. Se \u00e9 evidente que a l\u00f3gica de Deus n\u00e3o \u00e9 a nossa, tamb\u00e9m \u00e9 certo que o Senhor pede de n\u00f3s convers\u00e3o. Precisamos mudar o nosso modo de pensar e viver. Precisamos abrir o nosso cora\u00e7\u00e3o \u00e0 escuta, para nos deixarmos iluminar e transformar interiormente. Um ponto chave da diferen\u00e7a entre n\u00f3s e Deus \u00e9 o orgulho. Em Deus n\u00e3o h\u00e1 orgulho, mas em n\u00f3s homens, ao contr\u00e1rio, o orgulho est\u00e1 intimamente arraigado e exige vigil\u00e2ncia e purifica\u00e7\u00e3o constante. N\u00f3s que somos pequenos aspiramos ser grandes, a ser os primeiros; enquanto Deus que \u00e9 realmente grande, n\u00e3o tem medo de humilhar-se e de se fazer \u00faltimo.<\/p>\n<p><strong>Pe. Paulo Eduardo J\u00e1como, SDB.\u00a0<\/strong><\/p>\n","protected":false},"excerpt":{"rendered":"<p>Ter\u00e7a-feira, 21 de fevereiro de 2023. &nbsp; Evangelho (Mc 9,30-37) &nbsp; \u201cSe algu\u00e9m quiser ser o primeiro, que seja o \u00faltimo de todos e aquele&#8230;<\/p>\n","protected":false},"author":6,"featured_media":6252,"comment_status":"closed","ping_status":"closed","sticky":false,"template":"","format":"standard","meta":{"_acf_changed":false,"footnotes":""},"categories":[13],"tags":[],"class_list":["post-6261","post","type-post","status-publish","format-standard","has-post-thumbnail","hentry","category-reflexaodoevagelho"],"acf":[],"yoast_head":"<!-- This site is optimized with the Yoast SEO plugin v27.3 - https:\/\/yoast.com\/product\/yoast-seo-wordpress\/ -->\n<title>21\/02 - Se algu\u00e9m quiser ser o primeiro, que seja o \u00faltimo de todos e aquele que serve a todos! - Pastoral Universit\u00e1ria UniSALESIANO<\/title>\n<meta name=\"robots\" content=\"index, follow, max-snippet:-1, max-image-preview:large, max-video-preview:-1\" \/>\n<link rel=\"canonical\" href=\"https:\/\/unisale.com.br\/novo\/21-02-se-alguem-quiser-ser-o-primeiro-que-seja-o-ultimo-de-todos-e-aquele-que-serve-a-todos\/\" \/>\n<meta property=\"og:locale\" content=\"pt_BR\" \/>\n<meta property=\"og:type\" content=\"article\" \/>\n<meta property=\"og:title\" content=\"21\/02 - Se algu\u00e9m quiser ser o primeiro, que seja o \u00faltimo de todos e aquele que serve a todos! - Pastoral Universit\u00e1ria UniSALESIANO\" \/>\n<meta property=\"og:description\" content=\"Ter\u00e7a-feira, 21 de fevereiro de 2023. &nbsp; Evangelho (Mc 9,30-37) &nbsp; \u201cSe algu\u00e9m quiser ser o primeiro, que seja o \u00faltimo de todos e aquele...\" \/>\n<meta property=\"og:url\" content=\"https:\/\/unisale.com.br\/novo\/21-02-se-alguem-quiser-ser-o-primeiro-que-seja-o-ultimo-de-todos-e-aquele-que-serve-a-todos\/\" \/>\n<meta property=\"og:site_name\" content=\"Pastoral Universit\u00e1ria UniSALESIANO\" \/>\n<meta property=\"article:published_time\" content=\"2023-02-13T11:21:13+00:00\" \/>\n<meta property=\"og:image\" content=\"https:\/\/unisale.com.br\/novo\/wp-content\/uploads\/2023\/02\/Ev-21.jpeg\" \/>\n\t<meta property=\"og:image:width\" content=\"1280\" \/>\n\t<meta property=\"og:image:height\" content=\"720\" \/>\n\t<meta property=\"og:image:type\" content=\"image\/jpeg\" \/>\n<meta name=\"author\" content=\"Luiz Alexandre Marinho Lanzoni\" \/>\n<meta name=\"twitter:card\" content=\"summary_large_image\" \/>\n<meta name=\"twitter:label1\" content=\"Escrito por\" \/>\n\t<meta name=\"twitter:data1\" content=\"Luiz Alexandre Marinho Lanzoni\" \/>\n\t<meta name=\"twitter:label2\" content=\"Est. tempo de leitura\" \/>\n\t<meta name=\"twitter:data2\" content=\"3 minutos\" \/>\n<script type=\"application\/ld+json\" class=\"yoast-schema-graph\">{\"@context\":\"https:\\\/\\\/schema.org\",\"@graph\":[{\"@type\":\"Article\",\"@id\":\"https:\\\/\\\/unisale.com.br\\\/novo\\\/21-02-se-alguem-quiser-ser-o-primeiro-que-seja-o-ultimo-de-todos-e-aquele-que-serve-a-todos\\\/#article\",\"isPartOf\":{\"@id\":\"https:\\\/\\\/unisale.com.br\\\/novo\\\/21-02-se-alguem-quiser-ser-o-primeiro-que-seja-o-ultimo-de-todos-e-aquele-que-serve-a-todos\\\/\"},\"author\":{\"name\":\"Luiz Alexandre Marinho Lanzoni\",\"@id\":\"https:\\\/\\\/unisale.com.br\\\/pastoral\\\/#\\\/schema\\\/person\\\/492d3d7bfe53a8302576d39485aff2c4\"},\"headline\":\"21\\\/02 &#8211; Se algu\u00e9m quiser ser o primeiro, que seja o \u00faltimo de todos e aquele que serve a todos!\",\"datePublished\":\"2023-02-13T11:21:13+00:00\",\"mainEntityOfPage\":{\"@id\":\"https:\\\/\\\/unisale.com.br\\\/novo\\\/21-02-se-alguem-quiser-ser-o-primeiro-que-seja-o-ultimo-de-todos-e-aquele-que-serve-a-todos\\\/\"},\"wordCount\":594,\"image\":{\"@id\":\"https:\\\/\\\/unisale.com.br\\\/novo\\\/21-02-se-alguem-quiser-ser-o-primeiro-que-seja-o-ultimo-de-todos-e-aquele-que-serve-a-todos\\\/#primaryimage\"},\"thumbnailUrl\":\"https:\\\/\\\/unisale.com.br\\\/pastoral\\\/wp-content\\\/uploads\\\/2023\\\/02\\\/Ev-21.jpeg\",\"articleSection\":[\"Reflex\u00e3o do Evangelho\"],\"inLanguage\":\"pt-BR\"},{\"@type\":\"WebPage\",\"@id\":\"https:\\\/\\\/unisale.com.br\\\/novo\\\/21-02-se-alguem-quiser-ser-o-primeiro-que-seja-o-ultimo-de-todos-e-aquele-que-serve-a-todos\\\/\",\"url\":\"https:\\\/\\\/unisale.com.br\\\/novo\\\/21-02-se-alguem-quiser-ser-o-primeiro-que-seja-o-ultimo-de-todos-e-aquele-que-serve-a-todos\\\/\",\"name\":\"21\\\/02 - Se algu\u00e9m quiser ser o primeiro, que seja o \u00faltimo de todos e aquele que serve a todos! - Pastoral Universit\u00e1ria UniSALESIANO\",\"isPartOf\":{\"@id\":\"https:\\\/\\\/unisale.com.br\\\/pastoral\\\/#website\"},\"primaryImageOfPage\":{\"@id\":\"https:\\\/\\\/unisale.com.br\\\/novo\\\/21-02-se-alguem-quiser-ser-o-primeiro-que-seja-o-ultimo-de-todos-e-aquele-que-serve-a-todos\\\/#primaryimage\"},\"image\":{\"@id\":\"https:\\\/\\\/unisale.com.br\\\/novo\\\/21-02-se-alguem-quiser-ser-o-primeiro-que-seja-o-ultimo-de-todos-e-aquele-que-serve-a-todos\\\/#primaryimage\"},\"thumbnailUrl\":\"https:\\\/\\\/unisale.com.br\\\/pastoral\\\/wp-content\\\/uploads\\\/2023\\\/02\\\/Ev-21.jpeg\",\"datePublished\":\"2023-02-13T11:21:13+00:00\",\"author\":{\"@id\":\"https:\\\/\\\/unisale.com.br\\\/pastoral\\\/#\\\/schema\\\/person\\\/492d3d7bfe53a8302576d39485aff2c4\"},\"inLanguage\":\"pt-BR\",\"potentialAction\":[{\"@type\":\"ReadAction\",\"target\":[\"https:\\\/\\\/unisale.com.br\\\/novo\\\/21-02-se-alguem-quiser-ser-o-primeiro-que-seja-o-ultimo-de-todos-e-aquele-que-serve-a-todos\\\/\"]}]},{\"@type\":\"ImageObject\",\"inLanguage\":\"pt-BR\",\"@id\":\"https:\\\/\\\/unisale.com.br\\\/novo\\\/21-02-se-alguem-quiser-ser-o-primeiro-que-seja-o-ultimo-de-todos-e-aquele-que-serve-a-todos\\\/#primaryimage\",\"url\":\"https:\\\/\\\/unisale.com.br\\\/pastoral\\\/wp-content\\\/uploads\\\/2023\\\/02\\\/Ev-21.jpeg\",\"contentUrl\":\"https:\\\/\\\/unisale.com.br\\\/pastoral\\\/wp-content\\\/uploads\\\/2023\\\/02\\\/Ev-21.jpeg\",\"width\":889,\"height\":500},{\"@type\":\"WebSite\",\"@id\":\"https:\\\/\\\/unisale.com.br\\\/pastoral\\\/#website\",\"url\":\"https:\\\/\\\/unisale.com.br\\\/pastoral\\\/\",\"name\":\"Pastoral Universit\u00e1ria UniSALESIANO\",\"description\":\"Site da Pastoral Universit\u00e1ria do UniSALESIANO\",\"potentialAction\":[{\"@type\":\"SearchAction\",\"target\":{\"@type\":\"EntryPoint\",\"urlTemplate\":\"https:\\\/\\\/unisale.com.br\\\/pastoral\\\/?s={search_term_string}\"},\"query-input\":{\"@type\":\"PropertyValueSpecification\",\"valueRequired\":true,\"valueName\":\"search_term_string\"}}],\"inLanguage\":\"pt-BR\"},{\"@type\":\"Person\",\"@id\":\"https:\\\/\\\/unisale.com.br\\\/pastoral\\\/#\\\/schema\\\/person\\\/492d3d7bfe53a8302576d39485aff2c4\",\"name\":\"Luiz Alexandre Marinho Lanzoni\",\"url\":\"https:\\\/\\\/unisale.com.br\\\/pastoral\\\/author\\\/luiz\\\/\"}]}<\/script>\n<!-- \/ Yoast SEO plugin. -->","yoast_head_json":{"title":"21\/02 - Se algu\u00e9m quiser ser o primeiro, que seja o \u00faltimo de todos e aquele que serve a todos! - Pastoral Universit\u00e1ria UniSALESIANO","robots":{"index":"index","follow":"follow","max-snippet":"max-snippet:-1","max-image-preview":"max-image-preview:large","max-video-preview":"max-video-preview:-1"},"canonical":"https:\/\/unisale.com.br\/novo\/21-02-se-alguem-quiser-ser-o-primeiro-que-seja-o-ultimo-de-todos-e-aquele-que-serve-a-todos\/","og_locale":"pt_BR","og_type":"article","og_title":"21\/02 - Se algu\u00e9m quiser ser o primeiro, que seja o \u00faltimo de todos e aquele que serve a todos! - Pastoral Universit\u00e1ria UniSALESIANO","og_description":"Ter\u00e7a-feira, 21 de fevereiro de 2023. &nbsp; Evangelho (Mc 9,30-37) &nbsp; \u201cSe algu\u00e9m quiser ser o primeiro, que seja o \u00faltimo de todos e aquele...","og_url":"https:\/\/unisale.com.br\/novo\/21-02-se-alguem-quiser-ser-o-primeiro-que-seja-o-ultimo-de-todos-e-aquele-que-serve-a-todos\/","og_site_name":"Pastoral Universit\u00e1ria UniSALESIANO","article_published_time":"2023-02-13T11:21:13+00:00","og_image":[{"width":1280,"height":720,"url":"https:\/\/unisale.com.br\/novo\/wp-content\/uploads\/2023\/02\/Ev-21.jpeg","type":"image\/jpeg"}],"author":"Luiz Alexandre Marinho Lanzoni","twitter_card":"summary_large_image","twitter_misc":{"Escrito por":"Luiz Alexandre Marinho Lanzoni","Est. tempo de leitura":"3 minutos"},"schema":{"@context":"https:\/\/schema.org","@graph":[{"@type":"Article","@id":"https:\/\/unisale.com.br\/novo\/21-02-se-alguem-quiser-ser-o-primeiro-que-seja-o-ultimo-de-todos-e-aquele-que-serve-a-todos\/#article","isPartOf":{"@id":"https:\/\/unisale.com.br\/novo\/21-02-se-alguem-quiser-ser-o-primeiro-que-seja-o-ultimo-de-todos-e-aquele-que-serve-a-todos\/"},"author":{"name":"Luiz Alexandre Marinho Lanzoni","@id":"https:\/\/unisale.com.br\/pastoral\/#\/schema\/person\/492d3d7bfe53a8302576d39485aff2c4"},"headline":"21\/02 &#8211; Se algu\u00e9m quiser ser o primeiro, que seja o \u00faltimo de todos e aquele que serve a todos!","datePublished":"2023-02-13T11:21:13+00:00","mainEntityOfPage":{"@id":"https:\/\/unisale.com.br\/novo\/21-02-se-alguem-quiser-ser-o-primeiro-que-seja-o-ultimo-de-todos-e-aquele-que-serve-a-todos\/"},"wordCount":594,"image":{"@id":"https:\/\/unisale.com.br\/novo\/21-02-se-alguem-quiser-ser-o-primeiro-que-seja-o-ultimo-de-todos-e-aquele-que-serve-a-todos\/#primaryimage"},"thumbnailUrl":"https:\/\/unisale.com.br\/pastoral\/wp-content\/uploads\/2023\/02\/Ev-21.jpeg","articleSection":["Reflex\u00e3o do Evangelho"],"inLanguage":"pt-BR"},{"@type":"WebPage","@id":"https:\/\/unisale.com.br\/novo\/21-02-se-alguem-quiser-ser-o-primeiro-que-seja-o-ultimo-de-todos-e-aquele-que-serve-a-todos\/","url":"https:\/\/unisale.com.br\/novo\/21-02-se-alguem-quiser-ser-o-primeiro-que-seja-o-ultimo-de-todos-e-aquele-que-serve-a-todos\/","name":"21\/02 - Se algu\u00e9m quiser ser o primeiro, que seja o \u00faltimo de todos e aquele que serve a todos! - Pastoral Universit\u00e1ria UniSALESIANO","isPartOf":{"@id":"https:\/\/unisale.com.br\/pastoral\/#website"},"primaryImageOfPage":{"@id":"https:\/\/unisale.com.br\/novo\/21-02-se-alguem-quiser-ser-o-primeiro-que-seja-o-ultimo-de-todos-e-aquele-que-serve-a-todos\/#primaryimage"},"image":{"@id":"https:\/\/unisale.com.br\/novo\/21-02-se-alguem-quiser-ser-o-primeiro-que-seja-o-ultimo-de-todos-e-aquele-que-serve-a-todos\/#primaryimage"},"thumbnailUrl":"https:\/\/unisale.com.br\/pastoral\/wp-content\/uploads\/2023\/02\/Ev-21.jpeg","datePublished":"2023-02-13T11:21:13+00:00","author":{"@id":"https:\/\/unisale.com.br\/pastoral\/#\/schema\/person\/492d3d7bfe53a8302576d39485aff2c4"},"inLanguage":"pt-BR","potentialAction":[{"@type":"ReadAction","target":["https:\/\/unisale.com.br\/novo\/21-02-se-alguem-quiser-ser-o-primeiro-que-seja-o-ultimo-de-todos-e-aquele-que-serve-a-todos\/"]}]},{"@type":"ImageObject","inLanguage":"pt-BR","@id":"https:\/\/unisale.com.br\/novo\/21-02-se-alguem-quiser-ser-o-primeiro-que-seja-o-ultimo-de-todos-e-aquele-que-serve-a-todos\/#primaryimage","url":"https:\/\/unisale.com.br\/pastoral\/wp-content\/uploads\/2023\/02\/Ev-21.jpeg","contentUrl":"https:\/\/unisale.com.br\/pastoral\/wp-content\/uploads\/2023\/02\/Ev-21.jpeg","width":889,"height":500},{"@type":"WebSite","@id":"https:\/\/unisale.com.br\/pastoral\/#website","url":"https:\/\/unisale.com.br\/pastoral\/","name":"Pastoral Universit\u00e1ria UniSALESIANO","description":"Site da Pastoral Universit\u00e1ria do UniSALESIANO","potentialAction":[{"@type":"SearchAction","target":{"@type":"EntryPoint","urlTemplate":"https:\/\/unisale.com.br\/pastoral\/?s={search_term_string}"},"query-input":{"@type":"PropertyValueSpecification","valueRequired":true,"valueName":"search_term_string"}}],"inLanguage":"pt-BR"},{"@type":"Person","@id":"https:\/\/unisale.com.br\/pastoral\/#\/schema\/person\/492d3d7bfe53a8302576d39485aff2c4","name":"Luiz Alexandre Marinho Lanzoni","url":"https:\/\/unisale.com.br\/pastoral\/author\/luiz\/"}]}},"_links":{"self":[{"href":"https:\/\/unisale.com.br\/pastoral\/wp-json\/wp\/v2\/posts\/6261","targetHints":{"allow":["GET"]}}],"collection":[{"href":"https:\/\/unisale.com.br\/pastoral\/wp-json\/wp\/v2\/posts"}],"about":[{"href":"https:\/\/unisale.com.br\/pastoral\/wp-json\/wp\/v2\/types\/post"}],"author":[{"embeddable":true,"href":"https:\/\/unisale.com.br\/pastoral\/wp-json\/wp\/v2\/users\/6"}],"replies":[{"embeddable":true,"href":"https:\/\/unisale.com.br\/pastoral\/wp-json\/wp\/v2\/comments?post=6261"}],"version-history":[{"count":0,"href":"https:\/\/unisale.com.br\/pastoral\/wp-json\/wp\/v2\/posts\/6261\/revisions"}],"wp:featuredmedia":[{"embeddable":true,"href":"https:\/\/unisale.com.br\/pastoral\/wp-json\/wp\/v2\/media\/6252"}],"wp:attachment":[{"href":"https:\/\/unisale.com.br\/pastoral\/wp-json\/wp\/v2\/media?parent=6261"}],"wp:term":[{"taxonomy":"category","embeddable":true,"href":"https:\/\/unisale.com.br\/pastoral\/wp-json\/wp\/v2\/categories?post=6261"},{"taxonomy":"post_tag","embeddable":true,"href":"https:\/\/unisale.com.br\/pastoral\/wp-json\/wp\/v2\/tags?post=6261"}],"curies":[{"name":"wp","href":"https:\/\/api.w.org\/{rel}","templated":true}]}}