{"id":6278,"date":"2023-02-13T12:25:31","date_gmt":"2023-02-13T12:25:31","guid":{"rendered":"https:\/\/unisale.com.br\/pastoral\/?p=6278"},"modified":"2023-02-13T12:25:31","modified_gmt":"2023-02-13T12:25:31","slug":"colaboradores-refletem-sobre-o-natal-em-formacao-da-espiritualidade-salesiana","status":"publish","type":"post","link":"https:\/\/unisale.com.br\/pastoral\/colaboradores-refletem-sobre-o-natal-em-formacao-da-espiritualidade-salesiana\/","title":{"rendered":"Colaboradores refletem sobre o Natal em Forma\u00e7\u00e3o da Espiritualidade Salesiana"},"content":{"rendered":"<h3>Ao final da celebra\u00e7\u00e3o, os colaboradores que comemoram anivers\u00e1rio no m\u00eas de novembro ganharam lembran\u00e7as<\/h3>\n<p>&nbsp;<\/p>\n<p>&nbsp;<\/p>\n<p>Em clima de Natal, a\u00a0<strong>Pastoral Universit\u00e1ria e o Departamento de Recursos Humanos do UniSALESIANO<\/strong>\u00a0realizaram a\u00a0<strong>Forma\u00e7\u00e3o da Espiritualidade Salesiana<\/strong>\u00a0com os colaboradores, na tarde do dia 1\u00ba de dezembro, na Capela do Centro de Conviv\u00eancia.<\/p>\n<p>O\u00a0<strong>Pr\u00f3-Reitor de Pastoral, Pe. Paulo Eduardo J\u00e1como, SDB<\/strong>, refletiu que celebrar o nascimento de Jesus traz para a humanidade responsabilidades e tarefas. \u201cN\u00e3o tem como continuar alimentando dentro do nosso cora\u00e7\u00e3o a raiva, o \u00f3dio, a inimizade, a inveja. Quando a gente permite que Deus fa\u00e7a morada em nossos cora\u00e7\u00f5es, temos que mudar as atitudes e comportamentos\u201d, aconselhou.<\/p>\n<p>Pe. Paulo ressaltou que a luz de Deus nasce para o mundo h\u00e1 mais de dois mil anos e continua iluminando a vida de todos. Contudo, durante o ano, as pessoas vivem situa\u00e7\u00f5es f\u00e1ceis e tamb\u00e9m dif\u00edceis; \u00e0s vezes, se distanciando das pr\u00f3prias experi\u00eancias de f\u00e9.<\/p>\n<p>\u201cMas, chega o final do ano, a gente \u00e9 convidado a celebrar o Natal. O clima muda, assim como nosso interior e inconsciente. A gente renova toda aquela energia que vai se esgotando ao longo do ano e vamos nos preparando para novas experi\u00eancias, com \u00e2nimo e esperan\u00e7a\u201d, frisou.<\/p>\n<p>Ao final da celebra\u00e7\u00e3o, os colaboradores que comemoram anivers\u00e1rio no m\u00eas de novembro ganharam lembran\u00e7as e, em seguida, os participantes tiveram um momento para os comes e bebes, em uma das salas do Centro de Conviv\u00eancia.<\/p>\n","protected":false},"excerpt":{"rendered":"<p>Ao final da celebra\u00e7\u00e3o, os colaboradores que comemoram anivers\u00e1rio no m\u00eas de novembro ganharam lembran\u00e7as &nbsp; &nbsp; Em clima de Natal, a\u00a0Pastoral Universit\u00e1ria e o&#8230;<\/p>\n","protected":false},"author":6,"featured_media":6279,"comment_status":"closed","ping_status":"closed","sticky":false,"template":"","format":"standard","meta":{"_acf_changed":false,"footnotes":""},"categories":[3],"tags":[],"class_list":["post-6278","post","type-post","status-publish","format-standard","has-post-thumbnail","hentry","category-not"],"acf":[],"yoast_head":"<!-- This site is optimized with the Yoast SEO plugin v27.3 - https:\/\/yoast.com\/product\/yoast-seo-wordpress\/ -->\n<title>Colaboradores refletem sobre o Natal em Forma\u00e7\u00e3o da Espiritualidade Salesiana - Pastoral Universit\u00e1ria UniSALESIANO<\/title>\n<meta name=\"robots\" content=\"index, follow, max-snippet:-1, max-image-preview:large, max-video-preview:-1\" \/>\n<link rel=\"canonical\" href=\"https:\/\/unisale.com.br\/novo\/colaboradores-refletem-sobre-o-natal-em-formacao-da-espiritualidade-salesiana\/\" \/>\n<meta property=\"og:locale\" content=\"pt_BR\" \/>\n<meta property=\"og:type\" content=\"article\" \/>\n<meta property=\"og:title\" content=\"Colaboradores refletem sobre o Natal em Forma\u00e7\u00e3o da Espiritualidade Salesiana - Pastoral Universit\u00e1ria UniSALESIANO\" \/>\n<meta property=\"og:description\" content=\"Ao final da celebra\u00e7\u00e3o, os colaboradores que comemoram anivers\u00e1rio no m\u00eas de novembro ganharam lembran\u00e7as &nbsp; &nbsp; Em clima de Natal, a\u00a0Pastoral Universit\u00e1ria e o...\" \/>\n<meta property=\"og:url\" content=\"https:\/\/unisale.com.br\/novo\/colaboradores-refletem-sobre-o-natal-em-formacao-da-espiritualidade-salesiana\/\" \/>\n<meta property=\"og:site_name\" content=\"Pastoral Universit\u00e1ria UniSALESIANO\" \/>\n<meta property=\"article:published_time\" content=\"2023-02-13T12:25:31+00:00\" \/>\n<meta property=\"og:image\" content=\"https:\/\/unisale.com.br\/novo\/wp-content\/uploads\/2023\/02\/IMG_0786-768x512-1.jpg\" \/>\n\t<meta property=\"og:image:width\" content=\"768\" \/>\n\t<meta property=\"og:image:height\" content=\"512\" \/>\n\t<meta property=\"og:image:type\" content=\"image\/jpeg\" \/>\n<meta name=\"author\" content=\"Luiz Alexandre Marinho Lanzoni\" \/>\n<meta name=\"twitter:card\" content=\"summary_large_image\" \/>\n<meta name=\"twitter:label1\" content=\"Escrito por\" \/>\n\t<meta name=\"twitter:data1\" content=\"Luiz Alexandre Marinho Lanzoni\" \/>\n\t<meta name=\"twitter:label2\" content=\"Est. tempo de leitura\" \/>\n\t<meta name=\"twitter:data2\" content=\"1 minuto\" \/>\n<script type=\"application\/ld+json\" class=\"yoast-schema-graph\">{\"@context\":\"https:\\\/\\\/schema.org\",\"@graph\":[{\"@type\":\"Article\",\"@id\":\"https:\\\/\\\/unisale.com.br\\\/novo\\\/colaboradores-refletem-sobre-o-natal-em-formacao-da-espiritualidade-salesiana\\\/#article\",\"isPartOf\":{\"@id\":\"https:\\\/\\\/unisale.com.br\\\/novo\\\/colaboradores-refletem-sobre-o-natal-em-formacao-da-espiritualidade-salesiana\\\/\"},\"author\":{\"name\":\"Luiz Alexandre Marinho Lanzoni\",\"@id\":\"https:\\\/\\\/unisale.com.br\\\/pastoral\\\/#\\\/schema\\\/person\\\/492d3d7bfe53a8302576d39485aff2c4\"},\"headline\":\"Colaboradores refletem sobre o Natal em Forma\u00e7\u00e3o da Espiritualidade Salesiana\",\"datePublished\":\"2023-02-13T12:25:31+00:00\",\"mainEntityOfPage\":{\"@id\":\"https:\\\/\\\/unisale.com.br\\\/novo\\\/colaboradores-refletem-sobre-o-natal-em-formacao-da-espiritualidade-salesiana\\\/\"},\"wordCount\":279,\"image\":{\"@id\":\"https:\\\/\\\/unisale.com.br\\\/novo\\\/colaboradores-refletem-sobre-o-natal-em-formacao-da-espiritualidade-salesiana\\\/#primaryimage\"},\"thumbnailUrl\":\"https:\\\/\\\/unisale.com.br\\\/pastoral\\\/wp-content\\\/uploads\\\/2023\\\/02\\\/IMG_0786-768x512-1.jpg\",\"articleSection\":[\"Not\u00edcias\"],\"inLanguage\":\"pt-BR\"},{\"@type\":\"WebPage\",\"@id\":\"https:\\\/\\\/unisale.com.br\\\/novo\\\/colaboradores-refletem-sobre-o-natal-em-formacao-da-espiritualidade-salesiana\\\/\",\"url\":\"https:\\\/\\\/unisale.com.br\\\/novo\\\/colaboradores-refletem-sobre-o-natal-em-formacao-da-espiritualidade-salesiana\\\/\",\"name\":\"Colaboradores refletem sobre o Natal em Forma\u00e7\u00e3o da Espiritualidade Salesiana - Pastoral Universit\u00e1ria UniSALESIANO\",\"isPartOf\":{\"@id\":\"https:\\\/\\\/unisale.com.br\\\/pastoral\\\/#website\"},\"primaryImageOfPage\":{\"@id\":\"https:\\\/\\\/unisale.com.br\\\/novo\\\/colaboradores-refletem-sobre-o-natal-em-formacao-da-espiritualidade-salesiana\\\/#primaryimage\"},\"image\":{\"@id\":\"https:\\\/\\\/unisale.com.br\\\/novo\\\/colaboradores-refletem-sobre-o-natal-em-formacao-da-espiritualidade-salesiana\\\/#primaryimage\"},\"thumbnailUrl\":\"https:\\\/\\\/unisale.com.br\\\/pastoral\\\/wp-content\\\/uploads\\\/2023\\\/02\\\/IMG_0786-768x512-1.jpg\",\"datePublished\":\"2023-02-13T12:25:31+00:00\",\"author\":{\"@id\":\"https:\\\/\\\/unisale.com.br\\\/pastoral\\\/#\\\/schema\\\/person\\\/492d3d7bfe53a8302576d39485aff2c4\"},\"inLanguage\":\"pt-BR\",\"potentialAction\":[{\"@type\":\"ReadAction\",\"target\":[\"https:\\\/\\\/unisale.com.br\\\/novo\\\/colaboradores-refletem-sobre-o-natal-em-formacao-da-espiritualidade-salesiana\\\/\"]}]},{\"@type\":\"ImageObject\",\"inLanguage\":\"pt-BR\",\"@id\":\"https:\\\/\\\/unisale.com.br\\\/novo\\\/colaboradores-refletem-sobre-o-natal-em-formacao-da-espiritualidade-salesiana\\\/#primaryimage\",\"url\":\"https:\\\/\\\/unisale.com.br\\\/pastoral\\\/wp-content\\\/uploads\\\/2023\\\/02\\\/IMG_0786-768x512-1.jpg\",\"contentUrl\":\"https:\\\/\\\/unisale.com.br\\\/pastoral\\\/wp-content\\\/uploads\\\/2023\\\/02\\\/IMG_0786-768x512-1.jpg\",\"width\":750,\"height\":500},{\"@type\":\"WebSite\",\"@id\":\"https:\\\/\\\/unisale.com.br\\\/pastoral\\\/#website\",\"url\":\"https:\\\/\\\/unisale.com.br\\\/pastoral\\\/\",\"name\":\"Pastoral Universit\u00e1ria UniSALESIANO\",\"description\":\"Site da Pastoral Universit\u00e1ria do UniSALESIANO\",\"potentialAction\":[{\"@type\":\"SearchAction\",\"target\":{\"@type\":\"EntryPoint\",\"urlTemplate\":\"https:\\\/\\\/unisale.com.br\\\/pastoral\\\/?s={search_term_string}\"},\"query-input\":{\"@type\":\"PropertyValueSpecification\",\"valueRequired\":true,\"valueName\":\"search_term_string\"}}],\"inLanguage\":\"pt-BR\"},{\"@type\":\"Person\",\"@id\":\"https:\\\/\\\/unisale.com.br\\\/pastoral\\\/#\\\/schema\\\/person\\\/492d3d7bfe53a8302576d39485aff2c4\",\"name\":\"Luiz Alexandre Marinho Lanzoni\",\"url\":\"https:\\\/\\\/unisale.com.br\\\/pastoral\\\/author\\\/luiz\\\/\"}]}<\/script>\n<!-- \/ Yoast SEO plugin. -->","yoast_head_json":{"title":"Colaboradores refletem sobre o Natal em Forma\u00e7\u00e3o da Espiritualidade Salesiana - Pastoral Universit\u00e1ria UniSALESIANO","robots":{"index":"index","follow":"follow","max-snippet":"max-snippet:-1","max-image-preview":"max-image-preview:large","max-video-preview":"max-video-preview:-1"},"canonical":"https:\/\/unisale.com.br\/novo\/colaboradores-refletem-sobre-o-natal-em-formacao-da-espiritualidade-salesiana\/","og_locale":"pt_BR","og_type":"article","og_title":"Colaboradores refletem sobre o Natal em Forma\u00e7\u00e3o da Espiritualidade Salesiana - Pastoral Universit\u00e1ria UniSALESIANO","og_description":"Ao final da celebra\u00e7\u00e3o, os colaboradores que comemoram anivers\u00e1rio no m\u00eas de novembro ganharam lembran\u00e7as &nbsp; &nbsp; Em clima de Natal, a\u00a0Pastoral Universit\u00e1ria e o...","og_url":"https:\/\/unisale.com.br\/novo\/colaboradores-refletem-sobre-o-natal-em-formacao-da-espiritualidade-salesiana\/","og_site_name":"Pastoral Universit\u00e1ria UniSALESIANO","article_published_time":"2023-02-13T12:25:31+00:00","og_image":[{"width":768,"height":512,"url":"https:\/\/unisale.com.br\/novo\/wp-content\/uploads\/2023\/02\/IMG_0786-768x512-1.jpg","type":"image\/jpeg"}],"author":"Luiz Alexandre Marinho Lanzoni","twitter_card":"summary_large_image","twitter_misc":{"Escrito por":"Luiz Alexandre Marinho Lanzoni","Est. tempo de leitura":"1 minuto"},"schema":{"@context":"https:\/\/schema.org","@graph":[{"@type":"Article","@id":"https:\/\/unisale.com.br\/novo\/colaboradores-refletem-sobre-o-natal-em-formacao-da-espiritualidade-salesiana\/#article","isPartOf":{"@id":"https:\/\/unisale.com.br\/novo\/colaboradores-refletem-sobre-o-natal-em-formacao-da-espiritualidade-salesiana\/"},"author":{"name":"Luiz Alexandre Marinho Lanzoni","@id":"https:\/\/unisale.com.br\/pastoral\/#\/schema\/person\/492d3d7bfe53a8302576d39485aff2c4"},"headline":"Colaboradores refletem sobre o Natal em Forma\u00e7\u00e3o da Espiritualidade Salesiana","datePublished":"2023-02-13T12:25:31+00:00","mainEntityOfPage":{"@id":"https:\/\/unisale.com.br\/novo\/colaboradores-refletem-sobre-o-natal-em-formacao-da-espiritualidade-salesiana\/"},"wordCount":279,"image":{"@id":"https:\/\/unisale.com.br\/novo\/colaboradores-refletem-sobre-o-natal-em-formacao-da-espiritualidade-salesiana\/#primaryimage"},"thumbnailUrl":"https:\/\/unisale.com.br\/pastoral\/wp-content\/uploads\/2023\/02\/IMG_0786-768x512-1.jpg","articleSection":["Not\u00edcias"],"inLanguage":"pt-BR"},{"@type":"WebPage","@id":"https:\/\/unisale.com.br\/novo\/colaboradores-refletem-sobre-o-natal-em-formacao-da-espiritualidade-salesiana\/","url":"https:\/\/unisale.com.br\/novo\/colaboradores-refletem-sobre-o-natal-em-formacao-da-espiritualidade-salesiana\/","name":"Colaboradores refletem sobre o Natal em Forma\u00e7\u00e3o da Espiritualidade Salesiana - Pastoral Universit\u00e1ria UniSALESIANO","isPartOf":{"@id":"https:\/\/unisale.com.br\/pastoral\/#website"},"primaryImageOfPage":{"@id":"https:\/\/unisale.com.br\/novo\/colaboradores-refletem-sobre-o-natal-em-formacao-da-espiritualidade-salesiana\/#primaryimage"},"image":{"@id":"https:\/\/unisale.com.br\/novo\/colaboradores-refletem-sobre-o-natal-em-formacao-da-espiritualidade-salesiana\/#primaryimage"},"thumbnailUrl":"https:\/\/unisale.com.br\/pastoral\/wp-content\/uploads\/2023\/02\/IMG_0786-768x512-1.jpg","datePublished":"2023-02-13T12:25:31+00:00","author":{"@id":"https:\/\/unisale.com.br\/pastoral\/#\/schema\/person\/492d3d7bfe53a8302576d39485aff2c4"},"inLanguage":"pt-BR","potentialAction":[{"@type":"ReadAction","target":["https:\/\/unisale.com.br\/novo\/colaboradores-refletem-sobre-o-natal-em-formacao-da-espiritualidade-salesiana\/"]}]},{"@type":"ImageObject","inLanguage":"pt-BR","@id":"https:\/\/unisale.com.br\/novo\/colaboradores-refletem-sobre-o-natal-em-formacao-da-espiritualidade-salesiana\/#primaryimage","url":"https:\/\/unisale.com.br\/pastoral\/wp-content\/uploads\/2023\/02\/IMG_0786-768x512-1.jpg","contentUrl":"https:\/\/unisale.com.br\/pastoral\/wp-content\/uploads\/2023\/02\/IMG_0786-768x512-1.jpg","width":750,"height":500},{"@type":"WebSite","@id":"https:\/\/unisale.com.br\/pastoral\/#website","url":"https:\/\/unisale.com.br\/pastoral\/","name":"Pastoral Universit\u00e1ria UniSALESIANO","description":"Site da Pastoral Universit\u00e1ria do UniSALESIANO","potentialAction":[{"@type":"SearchAction","target":{"@type":"EntryPoint","urlTemplate":"https:\/\/unisale.com.br\/pastoral\/?s={search_term_string}"},"query-input":{"@type":"PropertyValueSpecification","valueRequired":true,"valueName":"search_term_string"}}],"inLanguage":"pt-BR"},{"@type":"Person","@id":"https:\/\/unisale.com.br\/pastoral\/#\/schema\/person\/492d3d7bfe53a8302576d39485aff2c4","name":"Luiz Alexandre Marinho Lanzoni","url":"https:\/\/unisale.com.br\/pastoral\/author\/luiz\/"}]}},"_links":{"self":[{"href":"https:\/\/unisale.com.br\/pastoral\/wp-json\/wp\/v2\/posts\/6278","targetHints":{"allow":["GET"]}}],"collection":[{"href":"https:\/\/unisale.com.br\/pastoral\/wp-json\/wp\/v2\/posts"}],"about":[{"href":"https:\/\/unisale.com.br\/pastoral\/wp-json\/wp\/v2\/types\/post"}],"author":[{"embeddable":true,"href":"https:\/\/unisale.com.br\/pastoral\/wp-json\/wp\/v2\/users\/6"}],"replies":[{"embeddable":true,"href":"https:\/\/unisale.com.br\/pastoral\/wp-json\/wp\/v2\/comments?post=6278"}],"version-history":[{"count":0,"href":"https:\/\/unisale.com.br\/pastoral\/wp-json\/wp\/v2\/posts\/6278\/revisions"}],"wp:featuredmedia":[{"embeddable":true,"href":"https:\/\/unisale.com.br\/pastoral\/wp-json\/wp\/v2\/media\/6279"}],"wp:attachment":[{"href":"https:\/\/unisale.com.br\/pastoral\/wp-json\/wp\/v2\/media?parent=6278"}],"wp:term":[{"taxonomy":"category","embeddable":true,"href":"https:\/\/unisale.com.br\/pastoral\/wp-json\/wp\/v2\/categories?post=6278"},{"taxonomy":"post_tag","embeddable":true,"href":"https:\/\/unisale.com.br\/pastoral\/wp-json\/wp\/v2\/tags?post=6278"}],"curies":[{"name":"wp","href":"https:\/\/api.w.org\/{rel}","templated":true}]}}