{"id":6281,"date":"2023-02-13T12:29:25","date_gmt":"2023-02-13T12:29:25","guid":{"rendered":"https:\/\/unisale.com.br\/pastoral\/?p=6281"},"modified":"2023-02-13T12:29:25","modified_gmt":"2023-02-13T12:29:25","slug":"unisalesiano-celebra-memoria-liturgica-de-dom-bosco-com-missas","status":"publish","type":"post","link":"https:\/\/unisale.com.br\/pastoral\/unisalesiano-celebra-memoria-liturgica-de-dom-bosco-com-missas\/","title":{"rendered":"UniSALESIANO celebra mem\u00f3ria lit\u00fargica de Dom Bosco com missas"},"content":{"rendered":"<h3>Foram presididas pelo Pr\u00f3-Reitor de Pastoral, Pe. Paulo Eduardo J\u00e1como, SDB<\/h3>\n<p>&nbsp;<\/p>\n<p>O UniSALESIANO, atrav\u00e9s de sua\u00a0<strong>Pastoral Universit\u00e1ria<\/strong>, celebrou com seus acad\u00eamicos e colaboradores a mem\u00f3ria lit\u00fargica de Dom Bosco, no \u00faltimo dia 31. Missas foram realizadas nos per\u00edodos diurno e noturno, na Capela do Centro de Conviv\u00eancia.<\/p>\n<p>Presidida pelo\u00a0<strong>Pr\u00f3-Reitor de Pastoral, Pe. Paulo Eduardo J\u00e1como, SDB<\/strong>, as missas homenagearam o Pai e Mestre da Juventude, S\u00e3o Jo\u00e3o Bosco \u2013 fundador dos Salesianos, e tamb\u00e9m a acolhida dos novos acad\u00eamicos. \u201cLembramos ainda a passagem da aluna do\u00a0<strong>Curso de Enfermagem, Let\u00edcia Maria Pereira Souto<\/strong>, falecida no dia 23 de dezembro do ano passado, na missa do per\u00edodo noturno\u201d, disse Pe. Paulo.<\/p>\n<p><strong>AMOR<\/strong><\/p>\n<p>Dom Bosco faleceu em 31 de janeiro de 1888, tornando esse dia momento de reflex\u00e3o sobre a vida e as obras do patrono dos jovens e dos salesianos. Nesta data, s\u00e3o lembrados tamb\u00e9m os valores e ensinamentos deixados por S\u00e3o Jo\u00e3o Bosco, como o amor a Deus, o respeito ao pr\u00f3ximo, a import\u00e2ncia da educa\u00e7\u00e3o e o trabalho em prol da juventude.<\/p>\n<p>&nbsp;<\/p>\n<p>&nbsp;<\/p>\n<p><img decoding=\"async\" class=\"alignleft size-thumbnail wp-image-6283\" src=\"https:\/\/unisale.com.br\/pastoral\/wp-content\/uploads\/2023\/02\/IMG_3639-1024x683-1-150x150.jpg\" alt=\"\" width=\"150\" height=\"150\" \/> <img decoding=\"async\" class=\"alignleft size-thumbnail wp-image-6284\" src=\"https:\/\/unisale.com.br\/pastoral\/wp-content\/uploads\/2023\/02\/IMG_3642-1024x683-1-150x150.jpg\" alt=\"\" width=\"150\" height=\"150\" \/> <img decoding=\"async\" class=\"alignleft size-thumbnail wp-image-6285\" src=\"https:\/\/unisale.com.br\/pastoral\/wp-content\/uploads\/2023\/02\/IMG_3648-1024x683-1-150x150.jpg\" alt=\"\" width=\"150\" height=\"150\" \/> <img loading=\"lazy\" decoding=\"async\" class=\"alignleft size-thumbnail wp-image-6286\" src=\"https:\/\/unisale.com.br\/pastoral\/wp-content\/uploads\/2023\/02\/IMG_3650-1024x683-1-150x150.jpg\" alt=\"\" width=\"150\" height=\"150\" \/> <img loading=\"lazy\" decoding=\"async\" class=\"alignleft size-thumbnail wp-image-6287\" src=\"https:\/\/unisale.com.br\/pastoral\/wp-content\/uploads\/2023\/02\/IMG_6190-1024x683-1-150x150.jpg\" alt=\"\" width=\"150\" height=\"150\" \/> <img loading=\"lazy\" decoding=\"async\" class=\"alignleft size-thumbnail wp-image-6288\" src=\"https:\/\/unisale.com.br\/pastoral\/wp-content\/uploads\/2023\/02\/IMG_6196-683x1024-1-150x150.jpg\" alt=\"\" width=\"150\" height=\"150\" \/> <img loading=\"lazy\" decoding=\"async\" class=\"alignleft size-thumbnail wp-image-6289\" src=\"https:\/\/unisale.com.br\/pastoral\/wp-content\/uploads\/2023\/02\/IMG_6217-1024x683-1-150x150.jpg\" alt=\"\" width=\"150\" height=\"150\" \/> <img loading=\"lazy\" decoding=\"async\" class=\"alignleft size-thumbnail wp-image-6290\" src=\"https:\/\/unisale.com.br\/pastoral\/wp-content\/uploads\/2023\/02\/IMG_6225-1024x683-1-150x150.jpg\" alt=\"\" width=\"150\" height=\"150\" \/> <img loading=\"lazy\" decoding=\"async\" class=\"alignleft size-thumbnail wp-image-6291\" src=\"https:\/\/unisale.com.br\/pastoral\/wp-content\/uploads\/2023\/02\/IMG_6243-1024x683-1-150x150.jpg\" alt=\"\" width=\"150\" height=\"150\" \/> <img loading=\"lazy\" decoding=\"async\" class=\"alignleft size-thumbnail wp-image-6292\" src=\"https:\/\/unisale.com.br\/pastoral\/wp-content\/uploads\/2023\/02\/IMG_6254-1024x683-1-150x150.jpg\" alt=\"\" width=\"150\" height=\"150\" \/> <img loading=\"lazy\" decoding=\"async\" class=\"alignleft size-thumbnail wp-image-6293\" src=\"https:\/\/unisale.com.br\/pastoral\/wp-content\/uploads\/2023\/02\/IMG_6255-1024x683-1-150x150.jpg\" alt=\"\" width=\"150\" height=\"150\" \/> <img loading=\"lazy\" decoding=\"async\" class=\"alignleft size-thumbnail wp-image-6294\" src=\"https:\/\/unisale.com.br\/pastoral\/wp-content\/uploads\/2023\/02\/IMG_6257-1024x683-1-150x150.jpg\" alt=\"\" width=\"150\" height=\"150\" \/><\/p>\n","protected":false},"excerpt":{"rendered":"<p>Foram presididas pelo Pr\u00f3-Reitor de Pastoral, Pe. Paulo Eduardo J\u00e1como, SDB &nbsp; O UniSALESIANO, atrav\u00e9s de sua\u00a0Pastoral Universit\u00e1ria, celebrou com seus acad\u00eamicos e colaboradores a&#8230;<\/p>\n","protected":false},"author":6,"featured_media":6282,"comment_status":"closed","ping_status":"closed","sticky":false,"template":"","format":"standard","meta":{"_acf_changed":false,"footnotes":""},"categories":[1],"tags":[],"class_list":["post-6281","post","type-post","status-publish","format-standard","has-post-thumbnail","hentry","category-uncategorized"],"acf":[],"yoast_head":"<!-- This site is optimized with the Yoast SEO plugin v27.3 - https:\/\/yoast.com\/product\/yoast-seo-wordpress\/ -->\n<title>UniSALESIANO celebra mem\u00f3ria lit\u00fargica de Dom Bosco com missas - Pastoral Universit\u00e1ria UniSALESIANO<\/title>\n<meta name=\"robots\" content=\"index, follow, max-snippet:-1, max-image-preview:large, max-video-preview:-1\" \/>\n<link rel=\"canonical\" href=\"https:\/\/unisale.com.br\/novo\/unisalesiano-celebra-memoria-liturgica-de-dom-bosco-com-missas\/\" \/>\n<meta property=\"og:locale\" content=\"pt_BR\" \/>\n<meta property=\"og:type\" content=\"article\" \/>\n<meta property=\"og:title\" content=\"UniSALESIANO celebra mem\u00f3ria lit\u00fargica de Dom Bosco com missas - Pastoral Universit\u00e1ria UniSALESIANO\" \/>\n<meta property=\"og:description\" content=\"Foram presididas pelo Pr\u00f3-Reitor de Pastoral, Pe. Paulo Eduardo J\u00e1como, SDB &nbsp; O UniSALESIANO, atrav\u00e9s de sua\u00a0Pastoral Universit\u00e1ria, celebrou com seus acad\u00eamicos e colaboradores a...\" \/>\n<meta property=\"og:url\" content=\"https:\/\/unisale.com.br\/novo\/unisalesiano-celebra-memoria-liturgica-de-dom-bosco-com-missas\/\" \/>\n<meta property=\"og:site_name\" content=\"Pastoral Universit\u00e1ria UniSALESIANO\" \/>\n<meta property=\"article:published_time\" content=\"2023-02-13T12:29:25+00:00\" \/>\n<meta property=\"og:image\" content=\"https:\/\/unisale.com.br\/novo\/wp-content\/uploads\/2023\/02\/IMG_6222-768x512-1.jpg\" \/>\n\t<meta property=\"og:image:width\" content=\"768\" \/>\n\t<meta property=\"og:image:height\" content=\"512\" \/>\n\t<meta property=\"og:image:type\" content=\"image\/jpeg\" \/>\n<meta name=\"author\" content=\"Luiz Alexandre Marinho Lanzoni\" \/>\n<meta name=\"twitter:card\" content=\"summary_large_image\" \/>\n<meta name=\"twitter:label1\" content=\"Escrito por\" \/>\n\t<meta name=\"twitter:data1\" content=\"Luiz Alexandre Marinho Lanzoni\" \/>\n\t<meta name=\"twitter:label2\" content=\"Est. tempo de leitura\" \/>\n\t<meta name=\"twitter:data2\" content=\"1 minuto\" \/>\n<script type=\"application\/ld+json\" class=\"yoast-schema-graph\">{\"@context\":\"https:\\\/\\\/schema.org\",\"@graph\":[{\"@type\":\"Article\",\"@id\":\"https:\\\/\\\/unisale.com.br\\\/novo\\\/unisalesiano-celebra-memoria-liturgica-de-dom-bosco-com-missas\\\/#article\",\"isPartOf\":{\"@id\":\"https:\\\/\\\/unisale.com.br\\\/novo\\\/unisalesiano-celebra-memoria-liturgica-de-dom-bosco-com-missas\\\/\"},\"author\":{\"name\":\"Luiz Alexandre Marinho Lanzoni\",\"@id\":\"https:\\\/\\\/unisale.com.br\\\/pastoral\\\/#\\\/schema\\\/person\\\/492d3d7bfe53a8302576d39485aff2c4\"},\"headline\":\"UniSALESIANO celebra mem\u00f3ria lit\u00fargica de Dom Bosco com missas\",\"datePublished\":\"2023-02-13T12:29:25+00:00\",\"mainEntityOfPage\":{\"@id\":\"https:\\\/\\\/unisale.com.br\\\/novo\\\/unisalesiano-celebra-memoria-liturgica-de-dom-bosco-com-missas\\\/\"},\"wordCount\":209,\"image\":{\"@id\":\"https:\\\/\\\/unisale.com.br\\\/novo\\\/unisalesiano-celebra-memoria-liturgica-de-dom-bosco-com-missas\\\/#primaryimage\"},\"thumbnailUrl\":\"https:\\\/\\\/unisale.com.br\\\/pastoral\\\/wp-content\\\/uploads\\\/2023\\\/02\\\/IMG_6222-768x512-1.jpg\",\"inLanguage\":\"pt-BR\"},{\"@type\":\"WebPage\",\"@id\":\"https:\\\/\\\/unisale.com.br\\\/novo\\\/unisalesiano-celebra-memoria-liturgica-de-dom-bosco-com-missas\\\/\",\"url\":\"https:\\\/\\\/unisale.com.br\\\/novo\\\/unisalesiano-celebra-memoria-liturgica-de-dom-bosco-com-missas\\\/\",\"name\":\"UniSALESIANO celebra mem\u00f3ria lit\u00fargica de Dom Bosco com missas - Pastoral Universit\u00e1ria UniSALESIANO\",\"isPartOf\":{\"@id\":\"https:\\\/\\\/unisale.com.br\\\/pastoral\\\/#website\"},\"primaryImageOfPage\":{\"@id\":\"https:\\\/\\\/unisale.com.br\\\/novo\\\/unisalesiano-celebra-memoria-liturgica-de-dom-bosco-com-missas\\\/#primaryimage\"},\"image\":{\"@id\":\"https:\\\/\\\/unisale.com.br\\\/novo\\\/unisalesiano-celebra-memoria-liturgica-de-dom-bosco-com-missas\\\/#primaryimage\"},\"thumbnailUrl\":\"https:\\\/\\\/unisale.com.br\\\/pastoral\\\/wp-content\\\/uploads\\\/2023\\\/02\\\/IMG_6222-768x512-1.jpg\",\"datePublished\":\"2023-02-13T12:29:25+00:00\",\"author\":{\"@id\":\"https:\\\/\\\/unisale.com.br\\\/pastoral\\\/#\\\/schema\\\/person\\\/492d3d7bfe53a8302576d39485aff2c4\"},\"inLanguage\":\"pt-BR\",\"potentialAction\":[{\"@type\":\"ReadAction\",\"target\":[\"https:\\\/\\\/unisale.com.br\\\/novo\\\/unisalesiano-celebra-memoria-liturgica-de-dom-bosco-com-missas\\\/\"]}]},{\"@type\":\"ImageObject\",\"inLanguage\":\"pt-BR\",\"@id\":\"https:\\\/\\\/unisale.com.br\\\/novo\\\/unisalesiano-celebra-memoria-liturgica-de-dom-bosco-com-missas\\\/#primaryimage\",\"url\":\"https:\\\/\\\/unisale.com.br\\\/pastoral\\\/wp-content\\\/uploads\\\/2023\\\/02\\\/IMG_6222-768x512-1.jpg\",\"contentUrl\":\"https:\\\/\\\/unisale.com.br\\\/pastoral\\\/wp-content\\\/uploads\\\/2023\\\/02\\\/IMG_6222-768x512-1.jpg\",\"width\":750,\"height\":500},{\"@type\":\"WebSite\",\"@id\":\"https:\\\/\\\/unisale.com.br\\\/pastoral\\\/#website\",\"url\":\"https:\\\/\\\/unisale.com.br\\\/pastoral\\\/\",\"name\":\"Pastoral Universit\u00e1ria UniSALESIANO\",\"description\":\"Site da Pastoral Universit\u00e1ria do UniSALESIANO\",\"potentialAction\":[{\"@type\":\"SearchAction\",\"target\":{\"@type\":\"EntryPoint\",\"urlTemplate\":\"https:\\\/\\\/unisale.com.br\\\/pastoral\\\/?s={search_term_string}\"},\"query-input\":{\"@type\":\"PropertyValueSpecification\",\"valueRequired\":true,\"valueName\":\"search_term_string\"}}],\"inLanguage\":\"pt-BR\"},{\"@type\":\"Person\",\"@id\":\"https:\\\/\\\/unisale.com.br\\\/pastoral\\\/#\\\/schema\\\/person\\\/492d3d7bfe53a8302576d39485aff2c4\",\"name\":\"Luiz Alexandre Marinho Lanzoni\",\"url\":\"https:\\\/\\\/unisale.com.br\\\/pastoral\\\/author\\\/luiz\\\/\"}]}<\/script>\n<!-- \/ Yoast SEO plugin. -->","yoast_head_json":{"title":"UniSALESIANO celebra mem\u00f3ria lit\u00fargica de Dom Bosco com missas - Pastoral Universit\u00e1ria UniSALESIANO","robots":{"index":"index","follow":"follow","max-snippet":"max-snippet:-1","max-image-preview":"max-image-preview:large","max-video-preview":"max-video-preview:-1"},"canonical":"https:\/\/unisale.com.br\/novo\/unisalesiano-celebra-memoria-liturgica-de-dom-bosco-com-missas\/","og_locale":"pt_BR","og_type":"article","og_title":"UniSALESIANO celebra mem\u00f3ria lit\u00fargica de Dom Bosco com missas - Pastoral Universit\u00e1ria UniSALESIANO","og_description":"Foram presididas pelo Pr\u00f3-Reitor de Pastoral, Pe. Paulo Eduardo J\u00e1como, SDB &nbsp; O UniSALESIANO, atrav\u00e9s de sua\u00a0Pastoral Universit\u00e1ria, celebrou com seus acad\u00eamicos e colaboradores a...","og_url":"https:\/\/unisale.com.br\/novo\/unisalesiano-celebra-memoria-liturgica-de-dom-bosco-com-missas\/","og_site_name":"Pastoral Universit\u00e1ria UniSALESIANO","article_published_time":"2023-02-13T12:29:25+00:00","og_image":[{"width":768,"height":512,"url":"https:\/\/unisale.com.br\/novo\/wp-content\/uploads\/2023\/02\/IMG_6222-768x512-1.jpg","type":"image\/jpeg"}],"author":"Luiz Alexandre Marinho Lanzoni","twitter_card":"summary_large_image","twitter_misc":{"Escrito por":"Luiz Alexandre Marinho Lanzoni","Est. tempo de leitura":"1 minuto"},"schema":{"@context":"https:\/\/schema.org","@graph":[{"@type":"Article","@id":"https:\/\/unisale.com.br\/novo\/unisalesiano-celebra-memoria-liturgica-de-dom-bosco-com-missas\/#article","isPartOf":{"@id":"https:\/\/unisale.com.br\/novo\/unisalesiano-celebra-memoria-liturgica-de-dom-bosco-com-missas\/"},"author":{"name":"Luiz Alexandre Marinho Lanzoni","@id":"https:\/\/unisale.com.br\/pastoral\/#\/schema\/person\/492d3d7bfe53a8302576d39485aff2c4"},"headline":"UniSALESIANO celebra mem\u00f3ria lit\u00fargica de Dom Bosco com missas","datePublished":"2023-02-13T12:29:25+00:00","mainEntityOfPage":{"@id":"https:\/\/unisale.com.br\/novo\/unisalesiano-celebra-memoria-liturgica-de-dom-bosco-com-missas\/"},"wordCount":209,"image":{"@id":"https:\/\/unisale.com.br\/novo\/unisalesiano-celebra-memoria-liturgica-de-dom-bosco-com-missas\/#primaryimage"},"thumbnailUrl":"https:\/\/unisale.com.br\/pastoral\/wp-content\/uploads\/2023\/02\/IMG_6222-768x512-1.jpg","inLanguage":"pt-BR"},{"@type":"WebPage","@id":"https:\/\/unisale.com.br\/novo\/unisalesiano-celebra-memoria-liturgica-de-dom-bosco-com-missas\/","url":"https:\/\/unisale.com.br\/novo\/unisalesiano-celebra-memoria-liturgica-de-dom-bosco-com-missas\/","name":"UniSALESIANO celebra mem\u00f3ria lit\u00fargica de Dom Bosco com missas - Pastoral Universit\u00e1ria UniSALESIANO","isPartOf":{"@id":"https:\/\/unisale.com.br\/pastoral\/#website"},"primaryImageOfPage":{"@id":"https:\/\/unisale.com.br\/novo\/unisalesiano-celebra-memoria-liturgica-de-dom-bosco-com-missas\/#primaryimage"},"image":{"@id":"https:\/\/unisale.com.br\/novo\/unisalesiano-celebra-memoria-liturgica-de-dom-bosco-com-missas\/#primaryimage"},"thumbnailUrl":"https:\/\/unisale.com.br\/pastoral\/wp-content\/uploads\/2023\/02\/IMG_6222-768x512-1.jpg","datePublished":"2023-02-13T12:29:25+00:00","author":{"@id":"https:\/\/unisale.com.br\/pastoral\/#\/schema\/person\/492d3d7bfe53a8302576d39485aff2c4"},"inLanguage":"pt-BR","potentialAction":[{"@type":"ReadAction","target":["https:\/\/unisale.com.br\/novo\/unisalesiano-celebra-memoria-liturgica-de-dom-bosco-com-missas\/"]}]},{"@type":"ImageObject","inLanguage":"pt-BR","@id":"https:\/\/unisale.com.br\/novo\/unisalesiano-celebra-memoria-liturgica-de-dom-bosco-com-missas\/#primaryimage","url":"https:\/\/unisale.com.br\/pastoral\/wp-content\/uploads\/2023\/02\/IMG_6222-768x512-1.jpg","contentUrl":"https:\/\/unisale.com.br\/pastoral\/wp-content\/uploads\/2023\/02\/IMG_6222-768x512-1.jpg","width":750,"height":500},{"@type":"WebSite","@id":"https:\/\/unisale.com.br\/pastoral\/#website","url":"https:\/\/unisale.com.br\/pastoral\/","name":"Pastoral Universit\u00e1ria UniSALESIANO","description":"Site da Pastoral Universit\u00e1ria do UniSALESIANO","potentialAction":[{"@type":"SearchAction","target":{"@type":"EntryPoint","urlTemplate":"https:\/\/unisale.com.br\/pastoral\/?s={search_term_string}"},"query-input":{"@type":"PropertyValueSpecification","valueRequired":true,"valueName":"search_term_string"}}],"inLanguage":"pt-BR"},{"@type":"Person","@id":"https:\/\/unisale.com.br\/pastoral\/#\/schema\/person\/492d3d7bfe53a8302576d39485aff2c4","name":"Luiz Alexandre Marinho Lanzoni","url":"https:\/\/unisale.com.br\/pastoral\/author\/luiz\/"}]}},"_links":{"self":[{"href":"https:\/\/unisale.com.br\/pastoral\/wp-json\/wp\/v2\/posts\/6281","targetHints":{"allow":["GET"]}}],"collection":[{"href":"https:\/\/unisale.com.br\/pastoral\/wp-json\/wp\/v2\/posts"}],"about":[{"href":"https:\/\/unisale.com.br\/pastoral\/wp-json\/wp\/v2\/types\/post"}],"author":[{"embeddable":true,"href":"https:\/\/unisale.com.br\/pastoral\/wp-json\/wp\/v2\/users\/6"}],"replies":[{"embeddable":true,"href":"https:\/\/unisale.com.br\/pastoral\/wp-json\/wp\/v2\/comments?post=6281"}],"version-history":[{"count":0,"href":"https:\/\/unisale.com.br\/pastoral\/wp-json\/wp\/v2\/posts\/6281\/revisions"}],"wp:featuredmedia":[{"embeddable":true,"href":"https:\/\/unisale.com.br\/pastoral\/wp-json\/wp\/v2\/media\/6282"}],"wp:attachment":[{"href":"https:\/\/unisale.com.br\/pastoral\/wp-json\/wp\/v2\/media?parent=6281"}],"wp:term":[{"taxonomy":"category","embeddable":true,"href":"https:\/\/unisale.com.br\/pastoral\/wp-json\/wp\/v2\/categories?post=6281"},{"taxonomy":"post_tag","embeddable":true,"href":"https:\/\/unisale.com.br\/pastoral\/wp-json\/wp\/v2\/tags?post=6281"}],"curies":[{"name":"wp","href":"https:\/\/api.w.org\/{rel}","templated":true}]}}