{"id":6324,"date":"2023-02-24T11:05:28","date_gmt":"2023-02-24T11:05:28","guid":{"rendered":"https:\/\/unisale.com.br\/pastoral\/?p=6324"},"modified":"2023-02-24T11:05:28","modified_gmt":"2023-02-24T11:05:28","slug":"28-02-pois-vosso-pai-sabe-do-que-precisais-muito-antes-que-vos-o-pecais","status":"publish","type":"post","link":"https:\/\/unisale.com.br\/pastoral\/28-02-pois-vosso-pai-sabe-do-que-precisais-muito-antes-que-vos-o-pecais\/","title":{"rendered":"28\/02 &#8211; &#8230;pois vosso Pai sabe do que precisais, muito antes que v\u00f3s o pe\u00e7ais."},"content":{"rendered":"<p>Ter\u00e7a-feira, 28 de fevereiro de 2023.<\/p>\n<p>&nbsp;<\/p>\n<p>Evangelho (Mt 6,7-15)<\/p>\n<p>&nbsp;<\/p>\n<p><strong>\u201c&#8230;pois vosso Pai sabe do que precisais, muito antes que v\u00f3s o pe\u00e7ais\u201d<\/strong><\/p>\n<p>&nbsp;<\/p>\n<p>Naquele tempo, disse Jesus aos seus disc\u00edpulos: <sup>7<\/sup>\u201cQuando orardes, n\u00e3o useis muitas palavras, como fazem os pag\u00e3os. Eles pensam que ser\u00e3o ouvidos por for\u00e7a das muitas palavras. <sup>8<\/sup>N\u00e3o sejais como eles, pois vosso Pai sabe do que precisais, muito antes que v\u00f3s o pe\u00e7ais. <sup>9<\/sup>V\u00f3s deveis rezar assim: Pai nosso que est\u00e1s nos c\u00e9us, santificado seja o teu nome; <sup>10<\/sup>venha o teu Reino; seja feita a tua vontade, assim na terra como nos c\u00e9us. <sup>11<\/sup>O p\u00e3o nosso de cada dia d\u00e1-nos hoje. <sup>12<\/sup>Perdoa as nossas ofensas, assim como n\u00f3s perdoamos a quem nos tem ofendido, <sup>13<\/sup>e n\u00e3o nos deixes cair em tenta\u00e7\u00e3o, mas livra-nos do mal. <sup>14<\/sup>De fato, se v\u00f3s perdoardes aos homens as faltas que eles cometeram, vosso Pai que est\u00e1 nos c\u00e9us tamb\u00e9m vos perdoar\u00e1. <sup>15<\/sup>Mas, se v\u00f3s n\u00e3o perdoardes aos homens, vosso Pai tamb\u00e9m n\u00e3o perdoar\u00e1 as faltas que v\u00f3s cometestes\u201d.<\/p>\n<p>&nbsp;<\/p>\n<p><strong>Reflex\u00e3o<\/strong><\/p>\n<p>&nbsp;<\/p>\n<p>Com certeza na nossa tradi\u00e7\u00e3o crist\u00e3 n\u00f3s temos muitas ora\u00e7\u00f5es, por\u00e9m, sem d\u00favidas, a mais importante \u00e9 a do Pai Nosso. Esta ora\u00e7\u00e3o \u00e9 composta por sete pedidos. E o t\u00edtulo introdut\u00f3rio que utilizamos para nossos pedidos \u00e9 justamente chamar Deus de Pai. Deus, nos ensina Jesus, \u00e9 o nosso pai que est\u00e1 nos c\u00e9us. Poderemos rezar de verdade e ter a esperan\u00e7a de ser escutado somente com a f\u00e9 na paternidade de Deus. Rezemos ao Pai atrav\u00e9s do Filho no Esp\u00edrito Santo. Os primeiros tr\u00eas pedidos ao Pai nosso se referem ao reino de Deus. Desejamos que se realizem plenamente o programa tra\u00e7ado por Jesus no discurso da montanha, especialmente as Bem-aventuran\u00e7as. \u00c9 justo que nas nossas ora\u00e7\u00f5es pensemos primeiramente em Deus e depois aos nossos interesses. Se rezamos pela vinda do Reino, rezamos por n\u00f3s mesmos. N\u00e3o podemos deixar de desejar que vivamos num ambiente que seja bom para n\u00f3s mesmos. A nossa ora\u00e7\u00e3o serve para construir o mundo confiando-o nas m\u00e3os de Deus. Os outros quatro \u00faltimos desejos dizem respeito a n\u00f3s mesos e resumem tudo aquilo de que temos necessidade. Deus nos conhece e sabe que somos miser\u00e1veis e incapazes de pensar quando nos falta o necess\u00e1rio. Quando pedimos pelo nosso p\u00e3o cotidiano, reconhecemos tamb\u00e9m que aquilo que nos d\u00e1 a natureza e que buscamos com o nosso trabalho \u00e9 dom de Deus. Na ora\u00e7\u00e3o para o perd\u00e3o dos pecados e para a prote\u00e7\u00e3o nas tenta\u00e7\u00f5es descobrimos que Deus \u00e9 um verdadeiro Pai e a sua porta est\u00e1 sempre aberta para cada filho pr\u00f3digo.<\/p>\n<p>&nbsp;<\/p>\n<p><strong>Pe. Paulo Eduardo J\u00e1como, SDB.<\/strong><\/p>\n","protected":false},"excerpt":{"rendered":"<p>Ter\u00e7a-feira, 28 de fevereiro de 2023. &nbsp; Evangelho (Mt 6,7-15) &nbsp; \u201c&#8230;pois vosso Pai sabe do que precisais, muito antes que v\u00f3s o pe\u00e7ais\u201d &nbsp;&#8230;<\/p>\n","protected":false},"author":6,"featured_media":6318,"comment_status":"closed","ping_status":"closed","sticky":false,"template":"","format":"standard","meta":{"_acf_changed":false,"footnotes":""},"categories":[13],"tags":[],"class_list":["post-6324","post","type-post","status-publish","format-standard","has-post-thumbnail","hentry","category-reflexaodoevagelho"],"acf":[],"yoast_head":"<!-- This site is optimized with the Yoast SEO plugin v27.3 - https:\/\/yoast.com\/product\/yoast-seo-wordpress\/ -->\n<title>28\/02 - ...pois vosso Pai sabe do que precisais, muito antes que v\u00f3s o pe\u00e7ais. - Pastoral Universit\u00e1ria UniSALESIANO<\/title>\n<meta name=\"robots\" content=\"index, follow, max-snippet:-1, max-image-preview:large, max-video-preview:-1\" \/>\n<link rel=\"canonical\" href=\"https:\/\/unisale.com.br\/novo\/28-02-pois-vosso-pai-sabe-do-que-precisais-muito-antes-que-vos-o-pecais\/\" \/>\n<meta property=\"og:locale\" content=\"pt_BR\" \/>\n<meta property=\"og:type\" content=\"article\" \/>\n<meta property=\"og:title\" content=\"28\/02 - ...pois vosso Pai sabe do que precisais, muito antes que v\u00f3s o pe\u00e7ais. - Pastoral Universit\u00e1ria UniSALESIANO\" \/>\n<meta property=\"og:description\" content=\"Ter\u00e7a-feira, 28 de fevereiro de 2023. &nbsp; Evangelho (Mt 6,7-15) &nbsp; \u201c&#8230;pois vosso Pai sabe do que precisais, muito antes que v\u00f3s o pe\u00e7ais\u201d &nbsp;...\" \/>\n<meta property=\"og:url\" content=\"https:\/\/unisale.com.br\/novo\/28-02-pois-vosso-pai-sabe-do-que-precisais-muito-antes-que-vos-o-pecais\/\" \/>\n<meta property=\"og:site_name\" content=\"Pastoral Universit\u00e1ria UniSALESIANO\" \/>\n<meta property=\"article:published_time\" content=\"2023-02-24T11:05:28+00:00\" \/>\n<meta property=\"og:image\" content=\"https:\/\/unisale.com.br\/novo\/wp-content\/uploads\/2023\/02\/Ev-28.jpg\" \/>\n\t<meta property=\"og:image:width\" content=\"706\" \/>\n\t<meta property=\"og:image:height\" content=\"466\" \/>\n\t<meta property=\"og:image:type\" content=\"image\/jpeg\" \/>\n<meta name=\"author\" content=\"Luiz Alexandre Marinho Lanzoni\" \/>\n<meta name=\"twitter:card\" content=\"summary_large_image\" \/>\n<meta name=\"twitter:label1\" content=\"Escrito por\" \/>\n\t<meta name=\"twitter:data1\" content=\"Luiz Alexandre Marinho Lanzoni\" \/>\n\t<meta name=\"twitter:label2\" content=\"Est. tempo de leitura\" \/>\n\t<meta name=\"twitter:data2\" content=\"2 minutos\" \/>\n<script type=\"application\/ld+json\" class=\"yoast-schema-graph\">{\"@context\":\"https:\\\/\\\/schema.org\",\"@graph\":[{\"@type\":\"Article\",\"@id\":\"https:\\\/\\\/unisale.com.br\\\/novo\\\/28-02-pois-vosso-pai-sabe-do-que-precisais-muito-antes-que-vos-o-pecais\\\/#article\",\"isPartOf\":{\"@id\":\"https:\\\/\\\/unisale.com.br\\\/novo\\\/28-02-pois-vosso-pai-sabe-do-que-precisais-muito-antes-que-vos-o-pecais\\\/\"},\"author\":{\"name\":\"Luiz Alexandre Marinho Lanzoni\",\"@id\":\"https:\\\/\\\/unisale.com.br\\\/pastoral\\\/#\\\/schema\\\/person\\\/492d3d7bfe53a8302576d39485aff2c4\"},\"headline\":\"28\\\/02 &#8211; &#8230;pois vosso Pai sabe do que precisais, muito antes que v\u00f3s o pe\u00e7ais.\",\"datePublished\":\"2023-02-24T11:05:28+00:00\",\"mainEntityOfPage\":{\"@id\":\"https:\\\/\\\/unisale.com.br\\\/novo\\\/28-02-pois-vosso-pai-sabe-do-que-precisais-muito-antes-que-vos-o-pecais\\\/\"},\"wordCount\":504,\"image\":{\"@id\":\"https:\\\/\\\/unisale.com.br\\\/novo\\\/28-02-pois-vosso-pai-sabe-do-que-precisais-muito-antes-que-vos-o-pecais\\\/#primaryimage\"},\"thumbnailUrl\":\"https:\\\/\\\/unisale.com.br\\\/pastoral\\\/wp-content\\\/uploads\\\/2023\\\/02\\\/Ev-28.jpg\",\"articleSection\":[\"Reflex\u00e3o do Evangelho\"],\"inLanguage\":\"pt-BR\"},{\"@type\":\"WebPage\",\"@id\":\"https:\\\/\\\/unisale.com.br\\\/novo\\\/28-02-pois-vosso-pai-sabe-do-que-precisais-muito-antes-que-vos-o-pecais\\\/\",\"url\":\"https:\\\/\\\/unisale.com.br\\\/novo\\\/28-02-pois-vosso-pai-sabe-do-que-precisais-muito-antes-que-vos-o-pecais\\\/\",\"name\":\"28\\\/02 - ...pois vosso Pai sabe do que precisais, muito antes que v\u00f3s o pe\u00e7ais. - Pastoral Universit\u00e1ria UniSALESIANO\",\"isPartOf\":{\"@id\":\"https:\\\/\\\/unisale.com.br\\\/pastoral\\\/#website\"},\"primaryImageOfPage\":{\"@id\":\"https:\\\/\\\/unisale.com.br\\\/novo\\\/28-02-pois-vosso-pai-sabe-do-que-precisais-muito-antes-que-vos-o-pecais\\\/#primaryimage\"},\"image\":{\"@id\":\"https:\\\/\\\/unisale.com.br\\\/novo\\\/28-02-pois-vosso-pai-sabe-do-que-precisais-muito-antes-que-vos-o-pecais\\\/#primaryimage\"},\"thumbnailUrl\":\"https:\\\/\\\/unisale.com.br\\\/pastoral\\\/wp-content\\\/uploads\\\/2023\\\/02\\\/Ev-28.jpg\",\"datePublished\":\"2023-02-24T11:05:28+00:00\",\"author\":{\"@id\":\"https:\\\/\\\/unisale.com.br\\\/pastoral\\\/#\\\/schema\\\/person\\\/492d3d7bfe53a8302576d39485aff2c4\"},\"inLanguage\":\"pt-BR\",\"potentialAction\":[{\"@type\":\"ReadAction\",\"target\":[\"https:\\\/\\\/unisale.com.br\\\/novo\\\/28-02-pois-vosso-pai-sabe-do-que-precisais-muito-antes-que-vos-o-pecais\\\/\"]}]},{\"@type\":\"ImageObject\",\"inLanguage\":\"pt-BR\",\"@id\":\"https:\\\/\\\/unisale.com.br\\\/novo\\\/28-02-pois-vosso-pai-sabe-do-que-precisais-muito-antes-que-vos-o-pecais\\\/#primaryimage\",\"url\":\"https:\\\/\\\/unisale.com.br\\\/pastoral\\\/wp-content\\\/uploads\\\/2023\\\/02\\\/Ev-28.jpg\",\"contentUrl\":\"https:\\\/\\\/unisale.com.br\\\/pastoral\\\/wp-content\\\/uploads\\\/2023\\\/02\\\/Ev-28.jpg\",\"width\":706,\"height\":466},{\"@type\":\"WebSite\",\"@id\":\"https:\\\/\\\/unisale.com.br\\\/pastoral\\\/#website\",\"url\":\"https:\\\/\\\/unisale.com.br\\\/pastoral\\\/\",\"name\":\"Pastoral Universit\u00e1ria UniSALESIANO\",\"description\":\"Site da Pastoral Universit\u00e1ria do UniSALESIANO\",\"potentialAction\":[{\"@type\":\"SearchAction\",\"target\":{\"@type\":\"EntryPoint\",\"urlTemplate\":\"https:\\\/\\\/unisale.com.br\\\/pastoral\\\/?s={search_term_string}\"},\"query-input\":{\"@type\":\"PropertyValueSpecification\",\"valueRequired\":true,\"valueName\":\"search_term_string\"}}],\"inLanguage\":\"pt-BR\"},{\"@type\":\"Person\",\"@id\":\"https:\\\/\\\/unisale.com.br\\\/pastoral\\\/#\\\/schema\\\/person\\\/492d3d7bfe53a8302576d39485aff2c4\",\"name\":\"Luiz Alexandre Marinho Lanzoni\",\"url\":\"https:\\\/\\\/unisale.com.br\\\/pastoral\\\/author\\\/luiz\\\/\"}]}<\/script>\n<!-- \/ Yoast SEO plugin. -->","yoast_head_json":{"title":"28\/02 - ...pois vosso Pai sabe do que precisais, muito antes que v\u00f3s o pe\u00e7ais. - Pastoral Universit\u00e1ria UniSALESIANO","robots":{"index":"index","follow":"follow","max-snippet":"max-snippet:-1","max-image-preview":"max-image-preview:large","max-video-preview":"max-video-preview:-1"},"canonical":"https:\/\/unisale.com.br\/novo\/28-02-pois-vosso-pai-sabe-do-que-precisais-muito-antes-que-vos-o-pecais\/","og_locale":"pt_BR","og_type":"article","og_title":"28\/02 - ...pois vosso Pai sabe do que precisais, muito antes que v\u00f3s o pe\u00e7ais. - Pastoral Universit\u00e1ria UniSALESIANO","og_description":"Ter\u00e7a-feira, 28 de fevereiro de 2023. &nbsp; Evangelho (Mt 6,7-15) &nbsp; \u201c&#8230;pois vosso Pai sabe do que precisais, muito antes que v\u00f3s o pe\u00e7ais\u201d &nbsp;...","og_url":"https:\/\/unisale.com.br\/novo\/28-02-pois-vosso-pai-sabe-do-que-precisais-muito-antes-que-vos-o-pecais\/","og_site_name":"Pastoral Universit\u00e1ria UniSALESIANO","article_published_time":"2023-02-24T11:05:28+00:00","og_image":[{"width":706,"height":466,"url":"https:\/\/unisale.com.br\/novo\/wp-content\/uploads\/2023\/02\/Ev-28.jpg","type":"image\/jpeg"}],"author":"Luiz Alexandre Marinho Lanzoni","twitter_card":"summary_large_image","twitter_misc":{"Escrito por":"Luiz Alexandre Marinho Lanzoni","Est. tempo de leitura":"2 minutos"},"schema":{"@context":"https:\/\/schema.org","@graph":[{"@type":"Article","@id":"https:\/\/unisale.com.br\/novo\/28-02-pois-vosso-pai-sabe-do-que-precisais-muito-antes-que-vos-o-pecais\/#article","isPartOf":{"@id":"https:\/\/unisale.com.br\/novo\/28-02-pois-vosso-pai-sabe-do-que-precisais-muito-antes-que-vos-o-pecais\/"},"author":{"name":"Luiz Alexandre Marinho Lanzoni","@id":"https:\/\/unisale.com.br\/pastoral\/#\/schema\/person\/492d3d7bfe53a8302576d39485aff2c4"},"headline":"28\/02 &#8211; &#8230;pois vosso Pai sabe do que precisais, muito antes que v\u00f3s o pe\u00e7ais.","datePublished":"2023-02-24T11:05:28+00:00","mainEntityOfPage":{"@id":"https:\/\/unisale.com.br\/novo\/28-02-pois-vosso-pai-sabe-do-que-precisais-muito-antes-que-vos-o-pecais\/"},"wordCount":504,"image":{"@id":"https:\/\/unisale.com.br\/novo\/28-02-pois-vosso-pai-sabe-do-que-precisais-muito-antes-que-vos-o-pecais\/#primaryimage"},"thumbnailUrl":"https:\/\/unisale.com.br\/pastoral\/wp-content\/uploads\/2023\/02\/Ev-28.jpg","articleSection":["Reflex\u00e3o do Evangelho"],"inLanguage":"pt-BR"},{"@type":"WebPage","@id":"https:\/\/unisale.com.br\/novo\/28-02-pois-vosso-pai-sabe-do-que-precisais-muito-antes-que-vos-o-pecais\/","url":"https:\/\/unisale.com.br\/novo\/28-02-pois-vosso-pai-sabe-do-que-precisais-muito-antes-que-vos-o-pecais\/","name":"28\/02 - ...pois vosso Pai sabe do que precisais, muito antes que v\u00f3s o pe\u00e7ais. - Pastoral Universit\u00e1ria UniSALESIANO","isPartOf":{"@id":"https:\/\/unisale.com.br\/pastoral\/#website"},"primaryImageOfPage":{"@id":"https:\/\/unisale.com.br\/novo\/28-02-pois-vosso-pai-sabe-do-que-precisais-muito-antes-que-vos-o-pecais\/#primaryimage"},"image":{"@id":"https:\/\/unisale.com.br\/novo\/28-02-pois-vosso-pai-sabe-do-que-precisais-muito-antes-que-vos-o-pecais\/#primaryimage"},"thumbnailUrl":"https:\/\/unisale.com.br\/pastoral\/wp-content\/uploads\/2023\/02\/Ev-28.jpg","datePublished":"2023-02-24T11:05:28+00:00","author":{"@id":"https:\/\/unisale.com.br\/pastoral\/#\/schema\/person\/492d3d7bfe53a8302576d39485aff2c4"},"inLanguage":"pt-BR","potentialAction":[{"@type":"ReadAction","target":["https:\/\/unisale.com.br\/novo\/28-02-pois-vosso-pai-sabe-do-que-precisais-muito-antes-que-vos-o-pecais\/"]}]},{"@type":"ImageObject","inLanguage":"pt-BR","@id":"https:\/\/unisale.com.br\/novo\/28-02-pois-vosso-pai-sabe-do-que-precisais-muito-antes-que-vos-o-pecais\/#primaryimage","url":"https:\/\/unisale.com.br\/pastoral\/wp-content\/uploads\/2023\/02\/Ev-28.jpg","contentUrl":"https:\/\/unisale.com.br\/pastoral\/wp-content\/uploads\/2023\/02\/Ev-28.jpg","width":706,"height":466},{"@type":"WebSite","@id":"https:\/\/unisale.com.br\/pastoral\/#website","url":"https:\/\/unisale.com.br\/pastoral\/","name":"Pastoral Universit\u00e1ria UniSALESIANO","description":"Site da Pastoral Universit\u00e1ria do UniSALESIANO","potentialAction":[{"@type":"SearchAction","target":{"@type":"EntryPoint","urlTemplate":"https:\/\/unisale.com.br\/pastoral\/?s={search_term_string}"},"query-input":{"@type":"PropertyValueSpecification","valueRequired":true,"valueName":"search_term_string"}}],"inLanguage":"pt-BR"},{"@type":"Person","@id":"https:\/\/unisale.com.br\/pastoral\/#\/schema\/person\/492d3d7bfe53a8302576d39485aff2c4","name":"Luiz Alexandre Marinho Lanzoni","url":"https:\/\/unisale.com.br\/pastoral\/author\/luiz\/"}]}},"_links":{"self":[{"href":"https:\/\/unisale.com.br\/pastoral\/wp-json\/wp\/v2\/posts\/6324","targetHints":{"allow":["GET"]}}],"collection":[{"href":"https:\/\/unisale.com.br\/pastoral\/wp-json\/wp\/v2\/posts"}],"about":[{"href":"https:\/\/unisale.com.br\/pastoral\/wp-json\/wp\/v2\/types\/post"}],"author":[{"embeddable":true,"href":"https:\/\/unisale.com.br\/pastoral\/wp-json\/wp\/v2\/users\/6"}],"replies":[{"embeddable":true,"href":"https:\/\/unisale.com.br\/pastoral\/wp-json\/wp\/v2\/comments?post=6324"}],"version-history":[{"count":0,"href":"https:\/\/unisale.com.br\/pastoral\/wp-json\/wp\/v2\/posts\/6324\/revisions"}],"wp:featuredmedia":[{"embeddable":true,"href":"https:\/\/unisale.com.br\/pastoral\/wp-json\/wp\/v2\/media\/6318"}],"wp:attachment":[{"href":"https:\/\/unisale.com.br\/pastoral\/wp-json\/wp\/v2\/media?parent=6324"}],"wp:term":[{"taxonomy":"category","embeddable":true,"href":"https:\/\/unisale.com.br\/pastoral\/wp-json\/wp\/v2\/categories?post=6324"},{"taxonomy":"post_tag","embeddable":true,"href":"https:\/\/unisale.com.br\/pastoral\/wp-json\/wp\/v2\/tags?post=6324"}],"curies":[{"name":"wp","href":"https:\/\/api.w.org\/{rel}","templated":true}]}}